{"id":32133,"date":"2010-04-18T19:58:02","date_gmt":"2010-04-18T17:58:02","guid":{"rendered":"http:\/\/www.visit-ulcinj.com\/blog\/?p=32133"},"modified":"2010-04-20T09:37:30","modified_gmt":"2010-04-20T07:37:30","slug":"zakon-legalizuje-oduzimanje","status":"publish","type":"post","link":"https:\/\/www.visit-ulcinj.com\/blog\/2010\/04\/18\/zakon-legalizuje-oduzimanje\/","title":{"rendered":"Zakon legalizuje oduzimanje &#8211; Video"},"content":{"rendered":"<p><a href=\"http:\/\/www.visit-ulcinj.com\/blog\/wp-content\/uploads\/2010\/04\/PREDSTAVNICI-VJERSKIH-ZAJEDNICA.jpg\"><img loading=\"lazy\" class=\"alignleft size-full wp-image-32134\" title=\"PREDSTAVNICI VJERSKIH ZAJEDNICA\" src=\"http:\/\/www.visit-ulcinj.com\/blog\/wp-content\/uploads\/2010\/04\/PREDSTAVNICI-VJERSKIH-ZAJEDNICA.jpg\" alt=\"PREDSTAVNICI VJERSKIH ZAJEDNICA\" width=\"290\" height=\"190\" \/><\/a>Podgorica \u2013 Radni tekst dugo ?ekanog Nacrta zakona o povra?aju oduzetih nepokretnih stvari crkvama i vjerskim zajednicama, po ocjenama predstavnika vjerskih organizacija, nije dobro ura?en jer predstavlja radnu verziju pravnog akta kojim se samo taksativno nabraja imovina koja je oduzeta.<br \/>\nPredstavnici i poglavari Mitropolije crnogorsko-primorske, Katoli?ke crkve i Islamske zajednice iskazali su ju?e, na cjelodnevnom okruglom stolu, nezadovoljstvo zbog ponu?enog rje\u0161enja Ministarstva finansija, koje, kako su kazali, \u0161titi one koji su privatizovali oduzetu nepokretnu imovinu, a ne predvi?a i povratak ili obe\u0161te?enje za oduzete pokretne stvari.<\/p>\n<p>Radna verzija Nacrta zakona, koju je radila radna grupa Ministarstva finansija u saradnji sa drugim ministarstvima a bez u?e\u0161?a predstavnika vjerskih organizacija i NVO aktivista, predvi?a povra?aj nepokretne imovine oduzete u periodu od 1945. godine. Tako prva verzija zakona nala\u017ee povra?aj nepokretnosti oduzete u korist op\u0161tenarodne, dr\u017eavne, dru\u0161tvene ili zadru\u017ene svojine, a rije? je o oduzetim poljoprivrednim zemlji\u0161tima, maslinjacima, \u0161umama, gra?evinskom zemlji\u0161tu, stambenim i poslovnim zgradama, stanovima i poslovnim prostorijama.<br \/>\n&#8211; Povra?aj oduzetih nepokretnih stvari vr\u0161i se u naturalnom obliku, u skladu sa ovim zakonom i Zakonom o povra?aju oduzetih imovinskih prava i obe\u0161te?enju &#8211; pi\u0161e u radnoj verziji Nacrta.<\/p>\n<p>U?esnike okruglog stola naro?ito je zanimao ?lan 13. po kojem vjerske organizacije moraju, da bi povratile oduzetu imovinu, da prilo\u017ee dokaz o nekada\u0161njem vlasni\u0161tvu, \u0161to je, kako su istakli, gotovo nemogu?e, jer su tokom vremena mnogi papiri zagubljeni ili uni\u0161teni.<br \/>\n&#8211; Zar je potrebno da se dokazuje da je manastir Mora?a objekat Mitropolije? Postoji na?in da se doka\u017ee vlasni\u0161tvo, i to na osnovu izjava svjedoka, kom\u0161ija, starih tapija, ali to traje jako dugo &#8211; kazao je paroh podgori?ki protojerej mr Velibor D\u017eomi?.<br \/>\nMitropolit crnogorsko-primorski Amfilohije ocijenio je radnu verziju Nacrta kao puku pripremu za zakon, na temelju ?ijeg postojanja su iznesene \u201celementarne stvari koje treba da se ugrade u zakonski okvir\u201d.<br \/>\n&#8211; Nadamo se da ?e sugestije biti uzete u obzir i da ?e se na osnovu njih \u0161to skorije donijet jedan zdravi zakon o vra?aju crkvene imovine i obe\u0161te?enju, \u0161to je elementarna du\u017enost dr\u017eave &#8211; kazao je Amfilohije.<\/p>\n<p>On je kazao i da postoji opasnost od toga da dono\u0161enje zakona o povra?aju imovine predstavlja i \u201cneku vrstu \u0161minke za ili pred doma?om i me?unarodnom javno\u0161?u\u201d.<br \/>\n&#8211; Kada bi ovaj zakon ostao u formi koju smo vidjeli, on bi onda bio ne zakon o restituciji nego zakon o potvrdi nacionalizacije iz vremena komunizma &#8211; rekao je Amfilohije \u201cVijestima\u201d.<br \/>\nKatoli?ki sve\u0161tenik don Toma Vuk\u0161i? kazao je da ta vjerska organizacija ima svoja na?ela koja su op\u0161ta, a za koja bi volio da budu pravila koja ?e regulisati povratak oduzete imovine.<br \/>\n&#8211; Prije svega, smatramo da treba u naturalnom obliku vratiti imovinu koja je bila oduzeta. Drugo, ako nije mogu?e vratiti u naturalnom obliku imovinu, onda smatramo da za nju treba u naturalnom obliku dati zamjensko dobro iste vrste i iste vrijednosti. Ako to nije mogu?e, onda za oduzetu imovinu koja se vi\u0161e ne mo\u017ee vratiti treba napraviti plan prema vrijednosti u ?asu restitucije, dakle u ?asu povratka, a ne prema vrijednosti od prije vi\u0161e decenija &#8211; kazao je Vuk\u0161i?.<\/p>\n<p>On je u svom izlaganju objasnio da zemlji\u0161te koje se nekada nalazilo izvan grada, a danas predstavlja dio urbane cjeline, mora da se tretira prema dana\u0161njoj tr\u017ei\u0161noj vrijednosti.<br \/>\n&#8211; Ako bi se nadokanada vr\u0161ila prema nekada\u0161njoj vrijednosti, onda bi biv\u0161i vlasnik sada bio po drugi put oplja?kan, a onaj ko je u me?uvremenu postao vlasnik vi\u0161estruko bi profitirao &#8211; kazao je Vuk\u0161i?.<br \/>\nPo njegovim rije?ima, radna verzija Nacrta zakona mora na doradu, da sjutra na snagu ne bi stupio akt o tome kako da se oduzeta imovina ne povrati.<br \/>\nPredstavnik Islamske zajednice, glavni ulcinjski imam Red\u017eep Lika kazao je da dokument o kome se raspravljalo ima nedostataka, te da se na taj na?in \u201cbaca pra\u0161ina ljudima u o?i\u201d.<br \/>\n&#8211; Bilo bi dobro da su predstavnici vjerskih zajednica radili na tekstu. To bi bilo i za njih i za nas bolje &#8211; kazao je Lika.<\/p>\n<p>I ostali u?esnici okruglo stola prigovorili su budu?em predlaga?u \u0161to u radnu grupu nijesu pozvani predstavnici vjerskih organizacija.<br \/>\n&#8211; Drugi pi\u0161u, donose, odobravaju te zakone, a zainteresovane niko ne pita da li je to pravno i pravedno, ili da li je to ispravno. ?esto i te javne rasprave predstvaljaju samo jednu priliku da se potvrdi ono \u0161to je drugi zamislio &#8211; kazao je Amfilohije.<br \/>\nJu?era\u0161nju raspravu obilje\u017eila je i \u017eu?na rasprave me?u u?esnicima koji su tvrdili da Vlada samo dobija na vremenu. Jedan od najkriti?nijih u?esnika bio je advokat Mustafa ?apuni koji je tra\u017eio povra?aj Valdanosa i predsjednik Udru\u017eenja za povra?aj imovine Veselin Uskokovi? koji je kazao da ne vjeruje u dobre namjere Vlade.<br \/>\nNa okruglom stolu, koji je organizovala Mitropolija crnogorsko-primorska, osim vjerskih poglavara govorili su i Jelena Jablanov ispred Konrad Adenauer fondacije, akademici Zoran Laki? i Kosta ?avo\u0161ki, Vladimir Todorovi?, Aleksandar Damjanovi? i mnogi drugi.<\/p>\n<p><strong>Ministarstvo finansija ?e uva\u017eiti sva mi\u0161ljenja<\/strong><\/p>\n<p>Samostalni savjetnik u Ministarstvu finansija Zoran Radulovi? kazao je da radni tekst zakona nije kona?na verzija, te da ?e na njemu tek da se radi.<br \/>\n&#8211; Vjerskim zajednicama ova konkretna rje\u0161enja ne odgovaraju, ali to ne zna?i da postoje neke nepravilnosti. Mi smo otvorili diskusiju na tu temu, i ostajemo otvoreni za saradnju, a prvi ma?i?i se u vodu bacaju &#8211; kazao je Radulovi?.<br \/>\nPo njegovim rije?ima, predstavnici crkava i vjerskih zajednica tek treba da se izjasne o radnom tekstu Nacrta zakona.<br \/>\n&#8211; Mi smo danas do\u0161li da ?ujemo i uva\u017eimo sva njihova mi\u0161ljenja i sugestije, i Vlada ?e to imati u vidu &#8211; kazao je Radulovi?.<br \/>\nOn je objasnio da ?e se na ovom zakonskom tekstu raditi jo\u0161 pola godine, u toku kojih ?e se i?i ka najprihvatljivijem rje\u0161enju za sve strane.<br \/>\n&#8211; Ja njih razumijem. O?ekivao sam takvu reakciju, \u0161to je sasvim normalno. I dijete kad ne dobije ono \u0161to ho?e udari u pla?, ovo je ne\u0161to sli?no tome &#8211; kazao je Radulovi?.<\/p>\n<p><strong>D\u017eomi?: Rije\u0161eno pitanje<\/strong><\/p>\n<p>Paroh podgori?ki Velibor D\u017eomi? kazao je ju?e da rad na zakonu o povra?aju imovine direktno ukazuje na to da je pitanje imovine vjerskih organizacija rije\u0161eno.<br \/>\n&#8211; Ni Mitropoliji, ni Rimokatoli?koj crkvi, ni Islamskoj zajednici niko ne?e oduzimati imovinu. To pitanje je rje\u0161eno, a sve drugo su medijske manipulacije &#8211; kazao je D\u017eomi?.<br \/>\nOn je pozdravio odluku Vlade da zakonski reguli\u0161e i ispravi \u201cistorijske nepravde\u201d, nagla\u0161avaju?i da na novom pravnom aktu treba jo\u0161 raditi.<br \/>\n&#8211; Radna verzija ne predvi?a mogu?nost obe\u0161te?enja za one parcele koje nije mogu?e vratiti jer je na njima sagra?ena zgrada, put itd. Nije mogu?a ni naturalnu zamjena za drugu imovinu jer sve\u0161tenici i vladike nemaju svoju imovinu ve? je rije? o zadu\u017ebinama &#8211; kazao je D\u017eomi?.<br \/>\nPo njegovim rije?ima, rok do 1. maja koji je Ministarstvo finansija dalo vjerskim organizacijama, izuzetno je kratak za pribavljanje kompletne papirologije.<br \/>\n&#8211; Tra\u017ee se rje\u0161enja o oduzimanju imovine, a mnogo toga je oduzeto bez ikakvog papira &#8211; kazao je D\u017eomi?.<br \/>\nOn je poru?io da dr\u017eava Crna Gora, ukoliko \u017eeli da bude pravedna i ozbiljna, ne smije da li?i na osobu koja je od nekog oduzela tri stvari a danas bi da vrati samo jednu.<br \/>\n&#8211; Na taj na?in se gubi smisao restitucije kao procesa i kao obaveze, ali i samog zakona kao pravnog akta &#8211; kazao je D\u017eomi?.<\/p>\n<p><strong>T. PAVI?EVI?<br \/>\n<a href=\"http:\/\/www.vijesti.me\/index.php?id_pre=335486&amp;godina=2010\" target=\"_blank\">Vijesti<\/a><\/strong><\/p>\n<p><strong>Video TVCG<br \/>\n[flv width=&#8221;580&#8243; height=&#8221;400&#8243;]http:\/\/www.rtcg.me\/images\/biblioteka\/audio_video_arhiva\/replika_imovina_vjerskih_zajednica.flv[\/flv]<br \/>\n<\/strong><\/p>\n","protected":false},"excerpt":{"rendered":"<p>Podgorica \u2013 Radni tekst dugo ?ekanog Nacrta zakona o povra?aju oduzetih nepokretnih stvari crkvama i vjerskim zajednicama, po ocjenama predstavnika vjerskih organizacija, nije dobro ura?en jer predstavlja radnu verziju pravnog akta kojim se samo taksativno nabraja imovina koja je oduzeta. Predstavnici i poglavari Mitropolije crnogorsko-primorske, Katoli?ke crkve i Islamske zajednice iskazali su ju?e, na cjelodnevnom [&hellip;]<\/p>\n","protected":false},"author":1,"featured_media":0,"comment_status":"open","ping_status":"closed","sticky":false,"template":"","format":"standard","meta":{"spay_email":"","jetpack_publicize_message":"","jetpack_is_tweetstorm":false,"jetpack_publicize_feature_enabled":true},"categories":[8337],"tags":[14077,14078,19],"jetpack_publicize_connections":[],"yoast_head":"<!-- This site is optimized with the Yoast SEO plugin v19.1 - https:\/\/yoast.com\/wordpress\/plugins\/seo\/ -->\n<title>Zakon legalizuje oduzimanje - Video - Lajme nga Ulqini<\/title>\n<meta name=\"description\" content=\"Podgorica \u2013 Radni tekst dugo ?ekanog Nacrta zakona o povra?aju oduzetih nepokretnih stvari crkvama i vjerskim zajednicama, po ocjenama predstavnika\" \/>\n<meta name=\"robots\" content=\"index, follow, max-snippet:-1, max-image-preview:large, max-video-preview:-1\" \/>\n<link rel=\"canonical\" href=\"https:\/\/www.visit-ulcinj.com\/blog\/2010\/04\/18\/zakon-legalizuje-oduzimanje\/\" \/>\n<meta property=\"og:locale\" content=\"en_US\" \/>\n<meta property=\"og:type\" content=\"article\" \/>\n<meta property=\"og:title\" content=\"Zakon legalizuje oduzimanje - Video - Lajme nga Ulqini\" \/>\n<meta property=\"og:description\" content=\"Podgorica \u2013 Radni tekst dugo ?ekanog Nacrta zakona o povra?aju oduzetih nepokretnih stvari crkvama i vjerskim zajednicama, po ocjenama predstavnika\" \/>\n<meta property=\"og:url\" content=\"https:\/\/www.visit-ulcinj.com\/blog\/2010\/04\/18\/zakon-legalizuje-oduzimanje\/\" \/>\n<meta property=\"og:site_name\" content=\"Lajme nga Ulqini\" \/>\n<meta property=\"article:published_time\" content=\"2010-04-18T17:58:02+00:00\" \/>\n<meta property=\"article:modified_time\" content=\"2010-04-20T07:37:30+00:00\" \/>\n<meta property=\"og:image\" content=\"http:\/\/www.visit-ulcinj.com\/blog\/wp-content\/uploads\/2010\/04\/PREDSTAVNICI-VJERSKIH-ZAJEDNICA.jpg\" \/>\n<meta name=\"twitter:label1\" content=\"Written by\" \/>\n\t<meta name=\"twitter:data1\" content=\"ulqini\" \/>\n\t<meta name=\"twitter:label2\" content=\"Est. reading time\" \/>\n\t<meta name=\"twitter:data2\" content=\"7 minutes\" \/>\n<script type=\"application\/ld+json\" class=\"yoast-schema-graph\">{\"@context\":\"https:\/\/schema.org\",\"@graph\":[{\"@type\":\"WebSite\",\"@id\":\"https:\/\/www.visit-ulcinj.com\/blog\/#website\",\"url\":\"https:\/\/www.visit-ulcinj.com\/blog\/\",\"name\":\"Lajme nga Ulqini\",\"description\":\"Lajme,Vijesti,Ulqini,Ulqin,Crna Gora,Mali i Zi\",\"potentialAction\":[{\"@type\":\"SearchAction\",\"target\":{\"@type\":\"EntryPoint\",\"urlTemplate\":\"https:\/\/www.visit-ulcinj.com\/blog\/?s={search_term_string}\"},\"query-input\":\"required name=search_term_string\"}],\"inLanguage\":\"en-US\"},{\"@type\":\"ImageObject\",\"inLanguage\":\"en-US\",\"@id\":\"https:\/\/www.visit-ulcinj.com\/blog\/2010\/04\/18\/zakon-legalizuje-oduzimanje\/#primaryimage\",\"url\":\"https:\/\/www.visit-ulcinj.com\/blog\/wp-content\/uploads\/2010\/04\/PREDSTAVNICI-VJERSKIH-ZAJEDNICA.jpg\",\"contentUrl\":\"https:\/\/www.visit-ulcinj.com\/blog\/wp-content\/uploads\/2010\/04\/PREDSTAVNICI-VJERSKIH-ZAJEDNICA.jpg\",\"width\":\"290\",\"height\":\"190\"},{\"@type\":\"WebPage\",\"@id\":\"https:\/\/www.visit-ulcinj.com\/blog\/2010\/04\/18\/zakon-legalizuje-oduzimanje\/#webpage\",\"url\":\"https:\/\/www.visit-ulcinj.com\/blog\/2010\/04\/18\/zakon-legalizuje-oduzimanje\/\",\"name\":\"Zakon legalizuje oduzimanje - Video - Lajme nga Ulqini\",\"isPartOf\":{\"@id\":\"https:\/\/www.visit-ulcinj.com\/blog\/#website\"},\"primaryImageOfPage\":{\"@id\":\"https:\/\/www.visit-ulcinj.com\/blog\/2010\/04\/18\/zakon-legalizuje-oduzimanje\/#primaryimage\"},\"datePublished\":\"2010-04-18T17:58:02+00:00\",\"dateModified\":\"2010-04-20T07:37:30+00:00\",\"author\":{\"@id\":\"https:\/\/www.visit-ulcinj.com\/blog\/#\/schema\/person\/dcab619c614d3038751c63bc2aadc06d\"},\"description\":\"Podgorica \u2013 Radni tekst dugo ?ekanog Nacrta zakona o povra?aju oduzetih nepokretnih stvari crkvama i vjerskim zajednicama, po ocjenama predstavnika\",\"breadcrumb\":{\"@id\":\"https:\/\/www.visit-ulcinj.com\/blog\/2010\/04\/18\/zakon-legalizuje-oduzimanje\/#breadcrumb\"},\"inLanguage\":\"en-US\",\"potentialAction\":[{\"@type\":\"ReadAction\",\"target\":[\"https:\/\/www.visit-ulcinj.com\/blog\/2010\/04\/18\/zakon-legalizuje-oduzimanje\/\"]}]},{\"@type\":\"BreadcrumbList\",\"@id\":\"https:\/\/www.visit-ulcinj.com\/blog\/2010\/04\/18\/zakon-legalizuje-oduzimanje\/#breadcrumb\",\"itemListElement\":[{\"@type\":\"ListItem\",\"position\":1,\"name\":\"Zakon legalizuje oduzimanje &#8211; Video\"}]},{\"@type\":\"Person\",\"@id\":\"https:\/\/www.visit-ulcinj.com\/blog\/#\/schema\/person\/dcab619c614d3038751c63bc2aadc06d\",\"name\":\"ulqini\",\"sameAs\":[\"http:\/\/www.visit-ulcinj.com\"],\"url\":\"https:\/\/www.visit-ulcinj.com\/blog\/author\/admin\/\"}]}<\/script>\n<!-- \/ Yoast SEO plugin. -->","yoast_head_json":{"title":"Zakon legalizuje oduzimanje - Video - Lajme nga Ulqini","description":"Podgorica \u2013 Radni tekst dugo ?ekanog Nacrta zakona o povra?aju oduzetih nepokretnih stvari crkvama i vjerskim zajednicama, po ocjenama predstavnika","robots":{"index":"index","follow":"follow","max-snippet":"max-snippet:-1","max-image-preview":"max-image-preview:large","max-video-preview":"max-video-preview:-1"},"canonical":"https:\/\/www.visit-ulcinj.com\/blog\/2010\/04\/18\/zakon-legalizuje-oduzimanje\/","og_locale":"en_US","og_type":"article","og_title":"Zakon legalizuje oduzimanje - Video - Lajme nga Ulqini","og_description":"Podgorica \u2013 Radni tekst dugo ?ekanog Nacrta zakona o povra?aju oduzetih nepokretnih stvari crkvama i vjerskim zajednicama, po ocjenama predstavnika","og_url":"https:\/\/www.visit-ulcinj.com\/blog\/2010\/04\/18\/zakon-legalizuje-oduzimanje\/","og_site_name":"Lajme nga Ulqini","article_published_time":"2010-04-18T17:58:02+00:00","article_modified_time":"2010-04-20T07:37:30+00:00","og_image":[{"url":"http:\/\/www.visit-ulcinj.com\/blog\/wp-content\/uploads\/2010\/04\/PREDSTAVNICI-VJERSKIH-ZAJEDNICA.jpg"}],"twitter_misc":{"Written by":"ulqini","Est. reading time":"7 minutes"},"schema":{"@context":"https:\/\/schema.org","@graph":[{"@type":"WebSite","@id":"https:\/\/www.visit-ulcinj.com\/blog\/#website","url":"https:\/\/www.visit-ulcinj.com\/blog\/","name":"Lajme nga Ulqini","description":"Lajme,Vijesti,Ulqini,Ulqin,Crna Gora,Mali i Zi","potentialAction":[{"@type":"SearchAction","target":{"@type":"EntryPoint","urlTemplate":"https:\/\/www.visit-ulcinj.com\/blog\/?s={search_term_string}"},"query-input":"required name=search_term_string"}],"inLanguage":"en-US"},{"@type":"ImageObject","inLanguage":"en-US","@id":"https:\/\/www.visit-ulcinj.com\/blog\/2010\/04\/18\/zakon-legalizuje-oduzimanje\/#primaryimage","url":"https:\/\/www.visit-ulcinj.com\/blog\/wp-content\/uploads\/2010\/04\/PREDSTAVNICI-VJERSKIH-ZAJEDNICA.jpg","contentUrl":"https:\/\/www.visit-ulcinj.com\/blog\/wp-content\/uploads\/2010\/04\/PREDSTAVNICI-VJERSKIH-ZAJEDNICA.jpg","width":"290","height":"190"},{"@type":"WebPage","@id":"https:\/\/www.visit-ulcinj.com\/blog\/2010\/04\/18\/zakon-legalizuje-oduzimanje\/#webpage","url":"https:\/\/www.visit-ulcinj.com\/blog\/2010\/04\/18\/zakon-legalizuje-oduzimanje\/","name":"Zakon legalizuje oduzimanje - Video - Lajme nga Ulqini","isPartOf":{"@id":"https:\/\/www.visit-ulcinj.com\/blog\/#website"},"primaryImageOfPage":{"@id":"https:\/\/www.visit-ulcinj.com\/blog\/2010\/04\/18\/zakon-legalizuje-oduzimanje\/#primaryimage"},"datePublished":"2010-04-18T17:58:02+00:00","dateModified":"2010-04-20T07:37:30+00:00","author":{"@id":"https:\/\/www.visit-ulcinj.com\/blog\/#\/schema\/person\/dcab619c614d3038751c63bc2aadc06d"},"description":"Podgorica \u2013 Radni tekst dugo ?ekanog Nacrta zakona o povra?aju oduzetih nepokretnih stvari crkvama i vjerskim zajednicama, po ocjenama predstavnika","breadcrumb":{"@id":"https:\/\/www.visit-ulcinj.com\/blog\/2010\/04\/18\/zakon-legalizuje-oduzimanje\/#breadcrumb"},"inLanguage":"en-US","potentialAction":[{"@type":"ReadAction","target":["https:\/\/www.visit-ulcinj.com\/blog\/2010\/04\/18\/zakon-legalizuje-oduzimanje\/"]}]},{"@type":"BreadcrumbList","@id":"https:\/\/www.visit-ulcinj.com\/blog\/2010\/04\/18\/zakon-legalizuje-oduzimanje\/#breadcrumb","itemListElement":[{"@type":"ListItem","position":1,"name":"Zakon legalizuje oduzimanje &#8211; Video"}]},{"@type":"Person","@id":"https:\/\/www.visit-ulcinj.com\/blog\/#\/schema\/person\/dcab619c614d3038751c63bc2aadc06d","name":"ulqini","sameAs":["http:\/\/www.visit-ulcinj.com"],"url":"https:\/\/www.visit-ulcinj.com\/blog\/author\/admin\/"}]}},"jetpack_featured_media_url":"","jetpack_sharing_enabled":true,"jetpack_shortlink":"https:\/\/wp.me\/pe6lTn-8mh","_links":{"self":[{"href":"https:\/\/www.visit-ulcinj.com\/blog\/wp-json\/wp\/v2\/posts\/32133"}],"collection":[{"href":"https:\/\/www.visit-ulcinj.com\/blog\/wp-json\/wp\/v2\/posts"}],"about":[{"href":"https:\/\/www.visit-ulcinj.com\/blog\/wp-json\/wp\/v2\/types\/post"}],"author":[{"embeddable":true,"href":"https:\/\/www.visit-ulcinj.com\/blog\/wp-json\/wp\/v2\/users\/1"}],"replies":[{"embeddable":true,"href":"https:\/\/www.visit-ulcinj.com\/blog\/wp-json\/wp\/v2\/comments?post=32133"}],"version-history":[{"count":0,"href":"https:\/\/www.visit-ulcinj.com\/blog\/wp-json\/wp\/v2\/posts\/32133\/revisions"}],"wp:attachment":[{"href":"https:\/\/www.visit-ulcinj.com\/blog\/wp-json\/wp\/v2\/media?parent=32133"}],"wp:term":[{"taxonomy":"category","embeddable":true,"href":"https:\/\/www.visit-ulcinj.com\/blog\/wp-json\/wp\/v2\/categories?post=32133"},{"taxonomy":"post_tag","embeddable":true,"href":"https:\/\/www.visit-ulcinj.com\/blog\/wp-json\/wp\/v2\/tags?post=32133"}],"curies":[{"name":"wp","href":"https:\/\/api.w.org\/{rel}","templated":true}]}}