{"id":32139,"date":"2010-04-18T20:11:52","date_gmt":"2010-04-18T18:11:52","guid":{"rendered":"http:\/\/www.visit-ulcinj.com\/blog\/?p=32139"},"modified":"2010-04-18T21:46:13","modified_gmt":"2010-04-18T19:46:13","slug":"mustafa-canka-povodom-desavanja-u-iz-ulcinja","status":"publish","type":"post","link":"https:\/\/www.visit-ulcinj.com\/blog\/2010\/04\/18\/mustafa-canka-povodom-desavanja-u-iz-ulcinja\/","title":{"rendered":"Mustafa Canka povodom de\u0161avanja u IZ Ulcinja"},"content":{"rendered":"<p><strong><a href=\"http:\/\/www.visit-ulcinj.com\/blog\/wp-content\/uploads\/2010\/04\/Mustafa-Canka.jpg\"><img loading=\"lazy\" class=\"alignleft size-full wp-image-32140\" title=\"Mustafa Canka\" src=\"http:\/\/www.visit-ulcinj.com\/blog\/wp-content\/uploads\/2010\/04\/Mustafa-Canka.jpg\" alt=\"Mustafa Canka\" width=\"580\" height=\"400\" \/><\/a>Komentar na TV Teuta 16.4.2010. Mustaf Canak povodom de\u0161avanja u IZ Ulcinja<\/strong><br \/>\nMnogi sugra?ani i kolege novinari me ovih dana pitaju \u0161to se to de\u0161ava u Islamskoj zajednici. ?itaju razne vijesti po sajtovima, slu\u0161aju pri?e ljudi, ali pravih informacija je malo i nedovoljno.<br \/>\nPo obi?aju, odgovaram onom poznatom re?enicom hazreti Alije, neka je mir na njega: \u201eSve vam se pomije\u0161alo. Spoznajte istinu i vidje?ete ljude u istini. Spoznajte la\u017e i vidje?ete ljude u la\u017ei.\u201d<br \/>\nNo, ljudi s pravom \u017eele jo\u0161 informacija kako bi mogli izvesti valjani zaklju?ak. Nastojim im objasniti da su posljednja de\u0161avanja samo rezultanta dugogodi\u0161nje zapu\u0161tenosti, neznanja, lo\u0161e organizovanosti, naravno i li?nih interesa i spletkarenja.<br \/>\nNaprosto, aktuelno rukovodstvo Islamske zajednice Ulcinja se nije sna\u0161lo u sudaru sa problemima i izazovima. Oni im jednostavno nisu dorasli. Potrebna su ve?a znanja, nova energija, volja i odlu?nost da se prevazi?e ovo stanje i da najstarija institucija u op\u0161tini zauzme ono mjesto u zajednici koje joj objektivno pripada. To prije svega podrazumijeva nove ljude koji su izrasli na na\u0161oj divnoj tradiciji narodnog islama, tolerantnog, lepr\u0161avog, punog ljubavi i saosje?anja, odnosno a\u0161ka, rahmeta i selameta. Jer, svi dobri vrtlari re\u017eu stablo, a da ne povrijede korijen.<br \/>\nNipo\u0161to onog pustinjskog, smrknutog islama, koji nam se name?e ovih posljednjih godina. Onog koji ne mo\u017ee da uspostavi komunikaciju ni sa najbli\u017eima u familiji i okru\u017eenju, da ne govorimo sa drugim konfesijama i narodima. Taj importovani, nama strani islam, je sterilan i neplodan mada, kada se gleda sa strane, ?ini se sna\u017ean i monolitan. Upravo kao jaja iz inkubatora koja su onako jedra i kojih danas ima dosta, ali su neplodna.<br \/>\nZato se ve? godinama taj na\u0161 prekrasni narodni islam i tradicija nastoje potrijeti i uni\u0161titi. To na \u017ealost ?ine i neki vjerski slu\u017ebenici \u0161kolovani u drugom duhu i tu?oj tradiciji, kojima su (da li sasvim slu?ajno) \u0161iroko otvorena vrata Islamske zajednice.<br \/>\nDakle, umjesto da sve dobronamjerne ova situacija potakne na dodatno anga\u017eovanje i bolje organizovanje, ljudi-vjernici su se uvukli u sebe. Kao da ih ni\u0161ta ne interesuje! Muk i ravnodu\u0161nost prekrili su tu\u017eno stanje u Islamskoj zajednici grada. A to je siguran pokazatelj nepostojanja istinskog ubje?enja. Upravo onoga na ?emu stoji prava vjera.<br \/>\nZato nije pitanje da li ?e u op\u0161tini Ulcinj postojati dva odbora islamske zajednice. Ne, ne radi se o tome! Klju?no je pitanje da li ?e nakon toga u Ulcinju funkcionisati islamska zajednica kakvom je znamo evo ?etiri stolje?a, zajednica na\u0161ih di?nih pra?edova, mor nekja je na njih, zajednica koja je iznjedrila nesumnjivo najve?u li?nost u istoriji ovoga grada, hafiza Ali Riza Ulqinakua, mir neka je na njega. Da li ?e ovdje vi\u0161e biti praznovanja mevluda, a\u0161ure i blagih no?i, ljubomornog ?uvanja vlasi (dlake) Poslanika islama s.a.w.s., tolerantnosti prema drugim vjernicima i konfesijama. Odgovor je odavno dat. On je zato lak i, u interesu na\u0161e budu?nosti, mora biti jasan, nedvosmislen i brz.<\/p>\n<p><strong>Mustafa Canka,<\/strong><br \/>\nrob Gospodara svjetova i nezavisni novinar<\/p>\n<p>p.s. Rekoh i spasih svoju du\u0161u, inshallah! A Dan polaganja ra?una je blizu!<\/p>\n<p><strong>Burimi:<a href=\"http:\/\/www.ulqini.de\/shqip.htm\" target=\"_blank\"> www.ulqini.de\/<\/a><\/strong><\/p>\n","protected":false},"excerpt":{"rendered":"<p>Komentar na TV Teuta 16.4.2010. Mustaf Canak povodom de\u0161avanja u IZ Ulcinja Mnogi sugra?ani i kolege novinari me ovih dana pitaju \u0161to se to de\u0161ava u Islamskoj zajednici. ?itaju razne vijesti po sajtovima, slu\u0161aju pri?e ljudi, ali pravih informacija je malo i nedovoljno. Po obi?aju, odgovaram onom poznatom re?enicom hazreti Alije, neka je mir na [&hellip;]<\/p>\n","protected":false},"author":1,"featured_media":0,"comment_status":"open","ping_status":"closed","sticky":false,"template":"","format":"standard","meta":{"spay_email":"","jetpack_publicize_message":"","jetpack_is_tweetstorm":false,"jetpack_publicize_feature_enabled":true},"categories":[8337],"tags":[5276],"jetpack_publicize_connections":[],"yoast_head":"<!-- This site is optimized with the Yoast SEO plugin v19.1 - https:\/\/yoast.com\/wordpress\/plugins\/seo\/ -->\n<title>Mustafa Canka povodom de\u0161avanja u IZ Ulcinja - Lajme nga Ulqini<\/title>\n<meta name=\"description\" content=\"Komentar na TV Teuta 16.4.2010. Mustaf Canak povodom de\u0161avanja u IZ Ulcinja Mnogi sugra?ani i kolege novinari me ovih dana pitaju \u0161to se to de\u0161ava u\" \/>\n<meta name=\"robots\" content=\"index, follow, max-snippet:-1, max-image-preview:large, max-video-preview:-1\" \/>\n<link rel=\"canonical\" href=\"https:\/\/www.visit-ulcinj.com\/blog\/2010\/04\/18\/mustafa-canka-povodom-desavanja-u-iz-ulcinja\/\" \/>\n<meta property=\"og:locale\" content=\"en_US\" \/>\n<meta property=\"og:type\" content=\"article\" \/>\n<meta property=\"og:title\" content=\"Mustafa Canka povodom de\u0161avanja u IZ Ulcinja - Lajme nga Ulqini\" \/>\n<meta property=\"og:description\" content=\"Komentar na TV Teuta 16.4.2010. Mustaf Canak povodom de\u0161avanja u IZ Ulcinja Mnogi sugra?ani i kolege novinari me ovih dana pitaju \u0161to se to de\u0161ava u\" \/>\n<meta property=\"og:url\" content=\"https:\/\/www.visit-ulcinj.com\/blog\/2010\/04\/18\/mustafa-canka-povodom-desavanja-u-iz-ulcinja\/\" \/>\n<meta property=\"og:site_name\" content=\"Lajme nga Ulqini\" \/>\n<meta property=\"article:published_time\" content=\"2010-04-18T18:11:52+00:00\" \/>\n<meta property=\"article:modified_time\" content=\"2010-04-18T19:46:13+00:00\" \/>\n<meta property=\"og:image\" content=\"http:\/\/www.visit-ulcinj.com\/blog\/wp-content\/uploads\/2010\/04\/Mustafa-Canka.jpg\" \/>\n<meta name=\"twitter:label1\" content=\"Written by\" \/>\n\t<meta name=\"twitter:data1\" content=\"ulqini\" \/>\n\t<meta name=\"twitter:label2\" content=\"Est. reading time\" \/>\n\t<meta name=\"twitter:data2\" content=\"3 minutes\" \/>\n<script type=\"application\/ld+json\" class=\"yoast-schema-graph\">{\"@context\":\"https:\/\/schema.org\",\"@graph\":[{\"@type\":\"WebSite\",\"@id\":\"https:\/\/www.visit-ulcinj.com\/blog\/#website\",\"url\":\"https:\/\/www.visit-ulcinj.com\/blog\/\",\"name\":\"Lajme nga Ulqini\",\"description\":\"Lajme,Vijesti,Ulqini,Ulqin,Crna Gora,Mali i Zi\",\"potentialAction\":[{\"@type\":\"SearchAction\",\"target\":{\"@type\":\"EntryPoint\",\"urlTemplate\":\"https:\/\/www.visit-ulcinj.com\/blog\/?s={search_term_string}\"},\"query-input\":\"required name=search_term_string\"}],\"inLanguage\":\"en-US\"},{\"@type\":\"ImageObject\",\"inLanguage\":\"en-US\",\"@id\":\"https:\/\/www.visit-ulcinj.com\/blog\/2010\/04\/18\/mustafa-canka-povodom-desavanja-u-iz-ulcinja\/#primaryimage\",\"url\":\"https:\/\/www.visit-ulcinj.com\/blog\/wp-content\/uploads\/2010\/04\/Mustafa-Canka.jpg\",\"contentUrl\":\"https:\/\/www.visit-ulcinj.com\/blog\/wp-content\/uploads\/2010\/04\/Mustafa-Canka.jpg\",\"width\":\"604\",\"height\":\"453\"},{\"@type\":\"WebPage\",\"@id\":\"https:\/\/www.visit-ulcinj.com\/blog\/2010\/04\/18\/mustafa-canka-povodom-desavanja-u-iz-ulcinja\/#webpage\",\"url\":\"https:\/\/www.visit-ulcinj.com\/blog\/2010\/04\/18\/mustafa-canka-povodom-desavanja-u-iz-ulcinja\/\",\"name\":\"Mustafa Canka povodom de\u0161avanja u IZ Ulcinja - Lajme nga Ulqini\",\"isPartOf\":{\"@id\":\"https:\/\/www.visit-ulcinj.com\/blog\/#website\"},\"primaryImageOfPage\":{\"@id\":\"https:\/\/www.visit-ulcinj.com\/blog\/2010\/04\/18\/mustafa-canka-povodom-desavanja-u-iz-ulcinja\/#primaryimage\"},\"datePublished\":\"2010-04-18T18:11:52+00:00\",\"dateModified\":\"2010-04-18T19:46:13+00:00\",\"author\":{\"@id\":\"https:\/\/www.visit-ulcinj.com\/blog\/#\/schema\/person\/dcab619c614d3038751c63bc2aadc06d\"},\"description\":\"Komentar na TV Teuta 16.4.2010. Mustaf Canak povodom de\u0161avanja u IZ Ulcinja Mnogi sugra?ani i kolege novinari me ovih dana pitaju \u0161to se to de\u0161ava u\",\"breadcrumb\":{\"@id\":\"https:\/\/www.visit-ulcinj.com\/blog\/2010\/04\/18\/mustafa-canka-povodom-desavanja-u-iz-ulcinja\/#breadcrumb\"},\"inLanguage\":\"en-US\",\"potentialAction\":[{\"@type\":\"ReadAction\",\"target\":[\"https:\/\/www.visit-ulcinj.com\/blog\/2010\/04\/18\/mustafa-canka-povodom-desavanja-u-iz-ulcinja\/\"]}]},{\"@type\":\"BreadcrumbList\",\"@id\":\"https:\/\/www.visit-ulcinj.com\/blog\/2010\/04\/18\/mustafa-canka-povodom-desavanja-u-iz-ulcinja\/#breadcrumb\",\"itemListElement\":[{\"@type\":\"ListItem\",\"position\":1,\"name\":\"Mustafa Canka povodom de\u0161avanja u IZ Ulcinja\"}]},{\"@type\":\"Person\",\"@id\":\"https:\/\/www.visit-ulcinj.com\/blog\/#\/schema\/person\/dcab619c614d3038751c63bc2aadc06d\",\"name\":\"ulqini\",\"sameAs\":[\"http:\/\/www.visit-ulcinj.com\"],\"url\":\"https:\/\/www.visit-ulcinj.com\/blog\/author\/admin\/\"}]}<\/script>\n<!-- \/ Yoast SEO plugin. -->","yoast_head_json":{"title":"Mustafa Canka povodom de\u0161avanja u IZ Ulcinja - Lajme nga Ulqini","description":"Komentar na TV Teuta 16.4.2010. Mustaf Canak povodom de\u0161avanja u IZ Ulcinja Mnogi sugra?ani i kolege novinari me ovih dana pitaju \u0161to se to de\u0161ava u","robots":{"index":"index","follow":"follow","max-snippet":"max-snippet:-1","max-image-preview":"max-image-preview:large","max-video-preview":"max-video-preview:-1"},"canonical":"https:\/\/www.visit-ulcinj.com\/blog\/2010\/04\/18\/mustafa-canka-povodom-desavanja-u-iz-ulcinja\/","og_locale":"en_US","og_type":"article","og_title":"Mustafa Canka povodom de\u0161avanja u IZ Ulcinja - Lajme nga Ulqini","og_description":"Komentar na TV Teuta 16.4.2010. Mustaf Canak povodom de\u0161avanja u IZ Ulcinja Mnogi sugra?ani i kolege novinari me ovih dana pitaju \u0161to se to de\u0161ava u","og_url":"https:\/\/www.visit-ulcinj.com\/blog\/2010\/04\/18\/mustafa-canka-povodom-desavanja-u-iz-ulcinja\/","og_site_name":"Lajme nga Ulqini","article_published_time":"2010-04-18T18:11:52+00:00","article_modified_time":"2010-04-18T19:46:13+00:00","og_image":[{"url":"http:\/\/www.visit-ulcinj.com\/blog\/wp-content\/uploads\/2010\/04\/Mustafa-Canka.jpg"}],"twitter_misc":{"Written by":"ulqini","Est. reading time":"3 minutes"},"schema":{"@context":"https:\/\/schema.org","@graph":[{"@type":"WebSite","@id":"https:\/\/www.visit-ulcinj.com\/blog\/#website","url":"https:\/\/www.visit-ulcinj.com\/blog\/","name":"Lajme nga Ulqini","description":"Lajme,Vijesti,Ulqini,Ulqin,Crna Gora,Mali i Zi","potentialAction":[{"@type":"SearchAction","target":{"@type":"EntryPoint","urlTemplate":"https:\/\/www.visit-ulcinj.com\/blog\/?s={search_term_string}"},"query-input":"required name=search_term_string"}],"inLanguage":"en-US"},{"@type":"ImageObject","inLanguage":"en-US","@id":"https:\/\/www.visit-ulcinj.com\/blog\/2010\/04\/18\/mustafa-canka-povodom-desavanja-u-iz-ulcinja\/#primaryimage","url":"https:\/\/www.visit-ulcinj.com\/blog\/wp-content\/uploads\/2010\/04\/Mustafa-Canka.jpg","contentUrl":"https:\/\/www.visit-ulcinj.com\/blog\/wp-content\/uploads\/2010\/04\/Mustafa-Canka.jpg","width":"604","height":"453"},{"@type":"WebPage","@id":"https:\/\/www.visit-ulcinj.com\/blog\/2010\/04\/18\/mustafa-canka-povodom-desavanja-u-iz-ulcinja\/#webpage","url":"https:\/\/www.visit-ulcinj.com\/blog\/2010\/04\/18\/mustafa-canka-povodom-desavanja-u-iz-ulcinja\/","name":"Mustafa Canka povodom de\u0161avanja u IZ Ulcinja - Lajme nga Ulqini","isPartOf":{"@id":"https:\/\/www.visit-ulcinj.com\/blog\/#website"},"primaryImageOfPage":{"@id":"https:\/\/www.visit-ulcinj.com\/blog\/2010\/04\/18\/mustafa-canka-povodom-desavanja-u-iz-ulcinja\/#primaryimage"},"datePublished":"2010-04-18T18:11:52+00:00","dateModified":"2010-04-18T19:46:13+00:00","author":{"@id":"https:\/\/www.visit-ulcinj.com\/blog\/#\/schema\/person\/dcab619c614d3038751c63bc2aadc06d"},"description":"Komentar na TV Teuta 16.4.2010. Mustaf Canak povodom de\u0161avanja u IZ Ulcinja Mnogi sugra?ani i kolege novinari me ovih dana pitaju \u0161to se to de\u0161ava u","breadcrumb":{"@id":"https:\/\/www.visit-ulcinj.com\/blog\/2010\/04\/18\/mustafa-canka-povodom-desavanja-u-iz-ulcinja\/#breadcrumb"},"inLanguage":"en-US","potentialAction":[{"@type":"ReadAction","target":["https:\/\/www.visit-ulcinj.com\/blog\/2010\/04\/18\/mustafa-canka-povodom-desavanja-u-iz-ulcinja\/"]}]},{"@type":"BreadcrumbList","@id":"https:\/\/www.visit-ulcinj.com\/blog\/2010\/04\/18\/mustafa-canka-povodom-desavanja-u-iz-ulcinja\/#breadcrumb","itemListElement":[{"@type":"ListItem","position":1,"name":"Mustafa Canka povodom de\u0161avanja u IZ Ulcinja"}]},{"@type":"Person","@id":"https:\/\/www.visit-ulcinj.com\/blog\/#\/schema\/person\/dcab619c614d3038751c63bc2aadc06d","name":"ulqini","sameAs":["http:\/\/www.visit-ulcinj.com"],"url":"https:\/\/www.visit-ulcinj.com\/blog\/author\/admin\/"}]}},"jetpack_featured_media_url":"","jetpack_sharing_enabled":true,"jetpack_shortlink":"https:\/\/wp.me\/pe6lTn-8mn","_links":{"self":[{"href":"https:\/\/www.visit-ulcinj.com\/blog\/wp-json\/wp\/v2\/posts\/32139"}],"collection":[{"href":"https:\/\/www.visit-ulcinj.com\/blog\/wp-json\/wp\/v2\/posts"}],"about":[{"href":"https:\/\/www.visit-ulcinj.com\/blog\/wp-json\/wp\/v2\/types\/post"}],"author":[{"embeddable":true,"href":"https:\/\/www.visit-ulcinj.com\/blog\/wp-json\/wp\/v2\/users\/1"}],"replies":[{"embeddable":true,"href":"https:\/\/www.visit-ulcinj.com\/blog\/wp-json\/wp\/v2\/comments?post=32139"}],"version-history":[{"count":0,"href":"https:\/\/www.visit-ulcinj.com\/blog\/wp-json\/wp\/v2\/posts\/32139\/revisions"}],"wp:attachment":[{"href":"https:\/\/www.visit-ulcinj.com\/blog\/wp-json\/wp\/v2\/media?parent=32139"}],"wp:term":[{"taxonomy":"category","embeddable":true,"href":"https:\/\/www.visit-ulcinj.com\/blog\/wp-json\/wp\/v2\/categories?post=32139"},{"taxonomy":"post_tag","embeddable":true,"href":"https:\/\/www.visit-ulcinj.com\/blog\/wp-json\/wp\/v2\/tags?post=32139"}],"curies":[{"name":"wp","href":"https:\/\/api.w.org\/{rel}","templated":true}]}}