{"id":3214,"date":"2008-09-12T04:37:27","date_gmt":"2008-09-12T09:37:27","guid":{"rendered":"http:\/\/www.visit-ulcinj.com\/blog\/?p=3214"},"modified":"2008-09-12T04:41:39","modified_gmt":"2008-09-12T09:41:39","slug":"a-duhet-te-diskutohet-ne-parlamentin-malazez-mbi-pranimin-e-pavaresise-se-kosoves","status":"publish","type":"post","link":"https:\/\/www.visit-ulcinj.com\/blog\/2008\/09\/12\/a-duhet-te-diskutohet-ne-parlamentin-malazez-mbi-pranimin-e-pavaresise-se-kosoves\/","title":{"rendered":"A duhet t\u00eb diskutohet n\u00eb parlamentin malazez mbi pranimin e pavar\u00ebsis\u00eb s\u00eb Kosov\u00ebs?"},"content":{"rendered":"<p><a href=\"http:\/\/www.pobjeda.co.me\/slike\/vijesti\/83947.jpg\"><img loading=\"lazy\" class=\"alignleft\" title=\"kuvendi malazias\" src=\"http:\/\/www.pobjeda.co.me\/slike\/vijesti\/83947.jpg\" alt=\"\" width=\"289\" height=\"206\" \/><\/a><strong>Dramatizimi i d\u00ebmsh\u00ebm<\/strong><br \/>\nMali i Zi duhet t\u00eb b\u00ebhet i vet\u00ebdijsh\u00ebm se, tani \u00ebsht\u00eb shtet i pavarur, dhe se kjo sjell shum\u00eb benefite, por, edhe p\u00ebrgjegj\u00ebsi. Kjo do t\u00eb thot\u00eb se vendimet duhet t\u00eb merren me guxim strategjik. Nuk ekziston m\u00eb arsyeja q\u00eb faji p\u00ebr vendimin e d\u00ebshtuar t`i mvishet, p.sh. Beogradit. Mali i Zi e ka fatin e vet n\u00eb duart e veta. Mali i Zi duhet t\u00eb shikoj\u00eb larg, n\u00eb t\u00eb ardhmen. N\u00ebse shikohet larg, n\u00eb rrafshin e asaj q\u00eb \u00ebsht\u00eb politika krijuese, at\u00ebher\u00eb, do t\u00eb merret me guxim dhe shum\u00eb shpejt nj\u00eb vendim p\u00ebr pranimin e pavar\u00ebsis\u00eb s\u00eb Kosov\u00ebs. Mir\u00ebpo, n\u00ebse shikohet n\u00eb rrafshin e politik\u00ebs s\u00eb p\u00ebrditshme, t\u00eb frik\u00ebsuar nga \u00e7do penges\u00eb, nuk do t\u00eb arrihet askund.<br \/>\nDit\u00ebve t\u00eb fundit, n\u00eb Mal t\u00eb Zi, gjithnj\u00eb e m\u00eb shum\u00eb flitet p\u00ebr mund\u00ebsin\u00eb q\u00eb mbi pranimin e pavar\u00ebsis\u00eb s\u00eb Kosov\u00ebs t\u00eb diskutohet n\u00eb Parlament. N\u00eb fillim kjo ka qen\u00eb nj\u00eb ide e cila \u00ebsht\u00eb paraqitur aty-k\u00ebtu n\u00eb media, nga ana e disa politikan\u00ebve, por, \u00ebsht\u00eb dukur vet\u00ebm ide, jo edhe opcion serioz. Mir\u00ebpo, dit\u00ebve t\u00eb fundit, k\u00ebt\u00eb mund\u00ebsi e ka shprehur edhe vet\u00eb presidenti i Malit t\u00eb Zi, Filip Vujanoviq.<br \/>\nNuk ka dyshim se, duke e marr\u00eb parasysh struktur\u00ebn nacionale t\u00eb Malit t\u00eb Zi, ku 32 % t\u00eb popullat\u00ebs deklarohen si serb\u00eb etnik\u00eb dhe ku nj\u00eb p\u00ebrqindje e mir\u00eb e tyre ka ende nj\u00eb orientim probeogradas, pranimi i pavar\u00ebsis\u00eb s\u00eb Kosov\u00ebs \u00ebsht\u00eb nj\u00eb hap serioz p\u00ebr k\u00ebt\u00eb shtet. Por, sa \u00ebsht\u00eb e arsyeshme q\u00eb p\u00ebr k\u00ebt\u00eb \u00e7\u00ebshtje t\u00eb vendos organi i pushtetit legjislativ e jo bart\u00ebsit m\u00eb t\u00eb lart\u00eb t\u00eb pushtetit ekzekutiv (qeveria, kryeministri, presidenti).<a href=\"http:\/\/static.b92.net\/pics\/gallery\/2006\/05\/40904065844719c6d5ca6f757629653.jpg\"><img loading=\"lazy\" class=\"alignright\" title=\"POBJEDA NA REFERANDUMU\" src=\"http:\/\/static.b92.net\/pics\/gallery\/2006\/05\/40904065844719c6d5ca6f757629653.jpg\" alt=\"\" width=\"210\" height=\"141\" \/><\/a><br \/>\n<strong><br \/>\n1) ASPEKTI PSIKOLOGJIK &#8211; DRAMATIZIMI I \u00c7\u00cbSHTJES. <\/strong>Me transferim n\u00eb Parlament, do t\u00eb b\u00ebhet dramatizimi i panevojsh\u00ebm i \u00e7\u00ebshtjes. Nga nj\u00eb \u00e7\u00ebshtje e cila duhet t\u00eb mbahet brenda kornizave t\u00eb normales, kjo do t\u00eb fitoj\u00eb dimensione t\u00eb panevojshme t\u00eb nj\u00eb drame nacionale, nd\u00ebrsa, n\u00eb syt\u00eb e popullit t\u00eb r\u00ebndomt\u00eb, pranimi i Kosov\u00ebs do t\u00eb tabuizohet edhe m\u00eb shum\u00eb. T\u00eb mos harrohet se n\u00eb Mal t\u00eb Zi, ka ende qarqe t\u00eb cil\u00ebt mendojn\u00eb se &#8220;Kosova \u00ebsht\u00eb Serbi&#8221;. Mund ta paramendojm\u00eb se \u00e7far\u00eb ndezje pasionesh negative mund t\u00eb pritet n\u00ebse hapet nj\u00eb diskutim i till\u00eb. N\u00eb at\u00eb situat\u00eb dhe n\u00eb ato polemika, a do t\u00eb jet\u00eb shqiptari p\u00ebrs\u00ebri fajtori kujdestar?<br \/>\n<strong><br \/>\n<\/strong><a href=\"http:\/\/www.pobjeda.co.me\/slike\/vijesti\/55824.jpg\"><img loading=\"lazy\" class=\"alignleft\" title=\"DJUKANOVIQ\" src=\"http:\/\/www.pobjeda.co.me\/slike\/vijesti\/55824.jpg\" alt=\"\" width=\"179\" height=\"145\" \/><\/a><strong>2) ASPEKTI I KOMPETENCAVE LIGJORE &#8211; TRANSFERIMI I P\u00cbRGJEGJ\u00cbSIS\u00cb.<\/strong> Me Kushtetut\u00ebn e Malit t\u00eb Zi, Qeveria \u00ebsht\u00eb ajo q\u00eb e udh\u00ebheq politik\u00ebn e brendshme dhe t\u00eb jashtme t\u00eb vendit. Gjithashtu, Qeveria lidh marr\u00ebveshjet nd\u00ebrkomb\u00ebtare nga kompetenca e Republik\u00ebs. Pra, \u00ebsht\u00eb e qart\u00eb se Qeveria e Malit t\u00eb Zi i ka duart e zgjidhura, t\u00eb vendos\u00eb n\u00eb m\u00ebnyr\u00eb autonome, pa Parlament, mbi pranimin e pavar\u00ebsis\u00eb s\u00eb Kosov\u00ebs. Bart\u00ebsit e pushtetit m\u00eb t\u00eb lart\u00eb ekzekutiv (Kryeministri, Qeveria, Presidenti) duhet t\u00eb ken\u00eb guxim ta k\u00ebpusin k\u00ebt\u00eb situat\u00eb. N\u00eb t\u00eb kund\u00ebrt\u00ebn, n\u00eb fund, do t\u00eb vihet n\u00eb nj\u00eb situat\u00eb absurde &#8211; q\u00eb Mali i Zi ta p\u00ebrjetoj\u00eb m\u00eb emocionalisht nj\u00eb situat\u00eb sesa ai me t\u00eb cilin ka t\u00eb b\u00ebj\u00eb ajo (Serbia).<\/p>\n<p><strong>3) ASPEKTI STRATEGJIK &#8211; POZICIONIMI I MALIT T\u00cb ZI N\u00cb BALLKANIN PER\u00cbNDIMOR. <\/strong>Shikuar de <a href=\"http:\/\/www.unimediteran.net\/cms\/mestoZaUploadFajlove\/LOGO9.gif\"><img loading=\"lazy\" class=\"alignright\" title=\"PUTUJEMO U EVROPU\" src=\"http:\/\/www.unimediteran.net\/cms\/mestoZaUploadFajlove\/LOGO9.gif\" alt=\"\" width=\"150\" height=\"141\" \/><\/a>iure, pranimi i pavar\u00ebsis\u00eb s\u00eb Kosov\u00ebs do t\u00eb jet\u00eb identik pavar\u00ebsisht a t\u00eb ishte b\u00ebr\u00eb diten e par\u00eb t\u00eb pavar\u00ebsis\u00eb, ose tani, kur kan\u00eb kaluar shtat\u00eb muaj, ose do t\u00eb b\u00ebhet pas dhjet\u00eb vitesh. Mir\u00ebpo, fakt \u00ebsht\u00eb q\u00eb n\u00eb raportet nd\u00ebrkomb\u00ebtare, p\u00ebrve\u00e7 k\u00ebtij aspekti t\u00eb ftoht\u00eb dhe racional, ekziston nj\u00eb kok\u00ebrr emocionesh, k\u00ebshtu q\u00eb edhe politika b\u00ebhet m\u00eb e durueshme dhe njer\u00ebzore. \u00c7far\u00eb desha t\u00eb them?<br \/>\nKoha \u00ebsht\u00eb p\u00ebr nj\u00eb etap\u00eb t\u00eb re t\u00eb raporteve bilaterale dhe multiraterale t\u00eb shteteve t\u00eb Ballkanit Per\u00ebndimor. N\u00eb vend t\u00eb nj\u00eb shteti artificial dhe megaloman \u00e7far\u00eb ishte Jugosllavia, tani n\u00eb Ballkan kemi shtete t\u00eb vogla, por, me kufij pak\u00ebz m\u00eb real. Mali i Zi duhet t\u00eb b\u00ebhet i vet\u00ebdijsh\u00ebm se, tani \u00ebsht\u00eb shtet i pavarur, dhe se kjo sjell shum\u00eb benefite, por, edhe p\u00ebrgjegj\u00ebsi. Kjo do t\u00eb thot\u00eb se vendimet duhet t\u00eb merren me guxim strategjik. Nuk ekziston m\u00eb arsyeja q\u00eb faji p\u00ebr vendimin e d\u00ebshtuar t`i mvishet, p.sh. Beogradit. Mali i Zi e ka fatin e vet n\u00eb duart e veta. Mali i Zi duhet t\u00eb shikoj\u00eb larg, n\u00eb t\u00eb ardhmen. N\u00ebse shikohet larg, n\u00eb rrafshin e asaj q\u00eb \u00ebsht\u00eb politika krijuese, at\u00ebher\u00eb, do t\u00eb merret me guxim dhe shum\u00eb shpejt nj\u00eb vendim p\u00ebr pranimin e pavar\u00ebsis\u00eb s\u00eb Kosov\u00ebs. Mir\u00ebpo, n\u00ebse shikohet n\u00eb rrafshin e politik\u00ebs s\u00eb p\u00ebrditshme, t\u00eb frik\u00ebsuar nga \u00e7do penges\u00eb, nuk do t\u00eb arrihet askund.<br \/>\nNuk \u00ebsht\u00eb nj\u00ebsoj a je n\u00eb kreun e nj\u00eb procesi apo n\u00eb bisht. Sepse, k\u00ebshtu krijohen edhe miq\u00ebsit\u00eb e ardhshme mes shteteve. Nga ana tjet\u00ebr, Kosova \u00ebsht\u00eb shtet legjitim dhe at\u00eb nuk mund t`ia marr\u00eb askush. N\u00eb Ballkanin e ri, europian, Kosova dhe Mali i Zi do t\u00eb jen\u00eb shtete me raporte optimale bilaterale dhe Mali i Zi, sot, duhet t`i drejtoj\u00eb syt\u00eb kah e ardhmja &#8211; trasimi i raporteve miq\u00ebsore me fqiun e saj &#8211; Kosov\u00ebn europiane.<br \/>\n<strong>(Autorja \u00ebsht\u00eb intelektuale e pavarur)<br \/>\n<a title=\"xhoana perkaj\" href=\"xhoanaperkaj@yahoo.com\" target=\"_blank\">xhoanaperkajZyahoo.com<\/a><br \/>\nXhoana M. Perkaj<br \/>\nKoha Javore<\/strong><\/p>\n<p style=\"text-align: center;\"><a class=\"aligncenter\" title=\"???? ????,?????,Ulcinj,Montenegru,??????????,\u00c7ernoqoriya,Besplatni internet oglasi,Besplatni oglasi,besplatni mali oglasi,besplatni turisti?ki oglasi,oglasi, usluge, turizam,Turisti?ke usluge,Doma?i turizam,Besplatni Oglasnik,Brzi Oglasi Besplatno,Besplatno OglasavanjeTurizam,besplatni oglasi sa slikom,Turisticki informator besplatni,li?ni-oglasi,BESPLATNI Turisticki OGLASI SA SLIKAMA,BESPLATNI Turisticki Oglasi saVideom,turisticki smestaj oglasi,Turisti?ki vodi? balkana,BESPLATNA REZERVACIJA SMESTAJA,Postavite besplatno Vas oglas,FREE TOURIST GUIDES,Izdavanje-Turizam oglasi,Balkan Turisticki vodic,shpallje turistike falas,Shpallje Falas,Shpallje falas per Komplekse Turistike,Lajmerime,Njoftime,shpallje shqip per shqiptaret ne shqiperi kosova maqedoni,mal te zi,???????????,Montenegiro,?ern\u00e1 Hora,??????????,Cz\u00f4rnog\u00f3ra,Cz\u00f4rn\u00f4 G\u00f3ra,Carna G\u00f3ra,T\u0161ernogooria,\u00c7ernogoriya,Montain\u00e9agr\u00f3,Montenegwo,?orna Hora,Montenegr\u00f3,M?ntenigro,Chernogoriya ,\u00c7\u00earnogor\u00ee ,?????????,????????? ,??????? ,Montes Nigrae,Mons Niger,M\u00f4ntenegr\u00f4,Muntenegru,??????????,Czarnog\u00f3ra,Muntinigru,Muntenegro,&lt;br &gt;&lt;\/a&gt; Muntenegru,\t?ierna Hora,Cxerngora,????????,?rna gora,Moontineegro,?ornog?ra,\u00c7ernogori\u00fda,Chernogoriya,Mont\u00f5negro,????? ???? ,?r?na Gora,?r?nogorije,?ernogorija,?arnahoryja,??????????,???????????????????? ,?ern?g?riy\u00e2,M?nt?n??r?,????? ?????? ,?????????,??????????,???????????,M?nten?gro,???? ????? ,????????,M\u00f4ntenegr\u00f4,????????????,???????????,????????????, ??????????? ,????????????,??????????? ,\u008d\u2022?R\/?K?R ,\u0192\u201a\u0192\u201c\u0192e\u0192l\u0192O\u0192\u008d,\u00b8???\u00b3?\u00b1?\u00b7? ,Muntenegru, ????? ????, Montenegr?,chambres ? louer ? ulcinj, location de vacance, location saisonni?res, louer villa,location de vacance, Locations vacance, h?bergements vacances, locations villa, logements de vacances, location maison avec piscine, Location vacance, locations de vacance, h?bergements de vacances, location villa, locations entre particulier, logements vacance, vacances ? Mont?n?gro - location ? Ulcinj ,location  de bigorre,Urlaub in Ulcinj -Montenegro,Hotelbewertungen Ulcinj,Reisen Ulcinj, Urlaub Ulcinj,Hotel in Serbien und Montenegro von Urlaubern bewertet,Billig Urlaub in Ulcinj,ferienh?user,ferienwohnung,Billige Ferienh?user,Ferienwohnung ULCINJ,Ferien an der Adria,Urlaub im Ferienhaus ulcinjBilligreisen Ulcinj,Pauschalreisen,FKK Strand Ada Bojana ulcinj,Last Minute Angebote ulcinj,Preise f?r Lastminute,Kleinanzeigen gratis,Ausflug nach Ulcinj,FKK-Reisen ada bojana,FKK-Urlaub ulcinj,Privatni smje?taj,rezervacija smje?taja,apartmani,sobe,ku?e,odmor,sobe za odmor ulcinj,Pretra?ivanje privatnog smje?taja,rooms rent accommodation ulcinj, rentail private accommodation ulcinj,?elite rezervirati privatni smje?taj,Private accommodation,Smje?taj ulcinj,Pushime Verore ulqin,pushime t? lira n? ulqin,Pushime ne plazh,Pushime te kendshme,dhoma per pushime ulqin,dhoma me qera ulqin,dhoma te lira ulqin,pushime te lira ulqin,mali i zi,kosova,maqedoni,shqiperi,Pushime ne det te ulqinit,godi?nji odmor u ulcinj,odmor u ulcinj,Ku?a za odmor,kuda na odmor,ljetovanje u ulcinj,slobodne sobe,dhoma te lira,ku?a uz more,turisti?ka ponuda,odmor i zabava,povolne cene,sobe,usluge,Mjesto za Va? odmor , Place for Your holiday,Odmor portal,putovanaja,Iznajmljivanje soba ulcinj,odmor ulcinj info,Va?e mjesto za odmor ulcinj,nudisticka plaza ada bojana,smjestaj ponuda ulcinj,lokacioni i dhomave ulqin,deti,plazhet e bukura,diskoteka,zbavitja,.\" href=\"http:\/\/www.visit-ulcinj.com\/tourism\/\" target=\"_blank\"><img loading=\"lazy\" class=\"aligncenter\" title=\"SHPALLJE TURISTIKE FALAS,FREE TOURIST GUIDES,BESPLATNI TURISTI?KI OGLASI,balkan holiday rentals,ALBANIJA,ALBANIA,SHQIPERIJA,CRNA GORA,HRVATSKA,KROACIA,SLOVENIJA,MAKEDONIJA,MAKEDONIA,SRBIJA,MONTENEGRO,MALI I ZI,\" src=\"http:\/\/www.visit-ulcinj.com\/blog\/wp-content\/uploads\/2008\/09\/balkanholidayrentals.gif\" alt=\"Apatin,  Aran?elovac,  ?uprija,  ?a?ak,  ?apljina,  ?itluk,  ?abac,  ?ipovo,  ?iroki Brijeg,  ?ep?e,  ?ivinice,  Ba?ka Palanka,  Banja Luka,  Banovi?i,  Be?ej,  beograd,  Biha?,  Bijeljina,  Bor,  Bor?a,  Bosanska Gradi?ka,  Bosanska Krupa,  Bosanski ?amac,  Bosanski Brod,  Bosanski Novi,  Br?ko,  Bu?im,  Bugojno,  Cazin,  Crna Gora,  Derventa,  Doboj,  Donji Vakuf,  Drvar,  Dubrovnik,  Fo?a,  Fojnica,  Glamo?,  Gora?de,  Gornji Milanovac,  Gornji Vakuf,  gostivar,  Gra?anica,  Grada?ac,  Gradiska,  Grahovo,  Had?i?i,  Ilid?a,  In?ija,  Jablanica,  Jagodina,  Jajce,  Kakanj,  Kalu?erica,  Kikinda,  Klju?,  Konjic,  Kotor Varo?,  Kragujevac,  Kraljevo,  Kru?evac,  Kula,  Kupres,  Lakta?i,  Lazarevac,  Leskovac,  Livno,  Ljubinje,  ljublana,  Ljubu?ki,  Loznica,  Lukavac,  Maglaj,  Mladenovac,  Modri?a,  montenegro erlajnz,  mostar,  Mrkonji? Grad,  Neum,  Ni?,  Novi Pazar,  Novi Sad,  Novi Travnik,  Obrenovac,  Od?ak,  ohrid,  Ora?je,  Pale,  Pan?evo,  Para?in,  Pirot,  Po?arevac,  Podgorica,  Priboj,  Prijedor,  Prokuplje,  Prozor,  pula,  rijeka,  Ruma,  Sanski Most,  Sarajevo,  Senta,  serbija,  sibenik,  skopje,  Smederevo,  Smederevska Palanka,  Sokolac,  Sombor,  split,  Srebrenica,  Srebrenik,  Sremska Mitrovica,  Stolac,  Struga,  Subotica,  Temerin,  Tesli?,  tetovo,  Travnik,  Trebinje,  tuzla,  U?ice,  ulcinj,  Valjevo,  Velika Kladu?a,  Vi?egrad,  Visoko,  Vitez,  Vogo??a,  vojvodina,  Vranje,  Vr?ac,  Vrbas,  zadar,  Zagreb,  Zaje?ar,  Zavidovi?i,  Zenica,  Zrenjanin,  Zvornik,copacabana ulcinj,  h?tels,  hotel ulqin,  Kosova,  Mali i Zi,  Maqedonija,  Montenegro,  montenegro tourisme plage,  montenegro ulcinj,  Shpallje Falas,  Shpallje Falas per shitjen e shtepis se juaj,  Shpallje Falas per villat e juaj,  Shpallje Falas Real Estate,  Shpallje Falas turistike,  shqiperija,  tourisme,  Ulci?,  ulcinj,  ulqin,  ulqin hotel,  ulqini,  ulqini 2007,Ada Bojana,  Alba?czyk,  Cita di Dolcino,  Copacabana,  Czarnog?ra,  Czarnog?rzec,  Don Kichota,  Ma\u00b3a Pla\u00bfa,  Mandra,  MIGUEL DE SERVANTES,  p?\u00b3wyspy Marjan,  Pla\u00bfa Valdanos,  Rzeka Bojana,  Shas \/ ?as \/ Sva?,  Ulci?,  Ulcinjsk\u00b9 Riwier?,  Wielka Pla\u00bfa,  Wyspa Bojana,GORA,??????????,???????,??????????, ?ern? Hora,TO ULCINJ \/ ULQIN,MONTENEGRO, Czarnog?ra, Muntenegru, ????? ????, Montenegr?,villa ? louer ? ulcinj, location de vacance, location saisonni?res, louer chambres,location de vacance, Locations vacance, h?bergements vacances, locations villa, logements de vacances, location maison avec piscine, Location vacance, locations de vacance, h?bergements de vacances, location, locations entre particulier, logements vacance, vacances ? Mont?n?gro - location ? Ulcinj ,location  de bigorre,Albaniku,  Artana,  Bujanoci,  Burimi,  Dardana,  Dardan?,  De?an,  Dibra,  Drenas,  Drenasi,  Ferizaj,  Ferizaji,  Fush? Kosova,Besplatni internet oglasi,Besplatni oglasi,besplatni mali oglasi,besplatni turisti?ki oglasi,oglasi, usluge, turizam,Turisti?ke usluge,Doma?i turizam,Besplatni Oglasnik,Brzi Oglasi Besplatno,Besplatno OglasavanjeTurizam,besplatni oglasi sa slikom,Turisticki informator besplatni,li?ni-oglasi,BESPLATNI Turisticki OGLASI SA SLIKAMA,BESPLATNI Turisticki Oglasi saVideom,turisticki smestaj oglasi,Turisti?ki vodi? balkana,BESPLATNA REZERVACIJA SMESTAJA,Postavite besplatno Vas oglas,FREE TOURIST GUIDES,Izdavanje-Turizam oglasi,Balkan Turisticki vodic,shpallje turistike falas,Shpallje Falas,Shpallje falas per Komplekse Turistike,Lajmerime,Njoftime,shpallje shqip per shqiptaret ne shqiperi kosova maqedoni,mal te zi,Fush? Kosov?,  Gjakova,  Gjakov?,  Gjilan,  Gjilani,  Gostivari,  Istog,  Istog\u00b7,  Ka?anik,  Ka?aniku,  Kastrioti,  K?r?ova,  Klina,  Klin?,  Kumanova,  Leposaviq,  Leskovci,  Likova,  Lipjan,  Lipjani,  Malisheva,  Malishev?,  Manastiri,  Medvegja,  Mitrovica,  Mitrovic?,  Novob?rd?,  Obiliq\u00b7 Rahovec,  Ohri,  Peja,  Pej?,  Podujeva,  Podujev?,  Presheva,  Prishtina,  Prishtin?,  Prizren,  Prizreni,  Rahoveci,  Sharri,  Sharri (Kosov?),  Shkupi,  Sht?rpca,  Sht?rpc?,  Shtime,  Sk?nderaj,  Struga,  Tetova,  Theranda,  Therand?,  Triumf Riza,  Veleshta,  Viti,  Vitia,  Vushtrri,  Vushtrria,  Zubin Potok,  Zubin Potoku,  Zve?an,  Zve?ani,Struga,Gostivari,Gostivar,Ker?ova,Tirana,Durr?si,Elbasani,Shkodra,Tuzi,Vlora, Kor?a,Fieri,Berati,Lushnja ,Kavaja,Pogradeci,La?i,Gjirokastra,Patosi,Kruja,Ku?ova,Kuk?si,Lezha,Saranda,Peshkopia,Burreli,C?rriku,?orovoda,Shijaku,Librazhdi,Tepelena,Gramshi,Poli?ani,Bulqiza,P?rmeti,Fush?Kruja,Kamza,Rr?sheni,Ballshi,Mamurrasi,BajramCurri,Erseka,Peqini,Divjaka,Selenica,Bilishti,Roskoveci,Puka,Memaliaj,Rrogozhina,Ura Vajgurore,Himara,Delvina,Vora,Kopliku,Maliqi,P?rrenjasi,Kruma, Libohova,Orikumi,Fush?-Arr?za,Sh?ngjini,Rubiku,Miloti, Leskoviku,Konispoli,K?lcyra,Krasta,K?rraba,Manastiri,Hara?ina,Likova,Prilepi,Zajazi,Vrap?ishti,Bogovin?,\" width=\"420\" height=\"120\" \/><\/a><\/p>\n<p style=\"text-align: center;\"><a href=\"http:\/\/www.visit-ulcinj.com\/?rub=taxicobi\"><img loading=\"lazy\" class=\"aligncenter size-full wp-image-2798\" title=\"taxi-cobi-ulqintaxi-cobi-ulcinjcrna-goramontenegromali-i-ziulqini\" src=\"http:\/\/www.visit-ulcinj.com\/blog\/wp-content\/uploads\/2008\/08\/taxi-cobi-ulqintaxi-cobi-ulcinjcrna-goramontenegromali-i-ziulqini.jpg\" alt=\"\" width=\"400\" height=\"150\" \/><\/a><\/p>\n","protected":false},"excerpt":{"rendered":"<p><img loading=\"lazy\" class=\"alignleft\" title=\"kuvendi malazias\" src=\"http:\/\/www.pobjeda.co.me\/slike\/vijesti\/83947.jpg\" alt=\"\" width=\"140\" height=\"140\" \/><\/p>\n","protected":false},"author":1,"featured_media":0,"comment_status":"open","ping_status":"closed","sticky":false,"template":"","format":"standard","meta":{"spay_email":"","jetpack_publicize_message":"","jetpack_is_tweetstorm":false,"jetpack_publicize_feature_enabled":true},"categories":[4,6,12],"tags":[95],"jetpack_publicize_connections":[],"yoast_head":"<!-- This site is optimized with the Yoast SEO plugin v19.1 - https:\/\/yoast.com\/wordpress\/plugins\/seo\/ -->\n<title>A duhet t\u00eb diskutohet n\u00eb parlamentin malazez mbi pranimin e pavar\u00ebsis\u00eb s\u00eb Kosov\u00ebs? - Lajme nga Ulqini<\/title>\n<meta name=\"robots\" content=\"index, follow, max-snippet:-1, max-image-preview:large, max-video-preview:-1\" \/>\n<link rel=\"canonical\" href=\"https:\/\/www.visit-ulcinj.com\/blog\/2008\/09\/12\/a-duhet-te-diskutohet-ne-parlamentin-malazez-mbi-pranimin-e-pavaresise-se-kosoves\/\" \/>\n<meta property=\"og:locale\" content=\"en_US\" \/>\n<meta property=\"og:type\" content=\"article\" \/>\n<meta property=\"og:title\" content=\"A duhet t\u00eb diskutohet n\u00eb parlamentin malazez mbi pranimin e pavar\u00ebsis\u00eb s\u00eb Kosov\u00ebs? - Lajme nga Ulqini\" \/>\n<meta property=\"og:url\" content=\"https:\/\/www.visit-ulcinj.com\/blog\/2008\/09\/12\/a-duhet-te-diskutohet-ne-parlamentin-malazez-mbi-pranimin-e-pavaresise-se-kosoves\/\" \/>\n<meta property=\"og:site_name\" content=\"Lajme nga Ulqini\" \/>\n<meta property=\"article:published_time\" content=\"2008-09-12T09:37:27+00:00\" \/>\n<meta property=\"article:modified_time\" content=\"2008-09-12T09:41:39+00:00\" \/>\n<meta property=\"og:image\" content=\"http:\/\/www.pobjeda.co.me\/slike\/vijesti\/83947.jpg\" \/>\n<meta name=\"twitter:label1\" content=\"Written by\" \/>\n\t<meta name=\"twitter:data1\" content=\"ulqini\" \/>\n\t<meta name=\"twitter:label2\" content=\"Est. reading time\" \/>\n\t<meta name=\"twitter:data2\" content=\"5 minutes\" \/>\n<script type=\"application\/ld+json\" class=\"yoast-schema-graph\">{\"@context\":\"https:\/\/schema.org\",\"@graph\":[{\"@type\":\"WebSite\",\"@id\":\"https:\/\/www.visit-ulcinj.com\/blog\/#website\",\"url\":\"https:\/\/www.visit-ulcinj.com\/blog\/\",\"name\":\"Lajme nga Ulqini\",\"description\":\"Lajme,Vijesti,Ulqini,Ulqin,Crna Gora,Mali i Zi\",\"potentialAction\":[{\"@type\":\"SearchAction\",\"target\":{\"@type\":\"EntryPoint\",\"urlTemplate\":\"https:\/\/www.visit-ulcinj.com\/blog\/?s={search_term_string}\"},\"query-input\":\"required name=search_term_string\"}],\"inLanguage\":\"en-US\"},{\"@type\":\"ImageObject\",\"inLanguage\":\"en-US\",\"@id\":\"https:\/\/www.visit-ulcinj.com\/blog\/2008\/09\/12\/a-duhet-te-diskutohet-ne-parlamentin-malazez-mbi-pranimin-e-pavaresise-se-kosoves\/#primaryimage\",\"url\":\"http:\/\/www.pobjeda.co.me\/slike\/vijesti\/83947.jpg\",\"contentUrl\":\"http:\/\/www.pobjeda.co.me\/slike\/vijesti\/83947.jpg\"},{\"@type\":\"WebPage\",\"@id\":\"https:\/\/www.visit-ulcinj.com\/blog\/2008\/09\/12\/a-duhet-te-diskutohet-ne-parlamentin-malazez-mbi-pranimin-e-pavaresise-se-kosoves\/#webpage\",\"url\":\"https:\/\/www.visit-ulcinj.com\/blog\/2008\/09\/12\/a-duhet-te-diskutohet-ne-parlamentin-malazez-mbi-pranimin-e-pavaresise-se-kosoves\/\",\"name\":\"A duhet t\u00eb diskutohet n\u00eb parlamentin malazez mbi pranimin e pavar\u00ebsis\u00eb s\u00eb Kosov\u00ebs? - Lajme nga Ulqini\",\"isPartOf\":{\"@id\":\"https:\/\/www.visit-ulcinj.com\/blog\/#website\"},\"primaryImageOfPage\":{\"@id\":\"https:\/\/www.visit-ulcinj.com\/blog\/2008\/09\/12\/a-duhet-te-diskutohet-ne-parlamentin-malazez-mbi-pranimin-e-pavaresise-se-kosoves\/#primaryimage\"},\"datePublished\":\"2008-09-12T09:37:27+00:00\",\"dateModified\":\"2008-09-12T09:41:39+00:00\",\"author\":{\"@id\":\"https:\/\/www.visit-ulcinj.com\/blog\/#\/schema\/person\/dcab619c614d3038751c63bc2aadc06d\"},\"breadcrumb\":{\"@id\":\"https:\/\/www.visit-ulcinj.com\/blog\/2008\/09\/12\/a-duhet-te-diskutohet-ne-parlamentin-malazez-mbi-pranimin-e-pavaresise-se-kosoves\/#breadcrumb\"},\"inLanguage\":\"en-US\",\"potentialAction\":[{\"@type\":\"ReadAction\",\"target\":[\"https:\/\/www.visit-ulcinj.com\/blog\/2008\/09\/12\/a-duhet-te-diskutohet-ne-parlamentin-malazez-mbi-pranimin-e-pavaresise-se-kosoves\/\"]}]},{\"@type\":\"BreadcrumbList\",\"@id\":\"https:\/\/www.visit-ulcinj.com\/blog\/2008\/09\/12\/a-duhet-te-diskutohet-ne-parlamentin-malazez-mbi-pranimin-e-pavaresise-se-kosoves\/#breadcrumb\",\"itemListElement\":[{\"@type\":\"ListItem\",\"position\":1,\"name\":\"A duhet t\u00eb diskutohet n\u00eb parlamentin malazez mbi pranimin e pavar\u00ebsis\u00eb s\u00eb Kosov\u00ebs?\"}]},{\"@type\":\"Person\",\"@id\":\"https:\/\/www.visit-ulcinj.com\/blog\/#\/schema\/person\/dcab619c614d3038751c63bc2aadc06d\",\"name\":\"ulqini\",\"sameAs\":[\"http:\/\/www.visit-ulcinj.com\"],\"url\":\"https:\/\/www.visit-ulcinj.com\/blog\/author\/admin\/\"}]}<\/script>\n<!-- \/ Yoast SEO plugin. -->","yoast_head_json":{"title":"A duhet t\u00eb diskutohet n\u00eb parlamentin malazez mbi pranimin e pavar\u00ebsis\u00eb s\u00eb Kosov\u00ebs? - Lajme nga Ulqini","robots":{"index":"index","follow":"follow","max-snippet":"max-snippet:-1","max-image-preview":"max-image-preview:large","max-video-preview":"max-video-preview:-1"},"canonical":"https:\/\/www.visit-ulcinj.com\/blog\/2008\/09\/12\/a-duhet-te-diskutohet-ne-parlamentin-malazez-mbi-pranimin-e-pavaresise-se-kosoves\/","og_locale":"en_US","og_type":"article","og_title":"A duhet t\u00eb diskutohet n\u00eb parlamentin malazez mbi pranimin e pavar\u00ebsis\u00eb s\u00eb Kosov\u00ebs? - Lajme nga Ulqini","og_url":"https:\/\/www.visit-ulcinj.com\/blog\/2008\/09\/12\/a-duhet-te-diskutohet-ne-parlamentin-malazez-mbi-pranimin-e-pavaresise-se-kosoves\/","og_site_name":"Lajme nga Ulqini","article_published_time":"2008-09-12T09:37:27+00:00","article_modified_time":"2008-09-12T09:41:39+00:00","og_image":[{"url":"http:\/\/www.pobjeda.co.me\/slike\/vijesti\/83947.jpg"}],"twitter_misc":{"Written by":"ulqini","Est. reading time":"5 minutes"},"schema":{"@context":"https:\/\/schema.org","@graph":[{"@type":"WebSite","@id":"https:\/\/www.visit-ulcinj.com\/blog\/#website","url":"https:\/\/www.visit-ulcinj.com\/blog\/","name":"Lajme nga Ulqini","description":"Lajme,Vijesti,Ulqini,Ulqin,Crna Gora,Mali i Zi","potentialAction":[{"@type":"SearchAction","target":{"@type":"EntryPoint","urlTemplate":"https:\/\/www.visit-ulcinj.com\/blog\/?s={search_term_string}"},"query-input":"required name=search_term_string"}],"inLanguage":"en-US"},{"@type":"ImageObject","inLanguage":"en-US","@id":"https:\/\/www.visit-ulcinj.com\/blog\/2008\/09\/12\/a-duhet-te-diskutohet-ne-parlamentin-malazez-mbi-pranimin-e-pavaresise-se-kosoves\/#primaryimage","url":"http:\/\/www.pobjeda.co.me\/slike\/vijesti\/83947.jpg","contentUrl":"http:\/\/www.pobjeda.co.me\/slike\/vijesti\/83947.jpg"},{"@type":"WebPage","@id":"https:\/\/www.visit-ulcinj.com\/blog\/2008\/09\/12\/a-duhet-te-diskutohet-ne-parlamentin-malazez-mbi-pranimin-e-pavaresise-se-kosoves\/#webpage","url":"https:\/\/www.visit-ulcinj.com\/blog\/2008\/09\/12\/a-duhet-te-diskutohet-ne-parlamentin-malazez-mbi-pranimin-e-pavaresise-se-kosoves\/","name":"A duhet t\u00eb diskutohet n\u00eb parlamentin malazez mbi pranimin e pavar\u00ebsis\u00eb s\u00eb Kosov\u00ebs? - Lajme nga Ulqini","isPartOf":{"@id":"https:\/\/www.visit-ulcinj.com\/blog\/#website"},"primaryImageOfPage":{"@id":"https:\/\/www.visit-ulcinj.com\/blog\/2008\/09\/12\/a-duhet-te-diskutohet-ne-parlamentin-malazez-mbi-pranimin-e-pavaresise-se-kosoves\/#primaryimage"},"datePublished":"2008-09-12T09:37:27+00:00","dateModified":"2008-09-12T09:41:39+00:00","author":{"@id":"https:\/\/www.visit-ulcinj.com\/blog\/#\/schema\/person\/dcab619c614d3038751c63bc2aadc06d"},"breadcrumb":{"@id":"https:\/\/www.visit-ulcinj.com\/blog\/2008\/09\/12\/a-duhet-te-diskutohet-ne-parlamentin-malazez-mbi-pranimin-e-pavaresise-se-kosoves\/#breadcrumb"},"inLanguage":"en-US","potentialAction":[{"@type":"ReadAction","target":["https:\/\/www.visit-ulcinj.com\/blog\/2008\/09\/12\/a-duhet-te-diskutohet-ne-parlamentin-malazez-mbi-pranimin-e-pavaresise-se-kosoves\/"]}]},{"@type":"BreadcrumbList","@id":"https:\/\/www.visit-ulcinj.com\/blog\/2008\/09\/12\/a-duhet-te-diskutohet-ne-parlamentin-malazez-mbi-pranimin-e-pavaresise-se-kosoves\/#breadcrumb","itemListElement":[{"@type":"ListItem","position":1,"name":"A duhet t\u00eb diskutohet n\u00eb parlamentin malazez mbi pranimin e pavar\u00ebsis\u00eb s\u00eb Kosov\u00ebs?"}]},{"@type":"Person","@id":"https:\/\/www.visit-ulcinj.com\/blog\/#\/schema\/person\/dcab619c614d3038751c63bc2aadc06d","name":"ulqini","sameAs":["http:\/\/www.visit-ulcinj.com"],"url":"https:\/\/www.visit-ulcinj.com\/blog\/author\/admin\/"}]}},"jetpack_featured_media_url":"","jetpack_sharing_enabled":true,"jetpack_shortlink":"https:\/\/wp.me\/pe6lTn-PQ","_links":{"self":[{"href":"https:\/\/www.visit-ulcinj.com\/blog\/wp-json\/wp\/v2\/posts\/3214"}],"collection":[{"href":"https:\/\/www.visit-ulcinj.com\/blog\/wp-json\/wp\/v2\/posts"}],"about":[{"href":"https:\/\/www.visit-ulcinj.com\/blog\/wp-json\/wp\/v2\/types\/post"}],"author":[{"embeddable":true,"href":"https:\/\/www.visit-ulcinj.com\/blog\/wp-json\/wp\/v2\/users\/1"}],"replies":[{"embeddable":true,"href":"https:\/\/www.visit-ulcinj.com\/blog\/wp-json\/wp\/v2\/comments?post=3214"}],"version-history":[{"count":0,"href":"https:\/\/www.visit-ulcinj.com\/blog\/wp-json\/wp\/v2\/posts\/3214\/revisions"}],"wp:attachment":[{"href":"https:\/\/www.visit-ulcinj.com\/blog\/wp-json\/wp\/v2\/media?parent=3214"}],"wp:term":[{"taxonomy":"category","embeddable":true,"href":"https:\/\/www.visit-ulcinj.com\/blog\/wp-json\/wp\/v2\/categories?post=3214"},{"taxonomy":"post_tag","embeddable":true,"href":"https:\/\/www.visit-ulcinj.com\/blog\/wp-json\/wp\/v2\/tags?post=3214"}],"curies":[{"name":"wp","href":"https:\/\/api.w.org\/{rel}","templated":true}]}}