{"id":32161,"date":"2010-04-18T22:51:32","date_gmt":"2010-04-18T20:51:32","guid":{"rendered":"http:\/\/www.visit-ulcinj.com\/blog\/?p=32161"},"modified":"2010-05-11T17:00:45","modified_gmt":"2010-05-11T15:00:45","slug":"manji-hotelski-kapaciteti-u-ulcinju","status":"publish","type":"post","link":"https:\/\/www.visit-ulcinj.com\/blog\/2010\/04\/18\/manji-hotelski-kapaciteti-u-ulcinju\/","title":{"rendered":"Manji hotelski kapaciteti u Ulcinju"},"content":{"rendered":"<p><a href=\"http:\/\/www.visit-ulcinj.com\/blog\/wp-content\/uploads\/2010\/04\/Ulcinjska-rivijera.jpg\"><img loading=\"lazy\" class=\"alignleft size-full wp-image-32162\" title=\"Ulcinjska rivijera\" src=\"http:\/\/www.visit-ulcinj.com\/blog\/wp-content\/uploads\/2010\/04\/Ulcinjska-rivijera.jpg\" alt=\"Ulcinjska rivijera\" width=\"580\" height=\"400\" \/><\/a>Ulcinj i ove godine do?ekuje goste sa osjetno manjim hotelskim kapacitetima nego ranije. Iako sezona jo\u0161 nije po?ela, jasno je da se ni ovog ljeta ne?e ra?unati na hotel \u201eGaleb&#8221; koji je sru\u0161en, iako je bio star samo dvadesetak godina, i ?ija ponovna izgradnja jo\u0161 uvijek nije ni po?ela.<br \/>\nNajljep\u0161i dio crnogorske obale ove godins ne?e u svojoj ponudi imati ni hotel \u201eGrand Lido&#8221; koji se renovira, i kako se o?ekuje bi?e spreman tek za neku od sljede?ih turisti?kih sezona. \u201eObraz&#8221; ulcinjske hotelske ponude ?uva hotel \u201eOtrant&#8221; kojim upravlja \u0161panska hotelska kompanija \u201eIberostar&#8221;, a koji je u vlasni\u0161tvu firme \u201eBarkli Montenegro&#8221;, prenosi Dan.<br \/>\nNakon renoviranja jedino taj hotel ispunjava standarde zahtjevnih inostranih gostiju pa ?e i ove sezone broj posjetilaca ?initi turisti iz zapadnoevropskih zemalja.<br \/>\nOd hotela na ?uvenoj Velikoj pla\u017ei radi?e oni u dr\u017eavnom vlasni\u0161tvu, \u201eBelvi&#8221; i \u201eOlimpik&#8221; kao i Ada Bojana, koja je zimus pretrpjela velike \u0161tete od poplava. Iz menad\u017ementa je ipak najavljeno da ?e hotelski kompleks na tom nudisti?kom ostrvu ove sezone spremno do?ekati goste.<br \/>\nU \u201eBelviju&#8221; ?e biti na raspolaganju oko 700 kreveta \u201eOlimpiku&#8221; 250, dok ?e u nudisti?kom naselju na Adi mo?i da prime 350 gostiju. Ostala dva hotela na Rivijeri \u201eAlbatros i \u201eMediteran&#8221; ?e tako?e biti otvoreni. U ulcinjskim hotelima prete\u017eno borave turisti iz Njema?ke, Poljske i ?e\u0161ke. dok su turisti sa Kosova uglavnom gosti privatnog smje\u0161taja.<\/p>\n<p><a href=\"http:\/\/www.cafemontenegro.com\/index.php?group=43&amp;news=114575\" target=\"_blank\"><strong>DAN<\/strong><\/a><\/p>\n<!--YouTube Error: bad URL entered-->\n","protected":false},"excerpt":{"rendered":"<p>Ulcinj i ove godine do?ekuje goste sa osjetno manjim hotelskim kapacitetima nego ranije. Iako sezona jo\u0161 nije po?ela, jasno je da se ni ovog ljeta ne?e ra?unati na hotel \u201eGaleb&#8221; koji je sru\u0161en, iako je bio star samo dvadesetak godina, i ?ija ponovna izgradnja jo\u0161 uvijek nije ni po?ela. Najljep\u0161i dio crnogorske obale ove godins [&hellip;]<\/p>\n","protected":false},"author":1,"featured_media":0,"comment_status":"open","ping_status":"closed","sticky":false,"template":"","format":"standard","meta":{"spay_email":"","jetpack_publicize_message":"","jetpack_is_tweetstorm":false,"jetpack_publicize_feature_enabled":true},"categories":[15],"tags":[849],"jetpack_publicize_connections":[],"yoast_head":"<!-- This site is optimized with the Yoast SEO plugin v19.1 - https:\/\/yoast.com\/wordpress\/plugins\/seo\/ -->\n<title>Manji hotelski kapaciteti u Ulcinju - Lajme nga Ulqini<\/title>\n<meta name=\"description\" content=\"Ulcinj i ove godine do?ekuje goste sa osjetno manjim hotelskim kapacitetima nego ranije. Iako sezona jo\u0161 nije po?ela, jasno je da se ni ovog ljeta ne?e\" \/>\n<meta name=\"robots\" content=\"index, follow, max-snippet:-1, max-image-preview:large, max-video-preview:-1\" \/>\n<link rel=\"canonical\" href=\"https:\/\/www.visit-ulcinj.com\/blog\/2010\/04\/18\/manji-hotelski-kapaciteti-u-ulcinju\/\" \/>\n<meta property=\"og:locale\" content=\"en_US\" \/>\n<meta property=\"og:type\" content=\"article\" \/>\n<meta property=\"og:title\" content=\"Manji hotelski kapaciteti u Ulcinju - Lajme nga Ulqini\" \/>\n<meta property=\"og:description\" content=\"Ulcinj i ove godine do?ekuje goste sa osjetno manjim hotelskim kapacitetima nego ranije. Iako sezona jo\u0161 nije po?ela, jasno je da se ni ovog ljeta ne?e\" \/>\n<meta property=\"og:url\" content=\"https:\/\/www.visit-ulcinj.com\/blog\/2010\/04\/18\/manji-hotelski-kapaciteti-u-ulcinju\/\" \/>\n<meta property=\"og:site_name\" content=\"Lajme nga Ulqini\" \/>\n<meta property=\"article:published_time\" content=\"2010-04-18T20:51:32+00:00\" \/>\n<meta property=\"article:modified_time\" content=\"2010-05-11T15:00:45+00:00\" \/>\n<meta property=\"og:image\" content=\"http:\/\/www.visit-ulcinj.com\/blog\/wp-content\/uploads\/2010\/04\/Ulcinjska-rivijera.jpg\" \/>\n<meta name=\"twitter:label1\" content=\"Written by\" \/>\n\t<meta name=\"twitter:data1\" content=\"ulqini\" \/>\n\t<meta name=\"twitter:label2\" content=\"Est. reading time\" \/>\n\t<meta name=\"twitter:data2\" content=\"1 minute\" \/>\n<script type=\"application\/ld+json\" class=\"yoast-schema-graph\">{\"@context\":\"https:\/\/schema.org\",\"@graph\":[{\"@type\":\"WebSite\",\"@id\":\"https:\/\/www.visit-ulcinj.com\/blog\/#website\",\"url\":\"https:\/\/www.visit-ulcinj.com\/blog\/\",\"name\":\"Lajme nga Ulqini\",\"description\":\"Lajme,Vijesti,Ulqini,Ulqin,Crna Gora,Mali i Zi\",\"potentialAction\":[{\"@type\":\"SearchAction\",\"target\":{\"@type\":\"EntryPoint\",\"urlTemplate\":\"https:\/\/www.visit-ulcinj.com\/blog\/?s={search_term_string}\"},\"query-input\":\"required name=search_term_string\"}],\"inLanguage\":\"en-US\"},{\"@type\":\"ImageObject\",\"inLanguage\":\"en-US\",\"@id\":\"https:\/\/www.visit-ulcinj.com\/blog\/2010\/04\/18\/manji-hotelski-kapaciteti-u-ulcinju\/#primaryimage\",\"url\":\"https:\/\/www.visit-ulcinj.com\/blog\/wp-content\/uploads\/2010\/04\/Ulcinjska-rivijera.jpg\",\"contentUrl\":\"https:\/\/www.visit-ulcinj.com\/blog\/wp-content\/uploads\/2010\/04\/Ulcinjska-rivijera.jpg\",\"width\":\"720\",\"height\":\"473\"},{\"@type\":\"WebPage\",\"@id\":\"https:\/\/www.visit-ulcinj.com\/blog\/2010\/04\/18\/manji-hotelski-kapaciteti-u-ulcinju\/#webpage\",\"url\":\"https:\/\/www.visit-ulcinj.com\/blog\/2010\/04\/18\/manji-hotelski-kapaciteti-u-ulcinju\/\",\"name\":\"Manji hotelski kapaciteti u Ulcinju - Lajme nga Ulqini\",\"isPartOf\":{\"@id\":\"https:\/\/www.visit-ulcinj.com\/blog\/#website\"},\"primaryImageOfPage\":{\"@id\":\"https:\/\/www.visit-ulcinj.com\/blog\/2010\/04\/18\/manji-hotelski-kapaciteti-u-ulcinju\/#primaryimage\"},\"datePublished\":\"2010-04-18T20:51:32+00:00\",\"dateModified\":\"2010-05-11T15:00:45+00:00\",\"author\":{\"@id\":\"https:\/\/www.visit-ulcinj.com\/blog\/#\/schema\/person\/dcab619c614d3038751c63bc2aadc06d\"},\"description\":\"Ulcinj i ove godine do?ekuje goste sa osjetno manjim hotelskim kapacitetima nego ranije. Iako sezona jo\u0161 nije po?ela, jasno je da se ni ovog ljeta ne?e\",\"breadcrumb\":{\"@id\":\"https:\/\/www.visit-ulcinj.com\/blog\/2010\/04\/18\/manji-hotelski-kapaciteti-u-ulcinju\/#breadcrumb\"},\"inLanguage\":\"en-US\",\"potentialAction\":[{\"@type\":\"ReadAction\",\"target\":[\"https:\/\/www.visit-ulcinj.com\/blog\/2010\/04\/18\/manji-hotelski-kapaciteti-u-ulcinju\/\"]}]},{\"@type\":\"BreadcrumbList\",\"@id\":\"https:\/\/www.visit-ulcinj.com\/blog\/2010\/04\/18\/manji-hotelski-kapaciteti-u-ulcinju\/#breadcrumb\",\"itemListElement\":[{\"@type\":\"ListItem\",\"position\":1,\"name\":\"Manji hotelski kapaciteti u Ulcinju\"}]},{\"@type\":\"Person\",\"@id\":\"https:\/\/www.visit-ulcinj.com\/blog\/#\/schema\/person\/dcab619c614d3038751c63bc2aadc06d\",\"name\":\"ulqini\",\"sameAs\":[\"http:\/\/www.visit-ulcinj.com\"],\"url\":\"https:\/\/www.visit-ulcinj.com\/blog\/author\/admin\/\"}]}<\/script>\n<!-- \/ Yoast SEO plugin. -->","yoast_head_json":{"title":"Manji hotelski kapaciteti u Ulcinju - Lajme nga Ulqini","description":"Ulcinj i ove godine do?ekuje goste sa osjetno manjim hotelskim kapacitetima nego ranije. Iako sezona jo\u0161 nije po?ela, jasno je da se ni ovog ljeta ne?e","robots":{"index":"index","follow":"follow","max-snippet":"max-snippet:-1","max-image-preview":"max-image-preview:large","max-video-preview":"max-video-preview:-1"},"canonical":"https:\/\/www.visit-ulcinj.com\/blog\/2010\/04\/18\/manji-hotelski-kapaciteti-u-ulcinju\/","og_locale":"en_US","og_type":"article","og_title":"Manji hotelski kapaciteti u Ulcinju - Lajme nga Ulqini","og_description":"Ulcinj i ove godine do?ekuje goste sa osjetno manjim hotelskim kapacitetima nego ranije. Iako sezona jo\u0161 nije po?ela, jasno je da se ni ovog ljeta ne?e","og_url":"https:\/\/www.visit-ulcinj.com\/blog\/2010\/04\/18\/manji-hotelski-kapaciteti-u-ulcinju\/","og_site_name":"Lajme nga Ulqini","article_published_time":"2010-04-18T20:51:32+00:00","article_modified_time":"2010-05-11T15:00:45+00:00","og_image":[{"url":"http:\/\/www.visit-ulcinj.com\/blog\/wp-content\/uploads\/2010\/04\/Ulcinjska-rivijera.jpg"}],"twitter_misc":{"Written by":"ulqini","Est. reading time":"1 minute"},"schema":{"@context":"https:\/\/schema.org","@graph":[{"@type":"WebSite","@id":"https:\/\/www.visit-ulcinj.com\/blog\/#website","url":"https:\/\/www.visit-ulcinj.com\/blog\/","name":"Lajme nga Ulqini","description":"Lajme,Vijesti,Ulqini,Ulqin,Crna Gora,Mali i Zi","potentialAction":[{"@type":"SearchAction","target":{"@type":"EntryPoint","urlTemplate":"https:\/\/www.visit-ulcinj.com\/blog\/?s={search_term_string}"},"query-input":"required name=search_term_string"}],"inLanguage":"en-US"},{"@type":"ImageObject","inLanguage":"en-US","@id":"https:\/\/www.visit-ulcinj.com\/blog\/2010\/04\/18\/manji-hotelski-kapaciteti-u-ulcinju\/#primaryimage","url":"https:\/\/www.visit-ulcinj.com\/blog\/wp-content\/uploads\/2010\/04\/Ulcinjska-rivijera.jpg","contentUrl":"https:\/\/www.visit-ulcinj.com\/blog\/wp-content\/uploads\/2010\/04\/Ulcinjska-rivijera.jpg","width":"720","height":"473"},{"@type":"WebPage","@id":"https:\/\/www.visit-ulcinj.com\/blog\/2010\/04\/18\/manji-hotelski-kapaciteti-u-ulcinju\/#webpage","url":"https:\/\/www.visit-ulcinj.com\/blog\/2010\/04\/18\/manji-hotelski-kapaciteti-u-ulcinju\/","name":"Manji hotelski kapaciteti u Ulcinju - Lajme nga Ulqini","isPartOf":{"@id":"https:\/\/www.visit-ulcinj.com\/blog\/#website"},"primaryImageOfPage":{"@id":"https:\/\/www.visit-ulcinj.com\/blog\/2010\/04\/18\/manji-hotelski-kapaciteti-u-ulcinju\/#primaryimage"},"datePublished":"2010-04-18T20:51:32+00:00","dateModified":"2010-05-11T15:00:45+00:00","author":{"@id":"https:\/\/www.visit-ulcinj.com\/blog\/#\/schema\/person\/dcab619c614d3038751c63bc2aadc06d"},"description":"Ulcinj i ove godine do?ekuje goste sa osjetno manjim hotelskim kapacitetima nego ranije. Iako sezona jo\u0161 nije po?ela, jasno je da se ni ovog ljeta ne?e","breadcrumb":{"@id":"https:\/\/www.visit-ulcinj.com\/blog\/2010\/04\/18\/manji-hotelski-kapaciteti-u-ulcinju\/#breadcrumb"},"inLanguage":"en-US","potentialAction":[{"@type":"ReadAction","target":["https:\/\/www.visit-ulcinj.com\/blog\/2010\/04\/18\/manji-hotelski-kapaciteti-u-ulcinju\/"]}]},{"@type":"BreadcrumbList","@id":"https:\/\/www.visit-ulcinj.com\/blog\/2010\/04\/18\/manji-hotelski-kapaciteti-u-ulcinju\/#breadcrumb","itemListElement":[{"@type":"ListItem","position":1,"name":"Manji hotelski kapaciteti u Ulcinju"}]},{"@type":"Person","@id":"https:\/\/www.visit-ulcinj.com\/blog\/#\/schema\/person\/dcab619c614d3038751c63bc2aadc06d","name":"ulqini","sameAs":["http:\/\/www.visit-ulcinj.com"],"url":"https:\/\/www.visit-ulcinj.com\/blog\/author\/admin\/"}]}},"jetpack_featured_media_url":"","jetpack_sharing_enabled":true,"jetpack_shortlink":"https:\/\/wp.me\/pe6lTn-8mJ","_links":{"self":[{"href":"https:\/\/www.visit-ulcinj.com\/blog\/wp-json\/wp\/v2\/posts\/32161"}],"collection":[{"href":"https:\/\/www.visit-ulcinj.com\/blog\/wp-json\/wp\/v2\/posts"}],"about":[{"href":"https:\/\/www.visit-ulcinj.com\/blog\/wp-json\/wp\/v2\/types\/post"}],"author":[{"embeddable":true,"href":"https:\/\/www.visit-ulcinj.com\/blog\/wp-json\/wp\/v2\/users\/1"}],"replies":[{"embeddable":true,"href":"https:\/\/www.visit-ulcinj.com\/blog\/wp-json\/wp\/v2\/comments?post=32161"}],"version-history":[{"count":0,"href":"https:\/\/www.visit-ulcinj.com\/blog\/wp-json\/wp\/v2\/posts\/32161\/revisions"}],"wp:attachment":[{"href":"https:\/\/www.visit-ulcinj.com\/blog\/wp-json\/wp\/v2\/media?parent=32161"}],"wp:term":[{"taxonomy":"category","embeddable":true,"href":"https:\/\/www.visit-ulcinj.com\/blog\/wp-json\/wp\/v2\/categories?post=32161"},{"taxonomy":"post_tag","embeddable":true,"href":"https:\/\/www.visit-ulcinj.com\/blog\/wp-json\/wp\/v2\/tags?post=32161"}],"curies":[{"name":"wp","href":"https:\/\/api.w.org\/{rel}","templated":true}]}}