{"id":32189,"date":"2010-04-19T18:44:13","date_gmt":"2010-04-19T16:44:13","guid":{"rendered":"http:\/\/www.visit-ulcinj.com\/blog\/?p=32189"},"modified":"2010-04-19T18:44:13","modified_gmt":"2010-04-19T16:44:13","slug":"reagimi-i-imamit-te-xhamis-bregut-ulqin-prof-mirsad-mucaj%e2%80%8f","status":"publish","type":"post","link":"https:\/\/www.visit-ulcinj.com\/blog\/2010\/04\/19\/reagimi-i-imamit-te-xhamis-bregut-ulqin-prof-mirsad-mucaj%e2%80%8f\/","title":{"rendered":"Reagimi I Imamit t\u00eb xhamis bregut Ulqin Prof.Mirsad Mu?aj?"},"content":{"rendered":"<p><strong><a href=\"http:\/\/www.visit-ulcinj.com\/blog\/wp-content\/uploads\/2010\/04\/Imami-i-xhamis-bregut-ne-Ulqin-Prof.Mirsad-Mu?aj.jpg\"><img loading=\"lazy\" class=\"alignleft size-full wp-image-32190\" title=\"Imami i xhamis bregut ne Ulqin Prof.Mirsad Mu?aj\" src=\"http:\/\/www.visit-ulcinj.com\/blog\/wp-content\/uploads\/2010\/04\/Imami-i-xhamis-bregut-ne-Ulqin-Prof.Mirsad-Mu?aj.jpg\" alt=\"Imami i xhamis bregut ne Ulqin Prof.Mirsad Mu?aj\" width=\"399\" height=\"400\" \/><\/a>Ulqin 18.4.2010.Reagimi I Imamit t\u00eb xhamis bregut Ulqin Prof.Mirsad Mu?aj?<\/strong><br \/>\nMuslimani \u00ebsht\u00eb i obliguar q\u00eb gjithmon\u00eb ta thot\u00eb t\u00eb v\u00ebrtet\u00ebn.<br \/>\nO ju q\u00eb besuat, vazhdimisht t\u00eb jeni d\u00ebshmues t\u00eb drejt\u00eb p\u00ebr hir t\u00eb All-llahut edhe n\u00ebse \u00ebsht\u00eb kund\u00ebr (interesit) vetvetes suaj, kund\u00ebr prind\u00ebrve ose kund\u00ebr t\u00eb af\u00ebrmve, le t\u00eb jet\u00eb ai (p\u00ebr t\u00eb cilin d\u00ebshmohet) pasanik ose varfanjak, pse All-llahu di m\u00eb mir\u00eb p\u00ebr ta. Mos ndiqni pra emocionin e t&#8217;i shmangeni drejt\u00ebsis\u00eb. N\u00ebse shtr\u00ebmb\u00ebroni ose t\u00ebrhiqeni, All-llahu holl\u00ebsisht di \u00e7&#8217;ka punoni. (Ku\u2019ran 4 : 135)<\/p>\n<p>Kjo bot\u00eb dhe jeta n\u00eb t\u00eb \u00ebsht\u00eb shum\u00eb interesante. Kurani na tregon se q\u00eb nga fillimi i jet\u00ebs mbi k\u00ebt\u00eb sip\u00ebrfaqe e deri m\u00eb sot \u00ebsht\u00eb ndeshur e drejta dhe e shtremb\u00ebta, e v\u00ebrteta dhe e pav\u00ebrteta. Kjo m\u00eb s\u00eb miri tregohet nga jeta e pejgamber\u00ebve t\u00eb Allahut, t\u00eb cil\u00ebt kan\u00eb qen\u00eb njer\u00ebzit m\u00eb t\u00eb mir\u00eb dhe q\u00eb m\u00eb s\u00eb shumti ia kan\u00eb dashur t\u00eb mir\u00ebn njer\u00ebzimit. Zaten &#8211; q\u00ebllimi kryesor i tyre ka qen\u00eb p\u00ebrmir\u00ebsimi i gjendjes dhe rregullimi shoq\u00ebror, p.sh.: Shuajbi a.s i thoshte popullit t\u00eb tij: &#8220;O populli im&#8230; un\u00eb nuk dua tjet\u00ebr vet\u00ebm ta p\u00ebrmir\u00ebsoj (gjendjen shpirt\u00ebrore dhe at\u00eb njer\u00ebzore) aq sa mundem, por k\u00ebt\u00eb mund ta arrij vet\u00ebm me ndihm\u00ebn e Allahut, vet\u00ebm Atij iu kam mb\u00ebshtetur dhe vet\u00ebm tek Ai jam i drejtuar!&#8221; (Hud:88) dhe k\u00ebshtu radhazi edhe pejgamber\u00ebt e tjer\u00eb, deri te Musa, deri tek Isa dhe deri te Pejgamberi yn\u00eb dhe i fundit, Muhamedi a.s. Mir\u00ebpo, me gjith\u00eb q\u00ebllimin e mir\u00eb t\u00eb tyre, karakterin e lart\u00eb, urt\u00ebsin\u00eb dhe men\u00e7urin\u00eb e atyre burrave t\u00eb m\u00ebdhenj, atyre gjithher\u00eb u paraqiteshin armiq, t\u00eb cil\u00ebt u dilnin para dhe me t\u00ebr\u00eb potencialin e tyre p\u00ebrpiqeshin t\u2019i pengonin n\u00eb realizimin e atij amaneti t\u00eb marr\u00eb nga ana e Allahut xh.sh, e q\u00eb ishte rregullimi dhe p\u00ebrmir\u00ebsimi i gjendjes s\u00eb njer\u00ebzimit nga ana shpirt\u00ebrore dhe ajo trupore. N\u00eb t\u00eb gjith\u00eb librat qiellor\u00eb e kemi t\u00eb qart\u00eb armiq\u00ebsin\u00eb e faraonit ndaj Musaut a.s dhe misionit t\u00eb tij, apo m\u00eb her\u00ebt Ibrahimit a.s. dhe mbretit t\u00eb asaj kohe, Nemrutit. Dhe k\u00ebshtu, radhazi deri te Pejgamberi a.s., i cili pati armiq t\u00eb shumt\u00eb, mir\u00ebpo \u00e7doher\u00eb triumfonte e v\u00ebrteta, dilte haku n\u00eb shesh, her\u00ebt a von\u00eb, ngaq\u00eb ata armiq t\u00eb misionar\u00ebve t\u00eb Allahut xh.sh kishin harruar se me k\u00ebt\u00eb i kan\u00eb shpallur luft\u00eb Allahut t\u00eb Madh\u00ebruar, se ata i kan\u00eb dal\u00eb para ligjit t\u00eb Allahut. P\u00ebr at\u00eb Allahu xh.sh gjithher\u00eb i ka mundur, bile shum\u00ebk\u00ebnd nga ta edhe shkat\u00ebrruar, si\u00e7 p\u00ebrmendin qart\u00eb Bibla dhe Kurani. Nj\u00eb ligj i till\u00eb vazhdoi t\u00eb mbret\u00ebroj\u00eb edhe tek pasardh\u00ebsit e pejgamber\u00ebve, tek ata t\u00eb cil\u00ebt marrin mbi sip\u00ebr vazhdimin e rrug\u00ebs s\u00eb tyre, e q\u00eb \u00ebsht\u00eb nxjerrja e njer\u00ebzve nga err\u00ebsira n\u00eb drit\u00eb, gjegj\u00ebsisht rregullimi shoq\u00ebror. K\u00ebshtu q\u00eb, edhe atyre iu shfaqen armiq dhe kund\u00ebrshtar\u00eb, t\u00eb cil\u00ebt me \u00e7do mund p\u00ebrpiqeshin ta pengonin at\u00eb mision, qoft\u00eb me propaganda t\u00eb ndryshme, qoft\u00eb me p\u00ebrhapje t\u00eb urrejtjes, qoft\u00eb edhe me p\u00ebrpjekje t\u00eb likuidimit t\u00eb tyre. Thjesht, arsyeja \u00ebsht\u00eb se shum\u00ebk\u00ebnd e pengon stabilizimi dhe rregullimi i gjendjes shoq\u00ebrore nga t\u00eb gjitha k\u00ebndet. K\u00ebshtu q\u00eb, p\u00ebrpiqeshin ta destabilizonin gjendjen p\u00ebr p\u00ebrfitime t\u00eb caktuara. Kjo \u00ebsht\u00eb v\u00ebrtetuar dhe po v\u00ebrtetohet dita-dit\u00ebs nga faktor\u00eb t\u00eb ndrysh\u00ebm, gjithandej n\u00ebp\u00ebr bot\u00eb, por, mjerisht, edhe te ne, ku m\u00eb s\u00eb shumti kemi nevoj\u00eb p\u00ebr rregullim shoq\u00ebror, e m\u00eb s\u00eb pakti p\u00ebr p\u00ebr\u00e7arje v\u00ebllaz\u00ebrore apo komb\u00ebtare.<\/p>\n<p>M\u00eb qudit shum Deklarata e Kryeimamit R.ef.likes i cili e quan k\u00ebt ngjarje si t\u00eb damshme p\u00ebr Islam,ndamjen e k\u00ebshillit t\u00eb Bashk\u00ebsis islame Ulqin dhe ana e malit,dhe gjithashtu reagimi i\u00a0 Imamit Bajram hajdarit duke e quajtur k\u00ebt fenomen si ndamje fetare,e q\u00eb nuk ka t\u00eb b\u00ebj asgj\u00eb m\u00eb ndamje fetare larg asajna,Dhe simbas mendimit t\u00eb tyre edhe ndamja e keshillit t\u00eb B.I.t\u00eb Tivarit me krajen ose ndamja e Keshillit t\u00eb Podgorices me Tuz dhe Dinoshes etj.etj. u quajkan ndamje fetare ?JO kurrsesi,n\u00ebse dy vllaznij ndahen njani prejt tjetrit,a don t\u00eb thot q\u00eb ato jan\u00eb nda fetarisht (u jan nda zemrat)?K\u00ebt fjal smund ta thot askush,kjo asht\u00eb n\u00eb qeshtje organizative dhe kurrsesij ndamje Fetare,veq kush deshiron me ju hjedh pluhur syve t\u00eb njerzeve q\u00eb mas mi marr vesht punet&#8230;..<\/p>\n<p>Allahu i din pun\u00ebt m\u00ebsemirti.Zoti ju dhaft Hakun njer\u00ebzve simbas nijetit dhe qellimit q\u00eb kajn?<br \/>\n<strong><br \/>\nAllahu i ndihmoft t\u00eb sinqertit!\u00a0 Es elamun Alejkum<\/p>\n<p><\/strong><strong>Burimi:<a href=\"http:\/\/www.ulqini.de\/shqip.htm\" target=\"_blank\"> www.ulqini.de\/<\/a><\/strong><\/p>\n<!--YouTube Error: bad URL entered-->\n","protected":false},"excerpt":{"rendered":"<p>Ulqin 18.4.2010.Reagimi I Imamit t\u00eb xhamis bregut Ulqin Prof.Mirsad Mu?aj? Muslimani \u00ebsht\u00eb i obliguar q\u00eb gjithmon\u00eb ta thot\u00eb t\u00eb v\u00ebrtet\u00ebn. O ju q\u00eb besuat, vazhdimisht t\u00eb jeni d\u00ebshmues t\u00eb drejt\u00eb p\u00ebr hir t\u00eb All-llahut edhe n\u00ebse \u00ebsht\u00eb kund\u00ebr (interesit) vetvetes suaj, kund\u00ebr prind\u00ebrve ose kund\u00ebr t\u00eb af\u00ebrmve, le t\u00eb jet\u00eb ai (p\u00ebr t\u00eb cilin d\u00ebshmohet) [&hellip;]<\/p>\n","protected":false},"author":1,"featured_media":0,"comment_status":"open","ping_status":"closed","sticky":false,"template":"","format":"standard","meta":{"spay_email":"","jetpack_publicize_message":"","jetpack_is_tweetstorm":false,"jetpack_publicize_feature_enabled":true},"categories":[11],"tags":[14074,14073],"jetpack_publicize_connections":[],"yoast_head":"<!-- This site is optimized with the Yoast SEO plugin v19.1 - https:\/\/yoast.com\/wordpress\/plugins\/seo\/ -->\n<title>Reagimi I Imamit t\u00eb xhamis bregut Ulqin Prof.Mirsad Mu?aj? - Lajme nga Ulqini<\/title>\n<meta name=\"description\" content=\"Ulqin 18.4.2010.Reagimi I Imamit t\u00eb xhamis bregut Ulqin Prof.Mirsad Mu?aj? Muslimani \u00ebsht\u00eb i obliguar q\u00eb gjithmon\u00eb ta thot\u00eb t\u00eb v\u00ebrtet\u00ebn. O ju q\u00eb besuat,\" \/>\n<meta name=\"robots\" content=\"index, follow, max-snippet:-1, max-image-preview:large, max-video-preview:-1\" \/>\n<link rel=\"canonical\" href=\"https:\/\/www.visit-ulcinj.com\/blog\/2010\/04\/19\/reagimi-i-imamit-te-xhamis-bregut-ulqin-prof-mirsad-mucaj\u200f\/\" \/>\n<meta property=\"og:locale\" content=\"en_US\" \/>\n<meta property=\"og:type\" content=\"article\" \/>\n<meta property=\"og:title\" content=\"Reagimi I Imamit t\u00eb xhamis bregut Ulqin Prof.Mirsad Mu?aj? - Lajme nga Ulqini\" \/>\n<meta property=\"og:description\" content=\"Ulqin 18.4.2010.Reagimi I Imamit t\u00eb xhamis bregut Ulqin Prof.Mirsad Mu?aj? Muslimani \u00ebsht\u00eb i obliguar q\u00eb gjithmon\u00eb ta thot\u00eb t\u00eb v\u00ebrtet\u00ebn. O ju q\u00eb besuat,\" \/>\n<meta property=\"og:url\" content=\"https:\/\/www.visit-ulcinj.com\/blog\/2010\/04\/19\/reagimi-i-imamit-te-xhamis-bregut-ulqin-prof-mirsad-mucaj\u200f\/\" \/>\n<meta property=\"og:site_name\" content=\"Lajme nga Ulqini\" \/>\n<meta property=\"article:published_time\" content=\"2010-04-19T16:44:13+00:00\" \/>\n<meta property=\"og:image\" content=\"http:\/\/www.visit-ulcinj.com\/blog\/wp-content\/uploads\/2010\/04\/Imami-i-xhamis-bregut-ne-Ulqin-Prof.Mirsad-Mu?aj.jpg\" \/>\n<meta name=\"twitter:label1\" content=\"Written by\" \/>\n\t<meta name=\"twitter:data1\" content=\"ulqini\" \/>\n\t<meta name=\"twitter:label2\" content=\"Est. reading time\" \/>\n\t<meta name=\"twitter:data2\" content=\"4 minutes\" \/>\n<script type=\"application\/ld+json\" class=\"yoast-schema-graph\">{\"@context\":\"https:\/\/schema.org\",\"@graph\":[{\"@type\":\"WebSite\",\"@id\":\"https:\/\/www.visit-ulcinj.com\/blog\/#website\",\"url\":\"https:\/\/www.visit-ulcinj.com\/blog\/\",\"name\":\"Lajme nga Ulqini\",\"description\":\"Lajme,Vijesti,Ulqini,Ulqin,Crna Gora,Mali i Zi\",\"potentialAction\":[{\"@type\":\"SearchAction\",\"target\":{\"@type\":\"EntryPoint\",\"urlTemplate\":\"https:\/\/www.visit-ulcinj.com\/blog\/?s={search_term_string}\"},\"query-input\":\"required name=search_term_string\"}],\"inLanguage\":\"en-US\"},{\"@type\":\"ImageObject\",\"inLanguage\":\"en-US\",\"@id\":\"https:\/\/www.visit-ulcinj.com\/blog\/2010\/04\/19\/reagimi-i-imamit-te-xhamis-bregut-ulqin-prof-mirsad-mucaj%e2%80%8f\/#primaryimage\",\"url\":\"http:\/\/www.visit-ulcinj.com\/blog\/wp-content\/uploads\/2010\/04\/Imami-i-xhamis-bregut-ne-Ulqin-Prof.Mirsad-Mu?aj.jpg\",\"contentUrl\":\"http:\/\/www.visit-ulcinj.com\/blog\/wp-content\/uploads\/2010\/04\/Imami-i-xhamis-bregut-ne-Ulqin-Prof.Mirsad-Mu?aj.jpg\"},{\"@type\":\"WebPage\",\"@id\":\"https:\/\/www.visit-ulcinj.com\/blog\/2010\/04\/19\/reagimi-i-imamit-te-xhamis-bregut-ulqin-prof-mirsad-mucaj%e2%80%8f\/#webpage\",\"url\":\"https:\/\/www.visit-ulcinj.com\/blog\/2010\/04\/19\/reagimi-i-imamit-te-xhamis-bregut-ulqin-prof-mirsad-mucaj%e2%80%8f\/\",\"name\":\"Reagimi I Imamit t\u00eb xhamis bregut Ulqin Prof.Mirsad Mu?aj? - Lajme nga Ulqini\",\"isPartOf\":{\"@id\":\"https:\/\/www.visit-ulcinj.com\/blog\/#website\"},\"primaryImageOfPage\":{\"@id\":\"https:\/\/www.visit-ulcinj.com\/blog\/2010\/04\/19\/reagimi-i-imamit-te-xhamis-bregut-ulqin-prof-mirsad-mucaj%e2%80%8f\/#primaryimage\"},\"datePublished\":\"2010-04-19T16:44:13+00:00\",\"dateModified\":\"2010-04-19T16:44:13+00:00\",\"author\":{\"@id\":\"https:\/\/www.visit-ulcinj.com\/blog\/#\/schema\/person\/dcab619c614d3038751c63bc2aadc06d\"},\"description\":\"Ulqin 18.4.2010.Reagimi I Imamit t\u00eb xhamis bregut Ulqin Prof.Mirsad Mu?aj? Muslimani \u00ebsht\u00eb i obliguar q\u00eb gjithmon\u00eb ta thot\u00eb t\u00eb v\u00ebrtet\u00ebn. O ju q\u00eb besuat,\",\"breadcrumb\":{\"@id\":\"https:\/\/www.visit-ulcinj.com\/blog\/2010\/04\/19\/reagimi-i-imamit-te-xhamis-bregut-ulqin-prof-mirsad-mucaj%e2%80%8f\/#breadcrumb\"},\"inLanguage\":\"en-US\",\"potentialAction\":[{\"@type\":\"ReadAction\",\"target\":[\"https:\/\/www.visit-ulcinj.com\/blog\/2010\/04\/19\/reagimi-i-imamit-te-xhamis-bregut-ulqin-prof-mirsad-mucaj%e2%80%8f\/\"]}]},{\"@type\":\"BreadcrumbList\",\"@id\":\"https:\/\/www.visit-ulcinj.com\/blog\/2010\/04\/19\/reagimi-i-imamit-te-xhamis-bregut-ulqin-prof-mirsad-mucaj%e2%80%8f\/#breadcrumb\",\"itemListElement\":[{\"@type\":\"ListItem\",\"position\":1,\"name\":\"Reagimi I Imamit t\u00eb xhamis bregut Ulqin Prof.Mirsad Mu?aj?\"}]},{\"@type\":\"Person\",\"@id\":\"https:\/\/www.visit-ulcinj.com\/blog\/#\/schema\/person\/dcab619c614d3038751c63bc2aadc06d\",\"name\":\"ulqini\",\"sameAs\":[\"http:\/\/www.visit-ulcinj.com\"],\"url\":\"https:\/\/www.visit-ulcinj.com\/blog\/author\/admin\/\"}]}<\/script>\n<!-- \/ Yoast SEO plugin. -->","yoast_head_json":{"title":"Reagimi I Imamit t\u00eb xhamis bregut Ulqin Prof.Mirsad Mu?aj? - Lajme nga Ulqini","description":"Ulqin 18.4.2010.Reagimi I Imamit t\u00eb xhamis bregut Ulqin Prof.Mirsad Mu?aj? Muslimani \u00ebsht\u00eb i obliguar q\u00eb gjithmon\u00eb ta thot\u00eb t\u00eb v\u00ebrtet\u00ebn. O ju q\u00eb besuat,","robots":{"index":"index","follow":"follow","max-snippet":"max-snippet:-1","max-image-preview":"max-image-preview:large","max-video-preview":"max-video-preview:-1"},"canonical":"https:\/\/www.visit-ulcinj.com\/blog\/2010\/04\/19\/reagimi-i-imamit-te-xhamis-bregut-ulqin-prof-mirsad-mucaj\u200f\/","og_locale":"en_US","og_type":"article","og_title":"Reagimi I Imamit t\u00eb xhamis bregut Ulqin Prof.Mirsad Mu?aj? - Lajme nga Ulqini","og_description":"Ulqin 18.4.2010.Reagimi I Imamit t\u00eb xhamis bregut Ulqin Prof.Mirsad Mu?aj? Muslimani \u00ebsht\u00eb i obliguar q\u00eb gjithmon\u00eb ta thot\u00eb t\u00eb v\u00ebrtet\u00ebn. O ju q\u00eb besuat,","og_url":"https:\/\/www.visit-ulcinj.com\/blog\/2010\/04\/19\/reagimi-i-imamit-te-xhamis-bregut-ulqin-prof-mirsad-mucaj\u200f\/","og_site_name":"Lajme nga Ulqini","article_published_time":"2010-04-19T16:44:13+00:00","og_image":[{"url":"http:\/\/www.visit-ulcinj.com\/blog\/wp-content\/uploads\/2010\/04\/Imami-i-xhamis-bregut-ne-Ulqin-Prof.Mirsad-Mu?aj.jpg"}],"twitter_misc":{"Written by":"ulqini","Est. reading time":"4 minutes"},"schema":{"@context":"https:\/\/schema.org","@graph":[{"@type":"WebSite","@id":"https:\/\/www.visit-ulcinj.com\/blog\/#website","url":"https:\/\/www.visit-ulcinj.com\/blog\/","name":"Lajme nga Ulqini","description":"Lajme,Vijesti,Ulqini,Ulqin,Crna Gora,Mali i Zi","potentialAction":[{"@type":"SearchAction","target":{"@type":"EntryPoint","urlTemplate":"https:\/\/www.visit-ulcinj.com\/blog\/?s={search_term_string}"},"query-input":"required name=search_term_string"}],"inLanguage":"en-US"},{"@type":"ImageObject","inLanguage":"en-US","@id":"https:\/\/www.visit-ulcinj.com\/blog\/2010\/04\/19\/reagimi-i-imamit-te-xhamis-bregut-ulqin-prof-mirsad-mucaj%e2%80%8f\/#primaryimage","url":"http:\/\/www.visit-ulcinj.com\/blog\/wp-content\/uploads\/2010\/04\/Imami-i-xhamis-bregut-ne-Ulqin-Prof.Mirsad-Mu?aj.jpg","contentUrl":"http:\/\/www.visit-ulcinj.com\/blog\/wp-content\/uploads\/2010\/04\/Imami-i-xhamis-bregut-ne-Ulqin-Prof.Mirsad-Mu?aj.jpg"},{"@type":"WebPage","@id":"https:\/\/www.visit-ulcinj.com\/blog\/2010\/04\/19\/reagimi-i-imamit-te-xhamis-bregut-ulqin-prof-mirsad-mucaj%e2%80%8f\/#webpage","url":"https:\/\/www.visit-ulcinj.com\/blog\/2010\/04\/19\/reagimi-i-imamit-te-xhamis-bregut-ulqin-prof-mirsad-mucaj%e2%80%8f\/","name":"Reagimi I Imamit t\u00eb xhamis bregut Ulqin Prof.Mirsad Mu?aj? - Lajme nga Ulqini","isPartOf":{"@id":"https:\/\/www.visit-ulcinj.com\/blog\/#website"},"primaryImageOfPage":{"@id":"https:\/\/www.visit-ulcinj.com\/blog\/2010\/04\/19\/reagimi-i-imamit-te-xhamis-bregut-ulqin-prof-mirsad-mucaj%e2%80%8f\/#primaryimage"},"datePublished":"2010-04-19T16:44:13+00:00","dateModified":"2010-04-19T16:44:13+00:00","author":{"@id":"https:\/\/www.visit-ulcinj.com\/blog\/#\/schema\/person\/dcab619c614d3038751c63bc2aadc06d"},"description":"Ulqin 18.4.2010.Reagimi I Imamit t\u00eb xhamis bregut Ulqin Prof.Mirsad Mu?aj? Muslimani \u00ebsht\u00eb i obliguar q\u00eb gjithmon\u00eb ta thot\u00eb t\u00eb v\u00ebrtet\u00ebn. O ju q\u00eb besuat,","breadcrumb":{"@id":"https:\/\/www.visit-ulcinj.com\/blog\/2010\/04\/19\/reagimi-i-imamit-te-xhamis-bregut-ulqin-prof-mirsad-mucaj%e2%80%8f\/#breadcrumb"},"inLanguage":"en-US","potentialAction":[{"@type":"ReadAction","target":["https:\/\/www.visit-ulcinj.com\/blog\/2010\/04\/19\/reagimi-i-imamit-te-xhamis-bregut-ulqin-prof-mirsad-mucaj%e2%80%8f\/"]}]},{"@type":"BreadcrumbList","@id":"https:\/\/www.visit-ulcinj.com\/blog\/2010\/04\/19\/reagimi-i-imamit-te-xhamis-bregut-ulqin-prof-mirsad-mucaj%e2%80%8f\/#breadcrumb","itemListElement":[{"@type":"ListItem","position":1,"name":"Reagimi I Imamit t\u00eb xhamis bregut Ulqin Prof.Mirsad Mu?aj?"}]},{"@type":"Person","@id":"https:\/\/www.visit-ulcinj.com\/blog\/#\/schema\/person\/dcab619c614d3038751c63bc2aadc06d","name":"ulqini","sameAs":["http:\/\/www.visit-ulcinj.com"],"url":"https:\/\/www.visit-ulcinj.com\/blog\/author\/admin\/"}]}},"jetpack_featured_media_url":"","jetpack_sharing_enabled":true,"jetpack_shortlink":"https:\/\/wp.me\/pe6lTn-8nb","_links":{"self":[{"href":"https:\/\/www.visit-ulcinj.com\/blog\/wp-json\/wp\/v2\/posts\/32189"}],"collection":[{"href":"https:\/\/www.visit-ulcinj.com\/blog\/wp-json\/wp\/v2\/posts"}],"about":[{"href":"https:\/\/www.visit-ulcinj.com\/blog\/wp-json\/wp\/v2\/types\/post"}],"author":[{"embeddable":true,"href":"https:\/\/www.visit-ulcinj.com\/blog\/wp-json\/wp\/v2\/users\/1"}],"replies":[{"embeddable":true,"href":"https:\/\/www.visit-ulcinj.com\/blog\/wp-json\/wp\/v2\/comments?post=32189"}],"version-history":[{"count":0,"href":"https:\/\/www.visit-ulcinj.com\/blog\/wp-json\/wp\/v2\/posts\/32189\/revisions"}],"wp:attachment":[{"href":"https:\/\/www.visit-ulcinj.com\/blog\/wp-json\/wp\/v2\/media?parent=32189"}],"wp:term":[{"taxonomy":"category","embeddable":true,"href":"https:\/\/www.visit-ulcinj.com\/blog\/wp-json\/wp\/v2\/categories?post=32189"},{"taxonomy":"post_tag","embeddable":true,"href":"https:\/\/www.visit-ulcinj.com\/blog\/wp-json\/wp\/v2\/tags?post=32189"}],"curies":[{"name":"wp","href":"https:\/\/api.w.org\/{rel}","templated":true}]}}