{"id":32198,"date":"2010-04-19T22:29:10","date_gmt":"2010-04-19T20:29:10","guid":{"rendered":"http:\/\/www.visit-ulcinj.com\/blog\/?p=32198"},"modified":"2010-04-19T22:33:02","modified_gmt":"2010-04-19T20:33:02","slug":"solani%e2%80%9d-preti-katanac","status":"publish","type":"post","link":"https:\/\/www.visit-ulcinj.com\/blog\/2010\/04\/19\/solani%e2%80%9d-preti-katanac\/","title":{"rendered":"Solani\u201d preti katanac &#8211; Video"},"content":{"rendered":"<p><a href=\"http:\/\/www.visit-ulcinj.com\/blog\/wp-content\/uploads\/2010\/04\/solana_ulcinj_crna-gora.jpg\"><img loading=\"lazy\" class=\"alignleft size-full wp-image-32199\" title=\"solana_ulcinj_crna gora\" src=\"http:\/\/www.visit-ulcinj.com\/blog\/wp-content\/uploads\/2010\/04\/solana_ulcinj_crna-gora.jpg\" alt=\"solana_ulcinj_crna gora\" width=\"580\" height=\"375\" \/><\/a>ULCINj &#8211; Grad koji je nekada \u017eiveo od turizma, i koji je dnevno pose?ivalo nekoliko desetina hiljada turista, sada je \u201cmrtav\u201d.<br \/>\n&#8211; Imao je 5.300 le\u017eajeva u hotelima i vi\u0161e od 100.000 u privatnom sme\u0161taju. U turisti?kim kompleksima radili su profesionalci koji su govorili tri strana jezika &#8211; ka\u017ee Keko Ljamovi?, sada\u0161nji predsednik Sindikalnog povereni\u0161tva.<br \/>\nDanas je, ka\u017ee, Ulcinj optere?en lo\u0161im privatizacijama, ste?ajevima. Nezaposleno je 1.700 ljudi.<br \/>\n&#8211; Ugasila su se mnoga preduze?a, kao \u0161to je gra?evinsko \u201cPrimorje\u201d, \u201cSolana\u201d je u ste?aju, a hoteli \u201cUlcinjske rivijere\u201d su prodati. Vlasnici ne po\u0161tuju kupoprodajne ugovore, a jedan od primera je hotel \u201cOtrant\u201d. Novi vlasnici su preuzeli 116 radnika, danas ih imaju 60. Hotel \u201cLido\u201d kupila je ruska kompanija pre tri godine. Zaposleni primaju simboli?ne zarade. Najlo\u0161ije je pro\u0161ao \u201cGaleb\u201d, koji je<br \/>\nkompanija \u201cRok\u0161ped\u201d sru\u0161ila, a u \u201cMediteranu\u201d, koji je zapo\u0161ljavao 70, danas radi samo 15 radnika &#8211; navodi Ljamovi?.<br \/>\nOn dodaje da je Sindikat tra\u017eio od ministarstava ekonomije i turizma da poni\u0161te ugovore, raspi\u0161u nove tendere, na?u partnere koji ?e da investiraju, ali i zapo\u0161ljavaju. Tako?e navodi da je posredstvom Sindikata, 2008. godine povezan radni sta\u017e za 209 radnika, a pro\u0161le i ove godine za 630 radnika \u201cAlbatrosa\u201d, \u201cUtipa\u201d, Gra?evinskog preduze?a i \u201cJadranprevoza\u201d. Na isplatu otpremnina ?eka jo\u0161 200 biv\u0161ih radnika iz nekoliko ulcinjskih kolektiva.<br \/>\n&#8211; I u ulcinjskoj \u201cSolani\u201d svojevremeno se godi\u0161nje proizvodilo 25.000 tona soli. Vlasnik je kroz otkup akcija za 900.000 evra postao \u201cEurofond\u201d, koji je i uveo programirani ste?aj &#8211; ka\u017ee Ivo Latkovi?, ?lan op\u0161tinskog sindikata, ali i nekada\u0161nji radnik finansijskog sektora ovog kolektiva.<br \/>\n&#8211; Solana je data na upravljanje \u201cTrans\u0161pedu\u201d, menad\u017ementu koji je doveden sa strane. Iskusni radnici su progla\u0161eni tehnolo\u0161kim vi\u0161kom. O?igledno je da \u201cEurofond\u201d nije bio zainteresovan za proizvodnju soli ve? za 15,2 miliona kvadrata zemlji\u0161ta koje pripada \u201cSolani\u201d. U minulom periodu napravili su dubioze, smanjili proizvodnju na tonu-dve, sveli broj radnika na 50 ili 60, koji od novembra ne primaju plate. Izgubili su tr\u017ei\u0161te Kosova, Makedonije &#8211; navodi Latkovi?.<br \/>\nOn dodaje da \u201cSolana\u201d mo\u017ee opstati samo ako svakog dana iza?e \u0161leper soli, a godi\u0161nja proizvodnja bude na nivou od 15.000 do 20.000 tona.<\/p>\n<p><strong>\u201cULCINjSKA RIVIJERA\u201d<\/strong><br \/>\nHTP \u201cUlcinjska rivijera\u201d iza\u0161la je iz ste?aja pre dve godine, i, kako ka\u017eu, rade punim kapacitetom. Hotel \u201cOlimpik\u201d obnovljen je, a u toku je adaptacija 72 sobe u hotelu \u201cBelvi\u201d. Sre?uje se i 50 soba na Adi Bojani, postavlja se javna rasveta i dva pla\u017ena bara, ka\u017ee Ana \u017divanovi?, pi-ar.<\/p>\n<p><strong>B. RADOSAVOVI?<br \/>\n<a href=\"http:\/\/www.novosti.rs\/code\/navigate.php?Id=129&amp;status=jedna&amp;vest=176012&amp;title_add=%E2%80%9CSolani%E2%80%9D%20preti%20katanac&amp;kword_add=solana%2C%20ulcinj\" target=\"_blank\">Novosti<\/a><\/strong><strong><br \/>\n\n\t\t<style type=\"text\/css\">\n\t\t\t#gallery-1 {\n\t\t\t\tmargin: auto;\n\t\t\t}\n\t\t\t#gallery-1 .gallery-item {\n\t\t\t\tfloat: left;\n\t\t\t\tmargin-top: 10px;\n\t\t\t\ttext-align: center;\n\t\t\t\twidth: 33%;\n\t\t\t}\n\t\t\t#gallery-1 img {\n\t\t\t\tborder: 2px solid #cfcfcf;\n\t\t\t}\n\t\t\t#gallery-1 .gallery-caption {\n\t\t\t\tmargin-left: 0;\n\t\t\t}\n\t\t\t\/* see gallery_shortcode() in wp-includes\/media.php *\/\n\t\t<\/style>\n\t\t<div id='gallery-1' class='gallery galleryid-32198 gallery-columns-3 gallery-size-thumbnail'><dl class='gallery-item'>\n\t\t\t<dt class='gallery-icon landscape'>\n\t\t\t\t<a href='https:\/\/www.visit-ulcinj.com\/blog\/wp-content\/uploads\/2010\/04\/solana_ulcinj_crna-gora.jpg'><img width=\"150\" height=\"150\" src=\"https:\/\/www.visit-ulcinj.com\/blog\/wp-content\/uploads\/2010\/04\/solana_ulcinj_crna-gora-150x150.jpg\" class=\"attachment-thumbnail size-thumbnail\" alt=\"\" loading=\"lazy\" \/><\/a>\n\t\t\t<\/dt><\/dl><dl class='gallery-item'>\n\t\t\t<dt class='gallery-icon landscape'>\n\t\t\t\t<a href='https:\/\/www.visit-ulcinj.com\/blog\/wp-content\/uploads\/2010\/04\/solana_ulcinj_crna-gora.1.jpg'><img width=\"150\" height=\"150\" src=\"https:\/\/www.visit-ulcinj.com\/blog\/wp-content\/uploads\/2010\/04\/solana_ulcinj_crna-gora.1-150x150.jpg\" class=\"attachment-thumbnail size-thumbnail\" alt=\"\" loading=\"lazy\" \/><\/a>\n\t\t\t<\/dt><\/dl><dl class='gallery-item'>\n\t\t\t<dt class='gallery-icon landscape'>\n\t\t\t\t<a href='https:\/\/www.visit-ulcinj.com\/blog\/wp-content\/uploads\/2010\/04\/solana_ulcinj_crna-gora.2.jpg'><img width=\"150\" height=\"150\" src=\"https:\/\/www.visit-ulcinj.com\/blog\/wp-content\/uploads\/2010\/04\/solana_ulcinj_crna-gora.2-150x150.jpg\" class=\"attachment-thumbnail size-thumbnail\" alt=\"\" loading=\"lazy\" \/><\/a>\n\t\t\t<\/dt><\/dl><br style=\"clear: both\" \/>\n\t\t<\/div>\n<br \/>\n<\/strong>[flv width=&#8221;580&#8243; height=&#8221;400&#8243;]http:\/\/solana-ulcinj.com\/VTS_01_1.flv[\/flv]<\/p>\n","protected":false},"excerpt":{"rendered":"<p>ULCINj &#8211; Grad koji je nekada \u017eiveo od turizma, i koji je dnevno pose?ivalo nekoliko desetina hiljada turista, sada je \u201cmrtav\u201d. &#8211; Imao je 5.300 le\u017eajeva u hotelima i vi\u0161e od 100.000 u privatnom sme\u0161taju. U turisti?kim kompleksima radili su profesionalci koji su govorili tri strana jezika &#8211; ka\u017ee Keko Ljamovi?, sada\u0161nji predsednik Sindikalnog povereni\u0161tva. [&hellip;]<\/p>\n","protected":false},"author":1,"featured_media":0,"comment_status":"open","ping_status":"closed","sticky":false,"template":"","format":"standard","meta":{"spay_email":"","jetpack_publicize_message":"","jetpack_is_tweetstorm":false,"jetpack_publicize_feature_enabled":true},"categories":[8337],"tags":[4575],"jetpack_publicize_connections":[],"yoast_head":"<!-- This site is optimized with the Yoast SEO plugin v19.1 - https:\/\/yoast.com\/wordpress\/plugins\/seo\/ -->\n<title>Solani\u201d preti katanac - Video - Lajme nga Ulqini<\/title>\n<meta name=\"description\" content=\"ULCINj - Grad koji je nekada \u017eiveo od turizma, i koji je dnevno pose?ivalo nekoliko desetina hiljada turista, sada je \u201cmrtav\u201d. - Imao je 5.300 le\u017eajeva u\" \/>\n<meta name=\"robots\" content=\"index, follow, max-snippet:-1, max-image-preview:large, max-video-preview:-1\" \/>\n<link rel=\"canonical\" href=\"https:\/\/www.visit-ulcinj.com\/blog\/2010\/04\/19\/solani\u201d-preti-katanac\/\" \/>\n<meta property=\"og:locale\" content=\"en_US\" \/>\n<meta property=\"og:type\" content=\"article\" \/>\n<meta property=\"og:title\" content=\"Solani\u201d preti katanac - Video - Lajme nga Ulqini\" \/>\n<meta property=\"og:description\" content=\"ULCINj - Grad koji je nekada \u017eiveo od turizma, i koji je dnevno pose?ivalo nekoliko desetina hiljada turista, sada je \u201cmrtav\u201d. - Imao je 5.300 le\u017eajeva u\" \/>\n<meta property=\"og:url\" content=\"https:\/\/www.visit-ulcinj.com\/blog\/2010\/04\/19\/solani\u201d-preti-katanac\/\" \/>\n<meta property=\"og:site_name\" content=\"Lajme nga Ulqini\" \/>\n<meta property=\"article:published_time\" content=\"2010-04-19T20:29:10+00:00\" \/>\n<meta property=\"article:modified_time\" content=\"2010-04-19T20:33:02+00:00\" \/>\n<meta property=\"og:image\" content=\"https:\/\/www.visit-ulcinj.com\/blog\/wp-content\/uploads\/2010\/04\/solana_ulcinj_crna-gora-150x150.jpg\" \/>\n<meta name=\"twitter:label1\" content=\"Written by\" \/>\n\t<meta name=\"twitter:data1\" content=\"ulqini\" \/>\n\t<meta name=\"twitter:label2\" content=\"Est. reading time\" \/>\n\t<meta name=\"twitter:data2\" content=\"2 minutes\" \/>\n<script type=\"application\/ld+json\" class=\"yoast-schema-graph\">{\"@context\":\"https:\/\/schema.org\",\"@graph\":[{\"@type\":\"WebSite\",\"@id\":\"https:\/\/www.visit-ulcinj.com\/blog\/#website\",\"url\":\"https:\/\/www.visit-ulcinj.com\/blog\/\",\"name\":\"Lajme nga Ulqini\",\"description\":\"Lajme,Vijesti,Ulqini,Ulqin,Crna Gora,Mali i Zi\",\"potentialAction\":[{\"@type\":\"SearchAction\",\"target\":{\"@type\":\"EntryPoint\",\"urlTemplate\":\"https:\/\/www.visit-ulcinj.com\/blog\/?s={search_term_string}\"},\"query-input\":\"required name=search_term_string\"}],\"inLanguage\":\"en-US\"},{\"@type\":\"ImageObject\",\"inLanguage\":\"en-US\",\"@id\":\"https:\/\/www.visit-ulcinj.com\/blog\/2010\/04\/19\/solani%e2%80%9d-preti-katanac\/#primaryimage\",\"url\":\"https:\/\/www.visit-ulcinj.com\/blog\/wp-content\/uploads\/2010\/04\/solana_ulcinj_crna-gora.jpg\",\"contentUrl\":\"https:\/\/www.visit-ulcinj.com\/blog\/wp-content\/uploads\/2010\/04\/solana_ulcinj_crna-gora.jpg\",\"width\":\"531\",\"height\":\"375\"},{\"@type\":\"WebPage\",\"@id\":\"https:\/\/www.visit-ulcinj.com\/blog\/2010\/04\/19\/solani%e2%80%9d-preti-katanac\/#webpage\",\"url\":\"https:\/\/www.visit-ulcinj.com\/blog\/2010\/04\/19\/solani%e2%80%9d-preti-katanac\/\",\"name\":\"Solani\u201d preti katanac - Video - Lajme nga Ulqini\",\"isPartOf\":{\"@id\":\"https:\/\/www.visit-ulcinj.com\/blog\/#website\"},\"primaryImageOfPage\":{\"@id\":\"https:\/\/www.visit-ulcinj.com\/blog\/2010\/04\/19\/solani%e2%80%9d-preti-katanac\/#primaryimage\"},\"datePublished\":\"2010-04-19T20:29:10+00:00\",\"dateModified\":\"2010-04-19T20:33:02+00:00\",\"author\":{\"@id\":\"https:\/\/www.visit-ulcinj.com\/blog\/#\/schema\/person\/dcab619c614d3038751c63bc2aadc06d\"},\"description\":\"ULCINj - Grad koji je nekada \u017eiveo od turizma, i koji je dnevno pose?ivalo nekoliko desetina hiljada turista, sada je \u201cmrtav\u201d. - Imao je 5.300 le\u017eajeva u\",\"breadcrumb\":{\"@id\":\"https:\/\/www.visit-ulcinj.com\/blog\/2010\/04\/19\/solani%e2%80%9d-preti-katanac\/#breadcrumb\"},\"inLanguage\":\"en-US\",\"potentialAction\":[{\"@type\":\"ReadAction\",\"target\":[\"https:\/\/www.visit-ulcinj.com\/blog\/2010\/04\/19\/solani%e2%80%9d-preti-katanac\/\"]}]},{\"@type\":\"BreadcrumbList\",\"@id\":\"https:\/\/www.visit-ulcinj.com\/blog\/2010\/04\/19\/solani%e2%80%9d-preti-katanac\/#breadcrumb\",\"itemListElement\":[{\"@type\":\"ListItem\",\"position\":1,\"name\":\"Solani\u201d preti katanac &#8211; Video\"}]},{\"@type\":\"Person\",\"@id\":\"https:\/\/www.visit-ulcinj.com\/blog\/#\/schema\/person\/dcab619c614d3038751c63bc2aadc06d\",\"name\":\"ulqini\",\"sameAs\":[\"http:\/\/www.visit-ulcinj.com\"],\"url\":\"https:\/\/www.visit-ulcinj.com\/blog\/author\/admin\/\"}]}<\/script>\n<!-- \/ Yoast SEO plugin. -->","yoast_head_json":{"title":"Solani\u201d preti katanac - Video - Lajme nga Ulqini","description":"ULCINj - Grad koji je nekada \u017eiveo od turizma, i koji je dnevno pose?ivalo nekoliko desetina hiljada turista, sada je \u201cmrtav\u201d. - Imao je 5.300 le\u017eajeva u","robots":{"index":"index","follow":"follow","max-snippet":"max-snippet:-1","max-image-preview":"max-image-preview:large","max-video-preview":"max-video-preview:-1"},"canonical":"https:\/\/www.visit-ulcinj.com\/blog\/2010\/04\/19\/solani\u201d-preti-katanac\/","og_locale":"en_US","og_type":"article","og_title":"Solani\u201d preti katanac - Video - Lajme nga Ulqini","og_description":"ULCINj - Grad koji je nekada \u017eiveo od turizma, i koji je dnevno pose?ivalo nekoliko desetina hiljada turista, sada je \u201cmrtav\u201d. - Imao je 5.300 le\u017eajeva u","og_url":"https:\/\/www.visit-ulcinj.com\/blog\/2010\/04\/19\/solani\u201d-preti-katanac\/","og_site_name":"Lajme nga Ulqini","article_published_time":"2010-04-19T20:29:10+00:00","article_modified_time":"2010-04-19T20:33:02+00:00","og_image":[{"url":"https:\/\/www.visit-ulcinj.com\/blog\/wp-content\/uploads\/2010\/04\/solana_ulcinj_crna-gora-150x150.jpg"}],"twitter_misc":{"Written by":"ulqini","Est. reading time":"2 minutes"},"schema":{"@context":"https:\/\/schema.org","@graph":[{"@type":"WebSite","@id":"https:\/\/www.visit-ulcinj.com\/blog\/#website","url":"https:\/\/www.visit-ulcinj.com\/blog\/","name":"Lajme nga Ulqini","description":"Lajme,Vijesti,Ulqini,Ulqin,Crna Gora,Mali i Zi","potentialAction":[{"@type":"SearchAction","target":{"@type":"EntryPoint","urlTemplate":"https:\/\/www.visit-ulcinj.com\/blog\/?s={search_term_string}"},"query-input":"required name=search_term_string"}],"inLanguage":"en-US"},{"@type":"ImageObject","inLanguage":"en-US","@id":"https:\/\/www.visit-ulcinj.com\/blog\/2010\/04\/19\/solani%e2%80%9d-preti-katanac\/#primaryimage","url":"https:\/\/www.visit-ulcinj.com\/blog\/wp-content\/uploads\/2010\/04\/solana_ulcinj_crna-gora.jpg","contentUrl":"https:\/\/www.visit-ulcinj.com\/blog\/wp-content\/uploads\/2010\/04\/solana_ulcinj_crna-gora.jpg","width":"531","height":"375"},{"@type":"WebPage","@id":"https:\/\/www.visit-ulcinj.com\/blog\/2010\/04\/19\/solani%e2%80%9d-preti-katanac\/#webpage","url":"https:\/\/www.visit-ulcinj.com\/blog\/2010\/04\/19\/solani%e2%80%9d-preti-katanac\/","name":"Solani\u201d preti katanac - Video - Lajme nga Ulqini","isPartOf":{"@id":"https:\/\/www.visit-ulcinj.com\/blog\/#website"},"primaryImageOfPage":{"@id":"https:\/\/www.visit-ulcinj.com\/blog\/2010\/04\/19\/solani%e2%80%9d-preti-katanac\/#primaryimage"},"datePublished":"2010-04-19T20:29:10+00:00","dateModified":"2010-04-19T20:33:02+00:00","author":{"@id":"https:\/\/www.visit-ulcinj.com\/blog\/#\/schema\/person\/dcab619c614d3038751c63bc2aadc06d"},"description":"ULCINj - Grad koji je nekada \u017eiveo od turizma, i koji je dnevno pose?ivalo nekoliko desetina hiljada turista, sada je \u201cmrtav\u201d. - Imao je 5.300 le\u017eajeva u","breadcrumb":{"@id":"https:\/\/www.visit-ulcinj.com\/blog\/2010\/04\/19\/solani%e2%80%9d-preti-katanac\/#breadcrumb"},"inLanguage":"en-US","potentialAction":[{"@type":"ReadAction","target":["https:\/\/www.visit-ulcinj.com\/blog\/2010\/04\/19\/solani%e2%80%9d-preti-katanac\/"]}]},{"@type":"BreadcrumbList","@id":"https:\/\/www.visit-ulcinj.com\/blog\/2010\/04\/19\/solani%e2%80%9d-preti-katanac\/#breadcrumb","itemListElement":[{"@type":"ListItem","position":1,"name":"Solani\u201d preti katanac &#8211; Video"}]},{"@type":"Person","@id":"https:\/\/www.visit-ulcinj.com\/blog\/#\/schema\/person\/dcab619c614d3038751c63bc2aadc06d","name":"ulqini","sameAs":["http:\/\/www.visit-ulcinj.com"],"url":"https:\/\/www.visit-ulcinj.com\/blog\/author\/admin\/"}]}},"jetpack_featured_media_url":"","jetpack_sharing_enabled":true,"jetpack_shortlink":"https:\/\/wp.me\/pe6lTn-8nk","_links":{"self":[{"href":"https:\/\/www.visit-ulcinj.com\/blog\/wp-json\/wp\/v2\/posts\/32198"}],"collection":[{"href":"https:\/\/www.visit-ulcinj.com\/blog\/wp-json\/wp\/v2\/posts"}],"about":[{"href":"https:\/\/www.visit-ulcinj.com\/blog\/wp-json\/wp\/v2\/types\/post"}],"author":[{"embeddable":true,"href":"https:\/\/www.visit-ulcinj.com\/blog\/wp-json\/wp\/v2\/users\/1"}],"replies":[{"embeddable":true,"href":"https:\/\/www.visit-ulcinj.com\/blog\/wp-json\/wp\/v2\/comments?post=32198"}],"version-history":[{"count":0,"href":"https:\/\/www.visit-ulcinj.com\/blog\/wp-json\/wp\/v2\/posts\/32198\/revisions"}],"wp:attachment":[{"href":"https:\/\/www.visit-ulcinj.com\/blog\/wp-json\/wp\/v2\/media?parent=32198"}],"wp:term":[{"taxonomy":"category","embeddable":true,"href":"https:\/\/www.visit-ulcinj.com\/blog\/wp-json\/wp\/v2\/categories?post=32198"},{"taxonomy":"post_tag","embeddable":true,"href":"https:\/\/www.visit-ulcinj.com\/blog\/wp-json\/wp\/v2\/tags?post=32198"}],"curies":[{"name":"wp","href":"https:\/\/api.w.org\/{rel}","templated":true}]}}