{"id":322,"date":"2008-01-28T15:55:40","date_gmt":"2008-01-28T20:55:40","guid":{"rendered":"http:\/\/www.visit-ulcinj.com\/blog\/2008\/01\/28\/pas-shume-reagimeve-dhe-polemikave-rreth-germihjeve-me-rastin-e-ndertimit-te-nje-objekti-privat-ne-kala-te-ulqinit\/"},"modified":"2008-02-12T20:05:05","modified_gmt":"2008-02-13T01:05:05","slug":"pas-shume-reagimeve-dhe-polemikave-rreth-germihjeve-me-rastin-e-ndertimit-te-nje-objekti-privat-ne-kala-te-ulqinit","status":"publish","type":"post","link":"https:\/\/www.visit-ulcinj.com\/blog\/2008\/01\/28\/pas-shume-reagimeve-dhe-polemikave-rreth-germihjeve-me-rastin-e-ndertimit-te-nje-objekti-privat-ne-kala-te-ulqinit\/","title":{"rendered":"Pas shum\u00eb reagimeve dhe polemikave rreth g\u00ebrmihjeve me rastin e nd\u00ebrtimit t\u00eb nj\u00eb objekti privat n\u00eb kala t\u00eb ulqinit"},"content":{"rendered":"<p><a href=\"http:\/\/www.visit-ulcinj.com\/gallery\/main.php?g2_itemId=33\" title=\"Nuk jan\u00eb d\u00ebmtuar sende dhe objekte me vler\u00eb arkeologjike!\" target=\"_blank\"><strong>Nuk ja<\/strong><strong>n\u00eb d\u00eb<\/strong><\/a><a href=\"http:\/\/www.visit-ulcinj.com\/blog\/2008\/01\/28\/pas-shume-reagimeve-dhe-polemikave-rreth-germihjeve-me-rastin-e-ndertimit-te-nje-objekti-privat-ne-kala-te-ulqinit\/varri-ne-kala-ne-gjuhen-arabe\/\" target=\"_blank\" rel=\"attachment wp-att-323\" title=\"Nuk jan\u00eb d\u00ebmtuar sende dhe objekte me vler\u00eb arkeologjike!\"><img loading=\"lazy\" src=\"http:\/\/www.visit-ulcinj.com\/blog\/wp-content\/uploads\/2008\/01\/varesene-gjuhen-arabe-ne-kala-te-ulqinit.jpg\" alt=\"varri n\u00eb kala ne gjuhen arabe\" align=\"left\" height=\"181\" hspace=\"2\" vspace=\"2\" width=\"243\" \/><\/a><a href=\"http:\/\/www.visit-ulcinj.com\/gallery\/main.php?g2_itemId=33\" title=\"Nuk jan\u00eb d\u00ebmtuar sende dhe objekte me vler\u00eb arkeologjike!\" target=\"_blank\"><strong>mtuar sende dhe objekte me vler\u00eb arkeologjike!<\/strong><\/a><br \/>\nSipas arkeologes Mileva Nikolaidis, e cila i p\u00ebrcjell\u00eb punimet g\u00ebrmih\u00ebse p\u00ebr nd\u00ebrtimin e nj\u00eb objekti privat n\u00eb Fush\u00ebn e Topave n\u00eb Kala, n\u00eb k\u00ebt\u00eb lokalitet deri tani jan\u00eb gjetur vet\u00ebm disa gjyle dhe qeramik\u00eb nga koha turke, kurse vet\u00ebm tri dit\u00eb m\u00eb par\u00eb \u00ebsht\u00eb gjetur nj\u00eb var\u00ebse zinxhir\u00ebsh nga argjendi n\u00eb gjuh\u00ebn arabe. Sipas saj, p\u00ebrve\u00e7 k\u00ebtyre sendeve nuk \u00ebsht\u00eb gjetur asgj\u00eb tjet\u00ebr dhe deri tani nuk \u00ebsht\u00eb d\u00ebmtuar asnj\u00eb objekt i trash\u00ebgimis\u00eb kulturore.<!--more--><br \/>\nN\u00eb lokalitetin e njohur si <a href=\"http:\/\/www.visit-ulcinj.com\/gallery\/main.php?g2_itemId=33!\" target=\"_blank\">&#8220;Fusha e Topave&#8221; n\u00eb Kala<\/a>, ku po kryhen punimet p\u00ebr nd\u00ebrtimin e nj\u00eb objekti privat nuk jan\u00eb gjetur d\u00ebshmi arkeologjike q\u00eb d\u00ebshmojn\u00eb p\u00ebr ekzistenc\u00ebn e ndonj\u00eb kishe n\u00eb k\u00ebt\u00eb vend e as eshtra njer\u00ebzish.<br \/>\nN\u00eb k\u00ebt\u00eb m\u00ebnyr\u00eb kustosi i lart\u00eb, Mileva Nikolaidis, mbikqyr\u00ebse e punimeve n\u00eb k\u00ebt\u00eb lokalitet si p\u00ebrfaq\u00ebsuese e Entit Republikan p\u00ebr Mbrojtjen e Monumenteve Kulturore nga Cetina p\u00ebrg\u00ebnjeshtron deklaratat se n\u00eb k\u00ebt\u00eb lokalitet gjat\u00eb g\u00ebrmihjeve p\u00ebr nd\u00ebrtimin e objektit privat ka ardhur deri te shkat\u00ebrrimi i disa sendeve dhe objekteve me vler\u00eb kulturore dhe arkeologjike.<br \/>\nSi\u00e7 dihet, arkeologu i ri nga Ulqini, Anton Lulgjuraj, ka deklaruar m\u00eb par\u00eb p\u00ebr media se n\u00eb k\u00ebt\u00eb pjes\u00eb t\u00eb Kalas\u00eb, af\u00ebr Barutan\u00ebs, n\u00eb vendin ku po kryhen punimet jan\u00eb gjetur eshtra njer\u00ebzish dhe g\u00ebrmadha t\u00eb mureve t\u00eb kish\u00ebs e cila daton nga mesjeta.<br \/>\n&#8220;N\u00eb k\u00ebt\u00eb lokalitet kam gjetur edhe qeramik\u00ebn nga mesjeta dhe nga periudha e turqve. Muret e kish\u00ebs kan\u00eb mundur t\u00eb shihen qart\u00eb, kurse tani gati \u00e7do gj\u00eb \u00ebsht\u00eb shkat\u00ebrruar, kurse mua m\u00eb \u00ebsht\u00eb ndaluar qasja n\u00eb k\u00ebt\u00eb lokalitet&#8221;, ka deklaruar ai m\u00eb par\u00eb p\u00ebr media.<br \/>\nSipas Lulgjurajt, arkitetekt\u00ebt nga Beogradi q\u00eb n\u00eb vitin 1958 kan\u00eb konstatuar me an\u00eb t\u00eb sond\u00ebs se n\u00eb k\u00ebt\u00eb lokalitet.<br \/>\nAi i ka d\u00ebrguar shkres\u00eb Komun\u00ebs s\u00eb Ulqinit, Qendr\u00ebs s\u00eb Kultur\u00ebs Ulqin dhe Entit p\u00ebr Mbrojtjen e Monumenteve n\u00eb Cetin\u00eb, si dhe ka organizuar edhe n\u00ebnshkrimin e peticionit p\u00ebr ndalimin e punimeve t\u00eb m\u00ebtejshme.<br \/>\nPor punimet p\u00ebr nd\u00ebrtimin e k\u00ebtij objekti nuk jan\u00eb ndaluar pasi q\u00eb investuesi i posedon t\u00eb gjitha lejet dhe dokumentet e nevojshme nga Komuna e Ulqinit dhe nga Enti Republikan p\u00ebr Mbrojtjen e Monumenteve Kulturore nga Cetina dhe pasi q\u00eb p\u00ebrfaq\u00ebsuesit e Entit Republikan p\u00ebr Mbrojtjen e Monumenteve Kulturore nuk kan\u00eb konstatuar kurrfar\u00eb shkeljeje.<br \/>\nSipas arkeologes Nikolaidis, e cila i p\u00ebrcjell\u00eb punimet, n\u00eb k\u00ebt\u00eb lokalitet deri tani jan\u00eb gjetur vet\u00ebm disa gjyle dhe qeramik\u00eb nga koha turke, kurse vet\u00ebm tri dit\u00eb m\u00eb par\u00eb \u00ebsht\u00eb gjetur nj\u00eb var\u00ebse zinxhir\u00ebs nga argjendi n\u00eb gjuh\u00ebn arabe.<br \/>\n&#8220;Duhet t\u00eb deshifrohet p\u00ebr t\u00eb par\u00eb se \u00e7far\u00eb periudhe i p\u00ebrket. Var\u00ebsja \u00ebsht\u00eb gjetur krejt rast\u00ebsisht&#8221;, pohon Nikolaidis.<br \/>\nSipas saj, p\u00ebrve\u00e7 k\u00ebtyre sendeve nuk \u00ebsht\u00eb gjetur asgj\u00eb tjet\u00ebr dhe deri tani nuk \u00ebsht\u00eb d\u00ebmtuar asnj\u00eb objekt i trash\u00ebgimis\u00eb kulturore.<br \/>\n&#8220;Enti Republikan p\u00ebr Mbrojtjen e Monumenteve Kulturore e ka d\u00ebrguar p\u00ebrfaq\u00ebsuesin e vet dhe ne s\u00eb bashku e kemi hartuar raportin n\u00eb vendngjarje dhe kemi arritur n\u00eb p\u00ebrfundimin se nuk \u00ebsht\u00eb d\u00ebmtuar asnj\u00eb shtres\u00eb kulturore n\u00eb objektet p\u00ebrreth&#8221;, thot\u00eb Nikolaidis.<br \/>\nAjo tregon se g\u00ebrmihjet deri tani kan\u00eb arritur deri n\u00eb thell\u00ebsin\u00eb 5.5 metra dhe se ajo do t`i p\u00ebrcjell\u00eb ato deri n\u00eb p\u00ebrfundimin e tyre.<img loading=\"lazy\" src=\"http:\/\/8e.img.v4.skyrock.com\/8e7\/ulqini\/pics\/1265194564.jpg\" align=\"right\" height=\"149\" hspace=\"2\" vspace=\"2\" width=\"135\" \/><br \/>\nShoqata e Miqve t\u00eb Kalas\u00eb &#8220;Kalaja&#8221; e cila merret n\u00eb radh\u00eb t\u00eb par\u00eb me ruajtjen e Kalas\u00eb dhe vlerave kulturore t\u00eb saj, ka reaguar n\u00eb fillim lidhur me vendosjen e murit mbrojt\u00ebs t\u00eb vendosur p\u00ebr rrethimin e ambientit ku jan\u00eb duke u kryer punimet, por pas nd\u00ebrrimit t\u00eb tij dhe p\u00ebrshtatjes ndaj ambientit nuk kan\u00eb reaguar m\u00eb.<br \/>\n<a href=\"http:\/\/www.visit-ulcinj.com\/gallery\/main.php?g2_itemId=33\">Kryetari i saj, Ismet Karamanaga<\/a>, thot\u00eb se kjo shoqat\u00eb nuk p\u00ebrzihet n\u00eb pron\u00ebn e dikujt, por shikon q\u00eb t\u00eb nd\u00ebrtohet sipas parimeve dhe rregullave q\u00eb sundojn\u00eb n\u00eb mjedise t\u00eb tilla, si\u00e7 \u00ebsht\u00eb Kalaja.<br \/>\n&#8220;Ne si shoqat\u00eb mundohemi ta ruajm\u00eb ambientin jet\u00ebsor dhe nuk p\u00ebrzihemi n\u00eb \u00e7\u00ebshtje gjyq\u00ebsore pasi q\u00eb sipas procesit gjyq\u00ebsor &#8220;Fusha e Topave&#8221; \u00ebsht\u00eb pron\u00eb private&#8221;, thot\u00eb ai.<br \/>\nSipas Karamanag\u00ebs, &#8220;n\u00eb baz\u00eb t\u00eb zbulimeve t\u00eb deritashme arkeologjike, nuk ka dijeni se te Barutana ka ekzistuar ndonj\u00eb kish\u00eb, nd\u00ebrsa eshtrat q\u00eb jan\u00eb gjetur mund t\u00eb gjenden n\u00eb secilin hap n\u00eb Ulqin, posa\u00e7\u00ebrisht n\u00eb Kala, e cila \u00ebsht\u00eb 2500 vjet e vjet\u00ebr&#8221;.<br \/>\nAi thot\u00eb se duke mos qen\u00eb kompetent p\u00ebr problemet arkeologjike, kjo shoqat\u00eb ka ftuar Entin Republikan p\u00ebr Mbrojtjen e Monumenteve Kulturore Historike, i cili e ka p\u00ebr detyr\u00eb t\u00eb b\u00ebj\u00eb inspektimin e punimeve.<br \/>\n&#8220;Ne vet\u00ebm k\u00ebrkojm\u00eb q\u00eb t\u00eb mos mbyllet rruga p\u00ebr beden\u00eb dhe p\u00ebr plazhin e Kalas\u00eb, i cili gjendet n\u00eb Punt\u00ebn e Nuredinit&#8221;, p\u00ebrfundon Karamanaga.<\/p>\n<p>I. Kallaba &#8211; <a href=\"http:\/\/www.kohajavore.cg.yu\">www.kohajavore.cg.yu<\/a><\/p>\n","protected":false},"excerpt":{"rendered":"<p><img loading=\"lazy\" src=\"http:\/\/www.visit-ulcinj.com\/blog\/wp-content\/uploads\/2008\/01\/varesene-gjuhen-arabe-ne-kala-te-ulqinit.jpg\" alt=\"varri n\u00eb kala ne gjuhen arabe\" height=\"140\" width=\"140\" \/><\/p>\n","protected":false},"author":1,"featured_media":0,"comment_status":"open","ping_status":"closed","sticky":false,"template":"","format":"standard","meta":{"spay_email":"","jetpack_publicize_message":"","jetpack_is_tweetstorm":false,"jetpack_publicize_feature_enabled":true},"categories":[8],"tags":[1265,886,885,887,893,884,306,883,889,890,882],"jetpack_publicize_connections":[],"yoast_head":"<!-- This site is optimized with the Yoast SEO plugin v19.1 - https:\/\/yoast.com\/wordpress\/plugins\/seo\/ -->\n<title>Pas shum\u00eb reagimeve dhe polemikave rreth g\u00ebrmihjeve me rastin e nd\u00ebrtimit t\u00eb nj\u00eb objekti privat n\u00eb kala t\u00eb ulqinit - Lajme nga Ulqini<\/title>\n<meta name=\"robots\" content=\"index, follow, max-snippet:-1, max-image-preview:large, max-video-preview:-1\" \/>\n<link rel=\"canonical\" href=\"https:\/\/www.visit-ulcinj.com\/blog\/2008\/01\/28\/pas-shume-reagimeve-dhe-polemikave-rreth-germihjeve-me-rastin-e-ndertimit-te-nje-objekti-privat-ne-kala-te-ulqinit\/\" \/>\n<meta property=\"og:locale\" content=\"en_US\" \/>\n<meta property=\"og:type\" content=\"article\" \/>\n<meta property=\"og:title\" content=\"Pas shum\u00eb reagimeve dhe polemikave rreth g\u00ebrmihjeve me rastin e nd\u00ebrtimit t\u00eb nj\u00eb objekti privat n\u00eb kala t\u00eb ulqinit - Lajme nga Ulqini\" \/>\n<meta property=\"og:url\" content=\"https:\/\/www.visit-ulcinj.com\/blog\/2008\/01\/28\/pas-shume-reagimeve-dhe-polemikave-rreth-germihjeve-me-rastin-e-ndertimit-te-nje-objekti-privat-ne-kala-te-ulqinit\/\" \/>\n<meta property=\"og:site_name\" content=\"Lajme nga Ulqini\" \/>\n<meta property=\"article:published_time\" content=\"2008-01-28T20:55:40+00:00\" \/>\n<meta property=\"article:modified_time\" content=\"2008-02-13T01:05:05+00:00\" \/>\n<meta property=\"og:image\" content=\"http:\/\/www.visit-ulcinj.com\/blog\/wp-content\/uploads\/2008\/01\/varesene-gjuhen-arabe-ne-kala-te-ulqinit.jpg\" \/>\n<meta name=\"twitter:label1\" content=\"Written by\" \/>\n\t<meta name=\"twitter:data1\" content=\"ulqini\" \/>\n\t<meta name=\"twitter:label2\" content=\"Est. reading time\" \/>\n\t<meta name=\"twitter:data2\" content=\"4 minutes\" \/>\n<script type=\"application\/ld+json\" class=\"yoast-schema-graph\">{\"@context\":\"https:\/\/schema.org\",\"@graph\":[{\"@type\":\"WebSite\",\"@id\":\"https:\/\/www.visit-ulcinj.com\/blog\/#website\",\"url\":\"https:\/\/www.visit-ulcinj.com\/blog\/\",\"name\":\"Lajme nga Ulqini\",\"description\":\"Lajme,Vijesti,Ulqini,Ulqin,Crna Gora,Mali i Zi\",\"potentialAction\":[{\"@type\":\"SearchAction\",\"target\":{\"@type\":\"EntryPoint\",\"urlTemplate\":\"https:\/\/www.visit-ulcinj.com\/blog\/?s={search_term_string}\"},\"query-input\":\"required name=search_term_string\"}],\"inLanguage\":\"en-US\"},{\"@type\":\"ImageObject\",\"inLanguage\":\"en-US\",\"@id\":\"https:\/\/www.visit-ulcinj.com\/blog\/2008\/01\/28\/pas-shume-reagimeve-dhe-polemikave-rreth-germihjeve-me-rastin-e-ndertimit-te-nje-objekti-privat-ne-kala-te-ulqinit\/#primaryimage\",\"url\":\"http:\/\/www.visit-ulcinj.com\/blog\/wp-content\/uploads\/2008\/01\/varesene-gjuhen-arabe-ne-kala-te-ulqinit.jpg\",\"contentUrl\":\"http:\/\/www.visit-ulcinj.com\/blog\/wp-content\/uploads\/2008\/01\/varesene-gjuhen-arabe-ne-kala-te-ulqinit.jpg\"},{\"@type\":\"WebPage\",\"@id\":\"https:\/\/www.visit-ulcinj.com\/blog\/2008\/01\/28\/pas-shume-reagimeve-dhe-polemikave-rreth-germihjeve-me-rastin-e-ndertimit-te-nje-objekti-privat-ne-kala-te-ulqinit\/#webpage\",\"url\":\"https:\/\/www.visit-ulcinj.com\/blog\/2008\/01\/28\/pas-shume-reagimeve-dhe-polemikave-rreth-germihjeve-me-rastin-e-ndertimit-te-nje-objekti-privat-ne-kala-te-ulqinit\/\",\"name\":\"Pas shum\u00eb reagimeve dhe polemikave rreth g\u00ebrmihjeve me rastin e nd\u00ebrtimit t\u00eb nj\u00eb objekti privat n\u00eb kala t\u00eb ulqinit - Lajme nga Ulqini\",\"isPartOf\":{\"@id\":\"https:\/\/www.visit-ulcinj.com\/blog\/#website\"},\"primaryImageOfPage\":{\"@id\":\"https:\/\/www.visit-ulcinj.com\/blog\/2008\/01\/28\/pas-shume-reagimeve-dhe-polemikave-rreth-germihjeve-me-rastin-e-ndertimit-te-nje-objekti-privat-ne-kala-te-ulqinit\/#primaryimage\"},\"datePublished\":\"2008-01-28T20:55:40+00:00\",\"dateModified\":\"2008-02-13T01:05:05+00:00\",\"author\":{\"@id\":\"https:\/\/www.visit-ulcinj.com\/blog\/#\/schema\/person\/dcab619c614d3038751c63bc2aadc06d\"},\"breadcrumb\":{\"@id\":\"https:\/\/www.visit-ulcinj.com\/blog\/2008\/01\/28\/pas-shume-reagimeve-dhe-polemikave-rreth-germihjeve-me-rastin-e-ndertimit-te-nje-objekti-privat-ne-kala-te-ulqinit\/#breadcrumb\"},\"inLanguage\":\"en-US\",\"potentialAction\":[{\"@type\":\"ReadAction\",\"target\":[\"https:\/\/www.visit-ulcinj.com\/blog\/2008\/01\/28\/pas-shume-reagimeve-dhe-polemikave-rreth-germihjeve-me-rastin-e-ndertimit-te-nje-objekti-privat-ne-kala-te-ulqinit\/\"]}]},{\"@type\":\"BreadcrumbList\",\"@id\":\"https:\/\/www.visit-ulcinj.com\/blog\/2008\/01\/28\/pas-shume-reagimeve-dhe-polemikave-rreth-germihjeve-me-rastin-e-ndertimit-te-nje-objekti-privat-ne-kala-te-ulqinit\/#breadcrumb\",\"itemListElement\":[{\"@type\":\"ListItem\",\"position\":1,\"name\":\"Pas shum\u00eb reagimeve dhe polemikave rreth g\u00ebrmihjeve me rastin e nd\u00ebrtimit t\u00eb nj\u00eb objekti privat n\u00eb kala t\u00eb ulqinit\"}]},{\"@type\":\"Person\",\"@id\":\"https:\/\/www.visit-ulcinj.com\/blog\/#\/schema\/person\/dcab619c614d3038751c63bc2aadc06d\",\"name\":\"ulqini\",\"sameAs\":[\"http:\/\/www.visit-ulcinj.com\"],\"url\":\"https:\/\/www.visit-ulcinj.com\/blog\/author\/admin\/\"}]}<\/script>\n<!-- \/ Yoast SEO plugin. -->","yoast_head_json":{"title":"Pas shum\u00eb reagimeve dhe polemikave rreth g\u00ebrmihjeve me rastin e nd\u00ebrtimit t\u00eb nj\u00eb objekti privat n\u00eb kala t\u00eb ulqinit - Lajme nga Ulqini","robots":{"index":"index","follow":"follow","max-snippet":"max-snippet:-1","max-image-preview":"max-image-preview:large","max-video-preview":"max-video-preview:-1"},"canonical":"https:\/\/www.visit-ulcinj.com\/blog\/2008\/01\/28\/pas-shume-reagimeve-dhe-polemikave-rreth-germihjeve-me-rastin-e-ndertimit-te-nje-objekti-privat-ne-kala-te-ulqinit\/","og_locale":"en_US","og_type":"article","og_title":"Pas shum\u00eb reagimeve dhe polemikave rreth g\u00ebrmihjeve me rastin e nd\u00ebrtimit t\u00eb nj\u00eb objekti privat n\u00eb kala t\u00eb ulqinit - Lajme nga Ulqini","og_url":"https:\/\/www.visit-ulcinj.com\/blog\/2008\/01\/28\/pas-shume-reagimeve-dhe-polemikave-rreth-germihjeve-me-rastin-e-ndertimit-te-nje-objekti-privat-ne-kala-te-ulqinit\/","og_site_name":"Lajme nga Ulqini","article_published_time":"2008-01-28T20:55:40+00:00","article_modified_time":"2008-02-13T01:05:05+00:00","og_image":[{"url":"http:\/\/www.visit-ulcinj.com\/blog\/wp-content\/uploads\/2008\/01\/varesene-gjuhen-arabe-ne-kala-te-ulqinit.jpg"}],"twitter_misc":{"Written by":"ulqini","Est. reading time":"4 minutes"},"schema":{"@context":"https:\/\/schema.org","@graph":[{"@type":"WebSite","@id":"https:\/\/www.visit-ulcinj.com\/blog\/#website","url":"https:\/\/www.visit-ulcinj.com\/blog\/","name":"Lajme nga Ulqini","description":"Lajme,Vijesti,Ulqini,Ulqin,Crna Gora,Mali i Zi","potentialAction":[{"@type":"SearchAction","target":{"@type":"EntryPoint","urlTemplate":"https:\/\/www.visit-ulcinj.com\/blog\/?s={search_term_string}"},"query-input":"required name=search_term_string"}],"inLanguage":"en-US"},{"@type":"ImageObject","inLanguage":"en-US","@id":"https:\/\/www.visit-ulcinj.com\/blog\/2008\/01\/28\/pas-shume-reagimeve-dhe-polemikave-rreth-germihjeve-me-rastin-e-ndertimit-te-nje-objekti-privat-ne-kala-te-ulqinit\/#primaryimage","url":"http:\/\/www.visit-ulcinj.com\/blog\/wp-content\/uploads\/2008\/01\/varesene-gjuhen-arabe-ne-kala-te-ulqinit.jpg","contentUrl":"http:\/\/www.visit-ulcinj.com\/blog\/wp-content\/uploads\/2008\/01\/varesene-gjuhen-arabe-ne-kala-te-ulqinit.jpg"},{"@type":"WebPage","@id":"https:\/\/www.visit-ulcinj.com\/blog\/2008\/01\/28\/pas-shume-reagimeve-dhe-polemikave-rreth-germihjeve-me-rastin-e-ndertimit-te-nje-objekti-privat-ne-kala-te-ulqinit\/#webpage","url":"https:\/\/www.visit-ulcinj.com\/blog\/2008\/01\/28\/pas-shume-reagimeve-dhe-polemikave-rreth-germihjeve-me-rastin-e-ndertimit-te-nje-objekti-privat-ne-kala-te-ulqinit\/","name":"Pas shum\u00eb reagimeve dhe polemikave rreth g\u00ebrmihjeve me rastin e nd\u00ebrtimit t\u00eb nj\u00eb objekti privat n\u00eb kala t\u00eb ulqinit - Lajme nga Ulqini","isPartOf":{"@id":"https:\/\/www.visit-ulcinj.com\/blog\/#website"},"primaryImageOfPage":{"@id":"https:\/\/www.visit-ulcinj.com\/blog\/2008\/01\/28\/pas-shume-reagimeve-dhe-polemikave-rreth-germihjeve-me-rastin-e-ndertimit-te-nje-objekti-privat-ne-kala-te-ulqinit\/#primaryimage"},"datePublished":"2008-01-28T20:55:40+00:00","dateModified":"2008-02-13T01:05:05+00:00","author":{"@id":"https:\/\/www.visit-ulcinj.com\/blog\/#\/schema\/person\/dcab619c614d3038751c63bc2aadc06d"},"breadcrumb":{"@id":"https:\/\/www.visit-ulcinj.com\/blog\/2008\/01\/28\/pas-shume-reagimeve-dhe-polemikave-rreth-germihjeve-me-rastin-e-ndertimit-te-nje-objekti-privat-ne-kala-te-ulqinit\/#breadcrumb"},"inLanguage":"en-US","potentialAction":[{"@type":"ReadAction","target":["https:\/\/www.visit-ulcinj.com\/blog\/2008\/01\/28\/pas-shume-reagimeve-dhe-polemikave-rreth-germihjeve-me-rastin-e-ndertimit-te-nje-objekti-privat-ne-kala-te-ulqinit\/"]}]},{"@type":"BreadcrumbList","@id":"https:\/\/www.visit-ulcinj.com\/blog\/2008\/01\/28\/pas-shume-reagimeve-dhe-polemikave-rreth-germihjeve-me-rastin-e-ndertimit-te-nje-objekti-privat-ne-kala-te-ulqinit\/#breadcrumb","itemListElement":[{"@type":"ListItem","position":1,"name":"Pas shum\u00eb reagimeve dhe polemikave rreth g\u00ebrmihjeve me rastin e nd\u00ebrtimit t\u00eb nj\u00eb objekti privat n\u00eb kala t\u00eb ulqinit"}]},{"@type":"Person","@id":"https:\/\/www.visit-ulcinj.com\/blog\/#\/schema\/person\/dcab619c614d3038751c63bc2aadc06d","name":"ulqini","sameAs":["http:\/\/www.visit-ulcinj.com"],"url":"https:\/\/www.visit-ulcinj.com\/blog\/author\/admin\/"}]}},"jetpack_featured_media_url":"","jetpack_sharing_enabled":true,"jetpack_shortlink":"https:\/\/wp.me\/pe6lTn-5c","_links":{"self":[{"href":"https:\/\/www.visit-ulcinj.com\/blog\/wp-json\/wp\/v2\/posts\/322"}],"collection":[{"href":"https:\/\/www.visit-ulcinj.com\/blog\/wp-json\/wp\/v2\/posts"}],"about":[{"href":"https:\/\/www.visit-ulcinj.com\/blog\/wp-json\/wp\/v2\/types\/post"}],"author":[{"embeddable":true,"href":"https:\/\/www.visit-ulcinj.com\/blog\/wp-json\/wp\/v2\/users\/1"}],"replies":[{"embeddable":true,"href":"https:\/\/www.visit-ulcinj.com\/blog\/wp-json\/wp\/v2\/comments?post=322"}],"version-history":[{"count":0,"href":"https:\/\/www.visit-ulcinj.com\/blog\/wp-json\/wp\/v2\/posts\/322\/revisions"}],"wp:attachment":[{"href":"https:\/\/www.visit-ulcinj.com\/blog\/wp-json\/wp\/v2\/media?parent=322"}],"wp:term":[{"taxonomy":"category","embeddable":true,"href":"https:\/\/www.visit-ulcinj.com\/blog\/wp-json\/wp\/v2\/categories?post=322"},{"taxonomy":"post_tag","embeddable":true,"href":"https:\/\/www.visit-ulcinj.com\/blog\/wp-json\/wp\/v2\/tags?post=322"}],"curies":[{"name":"wp","href":"https:\/\/api.w.org\/{rel}","templated":true}]}}