{"id":32224,"date":"2010-04-20T11:45:50","date_gmt":"2010-04-20T09:45:50","guid":{"rendered":"http:\/\/www.visit-ulcinj.com\/blog\/?p=32224"},"modified":"2010-05-08T14:41:36","modified_gmt":"2010-05-08T12:41:36","slug":"shaban-peraj-vota-e-bardhe","status":"publish","type":"post","link":"https:\/\/www.visit-ulcinj.com\/blog\/2010\/04\/20\/shaban-peraj-vota-e-bardhe\/","title":{"rendered":"Shaban Peraj: Vota e bardh\u00eb"},"content":{"rendered":"<p><a href=\"http:\/\/www.visit-ulcinj.com\/blog\/wp-content\/uploads\/2010\/04\/Shaban-Peraj.jpg\"><img loading=\"lazy\" class=\"alignleft size-full wp-image-32225\" title=\"Shaban Peraj\" src=\"http:\/\/www.visit-ulcinj.com\/blog\/wp-content\/uploads\/2010\/04\/Shaban-Peraj.jpg\" alt=\"Shaban Peraj\" width=\"580\" height=\"400\" \/><\/a>Po t\u2019i referohemi th\u00ebnies se \u00e7do popull meriton qeverin\u00eb e vet, n\u00eb rastin konkret qeverin\u00eb lokale, pasi tani mbahen zgjedhjet lokale k\u00ebtu n\u00eb Mal t\u00eb Zi, at\u00ebher\u00eb duhet t\u00eb jet\u00eb i pranish\u00ebm debati mbi rolin e individit dhe masave n\u00eb histori. Po problemi \u00ebsht\u00eb kush \u00ebsht\u00eb masa, sa jan\u00eb ata n\u00eb num\u00ebr si dhe a jan\u00eb n\u00eb \u201crrug\u00ebn e Zotit\u201d p\u00ebr t\u2019na ofrur ndonj\u00eb avantazh duke iu referuar viteve t\u00eb demokracis\u00eb. N\u00eb k\u00ebto rrethana shqitar\u00ebt n\u00eb Mal t\u00eb Zi nuk duhet t\u2019i v\u00ebjn\u00eb fajin popullit p\u00ebr ata q\u00eb do ti zgjedhin t\u00eb qeverisin sepse kjo \u00ebsht\u00eb politika jon\u00eb p\u00ebr t\u00eb vazhduar me psikologjin\u00eb e bajraktarizmit, krahinizmit q\u00eb mbizot\u00ebron te votuesi. T\u00eb nj\u00ebjtit me veprime t\u00eb tilla nuk shohin asnj\u00eb shpres\u00eb p\u00ebr ndryshim n\u00eb renditjen e pushtetit lokal, jo se jan\u00eb t\u00eb k\u00ebnaqur me pun\u00ebn e tyre, p\u00ebr sa koh\u00eb nuk kan\u00eb ndodhur ndryshime n\u00eb m\u00ebnyr\u00ebn e qeverisjes, por pse pik\u00ebrisht bajraktarizmat, krahinizmat jan\u00eb b\u00ebr\u00eb si nj\u00eb gangren\u00eb q\u00eb v\u00ebshtir\u00eb t\u00eb eliminohen. Kjo edhe p\u00ebr shum\u00eb arsye t\u00eb tjera si: vendi i pun\u00ebs t\u00eb atyre q\u00eb nuk e shohin vet\u00ebn t\u00eb zot\u00ebt p\u00ebr t\u2019u dal\u00eb p\u00ebrpara aft\u00ebsive t\u00eb tyre profesionale, t\u00eb atyre q\u00eb p\u00ebr interesa t\u00eb llojeve t\u00eb ndryshme pranojn\u00eb t\u00eb jen\u00eb t\u00eb n\u00ebnshtruar karshi pushtetmbajt\u00ebsve apo t\u00eb atyre q\u00eb kryejn\u00eb pun\u00eb m\u00eb bizare se n\u00eb koh\u00ebn e monizmit. N\u00eb an\u00ebn tjet\u00ebr ka nga ata q\u00eb t\u00eb frustuar nga partit\u00eb politike shqiptare n\u00eb Mal t\u00eb Zi t\u00eb cil\u00ebt argumentojn\u00eb se po t\u00eb pritet derisa i fundit t\u00eb emancipohet, at\u00ebher\u00eb vaj halli se si t\u00eb qendrojn\u00eb, ndaj p\u00ebr momentin \u00ebsht\u00eb koha t\u00eb ecet me hapin e m\u00eb t\u00eb dob\u00ebtit. Ky m\u00eb i dob\u00ebti \u00ebsht\u00eb instaluar atje ku nuk ka qeverisje t\u00eb mir\u00ebfillt\u00eb me q\u00ebllim t\u00eb krijimit t\u00eb distancave t\u00eb atyre q\u00eb i votojn\u00eb. K\u00ebshtu duke hedhur parulla se gjoja vet\u00ebm ata e meritojn\u00eb qeverin\u00eb, kan\u00eb nj\u00ebfar\u00eb t\u00eb drejte sepse n\u00eb mesin e shum\u00eb t\u00eb \u201cmerituarve\u201d gjinden sa e sa prej atyre q\u00eb duan t\u00eb tregojn\u00eb aft\u00ebsit\u00eb dhe kjo ofron mund\u00ebsi p\u00ebr t\u2019u shtyr\u00eb me \u201cbrryla\u201d anipse t\u00eb nj\u00ebjtit jan\u00eb n\u00eb val\u00eb t\u00eb nj\u00ebjta me ata q\u00eb n\u00eb veprime jan\u00eb \u201carmiq\u201d me nj\u00ebri-tjetrin nga ku e drejta ndodhet diku tjet\u00ebr. K\u00ebshtu me m\u00ebnyr\u00ebn se si kan\u00eb nisur t\u00eb veprojn\u00eb duke u takuar paradite me \u201cbashk\u00ebmendimtar\u00ebt\u201d e pasdite me \u201carmiqt\u00eb\u201d, t\u00eb nj\u00ebjtit punojn\u00eb p\u00ebr t\u00eb hyr\u00eb nes\u00ebr n\u00eb zyr\u00eb e q\u00eb pastaj ta p\u00ebrdorin ate p\u00ebr t\u2019u b\u00ebr\u00eb favore t\u00eb af\u00ebrmve e miqve t\u00eb tyre dhe p\u00ebr t\u00eb shk\u00ebmbyer favore abuzive me zyrtar\u00eb t\u00eb tjer\u00eb.<\/p>\n<p>Kjo metod\u00eb e t\u00eb vepruarit nuk \u00ebsht\u00eb se \u00ebsht\u00eb hera e par\u00eb, por thjesht\u00eb se duke vepruar k\u00ebshtu i b\u00ebjn\u00eb qefin nj\u00ebri-tjetrit p\u00ebr t\u00eb plot\u00ebsur orekset sa t\u00eb nj\u00ebr\u00ebs pal\u00eb aq edhe pal\u00ebs tjet\u00ebr, gj\u00eb q\u00eb votuesi nuk ka pse t\u00eb shpresojn\u00eb p\u00ebr konsolidime demokratike. Jo p\u00ebr t\u00eb b\u00ebr\u00eb moralizime, por ka ardhur koha q\u00eb ata t\u00eb cil\u00ebt mendojn\u00eb t\u00eb jen\u00eb udh\u00ebheq\u00ebs t\u00eb mir\u00eb duhet t\u00eb ken\u00eb edhe udh\u00ebndjek\u00ebs t\u00eb mir\u00eb n\u00eb m\u00ebnyr\u00eb q\u00eb t\u00eb vler\u00ebsojn\u00eb me nj\u00eb p\u00ebrkushtim se \u00e7far\u00eb ofron e sotmja. N\u00eb votimet q\u00eb priten t\u00eb mbahen ata duhet t\u00eb p\u00ebrdorin t\u00eb nj\u00ebjtin\u00a0 kriter n\u00eb p\u00ebrzgjedhjen e alternativave n\u00ebse duan t\u00eb jen\u00eb t\u00eb pranuesh\u00ebm, po edhe t\u00eb ndryshojn\u00eb mentalitetin shqiptar. Kjo e drejt i mbetet votuesit, ai dhe askush tjet\u00ebr ka t\u00eb drejt\u00ebn t\u00eb p\u00ebrqafoj\u00eb alternativat e reja, pavar\u00ebsisht kush \u00e7ka premton n\u00eb rrethanat e krijuara.<\/p>\n<p>Ndryshe n\u00ebse votuesit vler\u00ebsojn\u00eb se kjo \u00ebsht\u00eb e drejt e tyre, se vota \u00ebsht\u00eb vet\u00ebm p\u00ebr keqp\u00ebrdorim, at\u00ebher\u00eb ata e g\u00ebzofshin at\u00eb. Momenti n\u00eb t\u00eb cilin ndodh\u00ebn shqiptar\u00ebt n\u00eb Mal t\u00eb Zi k\u00ebrkon zgjuar\u00ebsi, vigjilenc\u00eb n\u00eb m\u00ebnyr\u00eb q\u00eb vota e tyre t\u00eb sjell\u00eb nj\u00eb klas\u00eb t\u00eb re politike, me tjet\u00ebr mentalitet t\u00eb ri. N\u00ebse nuk veprohet k\u00ebshtu at\u00ebher\u00eb votuesit duhet ta ken\u00eb t\u00eb qart\u00eb se vota e tyre nuk duhet t\u00eb lejohet vet\u00ebm p\u00ebr ta pasur t\u00eb majme jet\u00ebn e t\u00eb af\u00ebrmit, t\u00eb nj\u00ebr\u00ebs apo pal\u00ebs tjet\u00ebr sepse t\u00eb nj\u00ebjtit nuk u sh\u00ebrbejn\u00eb vet\u00ebm njer\u00ebzve t\u00eb thjesht\u00eb, u sh\u00ebrbejn\u00eb interesave t\u00eb tyre personale dhe ata duhet larguar nga marr\u00ebveshjet Un\u00eb Kryetar, Ti Drejtor, ose pranoj un\u00eb bashkimin me ty n\u00ebse ti mbetesh n\u00eb funksione t\u00eb larta. Ka ardhur koha t\u00eb nd\u00ebshkohen k\u00ebto marr\u00ebveshje dhe kjo mund t\u00eb b\u00ebhet vet\u00ebm me vot\u00ebn e lir\u00eb, duke deklaruar vot\u00eb t\u00eb bardh\u00eb n\u00eb m\u00ebnyr\u00eb q\u00eb klika politike t\u00eb kuptoj\u00eb se vendi ka nevoj\u00eb p\u00ebr reforma t\u00eb reja, p\u00ebr alternativa q\u00eb nuk d\u00ebmtojn\u00eb asnj\u00ebr\u00ebn pal\u00eb. Ky ndryshim duhet t\u00eb b\u00ebhet n\u00eb memtalitet t\u00eb votuesit p\u00ebr t\u00eb sjellur ndryshime n\u00eb qeverisjen lokale. Ne nuk duhet t\u00eb na g\u00ebnjejn\u00eb mendja se jemi popull i zhvilluar dhe i qyet\u00ebruar. Ndryshe, po t\u00eb ishte e kund\u00ebrta \u00e7ka e d\u00ebshirojm\u00eb t\u00eb gjith\u00eb, problemet tona do t\u00eb shtroheshin n\u00eb nj\u00eb kahje tjet\u00ebr, por pasi q\u00eb jemi k\u00ebtu ku jemi at\u00ebher\u00eb k\u00ebrkohet nga ne t\u00eb b\u00ebjm\u00eb analiza t\u00eb asaj pjese pluraliste q\u00eb kaluam dhe t\u2019i parashtrojm\u00eb pyetje vet\u00ebs: po k\u00ebta q\u00eb na drejtuan deri sot a i p\u00ebrmbush\u00ebn premtimt e dh\u00ebna, \u00e7far\u00eb u b\u00eb dhe ku \u00ebsht\u00eb arritur me premtimin p\u00ebr Tuzin si komun\u00eb m\u00eb vete, \u00e7far\u00eb u b\u00eb me Ligjin p\u00ebr p\u00ebrcaktmin territorial, ku mbet\u00ebn ka\u00e7ilet, ku mbeti asfaltimi i rrug\u00ebs nga Ulqini p\u00ebr n\u00eb pik\u00ebn kufitare n\u00eb Sukubin\u00eb, ku mbeti nd\u00ebrtimi i ur\u00ebs n\u00eb Port Milen\u00eb, ku \u00ebsht\u00eb marina, ku \u00ebsht\u00eb kompleksi sportiv, e ku &#8230;? T\u00eb gjitha k\u00ebta a nuk tregojn\u00eb munges\u00eb t\u00eb seriozitetit, gj\u00eb q\u00eb na b\u00ebn\u00eb t\u00eb pranojm\u00eb se k\u00ebshtu nuk shkon m\u00eb. Na e kan\u00eb fajin t\u00eb tjer\u00ebt apo e kemi ne vet\u00eb, ky \u00ebsht\u00eb momenti q\u00eb na detyron t\u00eb mendohemi, p\u00ebr k\u00ebt\u00eb duhet t\u00eb shikojm\u00eb s\u00eb pari se p\u00ebr k\u00eb ia vlen\u00eb t\u00eb votohet dhe a duhet t\u00eb votohet! Pra, pa na l\u00ebshuar zemra dhe duke besuar se nj\u00eb dit\u00eb do t\u00eb ofrohemi me t\u00eb qytet\u00ebruarit duhet t\u00eb besojm\u00eb se at\u00ebher\u00eb edhe n\u00ebse nuk dalim n\u00eb zgjedhje nuk p\u00ebrb\u00ebn ndonj\u00eb problem. Por tani duhet t\u00eb dalim dhe t\u00eb votojm\u00eb ata q\u00eb b\u00ebn\u00eb nj\u00eb hap p\u00ebrpara drejt p\u00ebrmir\u00ebsimit jetik dhe qytetar tonin.<\/p>\n<p><strong><a href=\"http:\/\/www.facebook.com\/#!\/profile.php?id=100000928063774\" target=\"_blank\">Shaban Peraj<\/a><a href=\"http:\/\/www.facebook.com\/#!\/profile.php?id=100000928063774\" target=\"_blank\"> Facebook<\/a><\/strong><br \/>\n<strong> <a href=\"http:\/\/zemrashqiptare.net\/\">zemrashqiptare.net<br \/>\n<\/a><\/strong>[flv width=&#8221;580&#8243;    height=&#8221;400&#8243;]http:\/\/forca.me\/images\/stories\/videos\/shqip_1.flv[\/flv]<a href=\"http:\/\/zemrashqiptare.net\/\"><\/a><\/p>\n","protected":false},"excerpt":{"rendered":"<p>Po t\u2019i referohemi th\u00ebnies se \u00e7do popull meriton qeverin\u00eb e vet, n\u00eb rastin konkret qeverin\u00eb lokale, pasi tani mbahen zgjedhjet lokale k\u00ebtu n\u00eb Mal t\u00eb Zi, at\u00ebher\u00eb duhet t\u00eb jet\u00eb i pranish\u00ebm debati mbi rolin e individit dhe masave n\u00eb histori. Po problemi \u00ebsht\u00eb kush \u00ebsht\u00eb masa, sa jan\u00eb ata n\u00eb num\u00ebr si dhe a [&hellip;]<\/p>\n","protected":false},"author":1,"featured_media":0,"comment_status":"open","ping_status":"closed","sticky":false,"template":"","format":"standard","meta":{"spay_email":"","jetpack_publicize_message":"","jetpack_is_tweetstorm":false,"jetpack_publicize_feature_enabled":true},"categories":[14249],"tags":[3180,496,14081,14080],"jetpack_publicize_connections":[],"yoast_head":"<!-- This site is optimized with the Yoast SEO plugin v19.1 - https:\/\/yoast.com\/wordpress\/plugins\/seo\/ -->\n<title>Shaban Peraj: Vota e bardh\u00eb - Lajme nga Ulqini<\/title>\n<meta name=\"description\" content=\"Po t\u2019i referohemi th\u00ebnies se \u00e7do popull meriton qeverin\u00eb e vet, n\u00eb rastin konkret qeverin\u00eb lokale, pasi tani mbahen zgjedhjet lokale k\u00ebtu n\u00eb Mal t\u00eb Zi,\" \/>\n<meta name=\"robots\" content=\"index, follow, max-snippet:-1, max-image-preview:large, max-video-preview:-1\" \/>\n<link rel=\"canonical\" href=\"https:\/\/www.visit-ulcinj.com\/blog\/2010\/04\/20\/shaban-peraj-vota-e-bardhe\/\" \/>\n<meta property=\"og:locale\" content=\"en_US\" \/>\n<meta property=\"og:type\" content=\"article\" \/>\n<meta property=\"og:title\" content=\"Shaban Peraj: Vota e bardh\u00eb - Lajme nga Ulqini\" \/>\n<meta property=\"og:description\" content=\"Po t\u2019i referohemi th\u00ebnies se \u00e7do popull meriton qeverin\u00eb e vet, n\u00eb rastin konkret qeverin\u00eb lokale, pasi tani mbahen zgjedhjet lokale k\u00ebtu n\u00eb Mal t\u00eb Zi,\" \/>\n<meta property=\"og:url\" content=\"https:\/\/www.visit-ulcinj.com\/blog\/2010\/04\/20\/shaban-peraj-vota-e-bardhe\/\" \/>\n<meta property=\"og:site_name\" content=\"Lajme nga Ulqini\" \/>\n<meta property=\"article:published_time\" content=\"2010-04-20T09:45:50+00:00\" \/>\n<meta property=\"article:modified_time\" content=\"2010-05-08T12:41:36+00:00\" \/>\n<meta property=\"og:image\" content=\"http:\/\/www.visit-ulcinj.com\/blog\/wp-content\/uploads\/2010\/04\/Shaban-Peraj.jpg\" \/>\n<meta name=\"twitter:label1\" content=\"Written by\" \/>\n\t<meta name=\"twitter:data1\" content=\"ulqini\" \/>\n\t<meta name=\"twitter:label2\" content=\"Est. reading time\" \/>\n\t<meta name=\"twitter:data2\" content=\"6 minutes\" \/>\n<script type=\"application\/ld+json\" class=\"yoast-schema-graph\">{\"@context\":\"https:\/\/schema.org\",\"@graph\":[{\"@type\":\"WebSite\",\"@id\":\"https:\/\/www.visit-ulcinj.com\/blog\/#website\",\"url\":\"https:\/\/www.visit-ulcinj.com\/blog\/\",\"name\":\"Lajme nga Ulqini\",\"description\":\"Lajme,Vijesti,Ulqini,Ulqin,Crna Gora,Mali i Zi\",\"potentialAction\":[{\"@type\":\"SearchAction\",\"target\":{\"@type\":\"EntryPoint\",\"urlTemplate\":\"https:\/\/www.visit-ulcinj.com\/blog\/?s={search_term_string}\"},\"query-input\":\"required name=search_term_string\"}],\"inLanguage\":\"en-US\"},{\"@type\":\"ImageObject\",\"inLanguage\":\"en-US\",\"@id\":\"https:\/\/www.visit-ulcinj.com\/blog\/2010\/04\/20\/shaban-peraj-vota-e-bardhe\/#primaryimage\",\"url\":\"https:\/\/www.visit-ulcinj.com\/blog\/wp-content\/uploads\/2010\/04\/Shaban-Peraj.jpg\",\"contentUrl\":\"https:\/\/www.visit-ulcinj.com\/blog\/wp-content\/uploads\/2010\/04\/Shaban-Peraj.jpg\",\"width\":\"640\",\"height\":\"480\"},{\"@type\":\"WebPage\",\"@id\":\"https:\/\/www.visit-ulcinj.com\/blog\/2010\/04\/20\/shaban-peraj-vota-e-bardhe\/#webpage\",\"url\":\"https:\/\/www.visit-ulcinj.com\/blog\/2010\/04\/20\/shaban-peraj-vota-e-bardhe\/\",\"name\":\"Shaban Peraj: Vota e bardh\u00eb - Lajme nga Ulqini\",\"isPartOf\":{\"@id\":\"https:\/\/www.visit-ulcinj.com\/blog\/#website\"},\"primaryImageOfPage\":{\"@id\":\"https:\/\/www.visit-ulcinj.com\/blog\/2010\/04\/20\/shaban-peraj-vota-e-bardhe\/#primaryimage\"},\"datePublished\":\"2010-04-20T09:45:50+00:00\",\"dateModified\":\"2010-05-08T12:41:36+00:00\",\"author\":{\"@id\":\"https:\/\/www.visit-ulcinj.com\/blog\/#\/schema\/person\/dcab619c614d3038751c63bc2aadc06d\"},\"description\":\"Po t\u2019i referohemi th\u00ebnies se \u00e7do popull meriton qeverin\u00eb e vet, n\u00eb rastin konkret qeverin\u00eb lokale, pasi tani mbahen zgjedhjet lokale k\u00ebtu n\u00eb Mal t\u00eb Zi,\",\"breadcrumb\":{\"@id\":\"https:\/\/www.visit-ulcinj.com\/blog\/2010\/04\/20\/shaban-peraj-vota-e-bardhe\/#breadcrumb\"},\"inLanguage\":\"en-US\",\"potentialAction\":[{\"@type\":\"ReadAction\",\"target\":[\"https:\/\/www.visit-ulcinj.com\/blog\/2010\/04\/20\/shaban-peraj-vota-e-bardhe\/\"]}]},{\"@type\":\"BreadcrumbList\",\"@id\":\"https:\/\/www.visit-ulcinj.com\/blog\/2010\/04\/20\/shaban-peraj-vota-e-bardhe\/#breadcrumb\",\"itemListElement\":[{\"@type\":\"ListItem\",\"position\":1,\"name\":\"Shaban Peraj: Vota e bardh\u00eb\"}]},{\"@type\":\"Person\",\"@id\":\"https:\/\/www.visit-ulcinj.com\/blog\/#\/schema\/person\/dcab619c614d3038751c63bc2aadc06d\",\"name\":\"ulqini\",\"sameAs\":[\"http:\/\/www.visit-ulcinj.com\"],\"url\":\"https:\/\/www.visit-ulcinj.com\/blog\/author\/admin\/\"}]}<\/script>\n<!-- \/ Yoast SEO plugin. -->","yoast_head_json":{"title":"Shaban Peraj: Vota e bardh\u00eb - Lajme nga Ulqini","description":"Po t\u2019i referohemi th\u00ebnies se \u00e7do popull meriton qeverin\u00eb e vet, n\u00eb rastin konkret qeverin\u00eb lokale, pasi tani mbahen zgjedhjet lokale k\u00ebtu n\u00eb Mal t\u00eb Zi,","robots":{"index":"index","follow":"follow","max-snippet":"max-snippet:-1","max-image-preview":"max-image-preview:large","max-video-preview":"max-video-preview:-1"},"canonical":"https:\/\/www.visit-ulcinj.com\/blog\/2010\/04\/20\/shaban-peraj-vota-e-bardhe\/","og_locale":"en_US","og_type":"article","og_title":"Shaban Peraj: Vota e bardh\u00eb - Lajme nga Ulqini","og_description":"Po t\u2019i referohemi th\u00ebnies se \u00e7do popull meriton qeverin\u00eb e vet, n\u00eb rastin konkret qeverin\u00eb lokale, pasi tani mbahen zgjedhjet lokale k\u00ebtu n\u00eb Mal t\u00eb Zi,","og_url":"https:\/\/www.visit-ulcinj.com\/blog\/2010\/04\/20\/shaban-peraj-vota-e-bardhe\/","og_site_name":"Lajme nga Ulqini","article_published_time":"2010-04-20T09:45:50+00:00","article_modified_time":"2010-05-08T12:41:36+00:00","og_image":[{"url":"http:\/\/www.visit-ulcinj.com\/blog\/wp-content\/uploads\/2010\/04\/Shaban-Peraj.jpg"}],"twitter_misc":{"Written by":"ulqini","Est. reading time":"6 minutes"},"schema":{"@context":"https:\/\/schema.org","@graph":[{"@type":"WebSite","@id":"https:\/\/www.visit-ulcinj.com\/blog\/#website","url":"https:\/\/www.visit-ulcinj.com\/blog\/","name":"Lajme nga Ulqini","description":"Lajme,Vijesti,Ulqini,Ulqin,Crna Gora,Mali i Zi","potentialAction":[{"@type":"SearchAction","target":{"@type":"EntryPoint","urlTemplate":"https:\/\/www.visit-ulcinj.com\/blog\/?s={search_term_string}"},"query-input":"required name=search_term_string"}],"inLanguage":"en-US"},{"@type":"ImageObject","inLanguage":"en-US","@id":"https:\/\/www.visit-ulcinj.com\/blog\/2010\/04\/20\/shaban-peraj-vota-e-bardhe\/#primaryimage","url":"https:\/\/www.visit-ulcinj.com\/blog\/wp-content\/uploads\/2010\/04\/Shaban-Peraj.jpg","contentUrl":"https:\/\/www.visit-ulcinj.com\/blog\/wp-content\/uploads\/2010\/04\/Shaban-Peraj.jpg","width":"640","height":"480"},{"@type":"WebPage","@id":"https:\/\/www.visit-ulcinj.com\/blog\/2010\/04\/20\/shaban-peraj-vota-e-bardhe\/#webpage","url":"https:\/\/www.visit-ulcinj.com\/blog\/2010\/04\/20\/shaban-peraj-vota-e-bardhe\/","name":"Shaban Peraj: Vota e bardh\u00eb - Lajme nga Ulqini","isPartOf":{"@id":"https:\/\/www.visit-ulcinj.com\/blog\/#website"},"primaryImageOfPage":{"@id":"https:\/\/www.visit-ulcinj.com\/blog\/2010\/04\/20\/shaban-peraj-vota-e-bardhe\/#primaryimage"},"datePublished":"2010-04-20T09:45:50+00:00","dateModified":"2010-05-08T12:41:36+00:00","author":{"@id":"https:\/\/www.visit-ulcinj.com\/blog\/#\/schema\/person\/dcab619c614d3038751c63bc2aadc06d"},"description":"Po t\u2019i referohemi th\u00ebnies se \u00e7do popull meriton qeverin\u00eb e vet, n\u00eb rastin konkret qeverin\u00eb lokale, pasi tani mbahen zgjedhjet lokale k\u00ebtu n\u00eb Mal t\u00eb Zi,","breadcrumb":{"@id":"https:\/\/www.visit-ulcinj.com\/blog\/2010\/04\/20\/shaban-peraj-vota-e-bardhe\/#breadcrumb"},"inLanguage":"en-US","potentialAction":[{"@type":"ReadAction","target":["https:\/\/www.visit-ulcinj.com\/blog\/2010\/04\/20\/shaban-peraj-vota-e-bardhe\/"]}]},{"@type":"BreadcrumbList","@id":"https:\/\/www.visit-ulcinj.com\/blog\/2010\/04\/20\/shaban-peraj-vota-e-bardhe\/#breadcrumb","itemListElement":[{"@type":"ListItem","position":1,"name":"Shaban Peraj: Vota e bardh\u00eb"}]},{"@type":"Person","@id":"https:\/\/www.visit-ulcinj.com\/blog\/#\/schema\/person\/dcab619c614d3038751c63bc2aadc06d","name":"ulqini","sameAs":["http:\/\/www.visit-ulcinj.com"],"url":"https:\/\/www.visit-ulcinj.com\/blog\/author\/admin\/"}]}},"jetpack_featured_media_url":"","jetpack_sharing_enabled":true,"jetpack_shortlink":"https:\/\/wp.me\/pe6lTn-8nK","_links":{"self":[{"href":"https:\/\/www.visit-ulcinj.com\/blog\/wp-json\/wp\/v2\/posts\/32224"}],"collection":[{"href":"https:\/\/www.visit-ulcinj.com\/blog\/wp-json\/wp\/v2\/posts"}],"about":[{"href":"https:\/\/www.visit-ulcinj.com\/blog\/wp-json\/wp\/v2\/types\/post"}],"author":[{"embeddable":true,"href":"https:\/\/www.visit-ulcinj.com\/blog\/wp-json\/wp\/v2\/users\/1"}],"replies":[{"embeddable":true,"href":"https:\/\/www.visit-ulcinj.com\/blog\/wp-json\/wp\/v2\/comments?post=32224"}],"version-history":[{"count":0,"href":"https:\/\/www.visit-ulcinj.com\/blog\/wp-json\/wp\/v2\/posts\/32224\/revisions"}],"wp:attachment":[{"href":"https:\/\/www.visit-ulcinj.com\/blog\/wp-json\/wp\/v2\/media?parent=32224"}],"wp:term":[{"taxonomy":"category","embeddable":true,"href":"https:\/\/www.visit-ulcinj.com\/blog\/wp-json\/wp\/v2\/categories?post=32224"},{"taxonomy":"post_tag","embeddable":true,"href":"https:\/\/www.visit-ulcinj.com\/blog\/wp-json\/wp\/v2\/tags?post=32224"}],"curies":[{"name":"wp","href":"https:\/\/api.w.org\/{rel}","templated":true}]}}