{"id":32228,"date":"2010-04-20T12:01:48","date_gmt":"2010-04-20T10:01:48","guid":{"rendered":"http:\/\/www.visit-ulcinj.com\/blog\/?p=32228"},"modified":"2010-04-20T12:14:49","modified_gmt":"2010-04-20T10:14:49","slug":"cfare-ndodh-me-shqiptaret-ne-mal-te-zi","status":"publish","type":"post","link":"https:\/\/www.visit-ulcinj.com\/blog\/2010\/04\/20\/cfare-ndodh-me-shqiptaret-ne-mal-te-zi\/","title":{"rendered":"\u00c7far\u00eb ndodh me shqiptar\u00ebt n\u00eb Mal t\u00eb Zi"},"content":{"rendered":"<p><img loading=\"lazy\" class=\"alignleft\" src=\"http:\/\/www.visit-ulcinj.com\/blog\/wp-content\/uploads\/2010\/03\/Shqiptar%C3%ABt-t%C3%AB-p%C3%ABr%C3%A7ar%C3%AB-para-zgjedhjeve-lokale-n%C3%AB-Mal-t%C3%AB-Zi.jpg\" alt=\"\" width=\"581\" height=\"299\" \/>T\u00eb gjith\u00eb kan\u00eb nj\u00eb histori, t\u00eb gjith\u00ebve u ndodhin ngjarje nga m\u00eb t\u00eb ndryshmet, t\u00eb gjitha k\u00ebto mgjarje n\u00eb opinion p\u00ebrcillen me shpejt\u00ebsi dhe ajo q\u00eb meriton nj\u00eb analiz\u00eb \u00ebsht\u00eb pozita e shqiptar\u00ebve n\u00eb Mal t\u00ebZi. Historia ka d\u00ebshmuar dhe gjithnj\u00eb vazhdon t\u00eb d\u00ebshmoj\u00eb se ne edhepse n\u00eb trojet tona etnike akoma jemi pjes\u00eb e kombit shqiptar q\u00eb vuajt\u00ebm n\u00ebp\u00ebr periudha e q\u00eb kurr\u00eb nuk arrit\u00ebm t\u00eb d\u00ebshmohemi se jemi vetja, kurr\u00eb nuk punuam me kok\u00ebn ton\u00eb p\u00ebr t\u00eb d\u00ebshmuar se jemi faktor dinjitoz n\u00eb q\u00ebllimet tona dhe kjo po vazhdon akoma t\u00eb na p\u00ebrs\u00ebritet! \u00c7\u00ebshtja \u00ebsht\u00eb sa jemi n\u00eb veprimet tona t\u00eb organzuar, cil\u00ebt jan\u00eb shkaqet pse ndodhemi k\u00ebtu ku ndodhemi, kujt i sh\u00ebrbejm\u00eb dhe a ia vlen\u00eb t\u00eb vazhdojm\u00eb me moton: ti p\u00ebr mua-un\u00eb p\u00ebr ty? Shqiptar\u00ebt n\u00eb Mal t\u00eb Zi mu p\u00ebr k\u00ebt\u00eb formuan parti politike p\u00ebr t\u00eb organizuar popullin, por q\u00eb m\u00eb von\u00eb u d\u00ebshmua se k\u00ebt\u00eb organizim e kishin p\u00ebr rahati t\u00eb vet\u00ebn. Ata n\u00eb vend q\u00eb t\u00eb unifikojn\u00eb luft\u00ebn politike p\u00ebr zgjidhjen e \u00e7\u00ebshtjes s\u00eb shqiptar\u00ebve n\u00eb Mal t\u00eb Zi, vazhdojn\u00eb q\u00eb k\u00ebt\u00eb luft\u00eb ta parcializojn\u00eb p\u00ebr interesa t\u00eb ngushta personale. Kjo praktik\u00eb e t\u00eb vepruarit t\u00eb liderve shqiptar\u00eb k\u00ebtu na \u00e7on n\u00eb konkludimin se n\u00ebse m\u00eb heret fajin p\u00ebr pozit\u00ebn ton\u00eb e hodh\u00ebm tek t\u00eb tjer\u00ebt, sot \u00e7far\u00eb b\u00ebjn\u00eb k\u00ebta p\u00ebr t\u00eb mir\u00ebn e mas\u00ebs, cili \u00ebsht\u00eb kontributi i tyre p\u00ebr gjendjen n\u00eb t\u00eb cil\u00ebn jemi, a e than\u00eb ndonj\u00ebher\u00eb t\u00eb v\u00ebrtet\u00ebn p\u00ebrve\u00e7 se retorik\u00eb, premtime p\u00ebr ngjarjet pa pasur ndonj\u00ebher\u00eb program, platform\u00eb, vendim p\u00ebr fatin e bashk\u00ebkombasve t\u00eb tyre? Rrug\u00ebt e filluara q\u00eb nga heret duken sheshazi se jan\u00eb trasuar pa nj\u00eb infrastruktur\u00eb politike e cila do t\u00eb ishte baz\u00eb e veprimeve t\u00eb m\u00ebvonshme, ndaj organizimi po vazhdon t\u00eb jet\u00eb i mang\u00ebt, i vonuar dhe i pafuqish\u00ebm p\u00ebr t\u00eb arritur cakun e d\u00ebshiruar. Paaft\u00ebsia e gjetjes s\u00eb nj\u00eb strategjie afatgjate na ka sjellur k\u00ebtu ku jemi. Ruajtja e miqsis\u00eb me miqt\u00eb tradicional ka b\u00ebr\u00eb q\u00eb ne t\u00eb dalim qesharak karshi vetvet\u00ebs, po edhe ndaj t\u00eb huajve gj\u00eb q\u00eb p\u00ebr momentin duket i pazgjidhur l\u00ebmshi, dhe p\u00ebr k\u00ebt\u00eb dihen fajtor\u00ebt. Me vet\u00eb m\u00ebnyr\u00ebn se si komunikojm\u00eb, ndaj kujt i drejtojm\u00eb kritikat pa dh\u00ebn\u00eb alternativa e duke humbur shum\u00eb koh\u00eb me luft\u00ebn e brendshme, q\u00eb nga thasheth\u00ebmet\u00a0 p\u00ebr nj\u00ebri-tjetrin duket se disharmonia q\u00eb na ka kapluar nuk na lejon p\u00ebr t\u2019i b\u00ebr\u00eb mir\u00eb hesapet.<\/p>\n<p>Pavar\u00ebsisht kush \u00ebsht\u00eb pozit\u00eb e kush opozit\u00eb, dob\u00ebsit\u00eb tona vahdojn\u00eb br\u00ebnda kombit ton\u00eb n\u00eb k\u00ebto koh\u00eb t\u00eb v\u00ebshtira ku jetojn\u00eb shqiptar\u00ebt n\u00eb Mal t\u00eb Zi. Edhe nj\u00ebra edhe tjetra pal\u00eb me gjith\u00eb luft\u00ebn q\u00eb zhvillojn\u00eb\u00a0 d\u00ebshmojn\u00eb se hallin nuk e kan\u00eb p\u00ebr bashk\u00ebkombasit, thjesht\u00eb kjo \u00ebsht\u00eb luft\u00eb p\u00ebr poste, p\u00ebr pozita, ndaj t\u00eb nj\u00ebjtit sot shikohen si fajtor\u00eb kujdestar\u00eb t\u00eb komunitetit t\u00eb k\u00ebtuesh\u00ebm. Atyre edhe mund tu vij\u00eb keq p\u00ebr th\u00ebniet q\u00eb b\u00ebjm\u00eb, por kjo \u00ebsht\u00eb e v\u00ebrteta, kjo e v\u00ebrtet \u00ebsht\u00eb d\u00ebshmuar gjat\u00eb k\u00ebsaj periudhe dhe kjo nuk lejon arritje m\u00eb t\u00eb madhe se kaq p\u00ebr ne shqiptar\u00ebt e shkap\u00ebrderdhur an\u00eb e mban\u00eb bot\u00ebs. Fajin nuk guxojm\u00eb ta k\u00ebrkojm\u00eb tek t\u00eb tjer\u00ebt, ai \u00ebsht\u00eb k\u00ebtu brenda nesh dhe k\u00ebshu do t\u00eb vazhdoj\u00eb p\u00ebr sa koh\u00eb nuk gjejm\u00eb rrug\u00ebn e duhur, p\u00ebr sa koh\u00eb jemi t\u00eb prirur p\u00ebr pozita, p\u00ebr sa koh\u00eb nuk i kemi njer\u00ebzit tan\u00eb t\u00eb bashkuar rreth nj\u00eb q\u00ebllimi t\u00eb p\u00ebrbashk\u00ebt. K\u00ebshu si sot edhe m\u00eb heret shqiptar\u00ebt n\u00eb Mal t\u00eb Zi kishin p\u00ebrfaq\u00ebsues n\u00eb organet e pushtetit, ata i kritikuam p\u00ebr koh\u00ebn dhe pasojat q\u00eb na soll\u00ebn, dhe sot po ta krahasojm\u00eb k\u00ebt\u00eb me t\u00eb kaluar\u00ebn llogarit\u00eb na dalin se askush tjet\u00ebr nuk u ka sjellur shqiptar\u00ebve ndarje m\u00eb shum\u00eb se k\u00ebta t\u00eb sodit. Kritikat e b\u00ebra se ata ishin aty ku vendosej p\u00ebr ne jan\u00eb m\u00eb pak t\u00eb d\u00ebmshme se kritikat q\u00eb duhet drejtuar k\u00ebtyre t\u00eb sodit ku secili \u201ct\u00ebrhjek\u00eb\u201d n\u00eb rrug\u00ebn e vet, ku kemi t\u00eb instaluar persona jo t\u00eb duhur\u00a0 p\u00ebr postet q\u00eb mbajn\u00eb, ndaj jemi k\u00ebtu n\u00eb k\u00ebto pozita dhe nuk mund t\u00eb p\u00ebrparojm\u00eb fal\u00eb k\u00ebtyre q\u00eb \u00e7do gj\u00eb pozitive d\u00ebshiroj\u00eb ta p\u00ebrshkruajn\u00eb si merit\u00eb t\u00eb vet\u00ebn pa menduar an\u00ebn tjet\u00ebr, at\u00eb t\u00eb vuajtjes t\u00eb pjes\u00ebs m\u00eb t\u00eb madhe t\u00eb shqiptar\u00ebve n\u00eb Mal t\u00eb Zi.<\/p>\n<p>P\u00ebr fatin ton\u00eb t\u00eb keq kjo po d\u00ebshmohet \u00e7do dit\u00eb duke e b\u00ebr gjithnj\u00eb e m\u00eb t\u00eb v\u00ebshtir\u00eb situt\u00ebn ton\u00eb fal\u00eb k\u00ebtyre q\u00eb vazhdojn\u00eb me p\u00ebr\u00e7arje brenda vet komunitetit t\u00eb ktuesh\u00ebm duke mos zjedhur metoda p\u00ebr t\u2019i varf\u00ebruar ata t\u00eb l\u00ebn\u00eb t\u00eb papun\u00eb, pa sigurim social, pa perspektiv\u00eb p\u00ebr vete dhe familjar\u00ebt e tyre, kurse disa prej k\u00ebtyre t\u00eb zgjedhur me vot\u00ebn e popullit jan\u00eb instaluar n\u00eb fotelet e Parlmentit t\u00eb Malit t\u00eb Zi, n\u00eb ministri, n\u00eb pushtetin lokal dhe gjithnj\u00eb vazhdojn\u00eb t\u00eb k\u00ebrkojn\u00eb vot\u00ebn e atyre q\u00eb p\u00ebr gjitha k\u00ebto vite i mbajt\u00ebn me premtime pa rezultate, e p\u00ebr t\u2019i mb\u00ebshtetur p\u00ebr mur.K\u00ebta ose nuk shohin se jan\u00eb demoduar, ose b\u00ebhen sikur nuk shohin\u00a0 dhe n\u00ebse d\u00ebgjohet z\u00ebri i ndonj\u00ebrit prej tyre, t\u00eb nj\u00ebjtit e marrin p\u00ebr marketing politik me q\u00ebllim q\u00eb nes\u00ebr t\u00eb sulmojn\u00eb, sepse sulmi \u00ebsht\u00eb arma m\u00eb e mir\u00eb p\u00ebr t\u2019u mbrojtur. Tani le t\u2019i harrojm\u00eb t\u00eb gjitha, t\u00eb nj\u00ebjtit jan\u00eb hedhur n\u00eb luft\u00eb p\u00ebr fitore t\u00eb reja p\u00ebr t\u00eb fituar n\u00eb zgjedhjet lokale duke u marr\u00eb me t\u00eb kaluar\u00ebn, se kan\u00eb b\u00ebr\u00eb k\u00ebt\u00eb e at\u00eb, pa dh\u00ebn\u00eb ndonj\u00eb shpres\u00eb p\u00ebr t\u00eb ardhmen dhe k\u00ebshtu vazhdojn\u00eb q\u00eb historis\u00eb t\u2019i bashkangjesin fitoret e tyre t\u00eb famshme. Tani p\u00ebr k\u00ebt\u00eb koh\u00eb sa ka mbetur deri n\u00eb zgjedhje k\u00ebta jan\u00eb n\u00eb nevoj\u00eb p\u00ebr mbijetes\u00eb dhe sapo t\u00eb kalojn\u00eb \u201clumin, t\u00eb dh&#8230; kalin\u201d duke vazhduar k\u00ebshtu deri n\u00eb pafund\u00ebsi p\u00ebr gjendjen n\u00eb t\u00eb cil\u00ebn e kan\u00eb katandisur k\u00ebt\u00eb popull. R\u00ebnd\u00ebsi ka q\u00eb k\u00ebta t\u00eb mos pranojn\u00eb asnj\u00eb faj, t\u00eb mos jen\u00eb vetkritik p\u00ebr at\u00eb \u00e7far\u00eb kan\u00eb punuar dhe kund\u00ebrshtar\u00ebt politik t\u2019i shikojn\u00eb me urrejtje p\u00ebr faktin e vet\u00ebm pse than\u00eb e shkruan t\u00eb v\u00ebrtet\u00ebn.<\/p>\n<p><strong><a href=\"http:\/\/www.facebook.com\/#!\/profile.php?id=100000928063774\" target=\"_blank\">Shaban Peraj<\/a><a href=\"http:\/\/www.facebook.com\/#!\/profile.php?id=100000928063774\" target=\"_blank\"> Facebook<\/a><\/strong><br \/>\n<strong> <a href=\"http:\/\/74.125.77.132\/search?q=cache:gIFayrUnnboJ:www.gazeta55.al\/index.php%3Fkat%3Dopinion%26artikulli%3D12175+Shaban+Peraj&amp;cd=11&amp;hl=fr&amp;ct=clnk&amp;gl=ch&amp;client=firefox-a\" target=\"_blank\">Gazeta55.al<\/a><\/strong><br \/>\n[flv width=&#8221;580&#8243;   height=&#8221;400&#8243;]http:\/\/forca.me\/images\/stories\/videos\/shqip_1.flv[\/flv]<\/p>\n","protected":false},"excerpt":{"rendered":"<p>T\u00eb gjith\u00eb kan\u00eb nj\u00eb histori, t\u00eb gjith\u00ebve u ndodhin ngjarje nga m\u00eb t\u00eb ndryshmet, t\u00eb gjitha k\u00ebto mgjarje n\u00eb opinion p\u00ebrcillen me shpejt\u00ebsi dhe ajo q\u00eb meriton nj\u00eb analiz\u00eb \u00ebsht\u00eb pozita e shqiptar\u00ebve n\u00eb Mal t\u00ebZi. Historia ka d\u00ebshmuar dhe gjithnj\u00eb vazhdon t\u00eb d\u00ebshmoj\u00eb se ne edhepse n\u00eb trojet tona etnike akoma jemi pjes\u00eb e [&hellip;]<\/p>\n","protected":false},"author":1,"featured_media":0,"comment_status":"open","ping_status":"closed","sticky":false,"template":"","format":"standard","meta":{"spay_email":"","jetpack_publicize_message":"","jetpack_is_tweetstorm":false,"jetpack_publicize_feature_enabled":true},"categories":[12],"tags":[496],"jetpack_publicize_connections":[],"yoast_head":"<!-- This site is optimized with the Yoast SEO plugin v19.1 - https:\/\/yoast.com\/wordpress\/plugins\/seo\/ -->\n<title>\u00c7far\u00eb ndodh me shqiptar\u00ebt n\u00eb Mal t\u00eb Zi - Lajme nga Ulqini<\/title>\n<meta name=\"description\" content=\"T\u00eb gjith\u00eb kan\u00eb nj\u00eb histori, t\u00eb gjith\u00ebve u ndodhin ngjarje nga m\u00eb t\u00eb ndryshmet, t\u00eb gjitha k\u00ebto mgjarje n\u00eb opinion p\u00ebrcillen me shpejt\u00ebsi dhe ajo q\u00eb meriton\" \/>\n<meta name=\"robots\" content=\"index, follow, max-snippet:-1, max-image-preview:large, max-video-preview:-1\" \/>\n<link rel=\"canonical\" href=\"https:\/\/www.visit-ulcinj.com\/blog\/2010\/04\/20\/cfare-ndodh-me-shqiptaret-ne-mal-te-zi\/\" \/>\n<meta property=\"og:locale\" content=\"en_US\" \/>\n<meta property=\"og:type\" content=\"article\" \/>\n<meta property=\"og:title\" content=\"\u00c7far\u00eb ndodh me shqiptar\u00ebt n\u00eb Mal t\u00eb Zi - Lajme nga Ulqini\" \/>\n<meta property=\"og:description\" content=\"T\u00eb gjith\u00eb kan\u00eb nj\u00eb histori, t\u00eb gjith\u00ebve u ndodhin ngjarje nga m\u00eb t\u00eb ndryshmet, t\u00eb gjitha k\u00ebto mgjarje n\u00eb opinion p\u00ebrcillen me shpejt\u00ebsi dhe ajo q\u00eb meriton\" \/>\n<meta property=\"og:url\" content=\"https:\/\/www.visit-ulcinj.com\/blog\/2010\/04\/20\/cfare-ndodh-me-shqiptaret-ne-mal-te-zi\/\" \/>\n<meta property=\"og:site_name\" content=\"Lajme nga Ulqini\" \/>\n<meta property=\"article:published_time\" content=\"2010-04-20T10:01:48+00:00\" \/>\n<meta property=\"article:modified_time\" content=\"2010-04-20T10:14:49+00:00\" \/>\n<meta property=\"og:image\" content=\"http:\/\/www.visit-ulcinj.com\/blog\/wp-content\/uploads\/2010\/03\/Shqiptar%C3%ABt-t%C3%AB-p%C3%ABr%C3%A7ar%C3%AB-para-zgjedhjeve-lokale-n%C3%AB-Mal-t%C3%AB-Zi.jpg\" \/>\n<meta name=\"twitter:label1\" content=\"Written by\" \/>\n\t<meta name=\"twitter:data1\" content=\"ulqini\" \/>\n\t<meta name=\"twitter:label2\" content=\"Est. reading time\" \/>\n\t<meta name=\"twitter:data2\" content=\"6 minutes\" \/>\n<script type=\"application\/ld+json\" class=\"yoast-schema-graph\">{\"@context\":\"https:\/\/schema.org\",\"@graph\":[{\"@type\":\"WebSite\",\"@id\":\"https:\/\/www.visit-ulcinj.com\/blog\/#website\",\"url\":\"https:\/\/www.visit-ulcinj.com\/blog\/\",\"name\":\"Lajme nga Ulqini\",\"description\":\"Lajme,Vijesti,Ulqini,Ulqin,Crna Gora,Mali i Zi\",\"potentialAction\":[{\"@type\":\"SearchAction\",\"target\":{\"@type\":\"EntryPoint\",\"urlTemplate\":\"https:\/\/www.visit-ulcinj.com\/blog\/?s={search_term_string}\"},\"query-input\":\"required name=search_term_string\"}],\"inLanguage\":\"en-US\"},{\"@type\":\"ImageObject\",\"inLanguage\":\"en-US\",\"@id\":\"https:\/\/www.visit-ulcinj.com\/blog\/2010\/04\/20\/cfare-ndodh-me-shqiptaret-ne-mal-te-zi\/#primaryimage\",\"url\":\"http:\/\/www.visit-ulcinj.com\/blog\/wp-content\/uploads\/2010\/03\/Shqiptar%C3%ABt-t%C3%AB-p%C3%ABr%C3%A7ar%C3%AB-para-zgjedhjeve-lokale-n%C3%AB-Mal-t%C3%AB-Zi.jpg\",\"contentUrl\":\"http:\/\/www.visit-ulcinj.com\/blog\/wp-content\/uploads\/2010\/03\/Shqiptar%C3%ABt-t%C3%AB-p%C3%ABr%C3%A7ar%C3%AB-para-zgjedhjeve-lokale-n%C3%AB-Mal-t%C3%AB-Zi.jpg\"},{\"@type\":\"WebPage\",\"@id\":\"https:\/\/www.visit-ulcinj.com\/blog\/2010\/04\/20\/cfare-ndodh-me-shqiptaret-ne-mal-te-zi\/#webpage\",\"url\":\"https:\/\/www.visit-ulcinj.com\/blog\/2010\/04\/20\/cfare-ndodh-me-shqiptaret-ne-mal-te-zi\/\",\"name\":\"\u00c7far\u00eb ndodh me shqiptar\u00ebt n\u00eb Mal t\u00eb Zi - Lajme nga Ulqini\",\"isPartOf\":{\"@id\":\"https:\/\/www.visit-ulcinj.com\/blog\/#website\"},\"primaryImageOfPage\":{\"@id\":\"https:\/\/www.visit-ulcinj.com\/blog\/2010\/04\/20\/cfare-ndodh-me-shqiptaret-ne-mal-te-zi\/#primaryimage\"},\"datePublished\":\"2010-04-20T10:01:48+00:00\",\"dateModified\":\"2010-04-20T10:14:49+00:00\",\"author\":{\"@id\":\"https:\/\/www.visit-ulcinj.com\/blog\/#\/schema\/person\/dcab619c614d3038751c63bc2aadc06d\"},\"description\":\"T\u00eb gjith\u00eb kan\u00eb nj\u00eb histori, t\u00eb gjith\u00ebve u ndodhin ngjarje nga m\u00eb t\u00eb ndryshmet, t\u00eb gjitha k\u00ebto mgjarje n\u00eb opinion p\u00ebrcillen me shpejt\u00ebsi dhe ajo q\u00eb meriton\",\"breadcrumb\":{\"@id\":\"https:\/\/www.visit-ulcinj.com\/blog\/2010\/04\/20\/cfare-ndodh-me-shqiptaret-ne-mal-te-zi\/#breadcrumb\"},\"inLanguage\":\"en-US\",\"potentialAction\":[{\"@type\":\"ReadAction\",\"target\":[\"https:\/\/www.visit-ulcinj.com\/blog\/2010\/04\/20\/cfare-ndodh-me-shqiptaret-ne-mal-te-zi\/\"]}]},{\"@type\":\"BreadcrumbList\",\"@id\":\"https:\/\/www.visit-ulcinj.com\/blog\/2010\/04\/20\/cfare-ndodh-me-shqiptaret-ne-mal-te-zi\/#breadcrumb\",\"itemListElement\":[{\"@type\":\"ListItem\",\"position\":1,\"name\":\"\u00c7far\u00eb ndodh me shqiptar\u00ebt n\u00eb Mal t\u00eb Zi\"}]},{\"@type\":\"Person\",\"@id\":\"https:\/\/www.visit-ulcinj.com\/blog\/#\/schema\/person\/dcab619c614d3038751c63bc2aadc06d\",\"name\":\"ulqini\",\"sameAs\":[\"http:\/\/www.visit-ulcinj.com\"],\"url\":\"https:\/\/www.visit-ulcinj.com\/blog\/author\/admin\/\"}]}<\/script>\n<!-- \/ Yoast SEO plugin. -->","yoast_head_json":{"title":"\u00c7far\u00eb ndodh me shqiptar\u00ebt n\u00eb Mal t\u00eb Zi - Lajme nga Ulqini","description":"T\u00eb gjith\u00eb kan\u00eb nj\u00eb histori, t\u00eb gjith\u00ebve u ndodhin ngjarje nga m\u00eb t\u00eb ndryshmet, t\u00eb gjitha k\u00ebto mgjarje n\u00eb opinion p\u00ebrcillen me shpejt\u00ebsi dhe ajo q\u00eb meriton","robots":{"index":"index","follow":"follow","max-snippet":"max-snippet:-1","max-image-preview":"max-image-preview:large","max-video-preview":"max-video-preview:-1"},"canonical":"https:\/\/www.visit-ulcinj.com\/blog\/2010\/04\/20\/cfare-ndodh-me-shqiptaret-ne-mal-te-zi\/","og_locale":"en_US","og_type":"article","og_title":"\u00c7far\u00eb ndodh me shqiptar\u00ebt n\u00eb Mal t\u00eb Zi - Lajme nga Ulqini","og_description":"T\u00eb gjith\u00eb kan\u00eb nj\u00eb histori, t\u00eb gjith\u00ebve u ndodhin ngjarje nga m\u00eb t\u00eb ndryshmet, t\u00eb gjitha k\u00ebto mgjarje n\u00eb opinion p\u00ebrcillen me shpejt\u00ebsi dhe ajo q\u00eb meriton","og_url":"https:\/\/www.visit-ulcinj.com\/blog\/2010\/04\/20\/cfare-ndodh-me-shqiptaret-ne-mal-te-zi\/","og_site_name":"Lajme nga Ulqini","article_published_time":"2010-04-20T10:01:48+00:00","article_modified_time":"2010-04-20T10:14:49+00:00","og_image":[{"url":"http:\/\/www.visit-ulcinj.com\/blog\/wp-content\/uploads\/2010\/03\/Shqiptar%C3%ABt-t%C3%AB-p%C3%ABr%C3%A7ar%C3%AB-para-zgjedhjeve-lokale-n%C3%AB-Mal-t%C3%AB-Zi.jpg"}],"twitter_misc":{"Written by":"ulqini","Est. reading time":"6 minutes"},"schema":{"@context":"https:\/\/schema.org","@graph":[{"@type":"WebSite","@id":"https:\/\/www.visit-ulcinj.com\/blog\/#website","url":"https:\/\/www.visit-ulcinj.com\/blog\/","name":"Lajme nga Ulqini","description":"Lajme,Vijesti,Ulqini,Ulqin,Crna Gora,Mali i Zi","potentialAction":[{"@type":"SearchAction","target":{"@type":"EntryPoint","urlTemplate":"https:\/\/www.visit-ulcinj.com\/blog\/?s={search_term_string}"},"query-input":"required name=search_term_string"}],"inLanguage":"en-US"},{"@type":"ImageObject","inLanguage":"en-US","@id":"https:\/\/www.visit-ulcinj.com\/blog\/2010\/04\/20\/cfare-ndodh-me-shqiptaret-ne-mal-te-zi\/#primaryimage","url":"http:\/\/www.visit-ulcinj.com\/blog\/wp-content\/uploads\/2010\/03\/Shqiptar%C3%ABt-t%C3%AB-p%C3%ABr%C3%A7ar%C3%AB-para-zgjedhjeve-lokale-n%C3%AB-Mal-t%C3%AB-Zi.jpg","contentUrl":"http:\/\/www.visit-ulcinj.com\/blog\/wp-content\/uploads\/2010\/03\/Shqiptar%C3%ABt-t%C3%AB-p%C3%ABr%C3%A7ar%C3%AB-para-zgjedhjeve-lokale-n%C3%AB-Mal-t%C3%AB-Zi.jpg"},{"@type":"WebPage","@id":"https:\/\/www.visit-ulcinj.com\/blog\/2010\/04\/20\/cfare-ndodh-me-shqiptaret-ne-mal-te-zi\/#webpage","url":"https:\/\/www.visit-ulcinj.com\/blog\/2010\/04\/20\/cfare-ndodh-me-shqiptaret-ne-mal-te-zi\/","name":"\u00c7far\u00eb ndodh me shqiptar\u00ebt n\u00eb Mal t\u00eb Zi - Lajme nga Ulqini","isPartOf":{"@id":"https:\/\/www.visit-ulcinj.com\/blog\/#website"},"primaryImageOfPage":{"@id":"https:\/\/www.visit-ulcinj.com\/blog\/2010\/04\/20\/cfare-ndodh-me-shqiptaret-ne-mal-te-zi\/#primaryimage"},"datePublished":"2010-04-20T10:01:48+00:00","dateModified":"2010-04-20T10:14:49+00:00","author":{"@id":"https:\/\/www.visit-ulcinj.com\/blog\/#\/schema\/person\/dcab619c614d3038751c63bc2aadc06d"},"description":"T\u00eb gjith\u00eb kan\u00eb nj\u00eb histori, t\u00eb gjith\u00ebve u ndodhin ngjarje nga m\u00eb t\u00eb ndryshmet, t\u00eb gjitha k\u00ebto mgjarje n\u00eb opinion p\u00ebrcillen me shpejt\u00ebsi dhe ajo q\u00eb meriton","breadcrumb":{"@id":"https:\/\/www.visit-ulcinj.com\/blog\/2010\/04\/20\/cfare-ndodh-me-shqiptaret-ne-mal-te-zi\/#breadcrumb"},"inLanguage":"en-US","potentialAction":[{"@type":"ReadAction","target":["https:\/\/www.visit-ulcinj.com\/blog\/2010\/04\/20\/cfare-ndodh-me-shqiptaret-ne-mal-te-zi\/"]}]},{"@type":"BreadcrumbList","@id":"https:\/\/www.visit-ulcinj.com\/blog\/2010\/04\/20\/cfare-ndodh-me-shqiptaret-ne-mal-te-zi\/#breadcrumb","itemListElement":[{"@type":"ListItem","position":1,"name":"\u00c7far\u00eb ndodh me shqiptar\u00ebt n\u00eb Mal t\u00eb Zi"}]},{"@type":"Person","@id":"https:\/\/www.visit-ulcinj.com\/blog\/#\/schema\/person\/dcab619c614d3038751c63bc2aadc06d","name":"ulqini","sameAs":["http:\/\/www.visit-ulcinj.com"],"url":"https:\/\/www.visit-ulcinj.com\/blog\/author\/admin\/"}]}},"jetpack_featured_media_url":"","jetpack_sharing_enabled":true,"jetpack_shortlink":"https:\/\/wp.me\/pe6lTn-8nO","_links":{"self":[{"href":"https:\/\/www.visit-ulcinj.com\/blog\/wp-json\/wp\/v2\/posts\/32228"}],"collection":[{"href":"https:\/\/www.visit-ulcinj.com\/blog\/wp-json\/wp\/v2\/posts"}],"about":[{"href":"https:\/\/www.visit-ulcinj.com\/blog\/wp-json\/wp\/v2\/types\/post"}],"author":[{"embeddable":true,"href":"https:\/\/www.visit-ulcinj.com\/blog\/wp-json\/wp\/v2\/users\/1"}],"replies":[{"embeddable":true,"href":"https:\/\/www.visit-ulcinj.com\/blog\/wp-json\/wp\/v2\/comments?post=32228"}],"version-history":[{"count":0,"href":"https:\/\/www.visit-ulcinj.com\/blog\/wp-json\/wp\/v2\/posts\/32228\/revisions"}],"wp:attachment":[{"href":"https:\/\/www.visit-ulcinj.com\/blog\/wp-json\/wp\/v2\/media?parent=32228"}],"wp:term":[{"taxonomy":"category","embeddable":true,"href":"https:\/\/www.visit-ulcinj.com\/blog\/wp-json\/wp\/v2\/categories?post=32228"},{"taxonomy":"post_tag","embeddable":true,"href":"https:\/\/www.visit-ulcinj.com\/blog\/wp-json\/wp\/v2\/tags?post=32228"}],"curies":[{"name":"wp","href":"https:\/\/api.w.org\/{rel}","templated":true}]}}