{"id":32242,"date":"2010-04-20T19:23:58","date_gmt":"2010-04-20T17:23:58","guid":{"rendered":"http:\/\/www.visit-ulcinj.com\/blog\/?p=32242"},"modified":"2010-04-20T19:25:04","modified_gmt":"2010-04-20T17:25:04","slug":"mali-i-zi-partite-shqiptare-ne-udhekryq-para-zgjedhjeve","status":"publish","type":"post","link":"https:\/\/www.visit-ulcinj.com\/blog\/2010\/04\/20\/mali-i-zi-partite-shqiptare-ne-udhekryq-para-zgjedhjeve\/","title":{"rendered":"Mali i Zi, partit\u00eb shqiptare n\u00eb udh\u00ebkryq para zgjedhjeve"},"content":{"rendered":"<p><a href=\"http:\/\/www.visit-ulcinj.com\/blog\/wp-content\/uploads\/2010\/04\/koalicionet-shqiptare-ne-mal-te-zi.jpg\"><img loading=\"lazy\" class=\"alignleft size-full wp-image-32243\" title=\"koalicionet shqiptare ne mal te zi\" src=\"http:\/\/www.visit-ulcinj.com\/blog\/wp-content\/uploads\/2010\/04\/koalicionet-shqiptare-ne-mal-te-zi.jpg\" alt=\"koalicionet shqiptare ne mal te zi\" width=\"399\" height=\"323\" srcset=\"https:\/\/www.visit-ulcinj.com\/blog\/wp-content\/uploads\/2010\/04\/koalicionet-shqiptare-ne-mal-te-zi.jpg 399w, https:\/\/www.visit-ulcinj.com\/blog\/wp-content\/uploads\/2010\/04\/koalicionet-shqiptare-ne-mal-te-zi-300x242.jpg 300w\" sizes=\"(max-width: 399px) 100vw, 399px\" \/><\/a>Podgoric\u00eb &#8211; Partit\u00eb shqiptare n\u00eb Malin e Zi kan\u00eb mbetur n\u00eb nj\u00eb udh\u00ebkryq sa i p\u00ebrket koalicioneve p\u00ebr zgjedhjet lokale t\u00eb 23 majit.<br \/>\nDeri m\u00eb tani, vet\u00ebm Unioni Demokratik i Shqiptar\u00ebve ka siguruar koalicionin me Partin\u00eb Demokratike t\u00eb Socialist\u00ebve n\u00eb dy komunat me shumic\u00eb shqiptare, Ulqin dhe Tuz.<br \/>\nP\u00ebr t\u00eb pranuar k\u00ebt\u00eb koalicion, UDSH ka k\u00ebrkuar nga socialist\u00ebt e Gjukanovi\u00e7it p\u00ebrkrahjen p\u00ebr referendumin mbi statusin e Komun\u00ebs s\u00eb plot\u00eb t\u00eb Tuzit.<br \/>\nNd\u00ebrkoh\u00eb, partit\u00eb e tjera shqiptare kan\u00eb mbetur n\u00eb nj\u00eb udh\u00ebkryq p\u00ebr sa i p\u00ebrket koalicioneve p\u00ebr k\u00ebto zgjedhje. Kryetari i subjekti politik parlamentar, Iniciativ\u00ebs Qytetare t\u00eb Mal\u00ebsis\u00eb, Vasel Sinishtaj deklaroi sot se gjat\u00eb dy dit\u00ebve t\u00eb ardhshme duhet t\u00eb p\u00ebrfundohen negociatat me aleat\u00ebt e tjer\u00eb shqiptar\u00eb, Lidhjen Demokratike n\u00eb Malin e Zi, dega n\u00eb Mal\u00ebsi dhe me Alternativ\u00ebn Shqiptare. Sinishtaj thot\u00eb se partia e tij i ka b\u00ebr\u00eb k\u00ebtyre dy subjekteve ofert\u00ebn m\u00eb t\u00eb mir\u00eb.<br \/>\nNd\u00ebrkoh\u00eb, Lidhja Demokratike, dega n\u00eb Mal\u00ebsi, fundjav\u00ebn e kaluar u ka d\u00ebrguar ftes\u00eb p\u00ebr koalicion partive shqiptare.<br \/>\nSocialdemokrat\u00ebt e Ulqinit, p\u00ebrfundimisht jan\u00eb p\u00ebrcaktuar q\u00eb t\u00eb shkojn\u00eb vet\u00ebm n\u00eb zgjedhje, duke u shk\u00ebputur nga koalicioni \u201cP\u00ebr Ulqinin evropian\u201d q\u00eb ka ekzistuar gjat\u00eb mandatit t\u00eb kaluar vendor me UDSH-n\u00eb dhe PDS-n\u00eb.<\/p>\n<p><strong>Gazeta Start<\/strong><br \/>\n[flv width=&#8221;580&#8243;   height=&#8221;400&#8243;]http:\/\/forca.me\/images\/stories\/videos\/shqip_1.flv[\/flv]<\/p>\n","protected":false},"excerpt":{"rendered":"<p>Podgoric\u00eb &#8211; Partit\u00eb shqiptare n\u00eb Malin e Zi kan\u00eb mbetur n\u00eb nj\u00eb udh\u00ebkryq sa i p\u00ebrket koalicioneve p\u00ebr zgjedhjet lokale t\u00eb 23 majit. Deri m\u00eb tani, vet\u00ebm Unioni Demokratik i Shqiptar\u00ebve ka siguruar koalicionin me Partin\u00eb Demokratike t\u00eb Socialist\u00ebve n\u00eb dy komunat me shumic\u00eb shqiptare, Ulqin dhe Tuz. P\u00ebr t\u00eb pranuar k\u00ebt\u00eb koalicion, UDSH ka [&hellip;]<\/p>\n","protected":false},"author":1,"featured_media":0,"comment_status":"open","ping_status":"closed","sticky":false,"template":"","format":"standard","meta":{"spay_email":"","jetpack_publicize_message":"","jetpack_is_tweetstorm":false,"jetpack_publicize_feature_enabled":true},"categories":[12],"tags":[95,10957],"jetpack_publicize_connections":[],"yoast_head":"<!-- This site is optimized with the Yoast SEO plugin v19.1 - https:\/\/yoast.com\/wordpress\/plugins\/seo\/ -->\n<title>Mali i Zi, partit\u00eb shqiptare n\u00eb udh\u00ebkryq para zgjedhjeve - Lajme nga Ulqini<\/title>\n<meta name=\"description\" content=\"Podgoric\u00eb - Partit\u00eb shqiptare n\u00eb Malin e Zi kan\u00eb mbetur n\u00eb nj\u00eb udh\u00ebkryq sa i p\u00ebrket koalicioneve p\u00ebr zgjedhjet lokale t\u00eb 23 majit. Deri m\u00eb tani, vet\u00ebm\" \/>\n<meta name=\"robots\" content=\"index, follow, max-snippet:-1, max-image-preview:large, max-video-preview:-1\" \/>\n<link rel=\"canonical\" href=\"https:\/\/www.visit-ulcinj.com\/blog\/2010\/04\/20\/mali-i-zi-partite-shqiptare-ne-udhekryq-para-zgjedhjeve\/\" \/>\n<meta property=\"og:locale\" content=\"en_US\" \/>\n<meta property=\"og:type\" content=\"article\" \/>\n<meta property=\"og:title\" content=\"Mali i Zi, partit\u00eb shqiptare n\u00eb udh\u00ebkryq para zgjedhjeve - Lajme nga Ulqini\" \/>\n<meta property=\"og:description\" content=\"Podgoric\u00eb - Partit\u00eb shqiptare n\u00eb Malin e Zi kan\u00eb mbetur n\u00eb nj\u00eb udh\u00ebkryq sa i p\u00ebrket koalicioneve p\u00ebr zgjedhjet lokale t\u00eb 23 majit. Deri m\u00eb tani, vet\u00ebm\" \/>\n<meta property=\"og:url\" content=\"https:\/\/www.visit-ulcinj.com\/blog\/2010\/04\/20\/mali-i-zi-partite-shqiptare-ne-udhekryq-para-zgjedhjeve\/\" \/>\n<meta property=\"og:site_name\" content=\"Lajme nga Ulqini\" \/>\n<meta property=\"article:published_time\" content=\"2010-04-20T17:23:58+00:00\" \/>\n<meta property=\"article:modified_time\" content=\"2010-04-20T17:25:04+00:00\" \/>\n<meta property=\"og:image\" content=\"http:\/\/www.visit-ulcinj.com\/blog\/wp-content\/uploads\/2010\/04\/koalicionet-shqiptare-ne-mal-te-zi.jpg\" \/>\n<meta name=\"twitter:label1\" content=\"Written by\" \/>\n\t<meta name=\"twitter:data1\" content=\"ulqini\" \/>\n\t<meta name=\"twitter:label2\" content=\"Est. reading time\" \/>\n\t<meta name=\"twitter:data2\" content=\"1 minute\" \/>\n<script type=\"application\/ld+json\" class=\"yoast-schema-graph\">{\"@context\":\"https:\/\/schema.org\",\"@graph\":[{\"@type\":\"WebSite\",\"@id\":\"https:\/\/www.visit-ulcinj.com\/blog\/#website\",\"url\":\"https:\/\/www.visit-ulcinj.com\/blog\/\",\"name\":\"Lajme nga Ulqini\",\"description\":\"Lajme,Vijesti,Ulqini,Ulqin,Crna Gora,Mali i Zi\",\"potentialAction\":[{\"@type\":\"SearchAction\",\"target\":{\"@type\":\"EntryPoint\",\"urlTemplate\":\"https:\/\/www.visit-ulcinj.com\/blog\/?s={search_term_string}\"},\"query-input\":\"required name=search_term_string\"}],\"inLanguage\":\"en-US\"},{\"@type\":\"ImageObject\",\"inLanguage\":\"en-US\",\"@id\":\"https:\/\/www.visit-ulcinj.com\/blog\/2010\/04\/20\/mali-i-zi-partite-shqiptare-ne-udhekryq-para-zgjedhjeve\/#primaryimage\",\"url\":\"https:\/\/www.visit-ulcinj.com\/blog\/wp-content\/uploads\/2010\/04\/koalicionet-shqiptare-ne-mal-te-zi.jpg\",\"contentUrl\":\"https:\/\/www.visit-ulcinj.com\/blog\/wp-content\/uploads\/2010\/04\/koalicionet-shqiptare-ne-mal-te-zi.jpg\",\"width\":\"399\",\"height\":\"323\"},{\"@type\":\"WebPage\",\"@id\":\"https:\/\/www.visit-ulcinj.com\/blog\/2010\/04\/20\/mali-i-zi-partite-shqiptare-ne-udhekryq-para-zgjedhjeve\/#webpage\",\"url\":\"https:\/\/www.visit-ulcinj.com\/blog\/2010\/04\/20\/mali-i-zi-partite-shqiptare-ne-udhekryq-para-zgjedhjeve\/\",\"name\":\"Mali i Zi, partit\u00eb shqiptare n\u00eb udh\u00ebkryq para zgjedhjeve - Lajme nga Ulqini\",\"isPartOf\":{\"@id\":\"https:\/\/www.visit-ulcinj.com\/blog\/#website\"},\"primaryImageOfPage\":{\"@id\":\"https:\/\/www.visit-ulcinj.com\/blog\/2010\/04\/20\/mali-i-zi-partite-shqiptare-ne-udhekryq-para-zgjedhjeve\/#primaryimage\"},\"datePublished\":\"2010-04-20T17:23:58+00:00\",\"dateModified\":\"2010-04-20T17:25:04+00:00\",\"author\":{\"@id\":\"https:\/\/www.visit-ulcinj.com\/blog\/#\/schema\/person\/dcab619c614d3038751c63bc2aadc06d\"},\"description\":\"Podgoric\u00eb - Partit\u00eb shqiptare n\u00eb Malin e Zi kan\u00eb mbetur n\u00eb nj\u00eb udh\u00ebkryq sa i p\u00ebrket koalicioneve p\u00ebr zgjedhjet lokale t\u00eb 23 majit. Deri m\u00eb tani, vet\u00ebm\",\"breadcrumb\":{\"@id\":\"https:\/\/www.visit-ulcinj.com\/blog\/2010\/04\/20\/mali-i-zi-partite-shqiptare-ne-udhekryq-para-zgjedhjeve\/#breadcrumb\"},\"inLanguage\":\"en-US\",\"potentialAction\":[{\"@type\":\"ReadAction\",\"target\":[\"https:\/\/www.visit-ulcinj.com\/blog\/2010\/04\/20\/mali-i-zi-partite-shqiptare-ne-udhekryq-para-zgjedhjeve\/\"]}]},{\"@type\":\"BreadcrumbList\",\"@id\":\"https:\/\/www.visit-ulcinj.com\/blog\/2010\/04\/20\/mali-i-zi-partite-shqiptare-ne-udhekryq-para-zgjedhjeve\/#breadcrumb\",\"itemListElement\":[{\"@type\":\"ListItem\",\"position\":1,\"name\":\"Mali i Zi, partit\u00eb shqiptare n\u00eb udh\u00ebkryq para zgjedhjeve\"}]},{\"@type\":\"Person\",\"@id\":\"https:\/\/www.visit-ulcinj.com\/blog\/#\/schema\/person\/dcab619c614d3038751c63bc2aadc06d\",\"name\":\"ulqini\",\"sameAs\":[\"http:\/\/www.visit-ulcinj.com\"],\"url\":\"https:\/\/www.visit-ulcinj.com\/blog\/author\/admin\/\"}]}<\/script>\n<!-- \/ Yoast SEO plugin. -->","yoast_head_json":{"title":"Mali i Zi, partit\u00eb shqiptare n\u00eb udh\u00ebkryq para zgjedhjeve - Lajme nga Ulqini","description":"Podgoric\u00eb - Partit\u00eb shqiptare n\u00eb Malin e Zi kan\u00eb mbetur n\u00eb nj\u00eb udh\u00ebkryq sa i p\u00ebrket koalicioneve p\u00ebr zgjedhjet lokale t\u00eb 23 majit. Deri m\u00eb tani, vet\u00ebm","robots":{"index":"index","follow":"follow","max-snippet":"max-snippet:-1","max-image-preview":"max-image-preview:large","max-video-preview":"max-video-preview:-1"},"canonical":"https:\/\/www.visit-ulcinj.com\/blog\/2010\/04\/20\/mali-i-zi-partite-shqiptare-ne-udhekryq-para-zgjedhjeve\/","og_locale":"en_US","og_type":"article","og_title":"Mali i Zi, partit\u00eb shqiptare n\u00eb udh\u00ebkryq para zgjedhjeve - Lajme nga Ulqini","og_description":"Podgoric\u00eb - Partit\u00eb shqiptare n\u00eb Malin e Zi kan\u00eb mbetur n\u00eb nj\u00eb udh\u00ebkryq sa i p\u00ebrket koalicioneve p\u00ebr zgjedhjet lokale t\u00eb 23 majit. Deri m\u00eb tani, vet\u00ebm","og_url":"https:\/\/www.visit-ulcinj.com\/blog\/2010\/04\/20\/mali-i-zi-partite-shqiptare-ne-udhekryq-para-zgjedhjeve\/","og_site_name":"Lajme nga Ulqini","article_published_time":"2010-04-20T17:23:58+00:00","article_modified_time":"2010-04-20T17:25:04+00:00","og_image":[{"url":"http:\/\/www.visit-ulcinj.com\/blog\/wp-content\/uploads\/2010\/04\/koalicionet-shqiptare-ne-mal-te-zi.jpg"}],"twitter_misc":{"Written by":"ulqini","Est. reading time":"1 minute"},"schema":{"@context":"https:\/\/schema.org","@graph":[{"@type":"WebSite","@id":"https:\/\/www.visit-ulcinj.com\/blog\/#website","url":"https:\/\/www.visit-ulcinj.com\/blog\/","name":"Lajme nga Ulqini","description":"Lajme,Vijesti,Ulqini,Ulqin,Crna Gora,Mali i Zi","potentialAction":[{"@type":"SearchAction","target":{"@type":"EntryPoint","urlTemplate":"https:\/\/www.visit-ulcinj.com\/blog\/?s={search_term_string}"},"query-input":"required name=search_term_string"}],"inLanguage":"en-US"},{"@type":"ImageObject","inLanguage":"en-US","@id":"https:\/\/www.visit-ulcinj.com\/blog\/2010\/04\/20\/mali-i-zi-partite-shqiptare-ne-udhekryq-para-zgjedhjeve\/#primaryimage","url":"https:\/\/www.visit-ulcinj.com\/blog\/wp-content\/uploads\/2010\/04\/koalicionet-shqiptare-ne-mal-te-zi.jpg","contentUrl":"https:\/\/www.visit-ulcinj.com\/blog\/wp-content\/uploads\/2010\/04\/koalicionet-shqiptare-ne-mal-te-zi.jpg","width":"399","height":"323"},{"@type":"WebPage","@id":"https:\/\/www.visit-ulcinj.com\/blog\/2010\/04\/20\/mali-i-zi-partite-shqiptare-ne-udhekryq-para-zgjedhjeve\/#webpage","url":"https:\/\/www.visit-ulcinj.com\/blog\/2010\/04\/20\/mali-i-zi-partite-shqiptare-ne-udhekryq-para-zgjedhjeve\/","name":"Mali i Zi, partit\u00eb shqiptare n\u00eb udh\u00ebkryq para zgjedhjeve - Lajme nga Ulqini","isPartOf":{"@id":"https:\/\/www.visit-ulcinj.com\/blog\/#website"},"primaryImageOfPage":{"@id":"https:\/\/www.visit-ulcinj.com\/blog\/2010\/04\/20\/mali-i-zi-partite-shqiptare-ne-udhekryq-para-zgjedhjeve\/#primaryimage"},"datePublished":"2010-04-20T17:23:58+00:00","dateModified":"2010-04-20T17:25:04+00:00","author":{"@id":"https:\/\/www.visit-ulcinj.com\/blog\/#\/schema\/person\/dcab619c614d3038751c63bc2aadc06d"},"description":"Podgoric\u00eb - Partit\u00eb shqiptare n\u00eb Malin e Zi kan\u00eb mbetur n\u00eb nj\u00eb udh\u00ebkryq sa i p\u00ebrket koalicioneve p\u00ebr zgjedhjet lokale t\u00eb 23 majit. Deri m\u00eb tani, vet\u00ebm","breadcrumb":{"@id":"https:\/\/www.visit-ulcinj.com\/blog\/2010\/04\/20\/mali-i-zi-partite-shqiptare-ne-udhekryq-para-zgjedhjeve\/#breadcrumb"},"inLanguage":"en-US","potentialAction":[{"@type":"ReadAction","target":["https:\/\/www.visit-ulcinj.com\/blog\/2010\/04\/20\/mali-i-zi-partite-shqiptare-ne-udhekryq-para-zgjedhjeve\/"]}]},{"@type":"BreadcrumbList","@id":"https:\/\/www.visit-ulcinj.com\/blog\/2010\/04\/20\/mali-i-zi-partite-shqiptare-ne-udhekryq-para-zgjedhjeve\/#breadcrumb","itemListElement":[{"@type":"ListItem","position":1,"name":"Mali i Zi, partit\u00eb shqiptare n\u00eb udh\u00ebkryq para zgjedhjeve"}]},{"@type":"Person","@id":"https:\/\/www.visit-ulcinj.com\/blog\/#\/schema\/person\/dcab619c614d3038751c63bc2aadc06d","name":"ulqini","sameAs":["http:\/\/www.visit-ulcinj.com"],"url":"https:\/\/www.visit-ulcinj.com\/blog\/author\/admin\/"}]}},"jetpack_featured_media_url":"","jetpack_sharing_enabled":true,"jetpack_shortlink":"https:\/\/wp.me\/pe6lTn-8o2","_links":{"self":[{"href":"https:\/\/www.visit-ulcinj.com\/blog\/wp-json\/wp\/v2\/posts\/32242"}],"collection":[{"href":"https:\/\/www.visit-ulcinj.com\/blog\/wp-json\/wp\/v2\/posts"}],"about":[{"href":"https:\/\/www.visit-ulcinj.com\/blog\/wp-json\/wp\/v2\/types\/post"}],"author":[{"embeddable":true,"href":"https:\/\/www.visit-ulcinj.com\/blog\/wp-json\/wp\/v2\/users\/1"}],"replies":[{"embeddable":true,"href":"https:\/\/www.visit-ulcinj.com\/blog\/wp-json\/wp\/v2\/comments?post=32242"}],"version-history":[{"count":0,"href":"https:\/\/www.visit-ulcinj.com\/blog\/wp-json\/wp\/v2\/posts\/32242\/revisions"}],"wp:attachment":[{"href":"https:\/\/www.visit-ulcinj.com\/blog\/wp-json\/wp\/v2\/media?parent=32242"}],"wp:term":[{"taxonomy":"category","embeddable":true,"href":"https:\/\/www.visit-ulcinj.com\/blog\/wp-json\/wp\/v2\/categories?post=32242"},{"taxonomy":"post_tag","embeddable":true,"href":"https:\/\/www.visit-ulcinj.com\/blog\/wp-json\/wp\/v2\/tags?post=32242"}],"curies":[{"name":"wp","href":"https:\/\/api.w.org\/{rel}","templated":true}]}}