{"id":32247,"date":"2010-04-20T19:46:06","date_gmt":"2010-04-20T17:46:06","guid":{"rendered":"http:\/\/www.visit-ulcinj.com\/blog\/?p=32247"},"modified":"2010-04-20T19:46:06","modified_gmt":"2010-04-20T17:46:06","slug":"shqiptaret-ne-mal-te-zi-nuk-merren-vesh-per-zgjedhjet-e-ardhshme-lokale","status":"publish","type":"post","link":"https:\/\/www.visit-ulcinj.com\/blog\/2010\/04\/20\/shqiptaret-ne-mal-te-zi-nuk-merren-vesh-per-zgjedhjet-e-ardhshme-lokale\/","title":{"rendered":"Shqiptar\u00ebt n\u00eb Mal t\u00eb Zi nuk merren vesh p\u00ebr zgjedhjet e ardhshme lokale"},"content":{"rendered":"<p><a href=\"http:\/\/www.visit-ulcinj.com\/blog\/wp-content\/uploads\/2009\/04\/koalicioni-shqiptar-ne-mal-te-zi2.jpg\"><img loading=\"lazy\" class=\"alignleft size-full wp-image-17004\" title=\"koalicioni-shqiptar-ne-mal-te-zi2\" src=\"http:\/\/www.visit-ulcinj.com\/blog\/wp-content\/uploads\/2009\/04\/koalicioni-shqiptar-ne-mal-te-zi2.jpg\" alt=\"koalicioni-shqiptar-ne-mal-te-zi2\" width=\"397\" height=\"549\" srcset=\"https:\/\/www.visit-ulcinj.com\/blog\/wp-content\/uploads\/2009\/04\/koalicioni-shqiptar-ne-mal-te-zi2.jpg 415w, https:\/\/www.visit-ulcinj.com\/blog\/wp-content\/uploads\/2009\/04\/koalicioni-shqiptar-ne-mal-te-zi2-217x300.jpg 217w\" sizes=\"(max-width: 397px) 100vw, 397px\" \/><\/a>Ulqin, 20 prill &#8211; Derisa Unioni Demokratik i Shqiptar\u00ebve \/UDSH\/, tashm\u00eb \u00ebsht\u00eb i sigurt se n\u00eb dy komunat me shumic\u00eb shqiptare, Ulqin e Tuz, do t\u00eb dal\u00eb n\u00eb zgjedhjet lokale t\u00eb 23 majit me Partin\u00eb Demokratike t\u00eb Socialist\u00ebve \/PDS\/, partit\u00eb tjera shqiptare kan\u00eb mbetur n\u00eb nj\u00eb udh\u00ebkryq p\u00ebr sa i p\u00ebrket koalicioneve p\u00ebr k\u00ebto zgjedhje.<br \/>\nUnioni Demokratik i Shqiptar\u00ebve \/UDSH\/ tashm\u00eb dihet se n\u00eb dy komunat me shumic\u00eb shqiptare, Ulqin e Tuz, do t\u00eb dal\u00eb n\u00eb zgjedhje me Partin\u00eb Demokratike t\u00eb Socialist\u00ebve \/PDS\/. P\u00ebr t\u00eb pranuar k\u00ebt\u00eb koalicion UDSH ka k\u00ebrkuar nga socialist\u00ebt e Gjukanoviqit p\u00ebrkrahjen p\u00ebr referendumin mbi statusin e Komun\u00ebs s\u00eb plot\u00eb t\u00eb Tuzit.<br \/>\nNd\u00ebrkaq, partit\u00eb tjera shqiptare kan\u00eb mbetur n\u00eb nj\u00eb udh\u00ebkryq p\u00ebr sa i p\u00ebrket koalicioneve p\u00ebr k\u00ebto zgjedhje.<br \/>\nKryetari i subjekti politik parlamentar, Iniciativ\u00ebs Qytetare t\u00eb Mal\u00ebsis\u00eb, Vasel Sinishtaj deklaroi dit\u00ebn e mart\u00eb p\u00ebr KosovaLive se gjat\u00eb dy dit\u00ebve t\u00eb ardhshme duhet t\u00eb p\u00ebrfundohen negociatat me dy simotrat tjera shqiptare, Lidhjen Demokratike n\u00eb Mal t\u00eb Zi, dega n\u00eb Mal\u00ebsi dhe me Alternativ\u00ebn Shqiptare. Sinishtaj thot\u00eb se subjekti i tij dy partive tjera u ka b\u00ebr\u00eb ofert\u00ebn, sipas tij, m\u00eb t\u00eb favorshme.<br \/>\nNd\u00ebrkaq, LD n\u00eb MZ, dega n\u00eb Mal\u00ebsi, n\u00eb fundjav\u00ebn e kaluar u ka d\u00ebrguar ftes\u00eb p\u00ebr koalicion partive shqiptare. Jo zyrtarisht m\u00ebsojm\u00eb se UDSH ka sugjeruar q\u00eb t\u00eb bashkohen me t\u00eb edhe t\u00eb hyjn\u00eb n\u00eb koalicion me PDS-n\u00eb.<br \/>\nSocialdemokrat\u00ebt e Ulqinit, p\u00ebrfundimisht jan\u00eb p\u00ebrcaktuar q\u00eb t\u00eb shkojn\u00eb vet\u00ebm n\u00eb zgjedhje, duke u shk\u00ebputur nga koalicioni \u201cP\u00ebr Ulqinin evropian\u201d me UDSH-n\u00eb dhe PDS-n\u00eb q\u00eb ka ekzistuar gjat\u00eb mandatit t\u00eb kaluar vendor.<br \/>\nGjendja m\u00eb e r\u00ebnduar e subjekteve politike shqiptare del ajo n\u00eb An\u00eb t\u00eb Malit. Dega e LD n\u00eb MZ, Aleanca e Re dhe Bashkimi Demokratik tash disa dit\u00eb radhazi po zhvillojn\u00eb negociata, por pa sukses, p\u00ebr nj\u00eb list\u00eb t\u00eb p\u00ebrbashk\u00ebt zgjedhore p\u00ebr zgjedhjet e 23 majit.<br \/>\nKosovaLive m\u00ebson se Aleanca e Re n\u00eb asnj\u00eb m\u00ebnyr\u00eb nuk pranon t\u00eb p\u00ebrfshihet n\u00eb k\u00ebto negociata, por kjo thuhet edhe p\u00ebr Deg\u00ebn e LD n\u00eb MZ n\u00eb Ulqin. Kjo pa dyshim ka futur huti t\u00eb madhe te elektorati shqiptar n\u00eb komun\u00ebn e Ulqinit.<\/p>\n<p><strong>Koha Net<br \/>\n<\/strong>[flv width=&#8221;580&#8243;   height=&#8221;400&#8243;]http:\/\/forca.me\/images\/stories\/videos\/shqip_1.flv[\/flv]<\/p>\n","protected":false},"excerpt":{"rendered":"<p>Ulqin, 20 prill &#8211; Derisa Unioni Demokratik i Shqiptar\u00ebve \/UDSH\/, tashm\u00eb \u00ebsht\u00eb i sigurt se n\u00eb dy komunat me shumic\u00eb shqiptare, Ulqin e Tuz, do t\u00eb dal\u00eb n\u00eb zgjedhjet lokale t\u00eb 23 majit me Partin\u00eb Demokratike t\u00eb Socialist\u00ebve \/PDS\/, partit\u00eb tjera shqiptare kan\u00eb mbetur n\u00eb nj\u00eb udh\u00ebkryq p\u00ebr sa i p\u00ebrket koalicioneve p\u00ebr k\u00ebto zgjedhje. [&hellip;]<\/p>\n","protected":false},"author":1,"featured_media":0,"comment_status":"open","ping_status":"closed","sticky":false,"template":"","format":"standard","meta":{"spay_email":"","jetpack_publicize_message":"","jetpack_is_tweetstorm":false,"jetpack_publicize_feature_enabled":true},"categories":[14],"tags":[496,2450,200],"jetpack_publicize_connections":[],"yoast_head":"<!-- This site is optimized with the Yoast SEO plugin v19.1 - https:\/\/yoast.com\/wordpress\/plugins\/seo\/ -->\n<title>Shqiptar\u00ebt n\u00eb Mal t\u00eb Zi nuk merren vesh p\u00ebr zgjedhjet e ardhshme lokale - Lajme nga Ulqini<\/title>\n<meta name=\"description\" content=\"Ulqin, 20 prill - Derisa Unioni Demokratik i Shqiptar\u00ebve \/UDSH\/, tashm\u00eb \u00ebsht\u00eb i sigurt se n\u00eb dy komunat me shumic\u00eb shqiptare, Ulqin e Tuz, do t\u00eb dal\u00eb n\u00eb\" \/>\n<meta name=\"robots\" content=\"index, follow, max-snippet:-1, max-image-preview:large, max-video-preview:-1\" \/>\n<link rel=\"canonical\" href=\"https:\/\/www.visit-ulcinj.com\/blog\/2010\/04\/20\/shqiptaret-ne-mal-te-zi-nuk-merren-vesh-per-zgjedhjet-e-ardhshme-lokale\/\" \/>\n<meta property=\"og:locale\" content=\"en_US\" \/>\n<meta property=\"og:type\" content=\"article\" \/>\n<meta property=\"og:title\" content=\"Shqiptar\u00ebt n\u00eb Mal t\u00eb Zi nuk merren vesh p\u00ebr zgjedhjet e ardhshme lokale - Lajme nga Ulqini\" \/>\n<meta property=\"og:description\" content=\"Ulqin, 20 prill - Derisa Unioni Demokratik i Shqiptar\u00ebve \/UDSH\/, tashm\u00eb \u00ebsht\u00eb i sigurt se n\u00eb dy komunat me shumic\u00eb shqiptare, Ulqin e Tuz, do t\u00eb dal\u00eb n\u00eb\" \/>\n<meta property=\"og:url\" content=\"https:\/\/www.visit-ulcinj.com\/blog\/2010\/04\/20\/shqiptaret-ne-mal-te-zi-nuk-merren-vesh-per-zgjedhjet-e-ardhshme-lokale\/\" \/>\n<meta property=\"og:site_name\" content=\"Lajme nga Ulqini\" \/>\n<meta property=\"article:published_time\" content=\"2010-04-20T17:46:06+00:00\" \/>\n<meta property=\"og:image\" content=\"http:\/\/www.visit-ulcinj.com\/blog\/wp-content\/uploads\/2009\/04\/koalicioni-shqiptar-ne-mal-te-zi2.jpg\" \/>\n<meta name=\"twitter:label1\" content=\"Written by\" \/>\n\t<meta name=\"twitter:data1\" content=\"ulqini\" \/>\n\t<meta name=\"twitter:label2\" content=\"Est. reading time\" \/>\n\t<meta name=\"twitter:data2\" content=\"2 minutes\" \/>\n<script type=\"application\/ld+json\" class=\"yoast-schema-graph\">{\"@context\":\"https:\/\/schema.org\",\"@graph\":[{\"@type\":\"WebSite\",\"@id\":\"https:\/\/www.visit-ulcinj.com\/blog\/#website\",\"url\":\"https:\/\/www.visit-ulcinj.com\/blog\/\",\"name\":\"Lajme nga Ulqini\",\"description\":\"Lajme,Vijesti,Ulqini,Ulqin,Crna Gora,Mali i Zi\",\"potentialAction\":[{\"@type\":\"SearchAction\",\"target\":{\"@type\":\"EntryPoint\",\"urlTemplate\":\"https:\/\/www.visit-ulcinj.com\/blog\/?s={search_term_string}\"},\"query-input\":\"required name=search_term_string\"}],\"inLanguage\":\"en-US\"},{\"@type\":\"ImageObject\",\"inLanguage\":\"en-US\",\"@id\":\"https:\/\/www.visit-ulcinj.com\/blog\/2010\/04\/20\/shqiptaret-ne-mal-te-zi-nuk-merren-vesh-per-zgjedhjet-e-ardhshme-lokale\/#primaryimage\",\"url\":\"https:\/\/www.visit-ulcinj.com\/blog\/wp-content\/uploads\/2009\/04\/koalicioni-shqiptar-ne-mal-te-zi2.jpg\",\"contentUrl\":\"https:\/\/www.visit-ulcinj.com\/blog\/wp-content\/uploads\/2009\/04\/koalicioni-shqiptar-ne-mal-te-zi2.jpg\",\"width\":\"415\",\"height\":\"573\"},{\"@type\":\"WebPage\",\"@id\":\"https:\/\/www.visit-ulcinj.com\/blog\/2010\/04\/20\/shqiptaret-ne-mal-te-zi-nuk-merren-vesh-per-zgjedhjet-e-ardhshme-lokale\/#webpage\",\"url\":\"https:\/\/www.visit-ulcinj.com\/blog\/2010\/04\/20\/shqiptaret-ne-mal-te-zi-nuk-merren-vesh-per-zgjedhjet-e-ardhshme-lokale\/\",\"name\":\"Shqiptar\u00ebt n\u00eb Mal t\u00eb Zi nuk merren vesh p\u00ebr zgjedhjet e ardhshme lokale - Lajme nga Ulqini\",\"isPartOf\":{\"@id\":\"https:\/\/www.visit-ulcinj.com\/blog\/#website\"},\"primaryImageOfPage\":{\"@id\":\"https:\/\/www.visit-ulcinj.com\/blog\/2010\/04\/20\/shqiptaret-ne-mal-te-zi-nuk-merren-vesh-per-zgjedhjet-e-ardhshme-lokale\/#primaryimage\"},\"datePublished\":\"2010-04-20T17:46:06+00:00\",\"dateModified\":\"2010-04-20T17:46:06+00:00\",\"author\":{\"@id\":\"https:\/\/www.visit-ulcinj.com\/blog\/#\/schema\/person\/dcab619c614d3038751c63bc2aadc06d\"},\"description\":\"Ulqin, 20 prill - Derisa Unioni Demokratik i Shqiptar\u00ebve \/UDSH\/, tashm\u00eb \u00ebsht\u00eb i sigurt se n\u00eb dy komunat me shumic\u00eb shqiptare, Ulqin e Tuz, do t\u00eb dal\u00eb n\u00eb\",\"breadcrumb\":{\"@id\":\"https:\/\/www.visit-ulcinj.com\/blog\/2010\/04\/20\/shqiptaret-ne-mal-te-zi-nuk-merren-vesh-per-zgjedhjet-e-ardhshme-lokale\/#breadcrumb\"},\"inLanguage\":\"en-US\",\"potentialAction\":[{\"@type\":\"ReadAction\",\"target\":[\"https:\/\/www.visit-ulcinj.com\/blog\/2010\/04\/20\/shqiptaret-ne-mal-te-zi-nuk-merren-vesh-per-zgjedhjet-e-ardhshme-lokale\/\"]}]},{\"@type\":\"BreadcrumbList\",\"@id\":\"https:\/\/www.visit-ulcinj.com\/blog\/2010\/04\/20\/shqiptaret-ne-mal-te-zi-nuk-merren-vesh-per-zgjedhjet-e-ardhshme-lokale\/#breadcrumb\",\"itemListElement\":[{\"@type\":\"ListItem\",\"position\":1,\"name\":\"Shqiptar\u00ebt n\u00eb Mal t\u00eb Zi nuk merren vesh p\u00ebr zgjedhjet e ardhshme lokale\"}]},{\"@type\":\"Person\",\"@id\":\"https:\/\/www.visit-ulcinj.com\/blog\/#\/schema\/person\/dcab619c614d3038751c63bc2aadc06d\",\"name\":\"ulqini\",\"sameAs\":[\"http:\/\/www.visit-ulcinj.com\"],\"url\":\"https:\/\/www.visit-ulcinj.com\/blog\/author\/admin\/\"}]}<\/script>\n<!-- \/ Yoast SEO plugin. -->","yoast_head_json":{"title":"Shqiptar\u00ebt n\u00eb Mal t\u00eb Zi nuk merren vesh p\u00ebr zgjedhjet e ardhshme lokale - Lajme nga Ulqini","description":"Ulqin, 20 prill - Derisa Unioni Demokratik i Shqiptar\u00ebve \/UDSH\/, tashm\u00eb \u00ebsht\u00eb i sigurt se n\u00eb dy komunat me shumic\u00eb shqiptare, Ulqin e Tuz, do t\u00eb dal\u00eb n\u00eb","robots":{"index":"index","follow":"follow","max-snippet":"max-snippet:-1","max-image-preview":"max-image-preview:large","max-video-preview":"max-video-preview:-1"},"canonical":"https:\/\/www.visit-ulcinj.com\/blog\/2010\/04\/20\/shqiptaret-ne-mal-te-zi-nuk-merren-vesh-per-zgjedhjet-e-ardhshme-lokale\/","og_locale":"en_US","og_type":"article","og_title":"Shqiptar\u00ebt n\u00eb Mal t\u00eb Zi nuk merren vesh p\u00ebr zgjedhjet e ardhshme lokale - Lajme nga Ulqini","og_description":"Ulqin, 20 prill - Derisa Unioni Demokratik i Shqiptar\u00ebve \/UDSH\/, tashm\u00eb \u00ebsht\u00eb i sigurt se n\u00eb dy komunat me shumic\u00eb shqiptare, Ulqin e Tuz, do t\u00eb dal\u00eb n\u00eb","og_url":"https:\/\/www.visit-ulcinj.com\/blog\/2010\/04\/20\/shqiptaret-ne-mal-te-zi-nuk-merren-vesh-per-zgjedhjet-e-ardhshme-lokale\/","og_site_name":"Lajme nga Ulqini","article_published_time":"2010-04-20T17:46:06+00:00","og_image":[{"url":"http:\/\/www.visit-ulcinj.com\/blog\/wp-content\/uploads\/2009\/04\/koalicioni-shqiptar-ne-mal-te-zi2.jpg"}],"twitter_misc":{"Written by":"ulqini","Est. reading time":"2 minutes"},"schema":{"@context":"https:\/\/schema.org","@graph":[{"@type":"WebSite","@id":"https:\/\/www.visit-ulcinj.com\/blog\/#website","url":"https:\/\/www.visit-ulcinj.com\/blog\/","name":"Lajme nga Ulqini","description":"Lajme,Vijesti,Ulqini,Ulqin,Crna Gora,Mali i Zi","potentialAction":[{"@type":"SearchAction","target":{"@type":"EntryPoint","urlTemplate":"https:\/\/www.visit-ulcinj.com\/blog\/?s={search_term_string}"},"query-input":"required name=search_term_string"}],"inLanguage":"en-US"},{"@type":"ImageObject","inLanguage":"en-US","@id":"https:\/\/www.visit-ulcinj.com\/blog\/2010\/04\/20\/shqiptaret-ne-mal-te-zi-nuk-merren-vesh-per-zgjedhjet-e-ardhshme-lokale\/#primaryimage","url":"https:\/\/www.visit-ulcinj.com\/blog\/wp-content\/uploads\/2009\/04\/koalicioni-shqiptar-ne-mal-te-zi2.jpg","contentUrl":"https:\/\/www.visit-ulcinj.com\/blog\/wp-content\/uploads\/2009\/04\/koalicioni-shqiptar-ne-mal-te-zi2.jpg","width":"415","height":"573"},{"@type":"WebPage","@id":"https:\/\/www.visit-ulcinj.com\/blog\/2010\/04\/20\/shqiptaret-ne-mal-te-zi-nuk-merren-vesh-per-zgjedhjet-e-ardhshme-lokale\/#webpage","url":"https:\/\/www.visit-ulcinj.com\/blog\/2010\/04\/20\/shqiptaret-ne-mal-te-zi-nuk-merren-vesh-per-zgjedhjet-e-ardhshme-lokale\/","name":"Shqiptar\u00ebt n\u00eb Mal t\u00eb Zi nuk merren vesh p\u00ebr zgjedhjet e ardhshme lokale - Lajme nga Ulqini","isPartOf":{"@id":"https:\/\/www.visit-ulcinj.com\/blog\/#website"},"primaryImageOfPage":{"@id":"https:\/\/www.visit-ulcinj.com\/blog\/2010\/04\/20\/shqiptaret-ne-mal-te-zi-nuk-merren-vesh-per-zgjedhjet-e-ardhshme-lokale\/#primaryimage"},"datePublished":"2010-04-20T17:46:06+00:00","dateModified":"2010-04-20T17:46:06+00:00","author":{"@id":"https:\/\/www.visit-ulcinj.com\/blog\/#\/schema\/person\/dcab619c614d3038751c63bc2aadc06d"},"description":"Ulqin, 20 prill - Derisa Unioni Demokratik i Shqiptar\u00ebve \/UDSH\/, tashm\u00eb \u00ebsht\u00eb i sigurt se n\u00eb dy komunat me shumic\u00eb shqiptare, Ulqin e Tuz, do t\u00eb dal\u00eb n\u00eb","breadcrumb":{"@id":"https:\/\/www.visit-ulcinj.com\/blog\/2010\/04\/20\/shqiptaret-ne-mal-te-zi-nuk-merren-vesh-per-zgjedhjet-e-ardhshme-lokale\/#breadcrumb"},"inLanguage":"en-US","potentialAction":[{"@type":"ReadAction","target":["https:\/\/www.visit-ulcinj.com\/blog\/2010\/04\/20\/shqiptaret-ne-mal-te-zi-nuk-merren-vesh-per-zgjedhjet-e-ardhshme-lokale\/"]}]},{"@type":"BreadcrumbList","@id":"https:\/\/www.visit-ulcinj.com\/blog\/2010\/04\/20\/shqiptaret-ne-mal-te-zi-nuk-merren-vesh-per-zgjedhjet-e-ardhshme-lokale\/#breadcrumb","itemListElement":[{"@type":"ListItem","position":1,"name":"Shqiptar\u00ebt n\u00eb Mal t\u00eb Zi nuk merren vesh p\u00ebr zgjedhjet e ardhshme lokale"}]},{"@type":"Person","@id":"https:\/\/www.visit-ulcinj.com\/blog\/#\/schema\/person\/dcab619c614d3038751c63bc2aadc06d","name":"ulqini","sameAs":["http:\/\/www.visit-ulcinj.com"],"url":"https:\/\/www.visit-ulcinj.com\/blog\/author\/admin\/"}]}},"jetpack_featured_media_url":"","jetpack_sharing_enabled":true,"jetpack_shortlink":"https:\/\/wp.me\/pe6lTn-8o7","_links":{"self":[{"href":"https:\/\/www.visit-ulcinj.com\/blog\/wp-json\/wp\/v2\/posts\/32247"}],"collection":[{"href":"https:\/\/www.visit-ulcinj.com\/blog\/wp-json\/wp\/v2\/posts"}],"about":[{"href":"https:\/\/www.visit-ulcinj.com\/blog\/wp-json\/wp\/v2\/types\/post"}],"author":[{"embeddable":true,"href":"https:\/\/www.visit-ulcinj.com\/blog\/wp-json\/wp\/v2\/users\/1"}],"replies":[{"embeddable":true,"href":"https:\/\/www.visit-ulcinj.com\/blog\/wp-json\/wp\/v2\/comments?post=32247"}],"version-history":[{"count":0,"href":"https:\/\/www.visit-ulcinj.com\/blog\/wp-json\/wp\/v2\/posts\/32247\/revisions"}],"wp:attachment":[{"href":"https:\/\/www.visit-ulcinj.com\/blog\/wp-json\/wp\/v2\/media?parent=32247"}],"wp:term":[{"taxonomy":"category","embeddable":true,"href":"https:\/\/www.visit-ulcinj.com\/blog\/wp-json\/wp\/v2\/categories?post=32247"},{"taxonomy":"post_tag","embeddable":true,"href":"https:\/\/www.visit-ulcinj.com\/blog\/wp-json\/wp\/v2\/tags?post=32247"}],"curies":[{"name":"wp","href":"https:\/\/api.w.org\/{rel}","templated":true}]}}