{"id":32254,"date":"2010-04-20T20:31:23","date_gmt":"2010-04-20T18:31:23","guid":{"rendered":"http:\/\/www.visit-ulcinj.com\/blog\/?p=32254"},"modified":"2010-04-20T20:31:23","modified_gmt":"2010-04-20T18:31:23","slug":"dolce-nora","status":"publish","type":"post","link":"https:\/\/www.visit-ulcinj.com\/blog\/2010\/04\/20\/dolce-nora\/","title":{"rendered":"&#8216;Dolce&#8217; Nora"},"content":{"rendered":"<p><a href=\"http:\/\/www.visit-ulcinj.com\/blog\/wp-content\/uploads\/2010\/04\/Nora-Istrefi.jpg\"><img loading=\"lazy\" class=\"alignleft size-full wp-image-32255\" title=\"Nora Istrefi\" src=\"http:\/\/www.visit-ulcinj.com\/blog\/wp-content\/uploads\/2010\/04\/Nora-Istrefi.jpg\" alt=\"Nora Istrefi\" width=\"580\" height=\"347\" \/><\/a>Ajo \u00ebsht\u00eb nj\u00ebra prej k\u00ebng\u00ebtareve m\u00eb t\u00eb njohura n\u00eb Kosov\u00eb. Ka realizuar  shum\u00eb hite, nd\u00ebrkaq vazhdon fejes\u00ebn e saj maratonike me Robertin, t\u00eb  cil\u00ebn thot\u00eb se \u00ebsht\u00eb e sigurt q\u00eb do ta kuror\u00ebzoj\u00eb me martes\u00eb. Nuk e  pengojn\u00eb shum\u00eb thashethemet p\u00ebr jet\u00ebn e saj private, nd\u00ebrkaq thot\u00eb se ka  arritur mjaft p\u00ebr k\u00ebto vite t\u00eb karrier\u00ebs. P\u00ebr t\u00eb tjerat, Nora flet vet\u00eb  p\u00ebr Roz\u00eb&#8230;<\/p>\n<p><span style=\"font-weight: bold;\">Si nj\u00eb k\u00ebng\u00ebtare e  arritur, a ju mungon jeta private, apo merreni vet\u00ebm me jet\u00ebn artistike?<\/span><\/p>\n<p><span style=\"font-style: italic;\">E dua shum\u00eb jet\u00ebn artistike, v\u00ebrtet, por  p\u00ebr mua ka m\u00eb shum\u00eb r\u00ebnd\u00ebsi jeta private dhe mundohem mos ta l\u00eb anash.  Prandaj jam m\u00eb shum\u00eb e koncentruar n\u00eb jet\u00ebn private dhe i jap m\u00eb shum\u00eb  p\u00ebrpar\u00ebsi asaj.<\/span><br style=\"font-style: italic;\" \/><br \/>\n<span style=\"font-weight: bold;\">Cila \u00ebsht\u00eb dita jote nga m\u00ebngjesi deri n\u00eb  mbr\u00ebmje?<\/span><\/p>\n<p><span style=\"font-style: italic;\">Nuk kam ndonj\u00eb  obligim t\u00eb caktuar. Ritualet e mia fillojn\u00eb qysh n\u00eb or\u00ebn 10 t\u00eb m\u00ebngjesit  dhe dita ime vazhdon sipas obligimeve q\u00eb kam. Gjithmon\u00eb i l\u00eb p\u00ebrpar\u00ebsi  pun\u00ebs.<\/span><br style=\"font-style: italic;\" \/><br \/>\n<span style=\"font-weight: bold;\">A mund t\u00eb na tregoni, a jeni e k\u00ebnaqur me  k\u00ebt\u00eb q\u00eb keni arritur n\u00eb veprimtarin\u00eb artistike?<\/span><br style=\"font-weight: bold;\" \/><br \/>\n<span style=\"font-style: italic;\">Gjithsesi  q\u00eb jam shum\u00eb e k\u00ebnaqur me k\u00ebt\u00eb q\u00eb kam arritur deri tash, por mendoj t\u00eb  jap edhe m\u00eb shum\u00eb n\u00eb veprimtarin\u00eb artistike. Un\u00eb e cil\u00ebsoj se kam  arritur n\u00eb nj\u00eb p\u00ebrqindje t\u00eb madhe, por normalisht q\u00eb dua ende m\u00eb shum\u00eb.<\/span><\/p>\n<p><span style=\"font-weight: bold;\">Cilat jan\u00eb projektet e ardhshme t\u00eb Nor\u00ebs?<\/span><\/p>\n<p><span style=\"font-style: italic;\">Tashm\u00eb kam realizuar nj\u00eb k\u00ebng\u00eb t\u00eb re dhe  \u00ebsht\u00eb realizuar edhe klipi i saj , dhe s\u00eb shpejti do t\u00eb l\u00ebshohet n\u00eb  media tona.<\/span><\/p>\n<p><span style=\"font-weight: bold;\">A planifikoni  t\u00eb editoni nj\u00eb album t\u00eb ri ?<\/span><\/p>\n<p><span style=\"font-style: italic;\">K\u00ebt\u00eb vit do t\u00eb jem shum\u00eb m\u00eb aktive se vitin e kaluar. P\u00ebr album  nuk mendoj q\u00eb \u00ebsht\u00eb koha e duhur. Jam duke e praktikuar m\u00eb shum\u00eb t\u00eb  merrem me videoklipe. Mendoj q\u00eb \u00e7do tre muaj ta b\u00ebj nga nj\u00eb klip.<\/span><\/p>\n<p>Roz\u00eb:  Dit\u00eblindjen e festuat m\u00eb 25 mars. \u00c7far\u00eb planifikuat p\u00ebr dit\u00eblindje?<br \/>\nNora:  Jo ndonj\u00eb gj\u00eb t\u00eb madhe. Nj\u00eb dark\u00eb me familjen time dhe shoq\u00ebrin\u00eb time  do t\u00eb jet\u00eb nj\u00eb nat\u00eb m\u00eb ndryshe se net\u00ebve tjera.<\/p>\n<p><span style=\"font-weight: bold;\">Cila do t\u00eb ishte dhurata m\u00eb e mir\u00eb p\u00ebr k\u00ebt\u00eb  dit\u00eblindje?<\/span><\/p>\n<p><span style=\"font-style: italic;\">Nga Roberti  kam fituar nj\u00eb or\u00eb dore Dolce &amp; Gabanna. T\u00eb them t\u00eb drejt\u00ebn nuk jam e  fiksuar pas dhuratave, por befasit\u00eb jan\u00eb t\u00eb mir\u00ebseardhura.<\/span><br style=\"font-style: italic;\" \/><br \/>\n<span style=\"font-weight: bold;\">Ju jeni  e fejuar. A jeni duke planifikuar martes\u00eb p\u00ebr sivjet?<\/span><\/p>\n<p><span style=\"font-style: italic;\">P\u00ebr momentin nuk kam plane p\u00ebr martes\u00eb. Ne  jemi mir\u00eb k\u00ebshtu. Por, sigurisht q\u00eb dashuria jon\u00eb do t\u00eb kuror\u00ebzohet me  martes\u00eb.<\/span><\/p>\n<p><span style=\"font-weight: bold;\">N\u00eb fund, a \u00ebsht\u00eb  e v\u00ebrtet\u00eb q\u00eb do t\u00eb jeni pjes\u00eb e reality show &#8220;Shpija&#8221;?<\/span><\/p>\n<p><span style=\"font-style: italic;\">Un\u00eb kam marr\u00eb ftes\u00eb, por e kam refuzuar nga  obligimet q\u00eb kam, sepse nuk jam e gatshme t\u2019i anuloj koncertet q\u00eb i kam  planifikuar q\u00eb nj\u00eb koh\u00eb t\u00eb gjat\u00eb. Gjithashtu nuk e konsideroj vet\u00ebn t\u00eb  gatshme p\u00ebr nj\u00eb\u201dreality show\u201d.<\/span><\/p>\n<p><span style=\"font-weight: bold; font-style: italic;\">Express<br \/>\n<\/span><!--YouTube Error: bad URL entered--><\/p>\n","protected":false},"excerpt":{"rendered":"<p>Ajo \u00ebsht\u00eb nj\u00ebra prej k\u00ebng\u00ebtareve m\u00eb t\u00eb njohura n\u00eb Kosov\u00eb. Ka realizuar shum\u00eb hite, nd\u00ebrkaq vazhdon fejes\u00ebn e saj maratonike me Robertin, t\u00eb cil\u00ebn thot\u00eb se \u00ebsht\u00eb e sigurt q\u00eb do ta kuror\u00ebzoj\u00eb me martes\u00eb. Nuk e pengojn\u00eb shum\u00eb thashethemet p\u00ebr jet\u00ebn e saj private, nd\u00ebrkaq thot\u00eb se ka arritur mjaft p\u00ebr k\u00ebto vite t\u00eb [&hellip;]<\/p>\n","protected":false},"author":1,"featured_media":0,"comment_status":"open","ping_status":"closed","sticky":false,"template":"","format":"standard","meta":{"spay_email":"","jetpack_publicize_message":"","jetpack_is_tweetstorm":false,"jetpack_publicize_feature_enabled":true},"categories":[1],"tags":[5751],"jetpack_publicize_connections":[],"yoast_head":"<!-- This site is optimized with the Yoast SEO plugin v19.1 - https:\/\/yoast.com\/wordpress\/plugins\/seo\/ -->\n<title>&#039;Dolce&#039; Nora - Lajme nga Ulqini<\/title>\n<meta name=\"description\" content=\"Ajo \u00ebsht\u00eb nj\u00ebra prej k\u00ebng\u00ebtareve m\u00eb t\u00eb njohura n\u00eb Kosov\u00eb. Ka realizuar shum\u00eb hite, nd\u00ebrkaq vazhdon fejes\u00ebn e saj maratonike me Robertin, t\u00eb cil\u00ebn thot\u00eb se\" \/>\n<meta name=\"robots\" content=\"index, follow, max-snippet:-1, max-image-preview:large, max-video-preview:-1\" \/>\n<link rel=\"canonical\" href=\"https:\/\/www.visit-ulcinj.com\/blog\/2010\/04\/20\/dolce-nora\/\" \/>\n<meta property=\"og:locale\" content=\"en_US\" \/>\n<meta property=\"og:type\" content=\"article\" \/>\n<meta property=\"og:title\" content=\"&#039;Dolce&#039; Nora - Lajme nga Ulqini\" \/>\n<meta property=\"og:description\" content=\"Ajo \u00ebsht\u00eb nj\u00ebra prej k\u00ebng\u00ebtareve m\u00eb t\u00eb njohura n\u00eb Kosov\u00eb. Ka realizuar shum\u00eb hite, nd\u00ebrkaq vazhdon fejes\u00ebn e saj maratonike me Robertin, t\u00eb cil\u00ebn thot\u00eb se\" \/>\n<meta property=\"og:url\" content=\"https:\/\/www.visit-ulcinj.com\/blog\/2010\/04\/20\/dolce-nora\/\" \/>\n<meta property=\"og:site_name\" content=\"Lajme nga Ulqini\" \/>\n<meta property=\"article:published_time\" content=\"2010-04-20T18:31:23+00:00\" \/>\n<meta property=\"og:image\" content=\"http:\/\/www.visit-ulcinj.com\/blog\/wp-content\/uploads\/2010\/04\/Nora-Istrefi.jpg\" \/>\n<meta name=\"twitter:label1\" content=\"Written by\" \/>\n\t<meta name=\"twitter:data1\" content=\"ulqini\" \/>\n\t<meta name=\"twitter:label2\" content=\"Est. reading time\" \/>\n\t<meta name=\"twitter:data2\" content=\"3 minutes\" \/>\n<script type=\"application\/ld+json\" class=\"yoast-schema-graph\">{\"@context\":\"https:\/\/schema.org\",\"@graph\":[{\"@type\":\"WebSite\",\"@id\":\"https:\/\/www.visit-ulcinj.com\/blog\/#website\",\"url\":\"https:\/\/www.visit-ulcinj.com\/blog\/\",\"name\":\"Lajme nga Ulqini\",\"description\":\"Lajme,Vijesti,Ulqini,Ulqin,Crna Gora,Mali i Zi\",\"potentialAction\":[{\"@type\":\"SearchAction\",\"target\":{\"@type\":\"EntryPoint\",\"urlTemplate\":\"https:\/\/www.visit-ulcinj.com\/blog\/?s={search_term_string}\"},\"query-input\":\"required name=search_term_string\"}],\"inLanguage\":\"en-US\"},{\"@type\":\"ImageObject\",\"inLanguage\":\"en-US\",\"@id\":\"https:\/\/www.visit-ulcinj.com\/blog\/2010\/04\/20\/dolce-nora\/#primaryimage\",\"url\":\"http:\/\/www.visit-ulcinj.com\/blog\/wp-content\/uploads\/2010\/04\/Nora-Istrefi.jpg\",\"contentUrl\":\"http:\/\/www.visit-ulcinj.com\/blog\/wp-content\/uploads\/2010\/04\/Nora-Istrefi.jpg\"},{\"@type\":\"WebPage\",\"@id\":\"https:\/\/www.visit-ulcinj.com\/blog\/2010\/04\/20\/dolce-nora\/#webpage\",\"url\":\"https:\/\/www.visit-ulcinj.com\/blog\/2010\/04\/20\/dolce-nora\/\",\"name\":\"'Dolce' Nora - Lajme nga Ulqini\",\"isPartOf\":{\"@id\":\"https:\/\/www.visit-ulcinj.com\/blog\/#website\"},\"primaryImageOfPage\":{\"@id\":\"https:\/\/www.visit-ulcinj.com\/blog\/2010\/04\/20\/dolce-nora\/#primaryimage\"},\"datePublished\":\"2010-04-20T18:31:23+00:00\",\"dateModified\":\"2010-04-20T18:31:23+00:00\",\"author\":{\"@id\":\"https:\/\/www.visit-ulcinj.com\/blog\/#\/schema\/person\/dcab619c614d3038751c63bc2aadc06d\"},\"description\":\"Ajo \u00ebsht\u00eb nj\u00ebra prej k\u00ebng\u00ebtareve m\u00eb t\u00eb njohura n\u00eb Kosov\u00eb. Ka realizuar shum\u00eb hite, nd\u00ebrkaq vazhdon fejes\u00ebn e saj maratonike me Robertin, t\u00eb cil\u00ebn thot\u00eb se\",\"breadcrumb\":{\"@id\":\"https:\/\/www.visit-ulcinj.com\/blog\/2010\/04\/20\/dolce-nora\/#breadcrumb\"},\"inLanguage\":\"en-US\",\"potentialAction\":[{\"@type\":\"ReadAction\",\"target\":[\"https:\/\/www.visit-ulcinj.com\/blog\/2010\/04\/20\/dolce-nora\/\"]}]},{\"@type\":\"BreadcrumbList\",\"@id\":\"https:\/\/www.visit-ulcinj.com\/blog\/2010\/04\/20\/dolce-nora\/#breadcrumb\",\"itemListElement\":[{\"@type\":\"ListItem\",\"position\":1,\"name\":\"&#8216;Dolce&#8217; Nora\"}]},{\"@type\":\"Person\",\"@id\":\"https:\/\/www.visit-ulcinj.com\/blog\/#\/schema\/person\/dcab619c614d3038751c63bc2aadc06d\",\"name\":\"ulqini\",\"sameAs\":[\"http:\/\/www.visit-ulcinj.com\"],\"url\":\"https:\/\/www.visit-ulcinj.com\/blog\/author\/admin\/\"}]}<\/script>\n<!-- \/ Yoast SEO plugin. -->","yoast_head_json":{"title":"'Dolce' Nora - Lajme nga Ulqini","description":"Ajo \u00ebsht\u00eb nj\u00ebra prej k\u00ebng\u00ebtareve m\u00eb t\u00eb njohura n\u00eb Kosov\u00eb. Ka realizuar shum\u00eb hite, nd\u00ebrkaq vazhdon fejes\u00ebn e saj maratonike me Robertin, t\u00eb cil\u00ebn thot\u00eb se","robots":{"index":"index","follow":"follow","max-snippet":"max-snippet:-1","max-image-preview":"max-image-preview:large","max-video-preview":"max-video-preview:-1"},"canonical":"https:\/\/www.visit-ulcinj.com\/blog\/2010\/04\/20\/dolce-nora\/","og_locale":"en_US","og_type":"article","og_title":"'Dolce' Nora - Lajme nga Ulqini","og_description":"Ajo \u00ebsht\u00eb nj\u00ebra prej k\u00ebng\u00ebtareve m\u00eb t\u00eb njohura n\u00eb Kosov\u00eb. Ka realizuar shum\u00eb hite, nd\u00ebrkaq vazhdon fejes\u00ebn e saj maratonike me Robertin, t\u00eb cil\u00ebn thot\u00eb se","og_url":"https:\/\/www.visit-ulcinj.com\/blog\/2010\/04\/20\/dolce-nora\/","og_site_name":"Lajme nga Ulqini","article_published_time":"2010-04-20T18:31:23+00:00","og_image":[{"url":"http:\/\/www.visit-ulcinj.com\/blog\/wp-content\/uploads\/2010\/04\/Nora-Istrefi.jpg"}],"twitter_misc":{"Written by":"ulqini","Est. reading time":"3 minutes"},"schema":{"@context":"https:\/\/schema.org","@graph":[{"@type":"WebSite","@id":"https:\/\/www.visit-ulcinj.com\/blog\/#website","url":"https:\/\/www.visit-ulcinj.com\/blog\/","name":"Lajme nga Ulqini","description":"Lajme,Vijesti,Ulqini,Ulqin,Crna Gora,Mali i Zi","potentialAction":[{"@type":"SearchAction","target":{"@type":"EntryPoint","urlTemplate":"https:\/\/www.visit-ulcinj.com\/blog\/?s={search_term_string}"},"query-input":"required name=search_term_string"}],"inLanguage":"en-US"},{"@type":"ImageObject","inLanguage":"en-US","@id":"https:\/\/www.visit-ulcinj.com\/blog\/2010\/04\/20\/dolce-nora\/#primaryimage","url":"http:\/\/www.visit-ulcinj.com\/blog\/wp-content\/uploads\/2010\/04\/Nora-Istrefi.jpg","contentUrl":"http:\/\/www.visit-ulcinj.com\/blog\/wp-content\/uploads\/2010\/04\/Nora-Istrefi.jpg"},{"@type":"WebPage","@id":"https:\/\/www.visit-ulcinj.com\/blog\/2010\/04\/20\/dolce-nora\/#webpage","url":"https:\/\/www.visit-ulcinj.com\/blog\/2010\/04\/20\/dolce-nora\/","name":"'Dolce' Nora - Lajme nga Ulqini","isPartOf":{"@id":"https:\/\/www.visit-ulcinj.com\/blog\/#website"},"primaryImageOfPage":{"@id":"https:\/\/www.visit-ulcinj.com\/blog\/2010\/04\/20\/dolce-nora\/#primaryimage"},"datePublished":"2010-04-20T18:31:23+00:00","dateModified":"2010-04-20T18:31:23+00:00","author":{"@id":"https:\/\/www.visit-ulcinj.com\/blog\/#\/schema\/person\/dcab619c614d3038751c63bc2aadc06d"},"description":"Ajo \u00ebsht\u00eb nj\u00ebra prej k\u00ebng\u00ebtareve m\u00eb t\u00eb njohura n\u00eb Kosov\u00eb. Ka realizuar shum\u00eb hite, nd\u00ebrkaq vazhdon fejes\u00ebn e saj maratonike me Robertin, t\u00eb cil\u00ebn thot\u00eb se","breadcrumb":{"@id":"https:\/\/www.visit-ulcinj.com\/blog\/2010\/04\/20\/dolce-nora\/#breadcrumb"},"inLanguage":"en-US","potentialAction":[{"@type":"ReadAction","target":["https:\/\/www.visit-ulcinj.com\/blog\/2010\/04\/20\/dolce-nora\/"]}]},{"@type":"BreadcrumbList","@id":"https:\/\/www.visit-ulcinj.com\/blog\/2010\/04\/20\/dolce-nora\/#breadcrumb","itemListElement":[{"@type":"ListItem","position":1,"name":"&#8216;Dolce&#8217; Nora"}]},{"@type":"Person","@id":"https:\/\/www.visit-ulcinj.com\/blog\/#\/schema\/person\/dcab619c614d3038751c63bc2aadc06d","name":"ulqini","sameAs":["http:\/\/www.visit-ulcinj.com"],"url":"https:\/\/www.visit-ulcinj.com\/blog\/author\/admin\/"}]}},"jetpack_featured_media_url":"","jetpack_sharing_enabled":true,"jetpack_shortlink":"https:\/\/wp.me\/pe6lTn-8oe","_links":{"self":[{"href":"https:\/\/www.visit-ulcinj.com\/blog\/wp-json\/wp\/v2\/posts\/32254"}],"collection":[{"href":"https:\/\/www.visit-ulcinj.com\/blog\/wp-json\/wp\/v2\/posts"}],"about":[{"href":"https:\/\/www.visit-ulcinj.com\/blog\/wp-json\/wp\/v2\/types\/post"}],"author":[{"embeddable":true,"href":"https:\/\/www.visit-ulcinj.com\/blog\/wp-json\/wp\/v2\/users\/1"}],"replies":[{"embeddable":true,"href":"https:\/\/www.visit-ulcinj.com\/blog\/wp-json\/wp\/v2\/comments?post=32254"}],"version-history":[{"count":0,"href":"https:\/\/www.visit-ulcinj.com\/blog\/wp-json\/wp\/v2\/posts\/32254\/revisions"}],"wp:attachment":[{"href":"https:\/\/www.visit-ulcinj.com\/blog\/wp-json\/wp\/v2\/media?parent=32254"}],"wp:term":[{"taxonomy":"category","embeddable":true,"href":"https:\/\/www.visit-ulcinj.com\/blog\/wp-json\/wp\/v2\/categories?post=32254"},{"taxonomy":"post_tag","embeddable":true,"href":"https:\/\/www.visit-ulcinj.com\/blog\/wp-json\/wp\/v2\/tags?post=32254"}],"curies":[{"name":"wp","href":"https:\/\/api.w.org\/{rel}","templated":true}]}}