{"id":32258,"date":"2010-04-21T16:35:04","date_gmt":"2010-04-21T14:35:04","guid":{"rendered":"http:\/\/www.visit-ulcinj.com\/blog\/?p=32258"},"modified":"2010-04-22T09:17:22","modified_gmt":"2010-04-22T07:17:22","slug":"kumtese-per-opinion-i-shka-%e2%80%9czana%e2%80%9d","status":"publish","type":"post","link":"https:\/\/www.visit-ulcinj.com\/blog\/2010\/04\/21\/kumtese-per-opinion-i-shka-%e2%80%9czana%e2%80%9d\/","title":{"rendered":"Kumtes\u00eb  p\u00ebr opinion i SHKA \u201cZANA\u201d p\u00ebr 15 Vjetorin e Shoqat\u00ebs Kulturo Artistike &#8220;Zana&#8221;"},"content":{"rendered":"<p align=\"justify\"><span style=\"font-family: Arial; font-size: small;\"><a href=\"http:\/\/www.visit-ulcinj.com\/blog\/wp-content\/uploads\/2010\/04\/SHKA_ZANA_Rexhep-Abazi.jpg\"><\/a><a href=\"http:\/\/www.visit-ulcinj.com\/blog\/wp-content\/uploads\/2010\/04\/SHKA_ZANA_Rexhep-Abazi_10.jpg\"><img loading=\"lazy\" class=\"alignnone size-full wp-image-32269\" title=\"SHKA_ZANA_Rexhep Abazi_10\" src=\"http:\/\/www.visit-ulcinj.com\/blog\/wp-content\/uploads\/2010\/04\/SHKA_ZANA_Rexhep-Abazi_10.jpg\" alt=\"SHKA_ZANA_Rexhep Abazi_10\" width=\"580\" height=\"400\" \/><\/a>Me  rastin e k\u00ebtij\u00eb\u00a015 vjetorit Shoqata  Kulturo Artistike \u201eZana\u201c  organizon manifestimi madh solemn ne shtepin e  Kultur\u00ebs ne Ulqin me  29.04.2010. ne ora 20.00. <\/span><\/p>\n<p align=\"justify\"><span style=\"font-family: Arial; font-size: small;\">Nr. 01\/2010<\/span><\/p>\n<p align=\"justify\"><span style=\"font-family: Arial; font-size: small;\">N\u00eb\u00a0 pranver\u00eb\u00a0t\u00eb\u00a0vitit 1995 n\u00eb\u00a0Ulqin \u00ebsht\u00eb\u00a0themeluar  Shoqata kulturoro-artistike \u201cZANA\u201d. Ajo lindi si rezultat i dashuris\u00eb  dhe nevoj\u00ebs p\u00ebr ta ruajtur dhe kultivuar kultur\u00ebn dhe tradit\u00ebn ulqinake  dhe shqiptare.<\/span><\/p>\n<p align=\"justify\"><span style=\"font-family: Arial; font-size: small;\">ZANA  n\u00eb\u00a0k\u00ebt\u00eb\u00a0periudh\u00eb\u00a015-vje\u00e7are ka dhan\u00eb\u00a0me dhjet\u00ebra  koncerte n\u00eb\u00a0Ulqin dhe jasht\u00eb\u00a0vendit. Shfaqi programin vet  n\u00eb\u00a0festivale e n\u00eb\u00a0manifestime t\u00eb\u00a0ndryshme muzikore  n\u00eb\u00a0Tiran\u00eb, Preshev\u00eb, Sarajev\u00eb, Prishtin\u00eb, Elbasan &#8230; <\/span><\/p>\n<p align=\"justify\"><span style=\"font-family: Arial; font-size: small;\">Kjo shoqat\u00eb\u00a0denj\u00ebsisht  ia trego t\u00eb gjith\u00ebve fytyr\u00ebn e bukur t\u00eb Ulqinit!<\/span><\/p>\n<p align=\"justify\"><span style=\"font-family: Arial; font-size: small;\">ZANA  ishte iniciues i shum\u00eb aktiviteteve. U organizuan manifestimet popullore   \u201cT\u00eb gjith p\u00ebr turiz\u00ebm\u201d me q\u00ebllim t\u00eb p\u00ebrgatitjes sa m\u00eb t\u00eb  mir\u00eb t\u00eb qytetit p\u00ebr sezonin turistik. Mij\u00ebra qytetar\u00eb dhe me dhjet\u00ebra  shoqata, k\u00ebng\u00ebtar\u00eb dhe kllapa morr\u00ebn pjes\u00eb n\u00eb pastrimin e qytetit  dhe An\u00ebs s\u00eb Malit, n\u00eb programin kulturoro-artistik\u00eb dhe n\u00eb karneval. <\/span><\/p>\n<p align=\"justify\"><span style=\"font-family: Arial; font-size: small;\">N\u00eb\u00a0 fund t\u00eb\u00a0viteve t\u00eb\u00a090, ZANA p\u00ebr shkak luft\u00ebs n\u00eb\u00a0Kosov\u00eb,  praktikisht i nd\u00ebrpreu aktivitetet festive. Aktivistet e saj themeluan  Shoqat\u00ebn humanitare \u201cDrita\u201d, e cila ndihmoi dhe strehoi mij\u00ebra  kosovar t\u00eb d\u00ebbuar nga trojet e tyre. Menj\u00ebher\u00eb pas \u00e7lirimit t\u00eb  Kosov\u00ebs ZANA, n\u00eb Teatrin komb\u00ebtar n\u00eb Prishtin\u00eb, japi nj\u00eb koncert  solistik.<\/span><\/p>\n<p align=\"justify\"><span style=\"font-family: Arial; font-size: small;\">Jemi t\u00eb\u00a0bindur  q\u00eb\u00a0\u00e7do gj\u00eb\u00a0ishte n\u00eb\u00a0k\u00ebto 15 vite m\u00eb e bukur me  ZAN\u00cbN. Jemi t\u00eb bindur se k\u00ebto 15 vite me Zan\u00ebn \u00e7do gj\u00eb u b\u00eb m\u00eb  e bukur. <\/span><\/p>\n<p align=\"justify\"><span style=\"font-family: Arial; font-size: small;\">Prandaj,  ZANA n\u00eb\u00a0t\u00eb\u00a0ardhmen edhe m\u00eb\u00a0shum\u00eb\u00a0do t\u00eb\u00a0 angazhohet q\u00eb\u00a0tradita jon\u00eb\u00a0shekullore t\u00eb\u00a0ruhet, t\u00eb\u00a0 kultivohet dhe t\u00eb\u00a0pasurohet me dashuri si gur\u00eb themel dhe shenj\u00eb  i identitetit ton\u00eb qytetar dhe komb\u00ebtar.<\/span><\/p>\n<p><span style=\"font-family: Arial; font-size: small;\">Me  rastin e k\u00ebtij\u00eb\u00a015 vjetorit Shoqata Kulturo Artistike \u201eZana\u201c  organizon manifestimi madh solemn ne shtepin e Kultur\u00ebs ne Ulqin me  29.04.2010. ne ora 20.00. <\/span><\/p>\n<p align=\"justify\"><strong><span style=\"font-family: Arial; font-size: small;\"><br \/>\nN\u00eb\u00a0Ulqin, 21. prill 2010<\/span><\/strong><\/p>\n<p align=\"justify\"><strong><span style=\"font-family: Arial; font-size: small;\">Kryetari i SHKA \u201cZANA\u201d<\/span><\/strong><\/p>\n<p align=\"justify\"><span style=\"font-family: Arial; font-size: small;\"><strong>Munib Abazi<\/strong><br \/>\n\n\t\t<style type=\"text\/css\">\n\t\t\t#gallery-1 {\n\t\t\t\tmargin: auto;\n\t\t\t}\n\t\t\t#gallery-1 .gallery-item {\n\t\t\t\tfloat: left;\n\t\t\t\tmargin-top: 10px;\n\t\t\t\ttext-align: center;\n\t\t\t\twidth: 33%;\n\t\t\t}\n\t\t\t#gallery-1 img {\n\t\t\t\tborder: 2px solid #cfcfcf;\n\t\t\t}\n\t\t\t#gallery-1 .gallery-caption {\n\t\t\t\tmargin-left: 0;\n\t\t\t}\n\t\t\t\/* see gallery_shortcode() in wp-includes\/media.php *\/\n\t\t<\/style>\n\t\t<div id='gallery-1' class='gallery galleryid-32258 gallery-columns-3 gallery-size-thumbnail'><dl class='gallery-item'>\n\t\t\t<dt class='gallery-icon landscape'>\n\t\t\t\t<a href='https:\/\/www.visit-ulcinj.com\/blog\/wp-content\/uploads\/2010\/04\/SHKA_ZANA_Rexhep-Abazi.jpg'><img width=\"150\" height=\"150\" src=\"https:\/\/www.visit-ulcinj.com\/blog\/wp-content\/uploads\/2010\/04\/SHKA_ZANA_Rexhep-Abazi-150x150.jpg\" class=\"attachment-thumbnail size-thumbnail\" alt=\"\" loading=\"lazy\" \/><\/a>\n\t\t\t<\/dt><\/dl><dl class='gallery-item'>\n\t\t\t<dt class='gallery-icon landscape'>\n\t\t\t\t<a href='https:\/\/www.visit-ulcinj.com\/blog\/wp-content\/uploads\/2010\/04\/SHKA_ZANA_Rexhep-Abazi_1.jpg'><img width=\"150\" height=\"150\" src=\"https:\/\/www.visit-ulcinj.com\/blog\/wp-content\/uploads\/2010\/04\/SHKA_ZANA_Rexhep-Abazi_1-150x150.jpg\" class=\"attachment-thumbnail size-thumbnail\" alt=\"\" loading=\"lazy\" \/><\/a>\n\t\t\t<\/dt><\/dl><dl class='gallery-item'>\n\t\t\t<dt class='gallery-icon portrait'>\n\t\t\t\t<a href='https:\/\/www.visit-ulcinj.com\/blog\/wp-content\/uploads\/2010\/04\/SHKA_ZANA_Rexhep-Abazi_2.jpg'><img width=\"150\" height=\"150\" src=\"https:\/\/www.visit-ulcinj.com\/blog\/wp-content\/uploads\/2010\/04\/SHKA_ZANA_Rexhep-Abazi_2-150x150.jpg\" class=\"attachment-thumbnail size-thumbnail\" alt=\"\" loading=\"lazy\" \/><\/a>\n\t\t\t<\/dt><\/dl><br style=\"clear: both\" \/><dl class='gallery-item'>\n\t\t\t<dt class='gallery-icon landscape'>\n\t\t\t\t<a href='https:\/\/www.visit-ulcinj.com\/blog\/wp-content\/uploads\/2010\/04\/SHKA_ZANA_Rexhep-Abazi_3.jpg'><img width=\"150\" height=\"150\" src=\"https:\/\/www.visit-ulcinj.com\/blog\/wp-content\/uploads\/2010\/04\/SHKA_ZANA_Rexhep-Abazi_3-150x150.jpg\" class=\"attachment-thumbnail size-thumbnail\" alt=\"\" loading=\"lazy\" \/><\/a>\n\t\t\t<\/dt><\/dl><dl class='gallery-item'>\n\t\t\t<dt class='gallery-icon landscape'>\n\t\t\t\t<a href='https:\/\/www.visit-ulcinj.com\/blog\/wp-content\/uploads\/2010\/04\/SHKA_ZANA_Rexhep-Abazi_4.jpg'><img width=\"150\" height=\"150\" src=\"https:\/\/www.visit-ulcinj.com\/blog\/wp-content\/uploads\/2010\/04\/SHKA_ZANA_Rexhep-Abazi_4-150x150.jpg\" class=\"attachment-thumbnail size-thumbnail\" alt=\"\" loading=\"lazy\" \/><\/a>\n\t\t\t<\/dt><\/dl><dl class='gallery-item'>\n\t\t\t<dt class='gallery-icon landscape'>\n\t\t\t\t<a href='https:\/\/www.visit-ulcinj.com\/blog\/wp-content\/uploads\/2010\/04\/SHKA_ZANA_Rexhep-Abazi_5.jpg'><img width=\"150\" height=\"150\" src=\"https:\/\/www.visit-ulcinj.com\/blog\/wp-content\/uploads\/2010\/04\/SHKA_ZANA_Rexhep-Abazi_5-150x150.jpg\" class=\"attachment-thumbnail size-thumbnail\" alt=\"\" loading=\"lazy\" \/><\/a>\n\t\t\t<\/dt><\/dl><br style=\"clear: both\" \/><dl class='gallery-item'>\n\t\t\t<dt class='gallery-icon landscape'>\n\t\t\t\t<a href='https:\/\/www.visit-ulcinj.com\/blog\/wp-content\/uploads\/2010\/04\/SHKA_ZANA_Rexhep-Abazi_6.jpg'><img width=\"150\" height=\"150\" src=\"https:\/\/www.visit-ulcinj.com\/blog\/wp-content\/uploads\/2010\/04\/SHKA_ZANA_Rexhep-Abazi_6-150x150.jpg\" class=\"attachment-thumbnail size-thumbnail\" alt=\"\" loading=\"lazy\" \/><\/a>\n\t\t\t<\/dt><\/dl><dl class='gallery-item'>\n\t\t\t<dt class='gallery-icon landscape'>\n\t\t\t\t<a href='https:\/\/www.visit-ulcinj.com\/blog\/wp-content\/uploads\/2010\/04\/SHKA_ZANA_Rexhep-Abazi_7.jpg'><img width=\"150\" height=\"150\" src=\"https:\/\/www.visit-ulcinj.com\/blog\/wp-content\/uploads\/2010\/04\/SHKA_ZANA_Rexhep-Abazi_7-150x150.jpg\" class=\"attachment-thumbnail size-thumbnail\" alt=\"\" loading=\"lazy\" \/><\/a>\n\t\t\t<\/dt><\/dl><dl class='gallery-item'>\n\t\t\t<dt class='gallery-icon portrait'>\n\t\t\t\t<a href='https:\/\/www.visit-ulcinj.com\/blog\/wp-content\/uploads\/2010\/04\/SHKA_ZANA_Rexhep-Abazi_9.jpg'><img width=\"150\" height=\"150\" src=\"https:\/\/www.visit-ulcinj.com\/blog\/wp-content\/uploads\/2010\/04\/SHKA_ZANA_Rexhep-Abazi_9-150x150.jpg\" class=\"attachment-thumbnail size-thumbnail\" alt=\"\" loading=\"lazy\" \/><\/a>\n\t\t\t<\/dt><\/dl><br style=\"clear: both\" \/><dl class='gallery-item'>\n\t\t\t<dt class='gallery-icon landscape'>\n\t\t\t\t<a href='https:\/\/www.visit-ulcinj.com\/blog\/wp-content\/uploads\/2010\/04\/SHKA_ZANA_Rexhep-Abazi_10.jpg'><img width=\"150\" height=\"150\" src=\"https:\/\/www.visit-ulcinj.com\/blog\/wp-content\/uploads\/2010\/04\/SHKA_ZANA_Rexhep-Abazi_10-150x150.jpg\" class=\"attachment-thumbnail size-thumbnail\" alt=\"\" loading=\"lazy\" srcset=\"https:\/\/www.visit-ulcinj.com\/blog\/wp-content\/uploads\/2010\/04\/SHKA_ZANA_Rexhep-Abazi_10-150x150.jpg 150w, https:\/\/www.visit-ulcinj.com\/blog\/wp-content\/uploads\/2010\/04\/SHKA_ZANA_Rexhep-Abazi_10-300x298.jpg 300w, https:\/\/www.visit-ulcinj.com\/blog\/wp-content\/uploads\/2010\/04\/SHKA_ZANA_Rexhep-Abazi_10.jpg 604w\" sizes=\"(max-width: 150px) 100vw, 150px\" \/><\/a>\n\t\t\t<\/dt><\/dl>\n\t\t\t<br style='clear: both' \/>\n\t\t<\/div>\n<br \/>\n<\/span><!--YouTube Error: bad URL entered--><\/p>\n","protected":false},"excerpt":{"rendered":"<p>Me rastin e k\u00ebtij\u00eb\u00a015 vjetorit Shoqata Kulturo Artistike \u201eZana\u201c organizon manifestimi madh solemn ne shtepin e Kultur\u00ebs ne Ulqin me 29.04.2010. ne ora 20.00. Nr. 01\/2010 N\u00eb\u00a0 pranver\u00eb\u00a0t\u00eb\u00a0vitit 1995 n\u00eb\u00a0Ulqin \u00ebsht\u00eb\u00a0themeluar Shoqata kulturoro-artistike \u201cZANA\u201d. Ajo lindi si rezultat i dashuris\u00eb dhe nevoj\u00ebs p\u00ebr ta ruajtur dhe kultivuar kultur\u00ebn dhe tradit\u00ebn ulqinake dhe shqiptare. ZANA n\u00eb\u00a0k\u00ebt\u00eb\u00a0periudh\u00eb\u00a015-vje\u00e7are [&hellip;]<\/p>\n","protected":false},"author":1,"featured_media":0,"comment_status":"open","ping_status":"closed","sticky":false,"template":"","format":"standard","meta":{"spay_email":"","jetpack_publicize_message":"","jetpack_is_tweetstorm":false,"jetpack_publicize_feature_enabled":true},"categories":[4],"tags":[14083,14082],"jetpack_publicize_connections":[],"yoast_head":"<!-- This site is optimized with the Yoast SEO plugin v19.1 - https:\/\/yoast.com\/wordpress\/plugins\/seo\/ -->\n<title>Kumtes\u00eb p\u00ebr opinion i SHKA \u201cZANA\u201d p\u00ebr 15 Vjetorin e Shoqat\u00ebs Kulturo Artistike &quot;Zana&quot; - Lajme nga Ulqini<\/title>\n<meta name=\"description\" content=\"Me rastin e k\u00ebtij\u00eb\u00a015 vjetorit Shoqata Kulturo Artistike \u201eZana\u201c organizon manifestimi madh solemn ne shtepin e Kultur\u00ebs ne Ulqin me 29.04.2010. ne ora\" \/>\n<meta name=\"robots\" content=\"index, follow, max-snippet:-1, max-image-preview:large, max-video-preview:-1\" \/>\n<link rel=\"canonical\" href=\"https:\/\/www.visit-ulcinj.com\/blog\/2010\/04\/21\/kumtese-per-opinion-i-shka-\u201czana\u201d\/\" \/>\n<meta property=\"og:locale\" content=\"en_US\" \/>\n<meta property=\"og:type\" content=\"article\" \/>\n<meta property=\"og:title\" content=\"Kumtes\u00eb p\u00ebr opinion i SHKA \u201cZANA\u201d p\u00ebr 15 Vjetorin e Shoqat\u00ebs Kulturo Artistike &quot;Zana&quot; - Lajme nga Ulqini\" \/>\n<meta property=\"og:description\" content=\"Me rastin e k\u00ebtij\u00eb\u00a015 vjetorit Shoqata Kulturo Artistike \u201eZana\u201c organizon manifestimi madh solemn ne shtepin e Kultur\u00ebs ne Ulqin me 29.04.2010. ne ora\" \/>\n<meta property=\"og:url\" content=\"https:\/\/www.visit-ulcinj.com\/blog\/2010\/04\/21\/kumtese-per-opinion-i-shka-\u201czana\u201d\/\" \/>\n<meta property=\"og:site_name\" content=\"Lajme nga Ulqini\" \/>\n<meta property=\"article:published_time\" content=\"2010-04-21T14:35:04+00:00\" \/>\n<meta property=\"article:modified_time\" content=\"2010-04-22T07:17:22+00:00\" \/>\n<meta property=\"og:image\" content=\"https:\/\/www.visit-ulcinj.com\/blog\/wp-content\/uploads\/2010\/04\/SHKA_ZANA_Rexhep-Abazi-150x150.jpg\" \/>\n<meta name=\"twitter:label1\" content=\"Written by\" \/>\n\t<meta name=\"twitter:data1\" content=\"ulqini\" \/>\n\t<meta name=\"twitter:label2\" content=\"Est. reading time\" \/>\n\t<meta name=\"twitter:data2\" content=\"2 minutes\" \/>\n<script type=\"application\/ld+json\" class=\"yoast-schema-graph\">{\"@context\":\"https:\/\/schema.org\",\"@graph\":[{\"@type\":\"WebSite\",\"@id\":\"https:\/\/www.visit-ulcinj.com\/blog\/#website\",\"url\":\"https:\/\/www.visit-ulcinj.com\/blog\/\",\"name\":\"Lajme nga Ulqini\",\"description\":\"Lajme,Vijesti,Ulqini,Ulqin,Crna Gora,Mali i Zi\",\"potentialAction\":[{\"@type\":\"SearchAction\",\"target\":{\"@type\":\"EntryPoint\",\"urlTemplate\":\"https:\/\/www.visit-ulcinj.com\/blog\/?s={search_term_string}\"},\"query-input\":\"required name=search_term_string\"}],\"inLanguage\":\"en-US\"},{\"@type\":\"ImageObject\",\"inLanguage\":\"en-US\",\"@id\":\"https:\/\/www.visit-ulcinj.com\/blog\/2010\/04\/21\/kumtese-per-opinion-i-shka-%e2%80%9czana%e2%80%9d\/#primaryimage\",\"url\":\"https:\/\/www.visit-ulcinj.com\/blog\/wp-content\/uploads\/2010\/04\/SHKA_ZANA_Rexhep-Abazi_10.jpg\",\"contentUrl\":\"https:\/\/www.visit-ulcinj.com\/blog\/wp-content\/uploads\/2010\/04\/SHKA_ZANA_Rexhep-Abazi_10.jpg\",\"width\":\"604\",\"height\":\"600\"},{\"@type\":\"WebPage\",\"@id\":\"https:\/\/www.visit-ulcinj.com\/blog\/2010\/04\/21\/kumtese-per-opinion-i-shka-%e2%80%9czana%e2%80%9d\/#webpage\",\"url\":\"https:\/\/www.visit-ulcinj.com\/blog\/2010\/04\/21\/kumtese-per-opinion-i-shka-%e2%80%9czana%e2%80%9d\/\",\"name\":\"Kumtes\u00eb p\u00ebr opinion i SHKA \u201cZANA\u201d p\u00ebr 15 Vjetorin e Shoqat\u00ebs Kulturo Artistike \\\"Zana\\\" - Lajme nga Ulqini\",\"isPartOf\":{\"@id\":\"https:\/\/www.visit-ulcinj.com\/blog\/#website\"},\"primaryImageOfPage\":{\"@id\":\"https:\/\/www.visit-ulcinj.com\/blog\/2010\/04\/21\/kumtese-per-opinion-i-shka-%e2%80%9czana%e2%80%9d\/#primaryimage\"},\"datePublished\":\"2010-04-21T14:35:04+00:00\",\"dateModified\":\"2010-04-22T07:17:22+00:00\",\"author\":{\"@id\":\"https:\/\/www.visit-ulcinj.com\/blog\/#\/schema\/person\/dcab619c614d3038751c63bc2aadc06d\"},\"description\":\"Me rastin e k\u00ebtij\u00eb\u00a015 vjetorit Shoqata Kulturo Artistike \u201eZana\u201c organizon manifestimi madh solemn ne shtepin e Kultur\u00ebs ne Ulqin me 29.04.2010. ne ora\",\"breadcrumb\":{\"@id\":\"https:\/\/www.visit-ulcinj.com\/blog\/2010\/04\/21\/kumtese-per-opinion-i-shka-%e2%80%9czana%e2%80%9d\/#breadcrumb\"},\"inLanguage\":\"en-US\",\"potentialAction\":[{\"@type\":\"ReadAction\",\"target\":[\"https:\/\/www.visit-ulcinj.com\/blog\/2010\/04\/21\/kumtese-per-opinion-i-shka-%e2%80%9czana%e2%80%9d\/\"]}]},{\"@type\":\"BreadcrumbList\",\"@id\":\"https:\/\/www.visit-ulcinj.com\/blog\/2010\/04\/21\/kumtese-per-opinion-i-shka-%e2%80%9czana%e2%80%9d\/#breadcrumb\",\"itemListElement\":[{\"@type\":\"ListItem\",\"position\":1,\"name\":\"Kumtes\u00eb p\u00ebr opinion i SHKA \u201cZANA\u201d p\u00ebr 15 Vjetorin e Shoqat\u00ebs Kulturo Artistike &#8220;Zana&#8221;\"}]},{\"@type\":\"Person\",\"@id\":\"https:\/\/www.visit-ulcinj.com\/blog\/#\/schema\/person\/dcab619c614d3038751c63bc2aadc06d\",\"name\":\"ulqini\",\"sameAs\":[\"http:\/\/www.visit-ulcinj.com\"],\"url\":\"https:\/\/www.visit-ulcinj.com\/blog\/author\/admin\/\"}]}<\/script>\n<!-- \/ Yoast SEO plugin. -->","yoast_head_json":{"title":"Kumtes\u00eb p\u00ebr opinion i SHKA \u201cZANA\u201d p\u00ebr 15 Vjetorin e Shoqat\u00ebs Kulturo Artistike \"Zana\" - Lajme nga Ulqini","description":"Me rastin e k\u00ebtij\u00eb\u00a015 vjetorit Shoqata Kulturo Artistike \u201eZana\u201c organizon manifestimi madh solemn ne shtepin e Kultur\u00ebs ne Ulqin me 29.04.2010. ne ora","robots":{"index":"index","follow":"follow","max-snippet":"max-snippet:-1","max-image-preview":"max-image-preview:large","max-video-preview":"max-video-preview:-1"},"canonical":"https:\/\/www.visit-ulcinj.com\/blog\/2010\/04\/21\/kumtese-per-opinion-i-shka-\u201czana\u201d\/","og_locale":"en_US","og_type":"article","og_title":"Kumtes\u00eb p\u00ebr opinion i SHKA \u201cZANA\u201d p\u00ebr 15 Vjetorin e Shoqat\u00ebs Kulturo Artistike \"Zana\" - Lajme nga Ulqini","og_description":"Me rastin e k\u00ebtij\u00eb\u00a015 vjetorit Shoqata Kulturo Artistike \u201eZana\u201c organizon manifestimi madh solemn ne shtepin e Kultur\u00ebs ne Ulqin me 29.04.2010. ne ora","og_url":"https:\/\/www.visit-ulcinj.com\/blog\/2010\/04\/21\/kumtese-per-opinion-i-shka-\u201czana\u201d\/","og_site_name":"Lajme nga Ulqini","article_published_time":"2010-04-21T14:35:04+00:00","article_modified_time":"2010-04-22T07:17:22+00:00","og_image":[{"url":"https:\/\/www.visit-ulcinj.com\/blog\/wp-content\/uploads\/2010\/04\/SHKA_ZANA_Rexhep-Abazi-150x150.jpg"}],"twitter_misc":{"Written by":"ulqini","Est. reading time":"2 minutes"},"schema":{"@context":"https:\/\/schema.org","@graph":[{"@type":"WebSite","@id":"https:\/\/www.visit-ulcinj.com\/blog\/#website","url":"https:\/\/www.visit-ulcinj.com\/blog\/","name":"Lajme nga Ulqini","description":"Lajme,Vijesti,Ulqini,Ulqin,Crna Gora,Mali i Zi","potentialAction":[{"@type":"SearchAction","target":{"@type":"EntryPoint","urlTemplate":"https:\/\/www.visit-ulcinj.com\/blog\/?s={search_term_string}"},"query-input":"required name=search_term_string"}],"inLanguage":"en-US"},{"@type":"ImageObject","inLanguage":"en-US","@id":"https:\/\/www.visit-ulcinj.com\/blog\/2010\/04\/21\/kumtese-per-opinion-i-shka-%e2%80%9czana%e2%80%9d\/#primaryimage","url":"https:\/\/www.visit-ulcinj.com\/blog\/wp-content\/uploads\/2010\/04\/SHKA_ZANA_Rexhep-Abazi_10.jpg","contentUrl":"https:\/\/www.visit-ulcinj.com\/blog\/wp-content\/uploads\/2010\/04\/SHKA_ZANA_Rexhep-Abazi_10.jpg","width":"604","height":"600"},{"@type":"WebPage","@id":"https:\/\/www.visit-ulcinj.com\/blog\/2010\/04\/21\/kumtese-per-opinion-i-shka-%e2%80%9czana%e2%80%9d\/#webpage","url":"https:\/\/www.visit-ulcinj.com\/blog\/2010\/04\/21\/kumtese-per-opinion-i-shka-%e2%80%9czana%e2%80%9d\/","name":"Kumtes\u00eb p\u00ebr opinion i SHKA \u201cZANA\u201d p\u00ebr 15 Vjetorin e Shoqat\u00ebs Kulturo Artistike \"Zana\" - Lajme nga Ulqini","isPartOf":{"@id":"https:\/\/www.visit-ulcinj.com\/blog\/#website"},"primaryImageOfPage":{"@id":"https:\/\/www.visit-ulcinj.com\/blog\/2010\/04\/21\/kumtese-per-opinion-i-shka-%e2%80%9czana%e2%80%9d\/#primaryimage"},"datePublished":"2010-04-21T14:35:04+00:00","dateModified":"2010-04-22T07:17:22+00:00","author":{"@id":"https:\/\/www.visit-ulcinj.com\/blog\/#\/schema\/person\/dcab619c614d3038751c63bc2aadc06d"},"description":"Me rastin e k\u00ebtij\u00eb\u00a015 vjetorit Shoqata Kulturo Artistike \u201eZana\u201c organizon manifestimi madh solemn ne shtepin e Kultur\u00ebs ne Ulqin me 29.04.2010. ne ora","breadcrumb":{"@id":"https:\/\/www.visit-ulcinj.com\/blog\/2010\/04\/21\/kumtese-per-opinion-i-shka-%e2%80%9czana%e2%80%9d\/#breadcrumb"},"inLanguage":"en-US","potentialAction":[{"@type":"ReadAction","target":["https:\/\/www.visit-ulcinj.com\/blog\/2010\/04\/21\/kumtese-per-opinion-i-shka-%e2%80%9czana%e2%80%9d\/"]}]},{"@type":"BreadcrumbList","@id":"https:\/\/www.visit-ulcinj.com\/blog\/2010\/04\/21\/kumtese-per-opinion-i-shka-%e2%80%9czana%e2%80%9d\/#breadcrumb","itemListElement":[{"@type":"ListItem","position":1,"name":"Kumtes\u00eb p\u00ebr opinion i SHKA \u201cZANA\u201d p\u00ebr 15 Vjetorin e Shoqat\u00ebs Kulturo Artistike &#8220;Zana&#8221;"}]},{"@type":"Person","@id":"https:\/\/www.visit-ulcinj.com\/blog\/#\/schema\/person\/dcab619c614d3038751c63bc2aadc06d","name":"ulqini","sameAs":["http:\/\/www.visit-ulcinj.com"],"url":"https:\/\/www.visit-ulcinj.com\/blog\/author\/admin\/"}]}},"jetpack_featured_media_url":"","jetpack_sharing_enabled":true,"jetpack_shortlink":"https:\/\/wp.me\/pe6lTn-8oi","_links":{"self":[{"href":"https:\/\/www.visit-ulcinj.com\/blog\/wp-json\/wp\/v2\/posts\/32258"}],"collection":[{"href":"https:\/\/www.visit-ulcinj.com\/blog\/wp-json\/wp\/v2\/posts"}],"about":[{"href":"https:\/\/www.visit-ulcinj.com\/blog\/wp-json\/wp\/v2\/types\/post"}],"author":[{"embeddable":true,"href":"https:\/\/www.visit-ulcinj.com\/blog\/wp-json\/wp\/v2\/users\/1"}],"replies":[{"embeddable":true,"href":"https:\/\/www.visit-ulcinj.com\/blog\/wp-json\/wp\/v2\/comments?post=32258"}],"version-history":[{"count":0,"href":"https:\/\/www.visit-ulcinj.com\/blog\/wp-json\/wp\/v2\/posts\/32258\/revisions"}],"wp:attachment":[{"href":"https:\/\/www.visit-ulcinj.com\/blog\/wp-json\/wp\/v2\/media?parent=32258"}],"wp:term":[{"taxonomy":"category","embeddable":true,"href":"https:\/\/www.visit-ulcinj.com\/blog\/wp-json\/wp\/v2\/categories?post=32258"},{"taxonomy":"post_tag","embeddable":true,"href":"https:\/\/www.visit-ulcinj.com\/blog\/wp-json\/wp\/v2\/tags?post=32258"}],"curies":[{"name":"wp","href":"https:\/\/api.w.org\/{rel}","templated":true}]}}