{"id":32273,"date":"2010-04-21T17:01:20","date_gmt":"2010-04-21T15:01:20","guid":{"rendered":"http:\/\/www.visit-ulcinj.com\/blog\/?p=32273"},"modified":"2010-04-21T17:03:36","modified_gmt":"2010-04-21T15:03:36","slug":"akciju-ciscenja-velike-plaze-u-ulcinju","status":"publish","type":"post","link":"https:\/\/www.visit-ulcinj.com\/blog\/2010\/04\/21\/akciju-ciscenja-velike-plaze-u-ulcinju\/","title":{"rendered":"Akciju ?i\u0161?enja  Velike Pla\u017ee u Ulcinju"},"content":{"rendered":"<p><a href=\"http:\/\/www.visit-ulcinj.com\/blog\/wp-content\/uploads\/2010\/04\/AKCIJA-?I\u0160?ENJA-VELIKE-PLA\u017dE.2.jpg\"><img loading=\"lazy\" class=\"alignleft size-full wp-image-32274\" title=\"AKCIJA ?I\u0160?ENJA VELIKE PLA\u017dE.2\" src=\"http:\/\/www.visit-ulcinj.com\/blog\/wp-content\/uploads\/2010\/04\/AKCIJA-?I\u0160?ENJA-VELIKE-PLA\u017dE.2.jpg\" alt=\"AKCIJA ?I\u0160?ENJA VELIKE PLA\u017dE.2\" width=\"399\" height=\"298\" \/><\/a>Povodom akcije ?i\u0161?enja podru?ja od posledica poplave koju je pokrenulo Ministarstvo ure?enja prostora i za\u0161tite \u017eivotne sredine, Javno preduze?e za upravljanje morskim dobrom je, u saradnji sa op\u0161tinom Ulcinj, a u susret Danu planete Zemlje, organizovalo akciju ?i\u0161?enja podru?ja Velike Pla\u017ee u Ulcinju. Akcija se odr\u017eala u ponedjeljak 19. aprila 2010. godine, u periodu od 10,00h-13,00h.<br \/>\nSakupljeno je ukupno 216 vre?a ?vrstog otpada. Javno preduze?e je za sve u?esnike obezbijedilo neophodan materijal za rad (kese i rukavice).<br \/>\nI pored najave lo\u0161ih vremenskih uslova u akciji je u?estvovalo ukupno 111 predstavnika slede?ih institucija i organizacija:<\/p>\n<p>\u2022 direktor Rajko Barovi? i 21 slu\u017ebenik iz Javnog preduze?a za upravljanje morskim dobrom<br \/>\n\u2022 predsjednik op\u0161tine Ulcinja Gzim Hajdinaga i 11 slu\u017ebenika op\u0161tine Ulcinj<br \/>\n\u2022 direktor Luka Mitrovi? i 5 slu\u017ebenika Hidrometeorolo\u0161kog zavoda Crne Gore<br \/>\n\u2022 direktor Kaplan Mu?aj i 9 slu\u017ebenika Javnog komunalnog preduze?a Ulcinj<br \/>\n\u2022 2 predstavnika Kancelarije OEBSa u Crnoj Gori<br \/>\n\u2022 8 slu\u017ebenika Javnog komunalnog preduze?a Bar<br \/>\n\u2022 25 aktivista NVO &#8220;Zeleni Korak&#8221; iz Ulcinja<br \/>\n\u2022 5 aktivista NVO &#8220;Bojana&#8221; iz Ulcinja<br \/>\n\u2022 1 aktivista NVO &#8220;GIEC&#8221; iz Ulcinja<br \/>\n\u2022 6 djaka Gimnazije &#8220;Bratstvo i jedinstvo&#8221; iz Ulcinja<br \/>\n\u2022 10 djaka Osnovne \u0161kole &#8220;Marko Nuculovi?&#8221;iz \u0160toja<br \/>\n\u2022 4 studenta Fakulteta za turizam i hotelijerstvo &#8220;Mediteran&#8221; iz Bar<\/p>\n<p>Nakon uspje\u0161no obavljene akcije, u?esnicima su podjeljene majice povodom Dana planete zemlje i organizovano je osvje\u017eenje i dru\u017eenje u objektu na pla\u017ei &#8220;Safari Beach&#8221;.<\/p>\n<p><strong>JP Morsko dobro<br \/>\nMunicipality of Ulcinj \/ Ulqin<br \/>\nArsllan Hajdinaga<\/strong><br \/>\n<strong>\n\t\t<style type=\"text\/css\">\n\t\t\t#gallery-1 {\n\t\t\t\tmargin: auto;\n\t\t\t}\n\t\t\t#gallery-1 .gallery-item {\n\t\t\t\tfloat: left;\n\t\t\t\tmargin-top: 10px;\n\t\t\t\ttext-align: center;\n\t\t\t\twidth: 33%;\n\t\t\t}\n\t\t\t#gallery-1 img {\n\t\t\t\tborder: 2px solid #cfcfcf;\n\t\t\t}\n\t\t\t#gallery-1 .gallery-caption {\n\t\t\t\tmargin-left: 0;\n\t\t\t}\n\t\t\t\/* see gallery_shortcode() in wp-includes\/media.php *\/\n\t\t<\/style>\n\t\t<div id='gallery-1' class='gallery galleryid-32273 gallery-columns-3 gallery-size-thumbnail'><dl class='gallery-item'>\n\t\t\t<dt class='gallery-icon '>\n\t\t\t\t<a href='https:\/\/www.visit-ulcinj.com\/blog\/wp-content\/uploads\/2010\/04\/AKCIJA-\u00c4\u0152I\u00c5\u00a0\u00c4\u2020ENJA-VELIKE-PLA\u00c5\u00bdE.2.jpg'><img width=\"1\" height=\"1\" src=\"https:\/\/www.visit-ulcinj.com\/blog\/wp-content\/uploads\/2010\/04\/AKCIJA-\u00c4\u0152I\u00c5\u00a0\u00c4\u2020ENJA-VELIKE-PLA\u00c5\u00bdE.2.jpg\" class=\"attachment-thumbnail size-thumbnail\" alt=\"\" loading=\"lazy\" \/><\/a>\n\t\t\t<\/dt><\/dl><dl class='gallery-item'>\n\t\t\t<dt class='gallery-icon '>\n\t\t\t\t<a href='https:\/\/www.visit-ulcinj.com\/blog\/wp-content\/uploads\/2010\/04\/AKCIJA-\u00c4\u0152I\u00c5\u00a0\u00c4\u2020ENJA-VELIKE-PLA\u00c5\u00bdE.1.jpg'><img width=\"1\" height=\"1\" src=\"https:\/\/www.visit-ulcinj.com\/blog\/wp-content\/uploads\/2010\/04\/AKCIJA-\u00c4\u0152I\u00c5\u00a0\u00c4\u2020ENJA-VELIKE-PLA\u00c5\u00bdE.1.jpg\" class=\"attachment-thumbnail size-thumbnail\" alt=\"\" loading=\"lazy\" \/><\/a>\n\t\t\t<\/dt><\/dl><dl class='gallery-item'>\n\t\t\t<dt class='gallery-icon '>\n\t\t\t\t<a href='https:\/\/www.visit-ulcinj.com\/blog\/wp-content\/uploads\/2010\/04\/AKCIJA-\u00c4\u0152I\u00c5\u00a0\u00c4\u2020ENJA-VELIKE-PLA\u00c5\u00bdE.jpg'><img width=\"1\" height=\"1\" src=\"https:\/\/www.visit-ulcinj.com\/blog\/wp-content\/uploads\/2010\/04\/AKCIJA-\u00c4\u0152I\u00c5\u00a0\u00c4\u2020ENJA-VELIKE-PLA\u00c5\u00bdE.jpg\" class=\"attachment-thumbnail size-thumbnail\" alt=\"\" loading=\"lazy\" \/><\/a>\n\t\t\t<\/dt><\/dl><br style=\"clear: both\" \/>\n\t\t<\/div>\n<br \/>\n<!--YouTube Error: bad URL entered--><\/strong><\/p>\n","protected":false},"excerpt":{"rendered":"<p>Povodom akcije ?i\u0161?enja podru?ja od posledica poplave koju je pokrenulo Ministarstvo ure?enja prostora i za\u0161tite \u017eivotne sredine, Javno preduze?e za upravljanje morskim dobrom je, u saradnji sa op\u0161tinom Ulcinj, a u susret Danu planete Zemlje, organizovalo akciju ?i\u0161?enja podru?ja Velike Pla\u017ee u Ulcinju. Akcija se odr\u017eala u ponedjeljak 19. aprila 2010. godine, u periodu od [&hellip;]<\/p>\n","protected":false},"author":1,"featured_media":0,"comment_status":"open","ping_status":"closed","sticky":false,"template":"","format":"standard","meta":{"spay_email":"","jetpack_publicize_message":"","jetpack_is_tweetstorm":false,"jetpack_publicize_feature_enabled":true},"categories":[8337],"tags":[14084],"jetpack_publicize_connections":[],"yoast_head":"<!-- This site is optimized with the Yoast SEO plugin v19.1 - https:\/\/yoast.com\/wordpress\/plugins\/seo\/ -->\n<title>Akciju ?i\u0161?enja Velike Pla\u017ee u Ulcinju - Lajme nga Ulqini<\/title>\n<meta name=\"description\" content=\"Povodom akcije ?i\u0161?enja podru?ja od posledica poplave koju je pokrenulo Ministarstvo ure?enja prostora i za\u0161tite \u017eivotne sredine, Javno preduze?e za\" \/>\n<meta name=\"robots\" content=\"index, follow, max-snippet:-1, max-image-preview:large, max-video-preview:-1\" \/>\n<link rel=\"canonical\" href=\"https:\/\/www.visit-ulcinj.com\/blog\/2010\/04\/21\/akciju-ciscenja-velike-plaze-u-ulcinju\/\" \/>\n<meta property=\"og:locale\" content=\"en_US\" \/>\n<meta property=\"og:type\" content=\"article\" \/>\n<meta property=\"og:title\" content=\"Akciju ?i\u0161?enja Velike Pla\u017ee u Ulcinju - Lajme nga Ulqini\" \/>\n<meta property=\"og:description\" content=\"Povodom akcije ?i\u0161?enja podru?ja od posledica poplave koju je pokrenulo Ministarstvo ure?enja prostora i za\u0161tite \u017eivotne sredine, Javno preduze?e za\" \/>\n<meta property=\"og:url\" content=\"https:\/\/www.visit-ulcinj.com\/blog\/2010\/04\/21\/akciju-ciscenja-velike-plaze-u-ulcinju\/\" \/>\n<meta property=\"og:site_name\" content=\"Lajme nga Ulqini\" \/>\n<meta property=\"article:published_time\" content=\"2010-04-21T15:01:20+00:00\" \/>\n<meta property=\"article:modified_time\" content=\"2010-04-21T15:03:36+00:00\" \/>\n<meta property=\"og:image\" content=\"https:\/\/www.visit-ulcinj.com\/blog\/wp-content\/uploads\/2010\/04\/AKCIJA-\u00c4\u0152I\u00c5\u00a0\u00c4\u2020ENJA-VELIKE-PLA\u00c5\u00bdE.2.jpg\" \/>\n<meta name=\"twitter:label1\" content=\"Written by\" \/>\n\t<meta name=\"twitter:data1\" content=\"ulqini\" \/>\n\t<meta name=\"twitter:label2\" content=\"Est. reading time\" \/>\n\t<meta name=\"twitter:data2\" content=\"1 minute\" \/>\n<script type=\"application\/ld+json\" class=\"yoast-schema-graph\">{\"@context\":\"https:\/\/schema.org\",\"@graph\":[{\"@type\":\"WebSite\",\"@id\":\"https:\/\/www.visit-ulcinj.com\/blog\/#website\",\"url\":\"https:\/\/www.visit-ulcinj.com\/blog\/\",\"name\":\"Lajme nga Ulqini\",\"description\":\"Lajme,Vijesti,Ulqini,Ulqin,Crna Gora,Mali i Zi\",\"potentialAction\":[{\"@type\":\"SearchAction\",\"target\":{\"@type\":\"EntryPoint\",\"urlTemplate\":\"https:\/\/www.visit-ulcinj.com\/blog\/?s={search_term_string}\"},\"query-input\":\"required name=search_term_string\"}],\"inLanguage\":\"en-US\"},{\"@type\":\"WebPage\",\"@id\":\"https:\/\/www.visit-ulcinj.com\/blog\/2010\/04\/21\/akciju-ciscenja-velike-plaze-u-ulcinju\/#webpage\",\"url\":\"https:\/\/www.visit-ulcinj.com\/blog\/2010\/04\/21\/akciju-ciscenja-velike-plaze-u-ulcinju\/\",\"name\":\"Akciju ?i\u0161?enja Velike Pla\u017ee u Ulcinju - Lajme nga Ulqini\",\"isPartOf\":{\"@id\":\"https:\/\/www.visit-ulcinj.com\/blog\/#website\"},\"datePublished\":\"2010-04-21T15:01:20+00:00\",\"dateModified\":\"2010-04-21T15:03:36+00:00\",\"author\":{\"@id\":\"https:\/\/www.visit-ulcinj.com\/blog\/#\/schema\/person\/dcab619c614d3038751c63bc2aadc06d\"},\"description\":\"Povodom akcije ?i\u0161?enja podru?ja od posledica poplave koju je pokrenulo Ministarstvo ure?enja prostora i za\u0161tite \u017eivotne sredine, Javno preduze?e za\",\"breadcrumb\":{\"@id\":\"https:\/\/www.visit-ulcinj.com\/blog\/2010\/04\/21\/akciju-ciscenja-velike-plaze-u-ulcinju\/#breadcrumb\"},\"inLanguage\":\"en-US\",\"potentialAction\":[{\"@type\":\"ReadAction\",\"target\":[\"https:\/\/www.visit-ulcinj.com\/blog\/2010\/04\/21\/akciju-ciscenja-velike-plaze-u-ulcinju\/\"]}]},{\"@type\":\"BreadcrumbList\",\"@id\":\"https:\/\/www.visit-ulcinj.com\/blog\/2010\/04\/21\/akciju-ciscenja-velike-plaze-u-ulcinju\/#breadcrumb\",\"itemListElement\":[{\"@type\":\"ListItem\",\"position\":1,\"name\":\"Akciju ?i\u0161?enja Velike Pla\u017ee u Ulcinju\"}]},{\"@type\":\"Person\",\"@id\":\"https:\/\/www.visit-ulcinj.com\/blog\/#\/schema\/person\/dcab619c614d3038751c63bc2aadc06d\",\"name\":\"ulqini\",\"sameAs\":[\"http:\/\/www.visit-ulcinj.com\"],\"url\":\"https:\/\/www.visit-ulcinj.com\/blog\/author\/admin\/\"}]}<\/script>\n<!-- \/ Yoast SEO plugin. -->","yoast_head_json":{"title":"Akciju ?i\u0161?enja Velike Pla\u017ee u Ulcinju - Lajme nga Ulqini","description":"Povodom akcije ?i\u0161?enja podru?ja od posledica poplave koju je pokrenulo Ministarstvo ure?enja prostora i za\u0161tite \u017eivotne sredine, Javno preduze?e za","robots":{"index":"index","follow":"follow","max-snippet":"max-snippet:-1","max-image-preview":"max-image-preview:large","max-video-preview":"max-video-preview:-1"},"canonical":"https:\/\/www.visit-ulcinj.com\/blog\/2010\/04\/21\/akciju-ciscenja-velike-plaze-u-ulcinju\/","og_locale":"en_US","og_type":"article","og_title":"Akciju ?i\u0161?enja Velike Pla\u017ee u Ulcinju - Lajme nga Ulqini","og_description":"Povodom akcije ?i\u0161?enja podru?ja od posledica poplave koju je pokrenulo Ministarstvo ure?enja prostora i za\u0161tite \u017eivotne sredine, Javno preduze?e za","og_url":"https:\/\/www.visit-ulcinj.com\/blog\/2010\/04\/21\/akciju-ciscenja-velike-plaze-u-ulcinju\/","og_site_name":"Lajme nga Ulqini","article_published_time":"2010-04-21T15:01:20+00:00","article_modified_time":"2010-04-21T15:03:36+00:00","og_image":[{"url":"https:\/\/www.visit-ulcinj.com\/blog\/wp-content\/uploads\/2010\/04\/AKCIJA-\u00c4\u0152I\u00c5\u00a0\u00c4\u2020ENJA-VELIKE-PLA\u00c5\u00bdE.2.jpg"}],"twitter_misc":{"Written by":"ulqini","Est. reading time":"1 minute"},"schema":{"@context":"https:\/\/schema.org","@graph":[{"@type":"WebSite","@id":"https:\/\/www.visit-ulcinj.com\/blog\/#website","url":"https:\/\/www.visit-ulcinj.com\/blog\/","name":"Lajme nga Ulqini","description":"Lajme,Vijesti,Ulqini,Ulqin,Crna Gora,Mali i Zi","potentialAction":[{"@type":"SearchAction","target":{"@type":"EntryPoint","urlTemplate":"https:\/\/www.visit-ulcinj.com\/blog\/?s={search_term_string}"},"query-input":"required name=search_term_string"}],"inLanguage":"en-US"},{"@type":"WebPage","@id":"https:\/\/www.visit-ulcinj.com\/blog\/2010\/04\/21\/akciju-ciscenja-velike-plaze-u-ulcinju\/#webpage","url":"https:\/\/www.visit-ulcinj.com\/blog\/2010\/04\/21\/akciju-ciscenja-velike-plaze-u-ulcinju\/","name":"Akciju ?i\u0161?enja Velike Pla\u017ee u Ulcinju - Lajme nga Ulqini","isPartOf":{"@id":"https:\/\/www.visit-ulcinj.com\/blog\/#website"},"datePublished":"2010-04-21T15:01:20+00:00","dateModified":"2010-04-21T15:03:36+00:00","author":{"@id":"https:\/\/www.visit-ulcinj.com\/blog\/#\/schema\/person\/dcab619c614d3038751c63bc2aadc06d"},"description":"Povodom akcije ?i\u0161?enja podru?ja od posledica poplave koju je pokrenulo Ministarstvo ure?enja prostora i za\u0161tite \u017eivotne sredine, Javno preduze?e za","breadcrumb":{"@id":"https:\/\/www.visit-ulcinj.com\/blog\/2010\/04\/21\/akciju-ciscenja-velike-plaze-u-ulcinju\/#breadcrumb"},"inLanguage":"en-US","potentialAction":[{"@type":"ReadAction","target":["https:\/\/www.visit-ulcinj.com\/blog\/2010\/04\/21\/akciju-ciscenja-velike-plaze-u-ulcinju\/"]}]},{"@type":"BreadcrumbList","@id":"https:\/\/www.visit-ulcinj.com\/blog\/2010\/04\/21\/akciju-ciscenja-velike-plaze-u-ulcinju\/#breadcrumb","itemListElement":[{"@type":"ListItem","position":1,"name":"Akciju ?i\u0161?enja Velike Pla\u017ee u Ulcinju"}]},{"@type":"Person","@id":"https:\/\/www.visit-ulcinj.com\/blog\/#\/schema\/person\/dcab619c614d3038751c63bc2aadc06d","name":"ulqini","sameAs":["http:\/\/www.visit-ulcinj.com"],"url":"https:\/\/www.visit-ulcinj.com\/blog\/author\/admin\/"}]}},"jetpack_featured_media_url":"","jetpack_sharing_enabled":true,"jetpack_shortlink":"https:\/\/wp.me\/pe6lTn-8ox","_links":{"self":[{"href":"https:\/\/www.visit-ulcinj.com\/blog\/wp-json\/wp\/v2\/posts\/32273"}],"collection":[{"href":"https:\/\/www.visit-ulcinj.com\/blog\/wp-json\/wp\/v2\/posts"}],"about":[{"href":"https:\/\/www.visit-ulcinj.com\/blog\/wp-json\/wp\/v2\/types\/post"}],"author":[{"embeddable":true,"href":"https:\/\/www.visit-ulcinj.com\/blog\/wp-json\/wp\/v2\/users\/1"}],"replies":[{"embeddable":true,"href":"https:\/\/www.visit-ulcinj.com\/blog\/wp-json\/wp\/v2\/comments?post=32273"}],"version-history":[{"count":0,"href":"https:\/\/www.visit-ulcinj.com\/blog\/wp-json\/wp\/v2\/posts\/32273\/revisions"}],"wp:attachment":[{"href":"https:\/\/www.visit-ulcinj.com\/blog\/wp-json\/wp\/v2\/media?parent=32273"}],"wp:term":[{"taxonomy":"category","embeddable":true,"href":"https:\/\/www.visit-ulcinj.com\/blog\/wp-json\/wp\/v2\/categories?post=32273"},{"taxonomy":"post_tag","embeddable":true,"href":"https:\/\/www.visit-ulcinj.com\/blog\/wp-json\/wp\/v2\/tags?post=32273"}],"curies":[{"name":"wp","href":"https:\/\/api.w.org\/{rel}","templated":true}]}}