{"id":32280,"date":"2010-04-21T18:23:13","date_gmt":"2010-04-21T16:23:13","guid":{"rendered":"http:\/\/www.visit-ulcinj.com\/blog\/?p=32280"},"modified":"2010-04-21T18:23:13","modified_gmt":"2010-04-21T16:23:13","slug":"dinosa-odbio-albanski-savez","status":"publish","type":"post","link":"https:\/\/www.visit-ulcinj.com\/blog\/2010\/04\/21\/dinosa-odbio-albanski-savez\/","title":{"rendered":"Dino\u0161a odbio albanski savez"},"content":{"rendered":"<p><a href=\"http:\/\/www.visit-ulcinj.com\/blog\/wp-content\/uploads\/2010\/04\/Ferhat-Dino\u0161a_u-koaliciji-sa-DPS-om.jpg\"><img loading=\"lazy\" class=\"alignleft size-full wp-image-32281\" title=\"Ferhat Dino\u0161a_u koaliciji sa DPS-om\" src=\"http:\/\/www.visit-ulcinj.com\/blog\/wp-content\/uploads\/2010\/04\/Ferhat-Dino\u0161a_u-koaliciji-sa-DPS-om.jpg\" alt=\"Ferhat Dino\u0161a_u koaliciji sa DPS-om\" width=\"580\" height=\"350\" \/><\/a>Podgorica &#8211; Predsjednik Demokratske unije Albanaca Ferhat Dino\u0161a kazao je da ?e ta stranka u Ulcinju i Gradskoj op\u0161tini Tuzi nastupiti u koaliciji sa DPS-om i Bo\u0161nja?kom strankom. On je \u201cVijestima\u201d rekao da DUA ne?e u?estvovati na izborima u Podgorici, ali da ?e podr\u017eati koaliciju okupljenu oko gradona?elnika Miomira Mugo\u0161e.<br \/>\n\u201cU Podgorici ?emo podr\u017eati listu DPS-a uz definisanje nekih stvari koje nijesu predizborne, nego bi se desile nakon izbora. Tu mislim na odre?ene kvote u zapo\u0161ljavanju, kao i radna mjesta u op\u0161tinskoj administraciji\u201d, kazao je Dino\u0161a.<br \/>\nIako je ranije bila najavljivano formiranje \u0161iroke albanske koalicije u Tuzima, do dogovora nije do\u0161lo zbog neslaganja oko nosioca liste za Tuzi.<br \/>\nPredstavnici Albanske alternative, Gra?anske inicijative i Demokratskog saveza, prema nezvani?nim informacijama, tra\u017eili su da nosilac liste bude Dino\u0161a, dok se on pozivao na me?upartijski dogovor da prvi na listi u Tuzima bude ?lan DPS-a. Lideri tri albanske stranke nijesu se slo\u017eili ni sa Dino\u0161inim predlogom da u Podgorici u?u u predizbornu koaliciju sa DPS-om, upozoravaju?i da bi o eventualnim savezima bilo bolje razgovarati nakon izbora \u201ckada mandati vrijede vi\u0161e\u201d.<br \/>\nDino\u0161a je kazao da je o?ekivao dogovor, nakon \u0161to je iz najja?e stranke dobio uvjeravanja da bi tokom narednog mandata moglo biti omogu?eno organizovanje referenduma gra?ana Malesije o budu?em statusu GO Tuzi.<br \/>\n\u201cMislim da imam taj dogovor sa DPS-om i ovih dana ?emo to konkretizovati. U prvoj fazi mi se u?inilo da ?e biti subjekata koji ?e to gledati kao najbolji put, me?utim u finalu nije ispalo tako. Ipak vrata saradnje su otvorena i poslije izbora\u201c, kazao je on.<\/p>\n<p>Sada ostaje dilema da li ?e Albanska alternativa, Gra?anska inicijativa i Demokratski savez formirati koaliciju za izbore u Tuzima i Podgorici.<br \/>\nPredsjednik Demokratske zajednice Bo\u0161njaka-Muslimana Rifat Veskovi? saop\u0161tio je da ?e lista \u201eBo\u0161njaci i Muslimani, jedno\u201d na predstoje?im lokalnim izborima u Tuzima iza?i u koaliciji sa SNP-om i PzP-om. Doskora\u0161nji predsjednik Veskovi?eve partije u Podgorici i Tuzima Emer Hasanagi? saop\u0161tio je ju?e da podnosi ostavku \u201czbog svoje sopstvene odgovornosti prema aktivistima i bira?ima svoje partije\u201d.<\/p>\n<p>U Ulcinju dogovor DPS, DUA, SDP i BS<br \/>\nUlcinj &#8211; DPS ?e u Ulcinju vjerovatno nastupiti u koaliciji sa DUA i SDP-om, najavio je \u0161ef ulcinjskog DPS-a Ljuji? \u0160krelja. On je kazao da ?e koalicija biti otvorena i za druge partije, prije svega za BS. \u201eSiguran sam da ?e ta koalicija osvojiti apsolutnu vlast\u201d, uvjeren je \u0160krelja. On je podsjetio da su DPS i DUA prije izbora 2006. napravili istorijski iskorak u sklapanju koalicije koja je kasnije ubjedljivo trijumfovala.<br \/>\n\u201e?udna je atmosfera tada vladala u Ulcinju jer neki ljudi nijesu mogli da shvate savez gra?anske i nacionalne partije. Sje?am se da zbog takvih nacionalno-patrioritskih barijera nijesmo zajedno mogli ni da se fotografi\u0161emo. Danas je situacija druga?ija i drago mi je \u0161to smo mi prvi probili led\u201d, kazao je \u0160krelja.<br \/>\nOn je otkrio da je prije izbora 2006. gradona?elniku Gzimu Hajdinagi (DUA) stiglo pismo od jednog opozicionog lidera koji ga strogo upozorava da \u201ene smije sa DPS-om\u201d.<br \/>\n\u201eNapisao mu je da ni dan-dva prije izbora nije kasno da pobjegne od nas i vrati se \\&#8217;tamo gdje pripada\\&#8217;. Na svu sre?u, Hajdinaga je shvatio frustracije tog politi?ara. To pismo ?uvam i danas\u201d, kazao je \u0160krelja.<br \/>\n<strong>S.A.<br \/>\nSa.K.-\u017de.V<br \/>\nVijesti<\/strong><\/p>\n","protected":false},"excerpt":{"rendered":"<p>Podgorica &#8211; Predsjednik Demokratske unije Albanaca Ferhat Dino\u0161a kazao je da ?e ta stranka u Ulcinju i Gradskoj op\u0161tini Tuzi nastupiti u koaliciji sa DPS-om i Bo\u0161nja?kom strankom. On je \u201cVijestima\u201d rekao da DUA ne?e u?estvovati na izborima u Podgorici, ali da ?e podr\u017eati koaliciju okupljenu oko gradona?elnika Miomira Mugo\u0161e. \u201cU Podgorici ?emo podr\u017eati listu [&hellip;]<\/p>\n","protected":false},"author":1,"featured_media":0,"comment_status":"open","ping_status":"closed","sticky":false,"template":"","format":"standard","meta":{"spay_email":"","jetpack_publicize_message":"","jetpack_is_tweetstorm":false,"jetpack_publicize_feature_enabled":true},"categories":[8337],"tags":[88,14085],"jetpack_publicize_connections":[],"yoast_head":"<!-- This site is optimized with the Yoast SEO plugin v19.1 - https:\/\/yoast.com\/wordpress\/plugins\/seo\/ -->\n<title>Dino\u0161a odbio albanski savez - Lajme nga Ulqini<\/title>\n<meta name=\"description\" content=\"Podgorica - Predsjednik Demokratske unije Albanaca Ferhat Dino\u0161a kazao je da ?e ta stranka u Ulcinju i Gradskoj op\u0161tini Tuzi nastupiti u koaliciji sa\" \/>\n<meta name=\"robots\" content=\"index, follow, max-snippet:-1, max-image-preview:large, max-video-preview:-1\" \/>\n<link rel=\"canonical\" href=\"https:\/\/www.visit-ulcinj.com\/blog\/2010\/04\/21\/dinosa-odbio-albanski-savez\/\" \/>\n<meta property=\"og:locale\" content=\"en_US\" \/>\n<meta property=\"og:type\" content=\"article\" \/>\n<meta property=\"og:title\" content=\"Dino\u0161a odbio albanski savez - Lajme nga Ulqini\" \/>\n<meta property=\"og:description\" content=\"Podgorica - Predsjednik Demokratske unije Albanaca Ferhat Dino\u0161a kazao je da ?e ta stranka u Ulcinju i Gradskoj op\u0161tini Tuzi nastupiti u koaliciji sa\" \/>\n<meta property=\"og:url\" content=\"https:\/\/www.visit-ulcinj.com\/blog\/2010\/04\/21\/dinosa-odbio-albanski-savez\/\" \/>\n<meta property=\"og:site_name\" content=\"Lajme nga Ulqini\" \/>\n<meta property=\"article:published_time\" content=\"2010-04-21T16:23:13+00:00\" \/>\n<meta name=\"twitter:label1\" content=\"Written by\" \/>\n\t<meta name=\"twitter:data1\" content=\"ulqini\" \/>\n\t<meta name=\"twitter:label2\" content=\"Est. reading time\" \/>\n\t<meta name=\"twitter:data2\" content=\"3 minutes\" \/>\n<script type=\"application\/ld+json\" class=\"yoast-schema-graph\">{\"@context\":\"https:\/\/schema.org\",\"@graph\":[{\"@type\":\"WebSite\",\"@id\":\"https:\/\/www.visit-ulcinj.com\/blog\/#website\",\"url\":\"https:\/\/www.visit-ulcinj.com\/blog\/\",\"name\":\"Lajme nga Ulqini\",\"description\":\"Lajme,Vijesti,Ulqini,Ulqin,Crna Gora,Mali i Zi\",\"potentialAction\":[{\"@type\":\"SearchAction\",\"target\":{\"@type\":\"EntryPoint\",\"urlTemplate\":\"https:\/\/www.visit-ulcinj.com\/blog\/?s={search_term_string}\"},\"query-input\":\"required name=search_term_string\"}],\"inLanguage\":\"en-US\"},{\"@type\":\"WebPage\",\"@id\":\"https:\/\/www.visit-ulcinj.com\/blog\/2010\/04\/21\/dinosa-odbio-albanski-savez\/#webpage\",\"url\":\"https:\/\/www.visit-ulcinj.com\/blog\/2010\/04\/21\/dinosa-odbio-albanski-savez\/\",\"name\":\"Dino\u0161a odbio albanski savez - Lajme nga Ulqini\",\"isPartOf\":{\"@id\":\"https:\/\/www.visit-ulcinj.com\/blog\/#website\"},\"datePublished\":\"2010-04-21T16:23:13+00:00\",\"dateModified\":\"2010-04-21T16:23:13+00:00\",\"author\":{\"@id\":\"https:\/\/www.visit-ulcinj.com\/blog\/#\/schema\/person\/dcab619c614d3038751c63bc2aadc06d\"},\"description\":\"Podgorica - Predsjednik Demokratske unije Albanaca Ferhat Dino\u0161a kazao je da ?e ta stranka u Ulcinju i Gradskoj op\u0161tini Tuzi nastupiti u koaliciji sa\",\"breadcrumb\":{\"@id\":\"https:\/\/www.visit-ulcinj.com\/blog\/2010\/04\/21\/dinosa-odbio-albanski-savez\/#breadcrumb\"},\"inLanguage\":\"en-US\",\"potentialAction\":[{\"@type\":\"ReadAction\",\"target\":[\"https:\/\/www.visit-ulcinj.com\/blog\/2010\/04\/21\/dinosa-odbio-albanski-savez\/\"]}]},{\"@type\":\"BreadcrumbList\",\"@id\":\"https:\/\/www.visit-ulcinj.com\/blog\/2010\/04\/21\/dinosa-odbio-albanski-savez\/#breadcrumb\",\"itemListElement\":[{\"@type\":\"ListItem\",\"position\":1,\"name\":\"Dino\u0161a odbio albanski savez\"}]},{\"@type\":\"Person\",\"@id\":\"https:\/\/www.visit-ulcinj.com\/blog\/#\/schema\/person\/dcab619c614d3038751c63bc2aadc06d\",\"name\":\"ulqini\",\"sameAs\":[\"http:\/\/www.visit-ulcinj.com\"],\"url\":\"https:\/\/www.visit-ulcinj.com\/blog\/author\/admin\/\"}]}<\/script>\n<!-- \/ Yoast SEO plugin. -->","yoast_head_json":{"title":"Dino\u0161a odbio albanski savez - Lajme nga Ulqini","description":"Podgorica - Predsjednik Demokratske unije Albanaca Ferhat Dino\u0161a kazao je da ?e ta stranka u Ulcinju i Gradskoj op\u0161tini Tuzi nastupiti u koaliciji sa","robots":{"index":"index","follow":"follow","max-snippet":"max-snippet:-1","max-image-preview":"max-image-preview:large","max-video-preview":"max-video-preview:-1"},"canonical":"https:\/\/www.visit-ulcinj.com\/blog\/2010\/04\/21\/dinosa-odbio-albanski-savez\/","og_locale":"en_US","og_type":"article","og_title":"Dino\u0161a odbio albanski savez - Lajme nga Ulqini","og_description":"Podgorica - Predsjednik Demokratske unije Albanaca Ferhat Dino\u0161a kazao je da ?e ta stranka u Ulcinju i Gradskoj op\u0161tini Tuzi nastupiti u koaliciji sa","og_url":"https:\/\/www.visit-ulcinj.com\/blog\/2010\/04\/21\/dinosa-odbio-albanski-savez\/","og_site_name":"Lajme nga Ulqini","article_published_time":"2010-04-21T16:23:13+00:00","twitter_misc":{"Written by":"ulqini","Est. reading time":"3 minutes"},"schema":{"@context":"https:\/\/schema.org","@graph":[{"@type":"WebSite","@id":"https:\/\/www.visit-ulcinj.com\/blog\/#website","url":"https:\/\/www.visit-ulcinj.com\/blog\/","name":"Lajme nga Ulqini","description":"Lajme,Vijesti,Ulqini,Ulqin,Crna Gora,Mali i Zi","potentialAction":[{"@type":"SearchAction","target":{"@type":"EntryPoint","urlTemplate":"https:\/\/www.visit-ulcinj.com\/blog\/?s={search_term_string}"},"query-input":"required name=search_term_string"}],"inLanguage":"en-US"},{"@type":"WebPage","@id":"https:\/\/www.visit-ulcinj.com\/blog\/2010\/04\/21\/dinosa-odbio-albanski-savez\/#webpage","url":"https:\/\/www.visit-ulcinj.com\/blog\/2010\/04\/21\/dinosa-odbio-albanski-savez\/","name":"Dino\u0161a odbio albanski savez - Lajme nga Ulqini","isPartOf":{"@id":"https:\/\/www.visit-ulcinj.com\/blog\/#website"},"datePublished":"2010-04-21T16:23:13+00:00","dateModified":"2010-04-21T16:23:13+00:00","author":{"@id":"https:\/\/www.visit-ulcinj.com\/blog\/#\/schema\/person\/dcab619c614d3038751c63bc2aadc06d"},"description":"Podgorica - Predsjednik Demokratske unije Albanaca Ferhat Dino\u0161a kazao je da ?e ta stranka u Ulcinju i Gradskoj op\u0161tini Tuzi nastupiti u koaliciji sa","breadcrumb":{"@id":"https:\/\/www.visit-ulcinj.com\/blog\/2010\/04\/21\/dinosa-odbio-albanski-savez\/#breadcrumb"},"inLanguage":"en-US","potentialAction":[{"@type":"ReadAction","target":["https:\/\/www.visit-ulcinj.com\/blog\/2010\/04\/21\/dinosa-odbio-albanski-savez\/"]}]},{"@type":"BreadcrumbList","@id":"https:\/\/www.visit-ulcinj.com\/blog\/2010\/04\/21\/dinosa-odbio-albanski-savez\/#breadcrumb","itemListElement":[{"@type":"ListItem","position":1,"name":"Dino\u0161a odbio albanski savez"}]},{"@type":"Person","@id":"https:\/\/www.visit-ulcinj.com\/blog\/#\/schema\/person\/dcab619c614d3038751c63bc2aadc06d","name":"ulqini","sameAs":["http:\/\/www.visit-ulcinj.com"],"url":"https:\/\/www.visit-ulcinj.com\/blog\/author\/admin\/"}]}},"jetpack_featured_media_url":"","jetpack_sharing_enabled":true,"jetpack_shortlink":"https:\/\/wp.me\/pe6lTn-8oE","_links":{"self":[{"href":"https:\/\/www.visit-ulcinj.com\/blog\/wp-json\/wp\/v2\/posts\/32280"}],"collection":[{"href":"https:\/\/www.visit-ulcinj.com\/blog\/wp-json\/wp\/v2\/posts"}],"about":[{"href":"https:\/\/www.visit-ulcinj.com\/blog\/wp-json\/wp\/v2\/types\/post"}],"author":[{"embeddable":true,"href":"https:\/\/www.visit-ulcinj.com\/blog\/wp-json\/wp\/v2\/users\/1"}],"replies":[{"embeddable":true,"href":"https:\/\/www.visit-ulcinj.com\/blog\/wp-json\/wp\/v2\/comments?post=32280"}],"version-history":[{"count":0,"href":"https:\/\/www.visit-ulcinj.com\/blog\/wp-json\/wp\/v2\/posts\/32280\/revisions"}],"wp:attachment":[{"href":"https:\/\/www.visit-ulcinj.com\/blog\/wp-json\/wp\/v2\/media?parent=32280"}],"wp:term":[{"taxonomy":"category","embeddable":true,"href":"https:\/\/www.visit-ulcinj.com\/blog\/wp-json\/wp\/v2\/categories?post=32280"},{"taxonomy":"post_tag","embeddable":true,"href":"https:\/\/www.visit-ulcinj.com\/blog\/wp-json\/wp\/v2\/tags?post=32280"}],"curies":[{"name":"wp","href":"https:\/\/api.w.org\/{rel}","templated":true}]}}