{"id":32304,"date":"2010-04-22T18:06:28","date_gmt":"2010-04-22T16:06:28","guid":{"rendered":"http:\/\/www.visit-ulcinj.com\/blog\/?p=32304"},"modified":"2010-04-22T18:06:28","modified_gmt":"2010-04-22T16:06:28","slug":"deklarate-nga-forca-e-re-demokratikedita-e-planetes","status":"publish","type":"post","link":"https:\/\/www.visit-ulcinj.com\/blog\/2010\/04\/22\/deklarate-nga-forca-e-re-demokratikedita-e-planetes\/","title":{"rendered":"Deklarate nga Forca e Re Demokratike&#8221;Dita e Planet\u00ebs&#8221;"},"content":{"rendered":"<p><strong><a href=\"http:\/\/www.visit-ulcinj.com\/blog\/wp-content\/uploads\/2010\/04\/Dita-Planetes.jpg\"><img loading=\"lazy\" class=\"alignleft size-full wp-image-32305\" title=\"Dita Planetes\" src=\"http:\/\/www.visit-ulcinj.com\/blog\/wp-content\/uploads\/2010\/04\/Dita-Planetes.jpg\" alt=\"Dita Planetes\" width=\"409\" height=\"336\" srcset=\"https:\/\/www.visit-ulcinj.com\/blog\/wp-content\/uploads\/2010\/04\/Dita-Planetes.jpg 409w, https:\/\/www.visit-ulcinj.com\/blog\/wp-content\/uploads\/2010\/04\/Dita-Planetes-300x246.jpg 300w\" sizes=\"(max-width: 409px) 100vw, 409px\" \/><\/a>Ulqin, 22.04.2010<br \/>\nNr.69\/10 <\/strong><br \/>\nMe an\u00eb t\u00eb k\u00ebsaj deklarate, Forca e Re Demokratike d\u00ebshiron t\u00eb shpreh mb\u00ebshtetjen e saj p\u00ebr Dit\u00ebn e Tok\u00ebs dhe t\u00eb solidarizohet me t\u00eb gjith\u00eb ata q\u00eb anemban\u00eb bot\u00ebs ia dedikojn\u00eb k\u00ebt\u00eb dit\u00eb\u00a0 vet\u00ebdij\u00ebsimit p\u00ebr gjendjen e mjedisit.<br \/>\nNe si forc\u00eb politike i konsiderojme t\u00eb nj\u00eb r\u00ebnd\u00ebsie t\u00eb ve\u00e7ant\u00eb p\u00ebrpjekjet n\u00eb nivel nd\u00ebrkomb\u00ebtar dhe shtet\u00ebror p\u00ebr t\u00eb minimizuar ndryshimet klimatike qe vijne si pasoje e efektit njer\u00ebzor, p\u00ebr t\u00eb ruajtur biodiversitetin, p\u00ebr t\u00eb mund\u00ebsuar nj\u00eb zhvillim t\u00eb q\u00ebndrueshem dhe p\u00ebr t\u00eb promovuar burimet e rinovueshme energjitike.<br \/>\nForca i ka\u00a0 integruar k\u00ebto shqet\u00ebsime n\u00eb programin e saj politik duke i vendosur si prioritete.<br \/>\nNe mendojm\u00eb se n\u00eb Komun\u00ebn e Ulqinit gjendja e ambjentit l\u00eb shum\u00eb p\u00ebr t\u00eb d\u00ebshiruar duke patur parasysh sidomos gjendjen e Porto Milenes apo ndertimet masive pa leje.<br \/>\nForca e Re Demokratike ka n\u00eb plan gjithashtu\u00a0 jo vet\u00ebm\u00a0 zgjidhjen e k\u00ebtyre problemeve por edhe shftyrt\u00ebzimin e qendruesh\u00ebm ekonomik dhe promovimin e vlerave t\u00eb natyr\u00ebs son\u00eb duke nxitur agro-turizmin, nxitjen e bujq\u00ebsis\u00eb organike, t\u00eb turizmit dhe sporteve n\u00eb natyr\u00eb,\u00a0 si dhe\u00a0 mund\u00ebsimin e mir\u00ebadministrimit t\u00eb pasurive tona natyrore si bregdetit ton\u00eb, lugin\u00ebs s\u00eb Bun\u00ebs, liqenit t\u00eb Shkodr\u00ebs dhe<br \/>\nShasit.<\/p>\n<p><strong><br \/>\nSh\u00ebrbimi Informativ i Forc\u00ebs<\/strong><\/p>\n","protected":false},"excerpt":{"rendered":"<p>Ulqin, 22.04.2010 Nr.69\/10 Me an\u00eb t\u00eb k\u00ebsaj deklarate, Forca e Re Demokratike d\u00ebshiron t\u00eb shpreh mb\u00ebshtetjen e saj p\u00ebr Dit\u00ebn e Tok\u00ebs dhe t\u00eb solidarizohet me t\u00eb gjith\u00eb ata q\u00eb anemban\u00eb bot\u00ebs ia dedikojn\u00eb k\u00ebt\u00eb dit\u00eb\u00a0 vet\u00ebdij\u00ebsimit p\u00ebr gjendjen e mjedisit. Ne si forc\u00eb politike i konsiderojme t\u00eb nj\u00eb r\u00ebnd\u00ebsie t\u00eb ve\u00e7ant\u00eb p\u00ebrpjekjet n\u00eb nivel [&hellip;]<\/p>\n","protected":false},"author":1,"featured_media":0,"comment_status":"open","ping_status":"closed","sticky":false,"template":"","format":"standard","meta":{"spay_email":"","jetpack_publicize_message":"","jetpack_is_tweetstorm":false,"jetpack_publicize_feature_enabled":true},"categories":[11],"tags":[14091,874],"jetpack_publicize_connections":[],"yoast_head":"<!-- This site is optimized with the Yoast SEO plugin v19.1 - https:\/\/yoast.com\/wordpress\/plugins\/seo\/ -->\n<title>Deklarate nga Forca e Re Demokratike&quot;Dita e Planet\u00ebs&quot; - Lajme nga Ulqini<\/title>\n<meta name=\"description\" content=\"Ulqin, 22.04.2010 Nr.69\/10 Me an\u00eb t\u00eb k\u00ebsaj deklarate, Forca e Re Demokratike d\u00ebshiron t\u00eb shpreh mb\u00ebshtetjen e saj p\u00ebr Dit\u00ebn e Tok\u00ebs dhe t\u00eb solidarizohet\" \/>\n<meta name=\"robots\" content=\"index, follow, max-snippet:-1, max-image-preview:large, max-video-preview:-1\" \/>\n<link rel=\"canonical\" href=\"https:\/\/www.visit-ulcinj.com\/blog\/2010\/04\/22\/deklarate-nga-forca-e-re-demokratikedita-e-planetes\/\" \/>\n<meta property=\"og:locale\" content=\"en_US\" \/>\n<meta property=\"og:type\" content=\"article\" \/>\n<meta property=\"og:title\" content=\"Deklarate nga Forca e Re Demokratike&quot;Dita e Planet\u00ebs&quot; - Lajme nga Ulqini\" \/>\n<meta property=\"og:description\" content=\"Ulqin, 22.04.2010 Nr.69\/10 Me an\u00eb t\u00eb k\u00ebsaj deklarate, Forca e Re Demokratike d\u00ebshiron t\u00eb shpreh mb\u00ebshtetjen e saj p\u00ebr Dit\u00ebn e Tok\u00ebs dhe t\u00eb solidarizohet\" \/>\n<meta property=\"og:url\" content=\"https:\/\/www.visit-ulcinj.com\/blog\/2010\/04\/22\/deklarate-nga-forca-e-re-demokratikedita-e-planetes\/\" \/>\n<meta property=\"og:site_name\" content=\"Lajme nga Ulqini\" \/>\n<meta property=\"article:published_time\" content=\"2010-04-22T16:06:28+00:00\" \/>\n<meta property=\"og:image\" content=\"http:\/\/www.visit-ulcinj.com\/blog\/wp-content\/uploads\/2010\/04\/Dita-Planetes.jpg\" \/>\n<meta name=\"twitter:label1\" content=\"Written by\" \/>\n\t<meta name=\"twitter:data1\" content=\"ulqini\" \/>\n\t<meta name=\"twitter:label2\" content=\"Est. reading time\" \/>\n\t<meta name=\"twitter:data2\" content=\"1 minute\" \/>\n<script type=\"application\/ld+json\" class=\"yoast-schema-graph\">{\"@context\":\"https:\/\/schema.org\",\"@graph\":[{\"@type\":\"WebSite\",\"@id\":\"https:\/\/www.visit-ulcinj.com\/blog\/#website\",\"url\":\"https:\/\/www.visit-ulcinj.com\/blog\/\",\"name\":\"Lajme nga Ulqini\",\"description\":\"Lajme,Vijesti,Ulqini,Ulqin,Crna Gora,Mali i Zi\",\"potentialAction\":[{\"@type\":\"SearchAction\",\"target\":{\"@type\":\"EntryPoint\",\"urlTemplate\":\"https:\/\/www.visit-ulcinj.com\/blog\/?s={search_term_string}\"},\"query-input\":\"required name=search_term_string\"}],\"inLanguage\":\"en-US\"},{\"@type\":\"ImageObject\",\"inLanguage\":\"en-US\",\"@id\":\"https:\/\/www.visit-ulcinj.com\/blog\/2010\/04\/22\/deklarate-nga-forca-e-re-demokratikedita-e-planetes\/#primaryimage\",\"url\":\"https:\/\/www.visit-ulcinj.com\/blog\/wp-content\/uploads\/2010\/04\/Dita-Planetes.jpg\",\"contentUrl\":\"https:\/\/www.visit-ulcinj.com\/blog\/wp-content\/uploads\/2010\/04\/Dita-Planetes.jpg\",\"width\":\"409\",\"height\":\"336\"},{\"@type\":\"WebPage\",\"@id\":\"https:\/\/www.visit-ulcinj.com\/blog\/2010\/04\/22\/deklarate-nga-forca-e-re-demokratikedita-e-planetes\/#webpage\",\"url\":\"https:\/\/www.visit-ulcinj.com\/blog\/2010\/04\/22\/deklarate-nga-forca-e-re-demokratikedita-e-planetes\/\",\"name\":\"Deklarate nga Forca e Re Demokratike\\\"Dita e Planet\u00ebs\\\" - Lajme nga Ulqini\",\"isPartOf\":{\"@id\":\"https:\/\/www.visit-ulcinj.com\/blog\/#website\"},\"primaryImageOfPage\":{\"@id\":\"https:\/\/www.visit-ulcinj.com\/blog\/2010\/04\/22\/deklarate-nga-forca-e-re-demokratikedita-e-planetes\/#primaryimage\"},\"datePublished\":\"2010-04-22T16:06:28+00:00\",\"dateModified\":\"2010-04-22T16:06:28+00:00\",\"author\":{\"@id\":\"https:\/\/www.visit-ulcinj.com\/blog\/#\/schema\/person\/dcab619c614d3038751c63bc2aadc06d\"},\"description\":\"Ulqin, 22.04.2010 Nr.69\/10 Me an\u00eb t\u00eb k\u00ebsaj deklarate, Forca e Re Demokratike d\u00ebshiron t\u00eb shpreh mb\u00ebshtetjen e saj p\u00ebr Dit\u00ebn e Tok\u00ebs dhe t\u00eb solidarizohet\",\"breadcrumb\":{\"@id\":\"https:\/\/www.visit-ulcinj.com\/blog\/2010\/04\/22\/deklarate-nga-forca-e-re-demokratikedita-e-planetes\/#breadcrumb\"},\"inLanguage\":\"en-US\",\"potentialAction\":[{\"@type\":\"ReadAction\",\"target\":[\"https:\/\/www.visit-ulcinj.com\/blog\/2010\/04\/22\/deklarate-nga-forca-e-re-demokratikedita-e-planetes\/\"]}]},{\"@type\":\"BreadcrumbList\",\"@id\":\"https:\/\/www.visit-ulcinj.com\/blog\/2010\/04\/22\/deklarate-nga-forca-e-re-demokratikedita-e-planetes\/#breadcrumb\",\"itemListElement\":[{\"@type\":\"ListItem\",\"position\":1,\"name\":\"Deklarate nga Forca e Re Demokratike&#8221;Dita e Planet\u00ebs&#8221;\"}]},{\"@type\":\"Person\",\"@id\":\"https:\/\/www.visit-ulcinj.com\/blog\/#\/schema\/person\/dcab619c614d3038751c63bc2aadc06d\",\"name\":\"ulqini\",\"sameAs\":[\"http:\/\/www.visit-ulcinj.com\"],\"url\":\"https:\/\/www.visit-ulcinj.com\/blog\/author\/admin\/\"}]}<\/script>\n<!-- \/ Yoast SEO plugin. -->","yoast_head_json":{"title":"Deklarate nga Forca e Re Demokratike\"Dita e Planet\u00ebs\" - Lajme nga Ulqini","description":"Ulqin, 22.04.2010 Nr.69\/10 Me an\u00eb t\u00eb k\u00ebsaj deklarate, Forca e Re Demokratike d\u00ebshiron t\u00eb shpreh mb\u00ebshtetjen e saj p\u00ebr Dit\u00ebn e Tok\u00ebs dhe t\u00eb solidarizohet","robots":{"index":"index","follow":"follow","max-snippet":"max-snippet:-1","max-image-preview":"max-image-preview:large","max-video-preview":"max-video-preview:-1"},"canonical":"https:\/\/www.visit-ulcinj.com\/blog\/2010\/04\/22\/deklarate-nga-forca-e-re-demokratikedita-e-planetes\/","og_locale":"en_US","og_type":"article","og_title":"Deklarate nga Forca e Re Demokratike\"Dita e Planet\u00ebs\" - Lajme nga Ulqini","og_description":"Ulqin, 22.04.2010 Nr.69\/10 Me an\u00eb t\u00eb k\u00ebsaj deklarate, Forca e Re Demokratike d\u00ebshiron t\u00eb shpreh mb\u00ebshtetjen e saj p\u00ebr Dit\u00ebn e Tok\u00ebs dhe t\u00eb solidarizohet","og_url":"https:\/\/www.visit-ulcinj.com\/blog\/2010\/04\/22\/deklarate-nga-forca-e-re-demokratikedita-e-planetes\/","og_site_name":"Lajme nga Ulqini","article_published_time":"2010-04-22T16:06:28+00:00","og_image":[{"url":"http:\/\/www.visit-ulcinj.com\/blog\/wp-content\/uploads\/2010\/04\/Dita-Planetes.jpg"}],"twitter_misc":{"Written by":"ulqini","Est. reading time":"1 minute"},"schema":{"@context":"https:\/\/schema.org","@graph":[{"@type":"WebSite","@id":"https:\/\/www.visit-ulcinj.com\/blog\/#website","url":"https:\/\/www.visit-ulcinj.com\/blog\/","name":"Lajme nga Ulqini","description":"Lajme,Vijesti,Ulqini,Ulqin,Crna Gora,Mali i Zi","potentialAction":[{"@type":"SearchAction","target":{"@type":"EntryPoint","urlTemplate":"https:\/\/www.visit-ulcinj.com\/blog\/?s={search_term_string}"},"query-input":"required name=search_term_string"}],"inLanguage":"en-US"},{"@type":"ImageObject","inLanguage":"en-US","@id":"https:\/\/www.visit-ulcinj.com\/blog\/2010\/04\/22\/deklarate-nga-forca-e-re-demokratikedita-e-planetes\/#primaryimage","url":"https:\/\/www.visit-ulcinj.com\/blog\/wp-content\/uploads\/2010\/04\/Dita-Planetes.jpg","contentUrl":"https:\/\/www.visit-ulcinj.com\/blog\/wp-content\/uploads\/2010\/04\/Dita-Planetes.jpg","width":"409","height":"336"},{"@type":"WebPage","@id":"https:\/\/www.visit-ulcinj.com\/blog\/2010\/04\/22\/deklarate-nga-forca-e-re-demokratikedita-e-planetes\/#webpage","url":"https:\/\/www.visit-ulcinj.com\/blog\/2010\/04\/22\/deklarate-nga-forca-e-re-demokratikedita-e-planetes\/","name":"Deklarate nga Forca e Re Demokratike\"Dita e Planet\u00ebs\" - Lajme nga Ulqini","isPartOf":{"@id":"https:\/\/www.visit-ulcinj.com\/blog\/#website"},"primaryImageOfPage":{"@id":"https:\/\/www.visit-ulcinj.com\/blog\/2010\/04\/22\/deklarate-nga-forca-e-re-demokratikedita-e-planetes\/#primaryimage"},"datePublished":"2010-04-22T16:06:28+00:00","dateModified":"2010-04-22T16:06:28+00:00","author":{"@id":"https:\/\/www.visit-ulcinj.com\/blog\/#\/schema\/person\/dcab619c614d3038751c63bc2aadc06d"},"description":"Ulqin, 22.04.2010 Nr.69\/10 Me an\u00eb t\u00eb k\u00ebsaj deklarate, Forca e Re Demokratike d\u00ebshiron t\u00eb shpreh mb\u00ebshtetjen e saj p\u00ebr Dit\u00ebn e Tok\u00ebs dhe t\u00eb solidarizohet","breadcrumb":{"@id":"https:\/\/www.visit-ulcinj.com\/blog\/2010\/04\/22\/deklarate-nga-forca-e-re-demokratikedita-e-planetes\/#breadcrumb"},"inLanguage":"en-US","potentialAction":[{"@type":"ReadAction","target":["https:\/\/www.visit-ulcinj.com\/blog\/2010\/04\/22\/deklarate-nga-forca-e-re-demokratikedita-e-planetes\/"]}]},{"@type":"BreadcrumbList","@id":"https:\/\/www.visit-ulcinj.com\/blog\/2010\/04\/22\/deklarate-nga-forca-e-re-demokratikedita-e-planetes\/#breadcrumb","itemListElement":[{"@type":"ListItem","position":1,"name":"Deklarate nga Forca e Re Demokratike&#8221;Dita e Planet\u00ebs&#8221;"}]},{"@type":"Person","@id":"https:\/\/www.visit-ulcinj.com\/blog\/#\/schema\/person\/dcab619c614d3038751c63bc2aadc06d","name":"ulqini","sameAs":["http:\/\/www.visit-ulcinj.com"],"url":"https:\/\/www.visit-ulcinj.com\/blog\/author\/admin\/"}]}},"jetpack_featured_media_url":"","jetpack_sharing_enabled":true,"jetpack_shortlink":"https:\/\/wp.me\/pe6lTn-8p2","_links":{"self":[{"href":"https:\/\/www.visit-ulcinj.com\/blog\/wp-json\/wp\/v2\/posts\/32304"}],"collection":[{"href":"https:\/\/www.visit-ulcinj.com\/blog\/wp-json\/wp\/v2\/posts"}],"about":[{"href":"https:\/\/www.visit-ulcinj.com\/blog\/wp-json\/wp\/v2\/types\/post"}],"author":[{"embeddable":true,"href":"https:\/\/www.visit-ulcinj.com\/blog\/wp-json\/wp\/v2\/users\/1"}],"replies":[{"embeddable":true,"href":"https:\/\/www.visit-ulcinj.com\/blog\/wp-json\/wp\/v2\/comments?post=32304"}],"version-history":[{"count":0,"href":"https:\/\/www.visit-ulcinj.com\/blog\/wp-json\/wp\/v2\/posts\/32304\/revisions"}],"wp:attachment":[{"href":"https:\/\/www.visit-ulcinj.com\/blog\/wp-json\/wp\/v2\/media?parent=32304"}],"wp:term":[{"taxonomy":"category","embeddable":true,"href":"https:\/\/www.visit-ulcinj.com\/blog\/wp-json\/wp\/v2\/categories?post=32304"},{"taxonomy":"post_tag","embeddable":true,"href":"https:\/\/www.visit-ulcinj.com\/blog\/wp-json\/wp\/v2\/tags?post=32304"}],"curies":[{"name":"wp","href":"https:\/\/api.w.org\/{rel}","templated":true}]}}