{"id":32308,"date":"2010-04-22T18:27:46","date_gmt":"2010-04-22T16:27:46","guid":{"rendered":"http:\/\/www.visit-ulcinj.com\/blog\/?p=32308"},"modified":"2010-04-23T19:16:59","modified_gmt":"2010-04-23T17:16:59","slug":"deklarata-zyrtare-e-gjith-imameve-te-rrethit-ulqinit","status":"publish","type":"post","link":"https:\/\/www.visit-ulcinj.com\/blog\/2010\/04\/22\/deklarata-zyrtare-e-gjith-imameve-te-rrethit-ulqinit\/","title":{"rendered":"Deklarata zyrtare e gjith imameve te rrethit Ulqinit"},"content":{"rendered":"<p><strong><img loading=\"lazy\" class=\"alignleft\" title=\"IMAMET E ULQINIT DHE RRETHINES\" src=\"http:\/\/www.visit-ulcinj.com\/blog\/wp-content\/uploads\/2010\/03\/Molla-Brahim-Bajram-Pe%C3%A7urica_ulqin.jpg\" alt=\"\" width=\"580\" height=\"400\" \/>21.4.2010: DEKLARAT\u00cb E XHEMATLIVE T\u00cb RRETHIT ULQINIT ( KRRU\u00c7, KOLLOMZ, PISTULL DHE ZOGAJ) DERGUAR REIS-UL-ULEMAS\u00cb DHE MESHIHATIT N\u00cb MAL T\u00cb ZI<\/strong><\/p>\n<p><strong>D E K L A R A T \u00cb<\/strong><\/p>\n<p>Me rastin e iniciativ\u00ebs s\u00eb nj\u00eb pjese t\u00eb K\u00ebshillit t\u00eb Bashk\u00ebsis Islame t\u00eb Ulqinit p\u00ebr ndarjen e k\u00ebtij K\u00ebshill n\u00eb dy k\u00ebshilla, iniciator\u00ebt-aktivist\u00ebt e k\u00ebsaj iniciative kan\u00eb raportuar deklarata t\u00eb pasakta n\u00eb emrin tim, si p\u00ebrfaq\u00ebsus i k\u00ebtyre xhemateve (Krru\u00e7, Kollomz, Pistull dhe Zogaj) n\u00eb KBI Ulqin, si dhe ne emrin e Imam\u00ebve, Mytevelive, K\u00ebshilltarve te xhamijave dhe xhemtlinjve t\u00eb k\u00ebtyre Xhemateve!<br \/>\nUn\u00eb, NAIL SELMANI, antar\u00eb i KBI Ulqin nuk kam qen\u00eb i informuar p\u00ebr mbledhjen e fundit t\u00eb K\u00ebshillit t\u00eb BI (ftes\u00ebn rast\u00ebsisht e kam gjetur pas t\u00eb gjitha aktiviteteve n\u00eb lokalin tim \u2018San Remo\u2019 n\u00ebn der\u00eb, t\u00eb cilin e kam mbyllur para disa muajve). Gjithashtu nuk kam qen\u00eb i ftuar as ne mledhjen e mytevelive dhe k\u00ebshillave t\u00eb xhamijave e cila \u00ebsht\u00eb mbajtur n\u00eb xhamin e Mezjahut me 05.04.2010. ku \u00ebsht\u00eb votuar p\u00ebr k\u00ebte inicijativ\u00eb P\u00cbR\u00c7ARSE!<br \/>\nGjithmon\u00eb kemi qen\u00eb pjes\u00eb e Bashk\u00ebsis Islame me seli n\u00eb Ulqin, dhe pyetja e Sekretarit (Agim Dragovoja) t\u00eb BI (ME TELEFON) \u201cA jeni me Bashk\u00ebsin Islame t\u00eb Ulqinit\u201d, m\u00eb \u00ebsht\u00eb duk\u00eb e \u00e7uditshme dhe jam deklaruar \u201cPO\u201d! K\u00ebt\u00eb e kam b\u00ebr\u00eb duke mos ditur se p\u00ebr \u00e7ka b\u00ebhet fjal\u00eb dhe duke menduar p\u00ebr K\u00ebshillin e perbashk\u00ebt e JO T\u00cb P\u00cbR\u00c7AR\u00cb.<br \/>\nKryetari i BI \u2013 Ulqin, z. Avdo Gorana, n\u00eb k\u00ebrkesen q\u00eb ia drejtoj Meshihatit t\u00eb BI n\u00eb Podgoric\u00eb p\u00ebr k\u00ebt\u00eb inicijativ\u00eb p\u00ebrmend me emra dhe k\u00ebto kat\u00ebr (4) Xhemate (Krru\u00e7, Kollomz, Pistull dhe Zogaj) me iniciativ\u00eb P\u00cbR P\u00cbR\u00c7ARJE DHE NDARJE!<br \/>\nD\u00ebshirojm te njoftojm\u00eb Meshihatin dhe Popullin se k\u00ebto iniciator na kan\u00eb telefonuar dhjetra her\u00eb p\u00ebr t\u00eb na hutuar dhe manipuluar me k\u00ebrkesa t\u00eb \u00e7udishme, \u201cA jeni me ne a me ta\u201d, \u201cA doni a s\u2019doni\u201d, e tj&#8230;<br \/>\nEdhe pas takimeve n\u00eb Zyren e BI &#8211; Ulqin dhe deklaratave t\u00eb kund\u00ebrta z. Avdo Gorana MANIPULON pa na ftuar n\u00eb mbledhjen e k\u00ebshillave t\u00eb xhemateve n\u00eb xhamin e Mezjahut.<br \/>\nK\u00ebt\u00eb Deklarat\u00eb, se NUK JEMI P\u00cbR NDARJEN DHE P\u00cbR\u00c7ARJE e deklaroj un\u00eb, NAIL SELMANI, an\u00ebtar i K\u00ebshillit t\u00eb Bashk\u00ebsis Islame Ulqin, s\u00eb bashku me IMAM\u00cbT dhe MYTEVELIT e xhamijave q\u00eb p\u00ebrfaqsoj un\u00eb: Pistull, Kollomz, Krru\u00e7 dhe Zogaj<\/p>\n<p>K\u00ebt\u00eb deklarat\u00eb, me vet\u00ebdije t\u00eb plot\u00eb dhe vullnet t\u00eb lir\u00eb, e nenshruan:<br \/>\n1. Zogaj, Imami Xhemal ef. Draga<br \/>\nMyteveliu Nail Selmani<br \/>\n2. Pistull, Imami Mirsad ef. Rama<br \/>\nMyteveliu Sabahet \u2013 Sabo Kraja<br \/>\n3. Kollomz, Imami Qazim ef. Cenaj<br \/>\nMyteveliu Vehbi Goga<br \/>\n4. Krru\u00e7, nuk ka Imam\u00eb<br \/>\nMyteveliu Cufo Vukoviq<\/p>\n<p><strong>Burimi:<a href=\"http:\/\/www.ulqini.de\/shqip.htm\" target=\"_blank\"> www.ulqini.de\/<\/a><\/strong><\/p>\n<p><strong>Publicitet;<\/strong><\/p>\n<p><strong> <\/strong><\/p>\n<p class=\"MsoNormal\" style=\"margin-bottom: 0.0001pt; line-height: normal;\"><a href=\"http:\/\/www.visit-ulcinj.com\/blog\/wp-content\/uploads\/2008\/06\/ndertimi-i-xhamis-ne-fushe-te-ulqinit1.jpg\"><img loading=\"lazy\" class=\"alignleft attachment wp-att-2048\" style=\"float: left;\" src=\"http:\/\/www.visit-ulcinj.com\/blog\/wp-content\/uploads\/2008\/06\/ndertimi-i-xhamis-ne-fushe-te-ulqinit1.thumbnail.jpg\" alt=\"N\u00eb Ulqin nd\u00ebrtohet xhami p\u00ebr nj\u00eb mij\u00eb faltor\" width=\"189\" height=\"139\" \/><\/a><span style=\"font-size: 12pt; font-family: \">Ka nisur grumbullimi i mjeteve financiare p\u00ebr nd\u00ebrtimin e xhamis\u00eb n\u00eb Fush\u00eb t\u00eb Ulqinit.Xhamia do t\u00eb jet\u00eb shum\u00eb funksionale: 1 mij\u00eb vende p\u00ebr falje, vend p\u00ebr mir\u00ebmbajtjen dhe pregaditjen e xhenazes (gasulhanja), mejtep, bibliotek\u00eb,sall\u00eb, kafiteri, vende p\u00ebr parkim etj.<br \/>\nDeri m\u00eb tash \u00ebsht\u00eb bler\u00eb trolli i xhamis\u00eb dhe \u00ebsht\u00eb punuar projekti ideor.Lusim Allahun Fuqiplot\u00eb q\u00eb \u00e7do ndihm\u00eb tuaj\u00ebn ta radhis\u00eb n\u00eb vepra t\u00eb mira.<\/span><a href=\"http:\/\/www.visit-ulcinj.com\/blog\/wp-content\/uploads\/2008\/06\/bashkesija-islame-e-ulqinit.gif\"><img loading=\"lazy\" class=\"alignright attachment wp-att-2053\" style=\"float: right;\" src=\"http:\/\/www.visit-ulcinj.com\/blog\/wp-content\/uploads\/2008\/06\/bashkesija-islame-e-ulqinit.gif\" alt=\"BASHK\u00cbSIJA ISLAME E ULQINIT-ISLAMSKA ZAJEDNICA ULCINJ\" width=\"180\" height=\"126\" \/><\/a><\/p>\n<p class=\"MsoNormal\" style=\"margin-bottom: 0.0001pt; line-height: normal;\"><span style=\"font-size: 12pt; font-family: \"><br \/>\n<strong>Xhirollogaria:510-12295-15<\/strong><\/span><\/p>\n<p class=\"MsoNormal\" style=\"margin-bottom: 0.0001pt; line-height: normal;\"><strong><span style=\"font-size: 12pt; font-family: \"> Informatat n\u00eb tel\/fax:<\/span><\/strong><\/p>\n<p class=\"MsoNormal\" style=\"margin-bottom: 0.0001pt; line-height: normal;\"><strong><span style=\"font-size: 12pt; font-family: \">Tel\/fax:<\/span><span style=\"font-size: 12pt; font-family: \">+382 30 413-257<br \/>\nMobil  :+382 69 037-681<br \/>\nMobil  :+382 69 473-400<\/span><\/strong><strong><\/strong><\/p>\n","protected":false},"excerpt":{"rendered":"<p>21.4.2010: DEKLARAT\u00cb E XHEMATLIVE T\u00cb RRETHIT ULQINIT ( KRRU\u00c7, KOLLOMZ, PISTULL DHE ZOGAJ) DERGUAR REIS-UL-ULEMAS\u00cb DHE MESHIHATIT N\u00cb MAL T\u00cb ZI D E K L A R A T \u00cb Me rastin e iniciativ\u00ebs s\u00eb nj\u00eb pjese t\u00eb K\u00ebshillit t\u00eb Bashk\u00ebsis Islame t\u00eb Ulqinit p\u00ebr ndarjen e k\u00ebtij K\u00ebshill n\u00eb dy k\u00ebshilla, iniciator\u00ebt-aktivist\u00ebt e k\u00ebsaj [&hellip;]<\/p>\n","protected":false},"author":1,"featured_media":0,"comment_status":"open","ping_status":"closed","sticky":false,"template":"","format":"standard","meta":{"spay_email":"","jetpack_publicize_message":"","jetpack_is_tweetstorm":false,"jetpack_publicize_feature_enabled":true},"categories":[11],"tags":[14092,14094,14095,14093,14096],"jetpack_publicize_connections":[],"yoast_head":"<!-- This site is optimized with the Yoast SEO plugin v19.1 - https:\/\/yoast.com\/wordpress\/plugins\/seo\/ -->\n<title>Deklarata zyrtare e gjith imameve te rrethit Ulqinit - Lajme nga Ulqini<\/title>\n<meta name=\"description\" content=\"21.4.2010: DEKLARAT\u00cb E XHEMATLIVE T\u00cb RRETHIT ULQINIT ( KRRU\u00c7, KOLLOMZ, PISTULL DHE ZOGAJ) DERGUAR REIS-UL-ULEMAS\u00cb DHE MESHIHATIT N\u00cb MAL T\u00cb ZI D E K L A R\" \/>\n<meta name=\"robots\" content=\"index, follow, max-snippet:-1, max-image-preview:large, max-video-preview:-1\" \/>\n<link rel=\"canonical\" href=\"https:\/\/www.visit-ulcinj.com\/blog\/2010\/04\/22\/deklarata-zyrtare-e-gjith-imameve-te-rrethit-ulqinit\/\" \/>\n<meta property=\"og:locale\" content=\"en_US\" \/>\n<meta property=\"og:type\" content=\"article\" \/>\n<meta property=\"og:title\" content=\"Deklarata zyrtare e gjith imameve te rrethit Ulqinit - Lajme nga Ulqini\" \/>\n<meta property=\"og:description\" content=\"21.4.2010: DEKLARAT\u00cb E XHEMATLIVE T\u00cb RRETHIT ULQINIT ( KRRU\u00c7, KOLLOMZ, PISTULL DHE ZOGAJ) DERGUAR REIS-UL-ULEMAS\u00cb DHE MESHIHATIT N\u00cb MAL T\u00cb ZI D E K L A R\" \/>\n<meta property=\"og:url\" content=\"https:\/\/www.visit-ulcinj.com\/blog\/2010\/04\/22\/deklarata-zyrtare-e-gjith-imameve-te-rrethit-ulqinit\/\" \/>\n<meta property=\"og:site_name\" content=\"Lajme nga Ulqini\" \/>\n<meta property=\"article:published_time\" content=\"2010-04-22T16:27:46+00:00\" \/>\n<meta property=\"article:modified_time\" content=\"2010-04-23T17:16:59+00:00\" \/>\n<meta property=\"og:image\" content=\"http:\/\/www.visit-ulcinj.com\/blog\/wp-content\/uploads\/2010\/03\/Molla-Brahim-Bajram-Pe%C3%A7urica_ulqin.jpg\" \/>\n<meta name=\"twitter:label1\" content=\"Written by\" \/>\n\t<meta name=\"twitter:data1\" content=\"ulqini\" \/>\n\t<meta name=\"twitter:label2\" content=\"Est. reading time\" \/>\n\t<meta name=\"twitter:data2\" content=\"3 minutes\" \/>\n<script type=\"application\/ld+json\" class=\"yoast-schema-graph\">{\"@context\":\"https:\/\/schema.org\",\"@graph\":[{\"@type\":\"WebSite\",\"@id\":\"https:\/\/www.visit-ulcinj.com\/blog\/#website\",\"url\":\"https:\/\/www.visit-ulcinj.com\/blog\/\",\"name\":\"Lajme nga Ulqini\",\"description\":\"Lajme,Vijesti,Ulqini,Ulqin,Crna Gora,Mali i Zi\",\"potentialAction\":[{\"@type\":\"SearchAction\",\"target\":{\"@type\":\"EntryPoint\",\"urlTemplate\":\"https:\/\/www.visit-ulcinj.com\/blog\/?s={search_term_string}\"},\"query-input\":\"required name=search_term_string\"}],\"inLanguage\":\"en-US\"},{\"@type\":\"ImageObject\",\"inLanguage\":\"en-US\",\"@id\":\"https:\/\/www.visit-ulcinj.com\/blog\/2010\/04\/22\/deklarata-zyrtare-e-gjith-imameve-te-rrethit-ulqinit\/#primaryimage\",\"url\":\"http:\/\/www.visit-ulcinj.com\/blog\/wp-content\/uploads\/2010\/03\/Molla-Brahim-Bajram-Pe%C3%A7urica_ulqin.jpg\",\"contentUrl\":\"http:\/\/www.visit-ulcinj.com\/blog\/wp-content\/uploads\/2010\/03\/Molla-Brahim-Bajram-Pe%C3%A7urica_ulqin.jpg\"},{\"@type\":\"WebPage\",\"@id\":\"https:\/\/www.visit-ulcinj.com\/blog\/2010\/04\/22\/deklarata-zyrtare-e-gjith-imameve-te-rrethit-ulqinit\/#webpage\",\"url\":\"https:\/\/www.visit-ulcinj.com\/blog\/2010\/04\/22\/deklarata-zyrtare-e-gjith-imameve-te-rrethit-ulqinit\/\",\"name\":\"Deklarata zyrtare e gjith imameve te rrethit Ulqinit - Lajme nga Ulqini\",\"isPartOf\":{\"@id\":\"https:\/\/www.visit-ulcinj.com\/blog\/#website\"},\"primaryImageOfPage\":{\"@id\":\"https:\/\/www.visit-ulcinj.com\/blog\/2010\/04\/22\/deklarata-zyrtare-e-gjith-imameve-te-rrethit-ulqinit\/#primaryimage\"},\"datePublished\":\"2010-04-22T16:27:46+00:00\",\"dateModified\":\"2010-04-23T17:16:59+00:00\",\"author\":{\"@id\":\"https:\/\/www.visit-ulcinj.com\/blog\/#\/schema\/person\/dcab619c614d3038751c63bc2aadc06d\"},\"description\":\"21.4.2010: DEKLARAT\u00cb E XHEMATLIVE T\u00cb RRETHIT ULQINIT ( KRRU\u00c7, KOLLOMZ, PISTULL DHE ZOGAJ) DERGUAR REIS-UL-ULEMAS\u00cb DHE MESHIHATIT N\u00cb MAL T\u00cb ZI D E K L A R\",\"breadcrumb\":{\"@id\":\"https:\/\/www.visit-ulcinj.com\/blog\/2010\/04\/22\/deklarata-zyrtare-e-gjith-imameve-te-rrethit-ulqinit\/#breadcrumb\"},\"inLanguage\":\"en-US\",\"potentialAction\":[{\"@type\":\"ReadAction\",\"target\":[\"https:\/\/www.visit-ulcinj.com\/blog\/2010\/04\/22\/deklarata-zyrtare-e-gjith-imameve-te-rrethit-ulqinit\/\"]}]},{\"@type\":\"BreadcrumbList\",\"@id\":\"https:\/\/www.visit-ulcinj.com\/blog\/2010\/04\/22\/deklarata-zyrtare-e-gjith-imameve-te-rrethit-ulqinit\/#breadcrumb\",\"itemListElement\":[{\"@type\":\"ListItem\",\"position\":1,\"name\":\"Deklarata zyrtare e gjith imameve te rrethit Ulqinit\"}]},{\"@type\":\"Person\",\"@id\":\"https:\/\/www.visit-ulcinj.com\/blog\/#\/schema\/person\/dcab619c614d3038751c63bc2aadc06d\",\"name\":\"ulqini\",\"sameAs\":[\"http:\/\/www.visit-ulcinj.com\"],\"url\":\"https:\/\/www.visit-ulcinj.com\/blog\/author\/admin\/\"}]}<\/script>\n<!-- \/ Yoast SEO plugin. -->","yoast_head_json":{"title":"Deklarata zyrtare e gjith imameve te rrethit Ulqinit - Lajme nga Ulqini","description":"21.4.2010: DEKLARAT\u00cb E XHEMATLIVE T\u00cb RRETHIT ULQINIT ( KRRU\u00c7, KOLLOMZ, PISTULL DHE ZOGAJ) DERGUAR REIS-UL-ULEMAS\u00cb DHE MESHIHATIT N\u00cb MAL T\u00cb ZI D E K L A R","robots":{"index":"index","follow":"follow","max-snippet":"max-snippet:-1","max-image-preview":"max-image-preview:large","max-video-preview":"max-video-preview:-1"},"canonical":"https:\/\/www.visit-ulcinj.com\/blog\/2010\/04\/22\/deklarata-zyrtare-e-gjith-imameve-te-rrethit-ulqinit\/","og_locale":"en_US","og_type":"article","og_title":"Deklarata zyrtare e gjith imameve te rrethit Ulqinit - Lajme nga Ulqini","og_description":"21.4.2010: DEKLARAT\u00cb E XHEMATLIVE T\u00cb RRETHIT ULQINIT ( KRRU\u00c7, KOLLOMZ, PISTULL DHE ZOGAJ) DERGUAR REIS-UL-ULEMAS\u00cb DHE MESHIHATIT N\u00cb MAL T\u00cb ZI D E K L A R","og_url":"https:\/\/www.visit-ulcinj.com\/blog\/2010\/04\/22\/deklarata-zyrtare-e-gjith-imameve-te-rrethit-ulqinit\/","og_site_name":"Lajme nga Ulqini","article_published_time":"2010-04-22T16:27:46+00:00","article_modified_time":"2010-04-23T17:16:59+00:00","og_image":[{"url":"http:\/\/www.visit-ulcinj.com\/blog\/wp-content\/uploads\/2010\/03\/Molla-Brahim-Bajram-Pe%C3%A7urica_ulqin.jpg"}],"twitter_misc":{"Written by":"ulqini","Est. reading time":"3 minutes"},"schema":{"@context":"https:\/\/schema.org","@graph":[{"@type":"WebSite","@id":"https:\/\/www.visit-ulcinj.com\/blog\/#website","url":"https:\/\/www.visit-ulcinj.com\/blog\/","name":"Lajme nga Ulqini","description":"Lajme,Vijesti,Ulqini,Ulqin,Crna Gora,Mali i Zi","potentialAction":[{"@type":"SearchAction","target":{"@type":"EntryPoint","urlTemplate":"https:\/\/www.visit-ulcinj.com\/blog\/?s={search_term_string}"},"query-input":"required name=search_term_string"}],"inLanguage":"en-US"},{"@type":"ImageObject","inLanguage":"en-US","@id":"https:\/\/www.visit-ulcinj.com\/blog\/2010\/04\/22\/deklarata-zyrtare-e-gjith-imameve-te-rrethit-ulqinit\/#primaryimage","url":"http:\/\/www.visit-ulcinj.com\/blog\/wp-content\/uploads\/2010\/03\/Molla-Brahim-Bajram-Pe%C3%A7urica_ulqin.jpg","contentUrl":"http:\/\/www.visit-ulcinj.com\/blog\/wp-content\/uploads\/2010\/03\/Molla-Brahim-Bajram-Pe%C3%A7urica_ulqin.jpg"},{"@type":"WebPage","@id":"https:\/\/www.visit-ulcinj.com\/blog\/2010\/04\/22\/deklarata-zyrtare-e-gjith-imameve-te-rrethit-ulqinit\/#webpage","url":"https:\/\/www.visit-ulcinj.com\/blog\/2010\/04\/22\/deklarata-zyrtare-e-gjith-imameve-te-rrethit-ulqinit\/","name":"Deklarata zyrtare e gjith imameve te rrethit Ulqinit - Lajme nga Ulqini","isPartOf":{"@id":"https:\/\/www.visit-ulcinj.com\/blog\/#website"},"primaryImageOfPage":{"@id":"https:\/\/www.visit-ulcinj.com\/blog\/2010\/04\/22\/deklarata-zyrtare-e-gjith-imameve-te-rrethit-ulqinit\/#primaryimage"},"datePublished":"2010-04-22T16:27:46+00:00","dateModified":"2010-04-23T17:16:59+00:00","author":{"@id":"https:\/\/www.visit-ulcinj.com\/blog\/#\/schema\/person\/dcab619c614d3038751c63bc2aadc06d"},"description":"21.4.2010: DEKLARAT\u00cb E XHEMATLIVE T\u00cb RRETHIT ULQINIT ( KRRU\u00c7, KOLLOMZ, PISTULL DHE ZOGAJ) DERGUAR REIS-UL-ULEMAS\u00cb DHE MESHIHATIT N\u00cb MAL T\u00cb ZI D E K L A R","breadcrumb":{"@id":"https:\/\/www.visit-ulcinj.com\/blog\/2010\/04\/22\/deklarata-zyrtare-e-gjith-imameve-te-rrethit-ulqinit\/#breadcrumb"},"inLanguage":"en-US","potentialAction":[{"@type":"ReadAction","target":["https:\/\/www.visit-ulcinj.com\/blog\/2010\/04\/22\/deklarata-zyrtare-e-gjith-imameve-te-rrethit-ulqinit\/"]}]},{"@type":"BreadcrumbList","@id":"https:\/\/www.visit-ulcinj.com\/blog\/2010\/04\/22\/deklarata-zyrtare-e-gjith-imameve-te-rrethit-ulqinit\/#breadcrumb","itemListElement":[{"@type":"ListItem","position":1,"name":"Deklarata zyrtare e gjith imameve te rrethit Ulqinit"}]},{"@type":"Person","@id":"https:\/\/www.visit-ulcinj.com\/blog\/#\/schema\/person\/dcab619c614d3038751c63bc2aadc06d","name":"ulqini","sameAs":["http:\/\/www.visit-ulcinj.com"],"url":"https:\/\/www.visit-ulcinj.com\/blog\/author\/admin\/"}]}},"jetpack_featured_media_url":"","jetpack_sharing_enabled":true,"jetpack_shortlink":"https:\/\/wp.me\/pe6lTn-8p6","_links":{"self":[{"href":"https:\/\/www.visit-ulcinj.com\/blog\/wp-json\/wp\/v2\/posts\/32308"}],"collection":[{"href":"https:\/\/www.visit-ulcinj.com\/blog\/wp-json\/wp\/v2\/posts"}],"about":[{"href":"https:\/\/www.visit-ulcinj.com\/blog\/wp-json\/wp\/v2\/types\/post"}],"author":[{"embeddable":true,"href":"https:\/\/www.visit-ulcinj.com\/blog\/wp-json\/wp\/v2\/users\/1"}],"replies":[{"embeddable":true,"href":"https:\/\/www.visit-ulcinj.com\/blog\/wp-json\/wp\/v2\/comments?post=32308"}],"version-history":[{"count":0,"href":"https:\/\/www.visit-ulcinj.com\/blog\/wp-json\/wp\/v2\/posts\/32308\/revisions"}],"wp:attachment":[{"href":"https:\/\/www.visit-ulcinj.com\/blog\/wp-json\/wp\/v2\/media?parent=32308"}],"wp:term":[{"taxonomy":"category","embeddable":true,"href":"https:\/\/www.visit-ulcinj.com\/blog\/wp-json\/wp\/v2\/categories?post=32308"},{"taxonomy":"post_tag","embeddable":true,"href":"https:\/\/www.visit-ulcinj.com\/blog\/wp-json\/wp\/v2\/tags?post=32308"}],"curies":[{"name":"wp","href":"https:\/\/api.w.org\/{rel}","templated":true}]}}