{"id":32312,"date":"2010-04-22T18:46:22","date_gmt":"2010-04-22T16:46:22","guid":{"rendered":"http:\/\/www.visit-ulcinj.com\/blog\/?p=32312"},"modified":"2010-04-23T18:30:09","modified_gmt":"2010-04-23T16:30:09","slug":"pristan-nekad-i-sad","status":"publish","type":"post","link":"https:\/\/www.visit-ulcinj.com\/blog\/2010\/04\/22\/pristan-nekad-i-sad\/","title":{"rendered":"Pristan &#8211; nekad i sad"},"content":{"rendered":"<p><a href=\"http:\/\/www.visit-ulcinj.com\/blog\/wp-content\/uploads\/2010\/04\/Pristan-nekad-i-sad_ulcinj.jpg\"><img loading=\"lazy\" class=\"alignleft size-full wp-image-32313\" title=\"Pristan - nekad i sad_ulcinj\" src=\"http:\/\/www.visit-ulcinj.com\/blog\/wp-content\/uploads\/2010\/04\/Pristan-nekad-i-sad_ulcinj.jpg\" alt=\"Pristan - nekad i sad_ulcinj\" width=\"580\" height=\"400\" \/><\/a>Ovo se mora pohvaliti..mislim da je krajnje vrijeme bilo da se po?ne sa ure?ivanjem mjesta gdje su nekada stajali oni ?uveni, ru\u017eni kiosci ili kako sam ih ja volio nazivati ,.kontejneri.. I po?elo je , moram da se pozovem na onu &#8220;Galilejevu&#8221; da se ipak &#8221; okre?e&#8221;&#8230; dakle izgleda da je po?elo i kod nas na Pristanu da se pone\u0161to &#8220;okre?e&#8221;..Ne?u da budem zlopamtilo, pa da sada pomenem prestoje?e izbore&#8230;ali bilo kako bilo, ovo jeste za pohvalu. Iskreno se nadam da ?e se i?i, do kraja bez izuzetaka i da ?e lokalna vlast, biti &#8220;dosledna&#8221; ovoga puta. Vjerujem i \u017eelim, a mislim da dijelim i mi\u0161ljenje svih onih koji makar jednom dnevno , silaze do Pristana, da ?e Pristan koliko- toliko, dobiti pravi imid\u017e jednog primorskog \u0161etali\u0161ta. Nadam se da ?u opet ugledati palme i jo\u0161 vi\u0161e zelenila na tom prostoru&#8230;Ja, a vjerujem i svi dobronamjerni ljudi se te\u0161ko mogu miriti sa ?injenicom da se zbog jednog stola, mo\u017ee ukloniti sogodi\u0161nja palma. Bili smo svi svjedoci da se to de\u0161avalo, a da niko od nadle\u017enih nije reagovao, osim par nas, koji smo pone\u0161to o tome i pisali.<br \/>\nSada sam siguran da su nadle\u017eni na pravom putu, i da takve pojave moraju da sprije?e silom zakona. ?ak sam siguran da ?e se&#8221; noviteti&#8221;, dopasti i onima koji su do skora mislili, da imaju privilegije da i dalje rade i privre?uju po parkovima&#8230;<br \/>\n<strong><br \/>\n<span><a href=\"http:\/\/www.facebook.com\/profile.php?id=1359492972\">Ismet  Karamanaga<\/a><\/span><a href=\"http:\/\/www.facebook.com\/profile.php?id=1359492972\"> Facebook<\/a><\/strong><\/p>\n\n\t\t<style type=\"text\/css\">\n\t\t\t#gallery-1 {\n\t\t\t\tmargin: auto;\n\t\t\t}\n\t\t\t#gallery-1 .gallery-item {\n\t\t\t\tfloat: left;\n\t\t\t\tmargin-top: 10px;\n\t\t\t\ttext-align: center;\n\t\t\t\twidth: 33%;\n\t\t\t}\n\t\t\t#gallery-1 img {\n\t\t\t\tborder: 2px solid #cfcfcf;\n\t\t\t}\n\t\t\t#gallery-1 .gallery-caption {\n\t\t\t\tmargin-left: 0;\n\t\t\t}\n\t\t\t\/* see gallery_shortcode() in wp-includes\/media.php *\/\n\t\t<\/style>\n\t\t<div id='gallery-1' class='gallery galleryid-32312 gallery-columns-3 gallery-size-thumbnail'><dl class='gallery-item'>\n\t\t\t<dt class='gallery-icon landscape'>\n\t\t\t\t<a href='https:\/\/www.visit-ulcinj.com\/blog\/wp-content\/uploads\/2010\/04\/Pristan-nekad-i-sad_ulcinj.jpg'><img width=\"150\" height=\"150\" src=\"https:\/\/www.visit-ulcinj.com\/blog\/wp-content\/uploads\/2010\/04\/Pristan-nekad-i-sad_ulcinj-150x150.jpg\" class=\"attachment-thumbnail size-thumbnail\" alt=\"\" loading=\"lazy\" \/><\/a>\n\t\t\t<\/dt><\/dl><dl class='gallery-item'>\n\t\t\t<dt class='gallery-icon landscape'>\n\t\t\t\t<a href='https:\/\/www.visit-ulcinj.com\/blog\/wp-content\/uploads\/2010\/04\/Pristan-nekad-i-sad_ulcinj.1.jpg'><img width=\"150\" height=\"150\" src=\"https:\/\/www.visit-ulcinj.com\/blog\/wp-content\/uploads\/2010\/04\/Pristan-nekad-i-sad_ulcinj.1-150x150.jpg\" class=\"attachment-thumbnail size-thumbnail\" alt=\"\" loading=\"lazy\" \/><\/a>\n\t\t\t<\/dt><\/dl><dl class='gallery-item'>\n\t\t\t<dt class='gallery-icon landscape'>\n\t\t\t\t<a href='https:\/\/www.visit-ulcinj.com\/blog\/wp-content\/uploads\/2010\/04\/Pristan-nekad-i-sad_ulcinj.2.jpg'><img width=\"150\" height=\"150\" src=\"https:\/\/www.visit-ulcinj.com\/blog\/wp-content\/uploads\/2010\/04\/Pristan-nekad-i-sad_ulcinj.2-150x150.jpg\" class=\"attachment-thumbnail size-thumbnail\" alt=\"\" loading=\"lazy\" \/><\/a>\n\t\t\t<\/dt><\/dl><br style=\"clear: both\" \/>\n\t\t<\/div>\n\n","protected":false},"excerpt":{"rendered":"<p>Ovo se mora pohvaliti..mislim da je krajnje vrijeme bilo da se po?ne sa ure?ivanjem mjesta gdje su nekada stajali oni ?uveni, ru\u017eni kiosci ili kako sam ih ja volio nazivati ,.kontejneri.. I po?elo je , moram da se pozovem na onu &#8220;Galilejevu&#8221; da se ipak &#8221; okre?e&#8221;&#8230; dakle izgleda da je po?elo i kod nas [&hellip;]<\/p>\n","protected":false},"author":1,"featured_media":0,"comment_status":"open","ping_status":"closed","sticky":false,"template":"","format":"standard","meta":{"spay_email":"","jetpack_publicize_message":"","jetpack_is_tweetstorm":false,"jetpack_publicize_feature_enabled":true},"categories":[13],"tags":[14097],"jetpack_publicize_connections":[],"yoast_head":"<!-- This site is optimized with the Yoast SEO plugin v19.1 - https:\/\/yoast.com\/wordpress\/plugins\/seo\/ -->\n<title>Pristan - nekad i sad - Lajme nga Ulqini<\/title>\n<meta name=\"description\" content=\"Ovo se mora pohvaliti..mislim da je krajnje vrijeme bilo da se po?ne sa ure?ivanjem mjesta gdje su nekada stajali oni ?uveni, ru\u017eni kiosci ili kako sam ih\" \/>\n<meta name=\"robots\" content=\"index, follow, max-snippet:-1, max-image-preview:large, max-video-preview:-1\" \/>\n<link rel=\"canonical\" href=\"https:\/\/www.visit-ulcinj.com\/blog\/2010\/04\/22\/pristan-nekad-i-sad\/\" \/>\n<meta property=\"og:locale\" content=\"en_US\" \/>\n<meta property=\"og:type\" content=\"article\" \/>\n<meta property=\"og:title\" content=\"Pristan - nekad i sad - Lajme nga Ulqini\" \/>\n<meta property=\"og:description\" content=\"Ovo se mora pohvaliti..mislim da je krajnje vrijeme bilo da se po?ne sa ure?ivanjem mjesta gdje su nekada stajali oni ?uveni, ru\u017eni kiosci ili kako sam ih\" \/>\n<meta property=\"og:url\" content=\"https:\/\/www.visit-ulcinj.com\/blog\/2010\/04\/22\/pristan-nekad-i-sad\/\" \/>\n<meta property=\"og:site_name\" content=\"Lajme nga Ulqini\" \/>\n<meta property=\"article:published_time\" content=\"2010-04-22T16:46:22+00:00\" \/>\n<meta property=\"article:modified_time\" content=\"2010-04-23T16:30:09+00:00\" \/>\n<meta property=\"og:image\" content=\"https:\/\/www.visit-ulcinj.com\/blog\/wp-content\/uploads\/2010\/04\/Pristan-nekad-i-sad_ulcinj-150x150.jpg\" \/>\n<meta name=\"twitter:label1\" content=\"Written by\" \/>\n\t<meta name=\"twitter:data1\" content=\"ulqini\" \/>\n\t<meta name=\"twitter:label2\" content=\"Est. reading time\" \/>\n\t<meta name=\"twitter:data2\" content=\"1 minute\" \/>\n<script type=\"application\/ld+json\" class=\"yoast-schema-graph\">{\"@context\":\"https:\/\/schema.org\",\"@graph\":[{\"@type\":\"WebSite\",\"@id\":\"https:\/\/www.visit-ulcinj.com\/blog\/#website\",\"url\":\"https:\/\/www.visit-ulcinj.com\/blog\/\",\"name\":\"Lajme nga Ulqini\",\"description\":\"Lajme,Vijesti,Ulqini,Ulqin,Crna Gora,Mali i Zi\",\"potentialAction\":[{\"@type\":\"SearchAction\",\"target\":{\"@type\":\"EntryPoint\",\"urlTemplate\":\"https:\/\/www.visit-ulcinj.com\/blog\/?s={search_term_string}\"},\"query-input\":\"required name=search_term_string\"}],\"inLanguage\":\"en-US\"},{\"@type\":\"ImageObject\",\"inLanguage\":\"en-US\",\"@id\":\"https:\/\/www.visit-ulcinj.com\/blog\/2010\/04\/22\/pristan-nekad-i-sad\/#primaryimage\",\"url\":\"https:\/\/www.visit-ulcinj.com\/blog\/wp-content\/uploads\/2010\/04\/Pristan-nekad-i-sad_ulcinj.jpg\",\"contentUrl\":\"https:\/\/www.visit-ulcinj.com\/blog\/wp-content\/uploads\/2010\/04\/Pristan-nekad-i-sad_ulcinj.jpg\",\"width\":\"720\",\"height\":\"540\"},{\"@type\":\"WebPage\",\"@id\":\"https:\/\/www.visit-ulcinj.com\/blog\/2010\/04\/22\/pristan-nekad-i-sad\/#webpage\",\"url\":\"https:\/\/www.visit-ulcinj.com\/blog\/2010\/04\/22\/pristan-nekad-i-sad\/\",\"name\":\"Pristan - nekad i sad - Lajme nga Ulqini\",\"isPartOf\":{\"@id\":\"https:\/\/www.visit-ulcinj.com\/blog\/#website\"},\"primaryImageOfPage\":{\"@id\":\"https:\/\/www.visit-ulcinj.com\/blog\/2010\/04\/22\/pristan-nekad-i-sad\/#primaryimage\"},\"datePublished\":\"2010-04-22T16:46:22+00:00\",\"dateModified\":\"2010-04-23T16:30:09+00:00\",\"author\":{\"@id\":\"https:\/\/www.visit-ulcinj.com\/blog\/#\/schema\/person\/dcab619c614d3038751c63bc2aadc06d\"},\"description\":\"Ovo se mora pohvaliti..mislim da je krajnje vrijeme bilo da se po?ne sa ure?ivanjem mjesta gdje su nekada stajali oni ?uveni, ru\u017eni kiosci ili kako sam ih\",\"breadcrumb\":{\"@id\":\"https:\/\/www.visit-ulcinj.com\/blog\/2010\/04\/22\/pristan-nekad-i-sad\/#breadcrumb\"},\"inLanguage\":\"en-US\",\"potentialAction\":[{\"@type\":\"ReadAction\",\"target\":[\"https:\/\/www.visit-ulcinj.com\/blog\/2010\/04\/22\/pristan-nekad-i-sad\/\"]}]},{\"@type\":\"BreadcrumbList\",\"@id\":\"https:\/\/www.visit-ulcinj.com\/blog\/2010\/04\/22\/pristan-nekad-i-sad\/#breadcrumb\",\"itemListElement\":[{\"@type\":\"ListItem\",\"position\":1,\"name\":\"Pristan &#8211; nekad i sad\"}]},{\"@type\":\"Person\",\"@id\":\"https:\/\/www.visit-ulcinj.com\/blog\/#\/schema\/person\/dcab619c614d3038751c63bc2aadc06d\",\"name\":\"ulqini\",\"sameAs\":[\"http:\/\/www.visit-ulcinj.com\"],\"url\":\"https:\/\/www.visit-ulcinj.com\/blog\/author\/admin\/\"}]}<\/script>\n<!-- \/ Yoast SEO plugin. -->","yoast_head_json":{"title":"Pristan - nekad i sad - Lajme nga Ulqini","description":"Ovo se mora pohvaliti..mislim da je krajnje vrijeme bilo da se po?ne sa ure?ivanjem mjesta gdje su nekada stajali oni ?uveni, ru\u017eni kiosci ili kako sam ih","robots":{"index":"index","follow":"follow","max-snippet":"max-snippet:-1","max-image-preview":"max-image-preview:large","max-video-preview":"max-video-preview:-1"},"canonical":"https:\/\/www.visit-ulcinj.com\/blog\/2010\/04\/22\/pristan-nekad-i-sad\/","og_locale":"en_US","og_type":"article","og_title":"Pristan - nekad i sad - Lajme nga Ulqini","og_description":"Ovo se mora pohvaliti..mislim da je krajnje vrijeme bilo da se po?ne sa ure?ivanjem mjesta gdje su nekada stajali oni ?uveni, ru\u017eni kiosci ili kako sam ih","og_url":"https:\/\/www.visit-ulcinj.com\/blog\/2010\/04\/22\/pristan-nekad-i-sad\/","og_site_name":"Lajme nga Ulqini","article_published_time":"2010-04-22T16:46:22+00:00","article_modified_time":"2010-04-23T16:30:09+00:00","og_image":[{"url":"https:\/\/www.visit-ulcinj.com\/blog\/wp-content\/uploads\/2010\/04\/Pristan-nekad-i-sad_ulcinj-150x150.jpg"}],"twitter_misc":{"Written by":"ulqini","Est. reading time":"1 minute"},"schema":{"@context":"https:\/\/schema.org","@graph":[{"@type":"WebSite","@id":"https:\/\/www.visit-ulcinj.com\/blog\/#website","url":"https:\/\/www.visit-ulcinj.com\/blog\/","name":"Lajme nga Ulqini","description":"Lajme,Vijesti,Ulqini,Ulqin,Crna Gora,Mali i Zi","potentialAction":[{"@type":"SearchAction","target":{"@type":"EntryPoint","urlTemplate":"https:\/\/www.visit-ulcinj.com\/blog\/?s={search_term_string}"},"query-input":"required name=search_term_string"}],"inLanguage":"en-US"},{"@type":"ImageObject","inLanguage":"en-US","@id":"https:\/\/www.visit-ulcinj.com\/blog\/2010\/04\/22\/pristan-nekad-i-sad\/#primaryimage","url":"https:\/\/www.visit-ulcinj.com\/blog\/wp-content\/uploads\/2010\/04\/Pristan-nekad-i-sad_ulcinj.jpg","contentUrl":"https:\/\/www.visit-ulcinj.com\/blog\/wp-content\/uploads\/2010\/04\/Pristan-nekad-i-sad_ulcinj.jpg","width":"720","height":"540"},{"@type":"WebPage","@id":"https:\/\/www.visit-ulcinj.com\/blog\/2010\/04\/22\/pristan-nekad-i-sad\/#webpage","url":"https:\/\/www.visit-ulcinj.com\/blog\/2010\/04\/22\/pristan-nekad-i-sad\/","name":"Pristan - nekad i sad - Lajme nga Ulqini","isPartOf":{"@id":"https:\/\/www.visit-ulcinj.com\/blog\/#website"},"primaryImageOfPage":{"@id":"https:\/\/www.visit-ulcinj.com\/blog\/2010\/04\/22\/pristan-nekad-i-sad\/#primaryimage"},"datePublished":"2010-04-22T16:46:22+00:00","dateModified":"2010-04-23T16:30:09+00:00","author":{"@id":"https:\/\/www.visit-ulcinj.com\/blog\/#\/schema\/person\/dcab619c614d3038751c63bc2aadc06d"},"description":"Ovo se mora pohvaliti..mislim da je krajnje vrijeme bilo da se po?ne sa ure?ivanjem mjesta gdje su nekada stajali oni ?uveni, ru\u017eni kiosci ili kako sam ih","breadcrumb":{"@id":"https:\/\/www.visit-ulcinj.com\/blog\/2010\/04\/22\/pristan-nekad-i-sad\/#breadcrumb"},"inLanguage":"en-US","potentialAction":[{"@type":"ReadAction","target":["https:\/\/www.visit-ulcinj.com\/blog\/2010\/04\/22\/pristan-nekad-i-sad\/"]}]},{"@type":"BreadcrumbList","@id":"https:\/\/www.visit-ulcinj.com\/blog\/2010\/04\/22\/pristan-nekad-i-sad\/#breadcrumb","itemListElement":[{"@type":"ListItem","position":1,"name":"Pristan &#8211; nekad i sad"}]},{"@type":"Person","@id":"https:\/\/www.visit-ulcinj.com\/blog\/#\/schema\/person\/dcab619c614d3038751c63bc2aadc06d","name":"ulqini","sameAs":["http:\/\/www.visit-ulcinj.com"],"url":"https:\/\/www.visit-ulcinj.com\/blog\/author\/admin\/"}]}},"jetpack_featured_media_url":"","jetpack_sharing_enabled":true,"jetpack_shortlink":"https:\/\/wp.me\/pe6lTn-8pa","_links":{"self":[{"href":"https:\/\/www.visit-ulcinj.com\/blog\/wp-json\/wp\/v2\/posts\/32312"}],"collection":[{"href":"https:\/\/www.visit-ulcinj.com\/blog\/wp-json\/wp\/v2\/posts"}],"about":[{"href":"https:\/\/www.visit-ulcinj.com\/blog\/wp-json\/wp\/v2\/types\/post"}],"author":[{"embeddable":true,"href":"https:\/\/www.visit-ulcinj.com\/blog\/wp-json\/wp\/v2\/users\/1"}],"replies":[{"embeddable":true,"href":"https:\/\/www.visit-ulcinj.com\/blog\/wp-json\/wp\/v2\/comments?post=32312"}],"version-history":[{"count":0,"href":"https:\/\/www.visit-ulcinj.com\/blog\/wp-json\/wp\/v2\/posts\/32312\/revisions"}],"wp:attachment":[{"href":"https:\/\/www.visit-ulcinj.com\/blog\/wp-json\/wp\/v2\/media?parent=32312"}],"wp:term":[{"taxonomy":"category","embeddable":true,"href":"https:\/\/www.visit-ulcinj.com\/blog\/wp-json\/wp\/v2\/categories?post=32312"},{"taxonomy":"post_tag","embeddable":true,"href":"https:\/\/www.visit-ulcinj.com\/blog\/wp-json\/wp\/v2\/tags?post=32312"}],"curies":[{"name":"wp","href":"https:\/\/api.w.org\/{rel}","templated":true}]}}