{"id":32326,"date":"2010-04-22T19:35:48","date_gmt":"2010-04-22T17:35:48","guid":{"rendered":"http:\/\/www.visit-ulcinj.com\/blog\/?p=32326"},"modified":"2010-04-22T19:35:48","modified_gmt":"2010-04-22T17:35:48","slug":"dinosha-ne-koalicion-me-dps-ne","status":"publish","type":"post","link":"https:\/\/www.visit-ulcinj.com\/blog\/2010\/04\/22\/dinosha-ne-koalicion-me-dps-ne\/","title":{"rendered":"Dinosha ne koalicion me DPS-ne"},"content":{"rendered":"<div id=\"attachment_32327\" style=\"width: 590px\" class=\"wp-caption alignleft\"><a href=\"http:\/\/www.visit-ulcinj.com\/blog\/wp-content\/uploads\/2010\/04\/Luigj-Lubo-Shkrela_Ferhat-Dinosa.jpg\"><img aria-describedby=\"caption-attachment-32327\" loading=\"lazy\" class=\"size-full wp-image-32327 \" title=\"Luigj Lubo Shkrela_Ferhat Dinosa\" src=\"http:\/\/www.visit-ulcinj.com\/blog\/wp-content\/uploads\/2010\/04\/Luigj-Lubo-Shkrela_Ferhat-Dinosa.jpg\" alt=\"Foto nga Arkivi\" width=\"580\" height=\"400\" \/><\/a><p id=\"caption-attachment-32327\" class=\"wp-caption-text\">Foto nga Arkivi<\/p><\/div>\n<p>Kryetari i Unionit Demokratik t\u00eb Shqiptar\u00ebve Ferhat Dinosha deklaroi se partia e tij n\u00eb komun\u00ebn e Ulqinit dhe Tuzit do t\u00eb shfaqet n\u00eb koalicion me DPS dhe Partin Boshnjake, njofton sot portali Malesia.<br \/>\nAi i ka th\u00ebn\u00eb p\u00ebr &#8220;Vijesti&#8221; se UDSH nuk do t\u00eb marrin pjes\u00eb n\u00eb zgjedhjet n\u00eb Podgoric\u00eb, por ajo do t\u00eb mb\u00ebshtes\u00eb koalicioni e bashkuar rreth kryebashkiakut t\u00eb Podgoric\u00ebs Miomir Mugosha. \u201cN\u00eb Podgoric\u00eb, lista jon\u00eb do t\u00eb p\u00ebrkrahin DPS -n\u00eb me p\u00ebrcaktimin e disa gj\u00ebrave t\u00eb cilat nuk jan\u00eb n\u00eb faz\u00ebn parazgjedhore, por do t\u00eb ndodhin pas zgjedhjeve. K\u00ebtu mendoj n\u00eb kuotat e caktuara n\u00eb pun\u00ebsim si dhe n\u00eb vendet e pun\u00ebs n\u00eb administrat\u00ebn komunale\u201d, tha Dinosha.<br \/>\nEdhe pse m\u00eb par\u00eb ishte i paralajm\u00ebruar formimi i nj\u00eb koalicioni t\u00eb gjer\u00eb shqiptar\u00eb n\u00eb Tuz, deri tek kjo marr\u00ebveshje nuk erdhi p\u00ebr shkak t\u00eb mosmarr\u00ebveshjeve rreth bart\u00ebsit s\u00eb list\u00ebs p\u00ebr Tuz.<br \/>\nP\u00ebrfaq\u00ebsuesit e Alternativ\u00ebs Shqiptare, Iniciativ\u00ebs Qytetare dhe Lidhjes Demokratike, sipas informatave jozyrtare, kan\u00eb k\u00ebrkuar q\u00eb bart\u00ebs i list\u00ebs t\u00eb jet\u00eb Ferhat Dinosha, kurse ai b\u00ebri thirrje p\u00ebr marr\u00ebveshje nd\u00ebrpartiake q\u00eb i pari n\u00eb list\u00eb p\u00ebr Tuzin t\u00eb jet\u00eb nga radh\u00ebt e DPS.<br \/>\nKrer\u00ebt e tri partive shqiptare nuk jan\u00eb pajtuar as me propozimin e Dinosh\u00ebs q\u00eb n\u00eb Podgoric\u00eb t\u00eb hyjn\u00eb n\u00eb koalicion parazgjedhor me DPS, duke paralajm\u00ebruar se lidhjet e mundshme t\u00eb diskutohen m\u00eb mir\u00eb pas zgjedhjeve, kur mandatet do t\u00eb ken\u00eb vler\u00eb m\u00eb shum\u00eb.<br \/>\nDinosha ka th\u00ebn\u00eb se ai priste nj\u00eb marr\u00ebveshje, pasi nga partia m\u00eb e lart n\u00eb pushtet mori sigurime t\u00eb forta se n\u00eb mandatin e ardhsh\u00ebm ndoshta do ishte e mundur q\u00eb t\u00eb jen\u00eb n\u00eb gjendje t\u00eb organizojn\u00eb referendumin p\u00ebr qytetar\u00ebt e Mal\u00ebsis\u00eb mbi statusin e ardhsh\u00ebm t\u00eb Komun\u00ebs Urbane t\u00eb Tuzit.<br \/>\n&#8220;Un\u00eb mendoj se kam k\u00ebt\u00eb marr\u00ebveshje me DPS, dhe k\u00ebto dit\u00eb do ta konkretizojm\u00eb. N\u00eb faz\u00ebn e par\u00eb, kam menduar se do t\u00eb ket\u00eb subjekte q\u00eb k\u00ebt\u00eb do ta shikojn\u00eb si m\u00ebnyr\u00ebn m\u00eb t\u00eb mir\u00eb, por n\u00eb finale nuk duel n\u00eb k\u00ebt\u00eb m\u00ebnyr\u00eb. Megjithat\u00eb dyert jan\u00eb t\u00eb hapura p\u00ebr bashk\u00ebpunim dhe pas zgjedhjeve&#8221;, deklaroi Dinosha.<\/p>\n<p>Tani mbetet dilema se a do t\u00eb arrihet nj\u00eb marr\u00ebveshje n\u00eb mes Alternativ\u00ebs Shqiptare, Iniciativ\u00ebs Qytetare dhe Lidhjes Demokratike p\u00ebr t\u00eb formuar nj\u00eb koalicion p\u00ebr zgjedhjet n\u00eb Tuz dhe Podgoric\u00eb.<br \/>\nKryetari i Bashkimit Demokratik t\u00eb boshnjak\u00ebve dhe mysliman\u00ebve Rifat Veskoviq ka deklaruar se \u201clista e boshnjak\u00ebve e mysliman\u00ebve, nj\u00eb&#8221; n\u00eb zgjedhjet e ardhshme lokale n\u00eb Tuz do t\u00eb dalin n\u00eb koalicion me Partin Socialiste Popullore (SNP) dhe me L\u00ebvizjen p\u00ebr Ndryshime (PZP). Kryetari i deritash\u00ebm i partis\u00eb s\u00eb Veskoviqit n\u00eb Podgoric\u00eb dhe Tuz Omer Hasanagiq tha dje se ai dha dor\u00ebheqje &#8220;p\u00ebr shkak t\u00eb p\u00ebrgjegj\u00ebsis\u00eb s\u00eb vet ndaj aktivist\u00ebve dhe votuesve t\u00eb partis\u00eb s\u00eb tyre.&#8221;<\/p>\n<p>PDS (DPS) n\u00eb Ulqin me siguri do t\u00eb paraqitet n\u00eb koalicion me UDSH dhe PSD (SDP), paralajm\u00ebroi Kryetari i PDS (DPS) p\u00ebr Ulqinin Luigj Shkrelja. Ai tha se koalicioni do t\u00eb jet\u00eb i hapur edhe p\u00ebr partit\u00eb e tjera, kryesisht p\u00ebr Partin Boshnjake. &#8220;Un\u00eb jam i sigurt se koalicioni do t\u00eb fitoj\u00eb shumic\u00ebn absolute,&#8221; \u00ebsht\u00eb shpreh i bindur Shkrelja. Ai kujtoi se DPS dhe UDSH para zgjedhjeve t\u00eb 2006 b\u00ebri nj\u00eb hap historik n\u00eb bashkimin e koalicionit i cila m\u00eb von\u00eb bindsh\u00ebm fitoj\u00eb.<br \/>\n&#8220;Nj\u00eb atmosfer\u00eb e \u00e7uditshme ishte at\u00ebher\u00eb n\u00eb Ulqin, p\u00ebr shkak se disa njer\u00ebz nuk kan\u00eb mundur t\u00eb kuptojn\u00eb lidhjen e partive qytetare me komb\u00ebtare. Mbaj m\u00ebnd se p\u00ebr shkak t\u00eb pengesave t\u00eb tilla komb\u00ebtare-patriotike nuk kemi mundur s\u00eb bashku as t\u00eb fotografohemi.. Sot situata \u00ebsht\u00eb ndryshe dhe un\u00eb jam i k\u00ebnaqur q\u00eb ne ishim t\u00eb par\u00ebt q\u00eb e thyem akullin, &#8220;tha Shkrelja.<br \/>\nAi zbuloi q\u00eb para zgjedhjeve t\u00eb 2006 Kryetari i Komun\u00ebs Ulqinit G\u00ebzim Hajdinaga (UDSH) ka marr\u00eb nj\u00eb let\u00ebr nga nj\u00eb udh\u00ebheq\u00ebs i opozit\u00ebs i cili e rrept\u00ebsisht e paralajm\u00ebron q\u00eb nuk guxon t\u00eb b\u00ebj\u00eb koalicion me DPS.<br \/>\n&#8220;Ai i shkroi se edhe nj\u00eb ose dy dit\u00eb para zgjedhjeve nuk \u00ebsht\u00eb tep\u00ebr von\u00eb t\u00eb ikin nga koalicioni dhe t\u00eb kthehet n\u00eb vendin, ku i takon&#8221;. P\u00ebr fat t\u00eb mir\u00eb, Hajdinaga e ka kuptuar zhg\u00ebnjimin e atij politikani. At\u00eb let\u00ebr e ruaj edhe sot&#8221;, tha Shkrelja.<\/p>\n<p><strong>ALBEU.COM<\/strong><\/p>\n","protected":false},"excerpt":{"rendered":"<p>Kryetari i Unionit Demokratik t\u00eb Shqiptar\u00ebve Ferhat Dinosha deklaroi se partia e tij n\u00eb komun\u00ebn e Ulqinit dhe Tuzit do t\u00eb shfaqet n\u00eb koalicion me DPS dhe Partin Boshnjake, njofton sot portali Malesia. Ai i ka th\u00ebn\u00eb p\u00ebr &#8220;Vijesti&#8221; se UDSH nuk do t\u00eb marrin pjes\u00eb n\u00eb zgjedhjet n\u00eb Podgoric\u00eb, por ajo do t\u00eb mb\u00ebshtes\u00eb [&hellip;]<\/p>\n","protected":false},"author":1,"featured_media":0,"comment_status":"open","ping_status":"closed","sticky":false,"template":"","format":"standard","meta":{"spay_email":"","jetpack_publicize_message":"","jetpack_is_tweetstorm":false,"jetpack_publicize_feature_enabled":true},"categories":[12],"tags":[97,14098,729],"jetpack_publicize_connections":[],"yoast_head":"<!-- This site is optimized with the Yoast SEO plugin v19.1 - https:\/\/yoast.com\/wordpress\/plugins\/seo\/ -->\n<title>Dinosha ne koalicion me DPS-ne - Lajme nga Ulqini<\/title>\n<meta name=\"description\" content=\"Kryetari i Unionit Demokratik t\u00eb Shqiptar\u00ebve Ferhat Dinosha deklaroi se partia e tij n\u00eb komun\u00ebn e Ulqinit dhe Tuzit do t\u00eb shfaqet n\u00eb koalicion me DPS dhe\" \/>\n<meta name=\"robots\" content=\"index, follow, max-snippet:-1, max-image-preview:large, max-video-preview:-1\" \/>\n<link rel=\"canonical\" href=\"https:\/\/www.visit-ulcinj.com\/blog\/2010\/04\/22\/dinosha-ne-koalicion-me-dps-ne\/\" \/>\n<meta property=\"og:locale\" content=\"en_US\" \/>\n<meta property=\"og:type\" content=\"article\" \/>\n<meta property=\"og:title\" content=\"Dinosha ne koalicion me DPS-ne - Lajme nga Ulqini\" \/>\n<meta property=\"og:description\" content=\"Kryetari i Unionit Demokratik t\u00eb Shqiptar\u00ebve Ferhat Dinosha deklaroi se partia e tij n\u00eb komun\u00ebn e Ulqinit dhe Tuzit do t\u00eb shfaqet n\u00eb koalicion me DPS dhe\" \/>\n<meta property=\"og:url\" content=\"https:\/\/www.visit-ulcinj.com\/blog\/2010\/04\/22\/dinosha-ne-koalicion-me-dps-ne\/\" \/>\n<meta property=\"og:site_name\" content=\"Lajme nga Ulqini\" \/>\n<meta property=\"article:published_time\" content=\"2010-04-22T17:35:48+00:00\" \/>\n<meta property=\"og:image\" content=\"http:\/\/www.visit-ulcinj.com\/blog\/wp-content\/uploads\/2010\/04\/Luigj-Lubo-Shkrela_Ferhat-Dinosa.jpg\" \/>\n<meta name=\"twitter:label1\" content=\"Written by\" \/>\n\t<meta name=\"twitter:data1\" content=\"ulqini\" \/>\n\t<meta name=\"twitter:label2\" content=\"Est. reading time\" \/>\n\t<meta name=\"twitter:data2\" content=\"4 minutes\" \/>\n<script type=\"application\/ld+json\" class=\"yoast-schema-graph\">{\"@context\":\"https:\/\/schema.org\",\"@graph\":[{\"@type\":\"WebSite\",\"@id\":\"https:\/\/www.visit-ulcinj.com\/blog\/#website\",\"url\":\"https:\/\/www.visit-ulcinj.com\/blog\/\",\"name\":\"Lajme nga Ulqini\",\"description\":\"Lajme,Vijesti,Ulqini,Ulqin,Crna Gora,Mali i Zi\",\"potentialAction\":[{\"@type\":\"SearchAction\",\"target\":{\"@type\":\"EntryPoint\",\"urlTemplate\":\"https:\/\/www.visit-ulcinj.com\/blog\/?s={search_term_string}\"},\"query-input\":\"required name=search_term_string\"}],\"inLanguage\":\"en-US\"},{\"@type\":\"ImageObject\",\"inLanguage\":\"en-US\",\"@id\":\"https:\/\/www.visit-ulcinj.com\/blog\/2010\/04\/22\/dinosha-ne-koalicion-me-dps-ne\/#primaryimage\",\"url\":\"https:\/\/www.visit-ulcinj.com\/blog\/wp-content\/uploads\/2010\/04\/Luigj-Lubo-Shkrela_Ferhat-Dinosa.jpg\",\"contentUrl\":\"https:\/\/www.visit-ulcinj.com\/blog\/wp-content\/uploads\/2010\/04\/Luigj-Lubo-Shkrela_Ferhat-Dinosa.jpg\",\"width\":\"719\",\"height\":\"532\",\"caption\":\"Foto nga Arkivi\"},{\"@type\":\"WebPage\",\"@id\":\"https:\/\/www.visit-ulcinj.com\/blog\/2010\/04\/22\/dinosha-ne-koalicion-me-dps-ne\/#webpage\",\"url\":\"https:\/\/www.visit-ulcinj.com\/blog\/2010\/04\/22\/dinosha-ne-koalicion-me-dps-ne\/\",\"name\":\"Dinosha ne koalicion me DPS-ne - Lajme nga Ulqini\",\"isPartOf\":{\"@id\":\"https:\/\/www.visit-ulcinj.com\/blog\/#website\"},\"primaryImageOfPage\":{\"@id\":\"https:\/\/www.visit-ulcinj.com\/blog\/2010\/04\/22\/dinosha-ne-koalicion-me-dps-ne\/#primaryimage\"},\"datePublished\":\"2010-04-22T17:35:48+00:00\",\"dateModified\":\"2010-04-22T17:35:48+00:00\",\"author\":{\"@id\":\"https:\/\/www.visit-ulcinj.com\/blog\/#\/schema\/person\/dcab619c614d3038751c63bc2aadc06d\"},\"description\":\"Kryetari i Unionit Demokratik t\u00eb Shqiptar\u00ebve Ferhat Dinosha deklaroi se partia e tij n\u00eb komun\u00ebn e Ulqinit dhe Tuzit do t\u00eb shfaqet n\u00eb koalicion me DPS dhe\",\"breadcrumb\":{\"@id\":\"https:\/\/www.visit-ulcinj.com\/blog\/2010\/04\/22\/dinosha-ne-koalicion-me-dps-ne\/#breadcrumb\"},\"inLanguage\":\"en-US\",\"potentialAction\":[{\"@type\":\"ReadAction\",\"target\":[\"https:\/\/www.visit-ulcinj.com\/blog\/2010\/04\/22\/dinosha-ne-koalicion-me-dps-ne\/\"]}]},{\"@type\":\"BreadcrumbList\",\"@id\":\"https:\/\/www.visit-ulcinj.com\/blog\/2010\/04\/22\/dinosha-ne-koalicion-me-dps-ne\/#breadcrumb\",\"itemListElement\":[{\"@type\":\"ListItem\",\"position\":1,\"name\":\"Dinosha ne koalicion me DPS-ne\"}]},{\"@type\":\"Person\",\"@id\":\"https:\/\/www.visit-ulcinj.com\/blog\/#\/schema\/person\/dcab619c614d3038751c63bc2aadc06d\",\"name\":\"ulqini\",\"sameAs\":[\"http:\/\/www.visit-ulcinj.com\"],\"url\":\"https:\/\/www.visit-ulcinj.com\/blog\/author\/admin\/\"}]}<\/script>\n<!-- \/ Yoast SEO plugin. -->","yoast_head_json":{"title":"Dinosha ne koalicion me DPS-ne - Lajme nga Ulqini","description":"Kryetari i Unionit Demokratik t\u00eb Shqiptar\u00ebve Ferhat Dinosha deklaroi se partia e tij n\u00eb komun\u00ebn e Ulqinit dhe Tuzit do t\u00eb shfaqet n\u00eb koalicion me DPS dhe","robots":{"index":"index","follow":"follow","max-snippet":"max-snippet:-1","max-image-preview":"max-image-preview:large","max-video-preview":"max-video-preview:-1"},"canonical":"https:\/\/www.visit-ulcinj.com\/blog\/2010\/04\/22\/dinosha-ne-koalicion-me-dps-ne\/","og_locale":"en_US","og_type":"article","og_title":"Dinosha ne koalicion me DPS-ne - Lajme nga Ulqini","og_description":"Kryetari i Unionit Demokratik t\u00eb Shqiptar\u00ebve Ferhat Dinosha deklaroi se partia e tij n\u00eb komun\u00ebn e Ulqinit dhe Tuzit do t\u00eb shfaqet n\u00eb koalicion me DPS dhe","og_url":"https:\/\/www.visit-ulcinj.com\/blog\/2010\/04\/22\/dinosha-ne-koalicion-me-dps-ne\/","og_site_name":"Lajme nga Ulqini","article_published_time":"2010-04-22T17:35:48+00:00","og_image":[{"url":"http:\/\/www.visit-ulcinj.com\/blog\/wp-content\/uploads\/2010\/04\/Luigj-Lubo-Shkrela_Ferhat-Dinosa.jpg"}],"twitter_misc":{"Written by":"ulqini","Est. reading time":"4 minutes"},"schema":{"@context":"https:\/\/schema.org","@graph":[{"@type":"WebSite","@id":"https:\/\/www.visit-ulcinj.com\/blog\/#website","url":"https:\/\/www.visit-ulcinj.com\/blog\/","name":"Lajme nga Ulqini","description":"Lajme,Vijesti,Ulqini,Ulqin,Crna Gora,Mali i Zi","potentialAction":[{"@type":"SearchAction","target":{"@type":"EntryPoint","urlTemplate":"https:\/\/www.visit-ulcinj.com\/blog\/?s={search_term_string}"},"query-input":"required name=search_term_string"}],"inLanguage":"en-US"},{"@type":"ImageObject","inLanguage":"en-US","@id":"https:\/\/www.visit-ulcinj.com\/blog\/2010\/04\/22\/dinosha-ne-koalicion-me-dps-ne\/#primaryimage","url":"https:\/\/www.visit-ulcinj.com\/blog\/wp-content\/uploads\/2010\/04\/Luigj-Lubo-Shkrela_Ferhat-Dinosa.jpg","contentUrl":"https:\/\/www.visit-ulcinj.com\/blog\/wp-content\/uploads\/2010\/04\/Luigj-Lubo-Shkrela_Ferhat-Dinosa.jpg","width":"719","height":"532","caption":"Foto nga Arkivi"},{"@type":"WebPage","@id":"https:\/\/www.visit-ulcinj.com\/blog\/2010\/04\/22\/dinosha-ne-koalicion-me-dps-ne\/#webpage","url":"https:\/\/www.visit-ulcinj.com\/blog\/2010\/04\/22\/dinosha-ne-koalicion-me-dps-ne\/","name":"Dinosha ne koalicion me DPS-ne - Lajme nga Ulqini","isPartOf":{"@id":"https:\/\/www.visit-ulcinj.com\/blog\/#website"},"primaryImageOfPage":{"@id":"https:\/\/www.visit-ulcinj.com\/blog\/2010\/04\/22\/dinosha-ne-koalicion-me-dps-ne\/#primaryimage"},"datePublished":"2010-04-22T17:35:48+00:00","dateModified":"2010-04-22T17:35:48+00:00","author":{"@id":"https:\/\/www.visit-ulcinj.com\/blog\/#\/schema\/person\/dcab619c614d3038751c63bc2aadc06d"},"description":"Kryetari i Unionit Demokratik t\u00eb Shqiptar\u00ebve Ferhat Dinosha deklaroi se partia e tij n\u00eb komun\u00ebn e Ulqinit dhe Tuzit do t\u00eb shfaqet n\u00eb koalicion me DPS dhe","breadcrumb":{"@id":"https:\/\/www.visit-ulcinj.com\/blog\/2010\/04\/22\/dinosha-ne-koalicion-me-dps-ne\/#breadcrumb"},"inLanguage":"en-US","potentialAction":[{"@type":"ReadAction","target":["https:\/\/www.visit-ulcinj.com\/blog\/2010\/04\/22\/dinosha-ne-koalicion-me-dps-ne\/"]}]},{"@type":"BreadcrumbList","@id":"https:\/\/www.visit-ulcinj.com\/blog\/2010\/04\/22\/dinosha-ne-koalicion-me-dps-ne\/#breadcrumb","itemListElement":[{"@type":"ListItem","position":1,"name":"Dinosha ne koalicion me DPS-ne"}]},{"@type":"Person","@id":"https:\/\/www.visit-ulcinj.com\/blog\/#\/schema\/person\/dcab619c614d3038751c63bc2aadc06d","name":"ulqini","sameAs":["http:\/\/www.visit-ulcinj.com"],"url":"https:\/\/www.visit-ulcinj.com\/blog\/author\/admin\/"}]}},"jetpack_featured_media_url":"","jetpack_sharing_enabled":true,"jetpack_shortlink":"https:\/\/wp.me\/pe6lTn-8po","_links":{"self":[{"href":"https:\/\/www.visit-ulcinj.com\/blog\/wp-json\/wp\/v2\/posts\/32326"}],"collection":[{"href":"https:\/\/www.visit-ulcinj.com\/blog\/wp-json\/wp\/v2\/posts"}],"about":[{"href":"https:\/\/www.visit-ulcinj.com\/blog\/wp-json\/wp\/v2\/types\/post"}],"author":[{"embeddable":true,"href":"https:\/\/www.visit-ulcinj.com\/blog\/wp-json\/wp\/v2\/users\/1"}],"replies":[{"embeddable":true,"href":"https:\/\/www.visit-ulcinj.com\/blog\/wp-json\/wp\/v2\/comments?post=32326"}],"version-history":[{"count":0,"href":"https:\/\/www.visit-ulcinj.com\/blog\/wp-json\/wp\/v2\/posts\/32326\/revisions"}],"wp:attachment":[{"href":"https:\/\/www.visit-ulcinj.com\/blog\/wp-json\/wp\/v2\/media?parent=32326"}],"wp:term":[{"taxonomy":"category","embeddable":true,"href":"https:\/\/www.visit-ulcinj.com\/blog\/wp-json\/wp\/v2\/categories?post=32326"},{"taxonomy":"post_tag","embeddable":true,"href":"https:\/\/www.visit-ulcinj.com\/blog\/wp-json\/wp\/v2\/tags?post=32326"}],"curies":[{"name":"wp","href":"https:\/\/api.w.org\/{rel}","templated":true}]}}