{"id":32332,"date":"2010-04-23T19:15:35","date_gmt":"2010-04-23T17:15:35","guid":{"rendered":"http:\/\/www.visit-ulcinj.com\/blog\/?p=32332"},"modified":"2010-05-13T18:33:14","modified_gmt":"2010-05-13T16:33:14","slug":"hajdinaga-botimi-i-fotoalbumit-me-krojet-ne-territorin-e-komunes-se-ulqinit","status":"publish","type":"post","link":"https:\/\/www.visit-ulcinj.com\/blog\/2010\/04\/23\/hajdinaga-botimi-i-fotoalbumit-me-krojet-ne-territorin-e-komunes-se-ulqinit\/","title":{"rendered":"Hajdinaga: Botimi i fotoalbumit me krojet n\u00eb territorin e Komun\u00ebs s\u00eb Ulqinit"},"content":{"rendered":"<p><a href=\"http:\/\/www.visit-ulcinj.com\/blog\/wp-content\/uploads\/2010\/04\/Hajdinaga-me-krojet-n\u00eb-territorin-e-Komun\u00ebs-s\u00eb-Ulqinit.jpg\"><img loading=\"lazy\" class=\"alignleft size-full wp-image-32333\" title=\"Hajdinaga me krojet n\u00eb territorin e Komun\u00ebs s\u00eb Ulqinit\" src=\"http:\/\/www.visit-ulcinj.com\/blog\/wp-content\/uploads\/2010\/04\/Hajdinaga-me-krojet-n\u00eb-territorin-e-Komun\u00ebs-s\u00eb-Ulqinit.jpg\" alt=\"Hajdinaga me krojet n\u00eb territorin e Komun\u00ebs s\u00eb Ulqinit\" width=\"580\" height=\"400\" \/><\/a>Komuna inicon dhe do t\u00eb\u00a0 mb\u00ebshtes\u00eb p\u00ebrgatitjen dhe botimin e fotoalbumit ku do t\u00eb p\u00ebrfshihen krojet n\u00eb territorin e Komun\u00ebs s\u00eb Ulqinit.<br \/>\nKryetari i Komun\u00ebs s\u00eb Ulqinit z.G\u00ebzim Hajdinaga, organizoi takimin e radh\u00ebs me studiuesit dhe mjeshtarat e fotografis\u00eb s\u00eb qytetit ton\u00eb.<br \/>\nK\u00ebt\u00eb radh\u00eb ai u ndal dhe elaburoi nism\u00ebn p\u00ebr p\u00ebrgatitjen e nj\u00eb\u00a0 albumi ku do t\u00eb p\u00ebrfshihen krojet n\u00eb t\u00ebr\u00eb territorin e Komun\u00ebs s\u00eb Ulqinit, legjendat q\u00eb lidhen me ta dhe harta se ku gjenden.<br \/>\nKy propozim u p\u00ebrkrah nj\u00ebz\u00ebri nga t\u00eb gjith\u00eb t\u00eb pranishmit.<br \/>\nU la q\u00eb brenda jav\u00ebs s\u00eb ardh\u00ebshme t\u00eb ofrohet dokumentacioni p\u00ebrkat\u00ebs, t\u00eb dilet n\u00eb terren dhe t\u00eb b\u00ebhet seleksionimi i materialit.<br \/>\nParath\u00ebnien e albumit do ta shkruaj Prof. Dr. Ruzhdi Ushaku, nd\u00ebrkoh\u00eb q\u00eb Dr.Bahri Brisku dhe Mr.Riza Rexha do t\u00eb hulumtojn\u00eb legjendat q\u00eb kan\u00eb t\u00eb b\u00ebjn\u00eb me krojet dhe burimet p\u00ebrreth territorit t\u00eb komun\u00ebs ton\u00eb.<br \/>\nStudiuesit p\u00ebrsh\u00ebndet\u00ebn nism\u00ebn e komun\u00ebs p\u00ebr riparimin dhe\u00a0\u00a0 valorizimin e k\u00ebtyre vlerave dhe v\u00ebnijen e tyre n\u00eb funksion.<br \/>\nFotoalbumi do t\u00eb jet\u00eb\u00a0 i p\u00ebrgatitur n\u00eb disa gjuh\u00eb dhe nj\u00eb pjes\u00eb e mir\u00eb e tirazhit do t\u2019i ofrohet organizat\u00ebs turistike.<br \/>\nN\u00eb t\u00eb nj\u00ebjtin takim u fol dhe p\u00ebr angazhimet q\u00eb jan\u00eb b\u00ebr\u00eb p\u00ebr sigurimine materialeve arkivore q\u00eb kan\u00eb t\u00eb b\u00ebjn\u00eb me Ulqinin nga Arkivi i Zar\u00ebs.<br \/>\nKryetari Hajdinaga edhe nj\u00ebher\u00eb p\u00ebrs\u00ebriti q\u00ebndrimin q\u00eb komuna \u00ebsht\u00eb e gatshme q\u00eb t\u00eb mb\u00ebshtes\u00eb studiuesin n\u00eb udh\u00ebtimin e tij\u00a0 drejt\u00eb Zar\u00ebs pasi jan\u00eb b\u00ebr\u00eb t\u00eb gjitha p\u00ebrgatitjet dhe sigurimi i materialit tashm\u00eb mund t\u00eb cil\u00ebsohet si i kryer.<\/p>\n<p><strong>Municipality of Ulcinj \/ Ulqin<br \/>\nArsllan Hajdinaga<br \/>\n<\/strong><strong>Reklam: Spoti i koalcionit \u201dPer Ulqinin Evropian\u201d<\/strong><br \/>\n<strong> <!--YouTube Error: bad URL entered--><\/strong><\/p>\n","protected":false},"excerpt":{"rendered":"<p>Komuna inicon dhe do t\u00eb\u00a0 mb\u00ebshtes\u00eb p\u00ebrgatitjen dhe botimin e fotoalbumit ku do t\u00eb p\u00ebrfshihen krojet n\u00eb territorin e Komun\u00ebs s\u00eb Ulqinit. Kryetari i Komun\u00ebs s\u00eb Ulqinit z.G\u00ebzim Hajdinaga, organizoi takimin e radh\u00ebs me studiuesit dhe mjeshtarat e fotografis\u00eb s\u00eb qytetit ton\u00eb. K\u00ebt\u00eb radh\u00eb ai u ndal dhe elaburoi nism\u00ebn p\u00ebr p\u00ebrgatitjen e nj\u00eb\u00a0 albumi [&hellip;]<\/p>\n","protected":false},"author":1,"featured_media":0,"comment_status":"open","ping_status":"closed","sticky":false,"template":"","format":"standard","meta":{"spay_email":"","jetpack_publicize_message":"","jetpack_is_tweetstorm":false,"jetpack_publicize_feature_enabled":true},"categories":[1],"tags":[1004,5711,14099],"jetpack_publicize_connections":[],"yoast_head":"<!-- This site is optimized with the Yoast SEO plugin v19.1 - https:\/\/yoast.com\/wordpress\/plugins\/seo\/ -->\n<title>Hajdinaga: Botimi i fotoalbumit me krojet n\u00eb territorin e Komun\u00ebs s\u00eb Ulqinit  - Lajme nga Ulqini<\/title>\n<meta name=\"description\" content=\"Komuna inicon dhe do t\u00eb\u00a0 mb\u00ebshtes\u00eb p\u00ebrgatitjen dhe botimin e fotoalbumit ku do t\u00eb p\u00ebrfshihen krojet n\u00eb territorin e Komun\u00ebs s\u00eb Ulqinit. Kryetari i Komun\u00ebs\" \/>\n<meta name=\"robots\" content=\"index, follow, max-snippet:-1, max-image-preview:large, max-video-preview:-1\" \/>\n<link rel=\"canonical\" href=\"https:\/\/www.visit-ulcinj.com\/blog\/2010\/04\/23\/hajdinaga-botimi-i-fotoalbumit-me-krojet-ne-territorin-e-komunes-se-ulqinit\/\" \/>\n<meta property=\"og:locale\" content=\"en_US\" \/>\n<meta property=\"og:type\" content=\"article\" \/>\n<meta property=\"og:title\" content=\"Hajdinaga: Botimi i fotoalbumit me krojet n\u00eb territorin e Komun\u00ebs s\u00eb Ulqinit  - Lajme nga Ulqini\" \/>\n<meta property=\"og:description\" content=\"Komuna inicon dhe do t\u00eb\u00a0 mb\u00ebshtes\u00eb p\u00ebrgatitjen dhe botimin e fotoalbumit ku do t\u00eb p\u00ebrfshihen krojet n\u00eb territorin e Komun\u00ebs s\u00eb Ulqinit. Kryetari i Komun\u00ebs\" \/>\n<meta property=\"og:url\" content=\"https:\/\/www.visit-ulcinj.com\/blog\/2010\/04\/23\/hajdinaga-botimi-i-fotoalbumit-me-krojet-ne-territorin-e-komunes-se-ulqinit\/\" \/>\n<meta property=\"og:site_name\" content=\"Lajme nga Ulqini\" \/>\n<meta property=\"article:published_time\" content=\"2010-04-23T17:15:35+00:00\" \/>\n<meta property=\"article:modified_time\" content=\"2010-05-13T16:33:14+00:00\" \/>\n<meta name=\"twitter:label1\" content=\"Written by\" \/>\n\t<meta name=\"twitter:data1\" content=\"ulqini\" \/>\n\t<meta name=\"twitter:label2\" content=\"Est. reading time\" \/>\n\t<meta name=\"twitter:data2\" content=\"2 minutes\" \/>\n<script type=\"application\/ld+json\" class=\"yoast-schema-graph\">{\"@context\":\"https:\/\/schema.org\",\"@graph\":[{\"@type\":\"WebSite\",\"@id\":\"https:\/\/www.visit-ulcinj.com\/blog\/#website\",\"url\":\"https:\/\/www.visit-ulcinj.com\/blog\/\",\"name\":\"Lajme nga Ulqini\",\"description\":\"Lajme,Vijesti,Ulqini,Ulqin,Crna Gora,Mali i Zi\",\"potentialAction\":[{\"@type\":\"SearchAction\",\"target\":{\"@type\":\"EntryPoint\",\"urlTemplate\":\"https:\/\/www.visit-ulcinj.com\/blog\/?s={search_term_string}\"},\"query-input\":\"required name=search_term_string\"}],\"inLanguage\":\"en-US\"},{\"@type\":\"WebPage\",\"@id\":\"https:\/\/www.visit-ulcinj.com\/blog\/2010\/04\/23\/hajdinaga-botimi-i-fotoalbumit-me-krojet-ne-territorin-e-komunes-se-ulqinit\/#webpage\",\"url\":\"https:\/\/www.visit-ulcinj.com\/blog\/2010\/04\/23\/hajdinaga-botimi-i-fotoalbumit-me-krojet-ne-territorin-e-komunes-se-ulqinit\/\",\"name\":\"Hajdinaga: Botimi i fotoalbumit me krojet n\u00eb territorin e Komun\u00ebs s\u00eb Ulqinit - Lajme nga Ulqini\",\"isPartOf\":{\"@id\":\"https:\/\/www.visit-ulcinj.com\/blog\/#website\"},\"datePublished\":\"2010-04-23T17:15:35+00:00\",\"dateModified\":\"2010-05-13T16:33:14+00:00\",\"author\":{\"@id\":\"https:\/\/www.visit-ulcinj.com\/blog\/#\/schema\/person\/dcab619c614d3038751c63bc2aadc06d\"},\"description\":\"Komuna inicon dhe do t\u00eb\u00a0 mb\u00ebshtes\u00eb p\u00ebrgatitjen dhe botimin e fotoalbumit ku do t\u00eb p\u00ebrfshihen krojet n\u00eb territorin e Komun\u00ebs s\u00eb Ulqinit. Kryetari i Komun\u00ebs\",\"breadcrumb\":{\"@id\":\"https:\/\/www.visit-ulcinj.com\/blog\/2010\/04\/23\/hajdinaga-botimi-i-fotoalbumit-me-krojet-ne-territorin-e-komunes-se-ulqinit\/#breadcrumb\"},\"inLanguage\":\"en-US\",\"potentialAction\":[{\"@type\":\"ReadAction\",\"target\":[\"https:\/\/www.visit-ulcinj.com\/blog\/2010\/04\/23\/hajdinaga-botimi-i-fotoalbumit-me-krojet-ne-territorin-e-komunes-se-ulqinit\/\"]}]},{\"@type\":\"BreadcrumbList\",\"@id\":\"https:\/\/www.visit-ulcinj.com\/blog\/2010\/04\/23\/hajdinaga-botimi-i-fotoalbumit-me-krojet-ne-territorin-e-komunes-se-ulqinit\/#breadcrumb\",\"itemListElement\":[{\"@type\":\"ListItem\",\"position\":1,\"name\":\"Hajdinaga: Botimi i fotoalbumit me krojet n\u00eb territorin e Komun\u00ebs s\u00eb Ulqinit\"}]},{\"@type\":\"Person\",\"@id\":\"https:\/\/www.visit-ulcinj.com\/blog\/#\/schema\/person\/dcab619c614d3038751c63bc2aadc06d\",\"name\":\"ulqini\",\"sameAs\":[\"http:\/\/www.visit-ulcinj.com\"],\"url\":\"https:\/\/www.visit-ulcinj.com\/blog\/author\/admin\/\"}]}<\/script>\n<!-- \/ Yoast SEO plugin. -->","yoast_head_json":{"title":"Hajdinaga: Botimi i fotoalbumit me krojet n\u00eb territorin e Komun\u00ebs s\u00eb Ulqinit  - Lajme nga Ulqini","description":"Komuna inicon dhe do t\u00eb\u00a0 mb\u00ebshtes\u00eb p\u00ebrgatitjen dhe botimin e fotoalbumit ku do t\u00eb p\u00ebrfshihen krojet n\u00eb territorin e Komun\u00ebs s\u00eb Ulqinit. Kryetari i Komun\u00ebs","robots":{"index":"index","follow":"follow","max-snippet":"max-snippet:-1","max-image-preview":"max-image-preview:large","max-video-preview":"max-video-preview:-1"},"canonical":"https:\/\/www.visit-ulcinj.com\/blog\/2010\/04\/23\/hajdinaga-botimi-i-fotoalbumit-me-krojet-ne-territorin-e-komunes-se-ulqinit\/","og_locale":"en_US","og_type":"article","og_title":"Hajdinaga: Botimi i fotoalbumit me krojet n\u00eb territorin e Komun\u00ebs s\u00eb Ulqinit  - Lajme nga Ulqini","og_description":"Komuna inicon dhe do t\u00eb\u00a0 mb\u00ebshtes\u00eb p\u00ebrgatitjen dhe botimin e fotoalbumit ku do t\u00eb p\u00ebrfshihen krojet n\u00eb territorin e Komun\u00ebs s\u00eb Ulqinit. Kryetari i Komun\u00ebs","og_url":"https:\/\/www.visit-ulcinj.com\/blog\/2010\/04\/23\/hajdinaga-botimi-i-fotoalbumit-me-krojet-ne-territorin-e-komunes-se-ulqinit\/","og_site_name":"Lajme nga Ulqini","article_published_time":"2010-04-23T17:15:35+00:00","article_modified_time":"2010-05-13T16:33:14+00:00","twitter_misc":{"Written by":"ulqini","Est. reading time":"2 minutes"},"schema":{"@context":"https:\/\/schema.org","@graph":[{"@type":"WebSite","@id":"https:\/\/www.visit-ulcinj.com\/blog\/#website","url":"https:\/\/www.visit-ulcinj.com\/blog\/","name":"Lajme nga Ulqini","description":"Lajme,Vijesti,Ulqini,Ulqin,Crna Gora,Mali i Zi","potentialAction":[{"@type":"SearchAction","target":{"@type":"EntryPoint","urlTemplate":"https:\/\/www.visit-ulcinj.com\/blog\/?s={search_term_string}"},"query-input":"required name=search_term_string"}],"inLanguage":"en-US"},{"@type":"WebPage","@id":"https:\/\/www.visit-ulcinj.com\/blog\/2010\/04\/23\/hajdinaga-botimi-i-fotoalbumit-me-krojet-ne-territorin-e-komunes-se-ulqinit\/#webpage","url":"https:\/\/www.visit-ulcinj.com\/blog\/2010\/04\/23\/hajdinaga-botimi-i-fotoalbumit-me-krojet-ne-territorin-e-komunes-se-ulqinit\/","name":"Hajdinaga: Botimi i fotoalbumit me krojet n\u00eb territorin e Komun\u00ebs s\u00eb Ulqinit - Lajme nga Ulqini","isPartOf":{"@id":"https:\/\/www.visit-ulcinj.com\/blog\/#website"},"datePublished":"2010-04-23T17:15:35+00:00","dateModified":"2010-05-13T16:33:14+00:00","author":{"@id":"https:\/\/www.visit-ulcinj.com\/blog\/#\/schema\/person\/dcab619c614d3038751c63bc2aadc06d"},"description":"Komuna inicon dhe do t\u00eb\u00a0 mb\u00ebshtes\u00eb p\u00ebrgatitjen dhe botimin e fotoalbumit ku do t\u00eb p\u00ebrfshihen krojet n\u00eb territorin e Komun\u00ebs s\u00eb Ulqinit. Kryetari i Komun\u00ebs","breadcrumb":{"@id":"https:\/\/www.visit-ulcinj.com\/blog\/2010\/04\/23\/hajdinaga-botimi-i-fotoalbumit-me-krojet-ne-territorin-e-komunes-se-ulqinit\/#breadcrumb"},"inLanguage":"en-US","potentialAction":[{"@type":"ReadAction","target":["https:\/\/www.visit-ulcinj.com\/blog\/2010\/04\/23\/hajdinaga-botimi-i-fotoalbumit-me-krojet-ne-territorin-e-komunes-se-ulqinit\/"]}]},{"@type":"BreadcrumbList","@id":"https:\/\/www.visit-ulcinj.com\/blog\/2010\/04\/23\/hajdinaga-botimi-i-fotoalbumit-me-krojet-ne-territorin-e-komunes-se-ulqinit\/#breadcrumb","itemListElement":[{"@type":"ListItem","position":1,"name":"Hajdinaga: Botimi i fotoalbumit me krojet n\u00eb territorin e Komun\u00ebs s\u00eb Ulqinit"}]},{"@type":"Person","@id":"https:\/\/www.visit-ulcinj.com\/blog\/#\/schema\/person\/dcab619c614d3038751c63bc2aadc06d","name":"ulqini","sameAs":["http:\/\/www.visit-ulcinj.com"],"url":"https:\/\/www.visit-ulcinj.com\/blog\/author\/admin\/"}]}},"jetpack_featured_media_url":"","jetpack_sharing_enabled":true,"jetpack_shortlink":"https:\/\/wp.me\/pe6lTn-8pu","_links":{"self":[{"href":"https:\/\/www.visit-ulcinj.com\/blog\/wp-json\/wp\/v2\/posts\/32332"}],"collection":[{"href":"https:\/\/www.visit-ulcinj.com\/blog\/wp-json\/wp\/v2\/posts"}],"about":[{"href":"https:\/\/www.visit-ulcinj.com\/blog\/wp-json\/wp\/v2\/types\/post"}],"author":[{"embeddable":true,"href":"https:\/\/www.visit-ulcinj.com\/blog\/wp-json\/wp\/v2\/users\/1"}],"replies":[{"embeddable":true,"href":"https:\/\/www.visit-ulcinj.com\/blog\/wp-json\/wp\/v2\/comments?post=32332"}],"version-history":[{"count":0,"href":"https:\/\/www.visit-ulcinj.com\/blog\/wp-json\/wp\/v2\/posts\/32332\/revisions"}],"wp:attachment":[{"href":"https:\/\/www.visit-ulcinj.com\/blog\/wp-json\/wp\/v2\/media?parent=32332"}],"wp:term":[{"taxonomy":"category","embeddable":true,"href":"https:\/\/www.visit-ulcinj.com\/blog\/wp-json\/wp\/v2\/categories?post=32332"},{"taxonomy":"post_tag","embeddable":true,"href":"https:\/\/www.visit-ulcinj.com\/blog\/wp-json\/wp\/v2\/tags?post=32332"}],"curies":[{"name":"wp","href":"https:\/\/api.w.org\/{rel}","templated":true}]}}