{"id":32382,"date":"2010-04-25T10:55:18","date_gmt":"2010-04-25T08:55:18","guid":{"rendered":"http:\/\/www.visit-ulcinj.com\/blog\/?p=32382"},"modified":"2010-04-25T10:55:18","modified_gmt":"2010-04-25T08:55:18","slug":"amaneti-i-vesa-lumes-video","status":"publish","type":"post","link":"https:\/\/www.visit-ulcinj.com\/blog\/2010\/04\/25\/amaneti-i-vesa-lumes-video\/","title":{"rendered":"Amaneti i Vesa Lum\u00ebs &#8211; Video"},"content":{"rendered":"<p><a href=\"http:\/\/www.visit-ulcinj.com\/blog\/wp-content\/uploads\/2010\/04\/Amaneti-i-Vesa-Lum\u00ebs.jpg\"><img loading=\"lazy\" class=\"alignleft size-full wp-image-32383\" title=\"Amaneti i Vesa Lum\u00ebs\" src=\"http:\/\/www.visit-ulcinj.com\/blog\/wp-content\/uploads\/2010\/04\/Amaneti-i-Vesa-Lum\u00ebs.jpg\" alt=\"Amaneti i Vesa Lum\u00ebs\" width=\"580\" height=\"400\" \/><\/a>Ndoshta \u00ebsht\u00eb her\u00ebt p\u00ebr t\u00eb folur p\u00ebr amanete, megjithat\u00eb duket se k\u00ebng\u00ebtarja e suksesshme nga Kosova, Vesa Luma e paska nj\u00eb t\u00eb till\u00eb.<br \/>\nPas balad\u00ebs \u201cEdhe nj\u00eb fundvit\u201d, e cila u prezantua n\u00eb kanalet muzikore n\u00eb fund t\u00eb vitit 2009, k\u00ebng\u00ebtarja tashm\u00eb ka vendosur t\u00eb vij\u00eb me nj\u00eb k\u00ebng\u00eb t\u00eb re. Por, ndryshe nga performanca e fundit, k\u00ebt\u00eb her\u00eb si\u00e7 thuhet, k\u00ebng\u00ebtarja Luma do t\u00eb vij\u00eb me nj\u00eb k\u00ebng\u00eb ritmike.<br \/>\nAq m\u00eb tep\u00ebr q\u00eb kjo k\u00ebng\u00eb do t\u00eb dal\u00eb n\u00eb tregun muzikor pik\u00ebrisht k\u00ebt\u00eb prag vere. K\u00ebng\u00ebtarja ka realizuar tashm\u00eb k\u00ebng\u00ebn dhe ka nisur pun\u00ebn p\u00ebr klipin. Nj\u00eb foto prej xhirimeve t\u00eb tij po ua zbulojm\u00eb edhe fansave t\u00eb Lum\u00ebs.<\/p>\n<p><strong>Bluetooth<br \/>\n<\/strong><!--YouTube Error: bad URL entered--><\/p>\n","protected":false},"excerpt":{"rendered":"<p>Ndoshta \u00ebsht\u00eb her\u00ebt p\u00ebr t\u00eb folur p\u00ebr amanete, megjithat\u00eb duket se k\u00ebng\u00ebtarja e suksesshme nga Kosova, Vesa Luma e paska nj\u00eb t\u00eb till\u00eb. Pas balad\u00ebs \u201cEdhe nj\u00eb fundvit\u201d, e cila u prezantua n\u00eb kanalet muzikore n\u00eb fund t\u00eb vitit 2009, k\u00ebng\u00ebtarja tashm\u00eb ka vendosur t\u00eb vij\u00eb me nj\u00eb k\u00ebng\u00eb t\u00eb re. Por, ndryshe nga performanca [&hellip;]<\/p>\n","protected":false},"author":1,"featured_media":0,"comment_status":"open","ping_status":"closed","sticky":false,"template":"","format":"standard","meta":{"spay_email":"","jetpack_publicize_message":"","jetpack_is_tweetstorm":false,"jetpack_publicize_feature_enabled":true},"categories":[1],"tags":[14133,5017],"jetpack_publicize_connections":[],"yoast_head":"<!-- This site is optimized with the Yoast SEO plugin v19.1 - https:\/\/yoast.com\/wordpress\/plugins\/seo\/ -->\n<title>Amaneti i Vesa Lum\u00ebs - Video - Lajme nga Ulqini<\/title>\n<meta name=\"description\" content=\"Ndoshta \u00ebsht\u00eb her\u00ebt p\u00ebr t\u00eb folur p\u00ebr amanete, megjithat\u00eb duket se k\u00ebng\u00ebtarja e suksesshme nga Kosova, Vesa Luma e paska nj\u00eb t\u00eb till\u00eb. Pas balad\u00ebs \u201cEdhe\" \/>\n<meta name=\"robots\" content=\"index, follow, max-snippet:-1, max-image-preview:large, max-video-preview:-1\" \/>\n<link rel=\"canonical\" href=\"https:\/\/www.visit-ulcinj.com\/blog\/2010\/04\/25\/amaneti-i-vesa-lumes-video\/\" \/>\n<meta property=\"og:locale\" content=\"en_US\" \/>\n<meta property=\"og:type\" content=\"article\" \/>\n<meta property=\"og:title\" content=\"Amaneti i Vesa Lum\u00ebs - Video - Lajme nga Ulqini\" \/>\n<meta property=\"og:description\" content=\"Ndoshta \u00ebsht\u00eb her\u00ebt p\u00ebr t\u00eb folur p\u00ebr amanete, megjithat\u00eb duket se k\u00ebng\u00ebtarja e suksesshme nga Kosova, Vesa Luma e paska nj\u00eb t\u00eb till\u00eb. Pas balad\u00ebs \u201cEdhe\" \/>\n<meta property=\"og:url\" content=\"https:\/\/www.visit-ulcinj.com\/blog\/2010\/04\/25\/amaneti-i-vesa-lumes-video\/\" \/>\n<meta property=\"og:site_name\" content=\"Lajme nga Ulqini\" \/>\n<meta property=\"article:published_time\" content=\"2010-04-25T08:55:18+00:00\" \/>\n<meta name=\"twitter:label1\" content=\"Written by\" \/>\n\t<meta name=\"twitter:data1\" content=\"ulqini\" \/>\n\t<meta name=\"twitter:label2\" content=\"Est. reading time\" \/>\n\t<meta name=\"twitter:data2\" content=\"1 minute\" \/>\n<script type=\"application\/ld+json\" class=\"yoast-schema-graph\">{\"@context\":\"https:\/\/schema.org\",\"@graph\":[{\"@type\":\"WebSite\",\"@id\":\"https:\/\/www.visit-ulcinj.com\/blog\/#website\",\"url\":\"https:\/\/www.visit-ulcinj.com\/blog\/\",\"name\":\"Lajme nga Ulqini\",\"description\":\"Lajme,Vijesti,Ulqini,Ulqin,Crna Gora,Mali i Zi\",\"potentialAction\":[{\"@type\":\"SearchAction\",\"target\":{\"@type\":\"EntryPoint\",\"urlTemplate\":\"https:\/\/www.visit-ulcinj.com\/blog\/?s={search_term_string}\"},\"query-input\":\"required name=search_term_string\"}],\"inLanguage\":\"en-US\"},{\"@type\":\"WebPage\",\"@id\":\"https:\/\/www.visit-ulcinj.com\/blog\/2010\/04\/25\/amaneti-i-vesa-lumes-video\/#webpage\",\"url\":\"https:\/\/www.visit-ulcinj.com\/blog\/2010\/04\/25\/amaneti-i-vesa-lumes-video\/\",\"name\":\"Amaneti i Vesa Lum\u00ebs - Video - Lajme nga Ulqini\",\"isPartOf\":{\"@id\":\"https:\/\/www.visit-ulcinj.com\/blog\/#website\"},\"datePublished\":\"2010-04-25T08:55:18+00:00\",\"dateModified\":\"2010-04-25T08:55:18+00:00\",\"author\":{\"@id\":\"https:\/\/www.visit-ulcinj.com\/blog\/#\/schema\/person\/dcab619c614d3038751c63bc2aadc06d\"},\"description\":\"Ndoshta \u00ebsht\u00eb her\u00ebt p\u00ebr t\u00eb folur p\u00ebr amanete, megjithat\u00eb duket se k\u00ebng\u00ebtarja e suksesshme nga Kosova, Vesa Luma e paska nj\u00eb t\u00eb till\u00eb. Pas balad\u00ebs \u201cEdhe\",\"breadcrumb\":{\"@id\":\"https:\/\/www.visit-ulcinj.com\/blog\/2010\/04\/25\/amaneti-i-vesa-lumes-video\/#breadcrumb\"},\"inLanguage\":\"en-US\",\"potentialAction\":[{\"@type\":\"ReadAction\",\"target\":[\"https:\/\/www.visit-ulcinj.com\/blog\/2010\/04\/25\/amaneti-i-vesa-lumes-video\/\"]}]},{\"@type\":\"BreadcrumbList\",\"@id\":\"https:\/\/www.visit-ulcinj.com\/blog\/2010\/04\/25\/amaneti-i-vesa-lumes-video\/#breadcrumb\",\"itemListElement\":[{\"@type\":\"ListItem\",\"position\":1,\"name\":\"Amaneti i Vesa Lum\u00ebs &#8211; Video\"}]},{\"@type\":\"Person\",\"@id\":\"https:\/\/www.visit-ulcinj.com\/blog\/#\/schema\/person\/dcab619c614d3038751c63bc2aadc06d\",\"name\":\"ulqini\",\"sameAs\":[\"http:\/\/www.visit-ulcinj.com\"],\"url\":\"https:\/\/www.visit-ulcinj.com\/blog\/author\/admin\/\"}]}<\/script>\n<!-- \/ Yoast SEO plugin. -->","yoast_head_json":{"title":"Amaneti i Vesa Lum\u00ebs - Video - Lajme nga Ulqini","description":"Ndoshta \u00ebsht\u00eb her\u00ebt p\u00ebr t\u00eb folur p\u00ebr amanete, megjithat\u00eb duket se k\u00ebng\u00ebtarja e suksesshme nga Kosova, Vesa Luma e paska nj\u00eb t\u00eb till\u00eb. Pas balad\u00ebs \u201cEdhe","robots":{"index":"index","follow":"follow","max-snippet":"max-snippet:-1","max-image-preview":"max-image-preview:large","max-video-preview":"max-video-preview:-1"},"canonical":"https:\/\/www.visit-ulcinj.com\/blog\/2010\/04\/25\/amaneti-i-vesa-lumes-video\/","og_locale":"en_US","og_type":"article","og_title":"Amaneti i Vesa Lum\u00ebs - Video - Lajme nga Ulqini","og_description":"Ndoshta \u00ebsht\u00eb her\u00ebt p\u00ebr t\u00eb folur p\u00ebr amanete, megjithat\u00eb duket se k\u00ebng\u00ebtarja e suksesshme nga Kosova, Vesa Luma e paska nj\u00eb t\u00eb till\u00eb. Pas balad\u00ebs \u201cEdhe","og_url":"https:\/\/www.visit-ulcinj.com\/blog\/2010\/04\/25\/amaneti-i-vesa-lumes-video\/","og_site_name":"Lajme nga Ulqini","article_published_time":"2010-04-25T08:55:18+00:00","twitter_misc":{"Written by":"ulqini","Est. reading time":"1 minute"},"schema":{"@context":"https:\/\/schema.org","@graph":[{"@type":"WebSite","@id":"https:\/\/www.visit-ulcinj.com\/blog\/#website","url":"https:\/\/www.visit-ulcinj.com\/blog\/","name":"Lajme nga Ulqini","description":"Lajme,Vijesti,Ulqini,Ulqin,Crna Gora,Mali i Zi","potentialAction":[{"@type":"SearchAction","target":{"@type":"EntryPoint","urlTemplate":"https:\/\/www.visit-ulcinj.com\/blog\/?s={search_term_string}"},"query-input":"required name=search_term_string"}],"inLanguage":"en-US"},{"@type":"WebPage","@id":"https:\/\/www.visit-ulcinj.com\/blog\/2010\/04\/25\/amaneti-i-vesa-lumes-video\/#webpage","url":"https:\/\/www.visit-ulcinj.com\/blog\/2010\/04\/25\/amaneti-i-vesa-lumes-video\/","name":"Amaneti i Vesa Lum\u00ebs - Video - Lajme nga Ulqini","isPartOf":{"@id":"https:\/\/www.visit-ulcinj.com\/blog\/#website"},"datePublished":"2010-04-25T08:55:18+00:00","dateModified":"2010-04-25T08:55:18+00:00","author":{"@id":"https:\/\/www.visit-ulcinj.com\/blog\/#\/schema\/person\/dcab619c614d3038751c63bc2aadc06d"},"description":"Ndoshta \u00ebsht\u00eb her\u00ebt p\u00ebr t\u00eb folur p\u00ebr amanete, megjithat\u00eb duket se k\u00ebng\u00ebtarja e suksesshme nga Kosova, Vesa Luma e paska nj\u00eb t\u00eb till\u00eb. Pas balad\u00ebs \u201cEdhe","breadcrumb":{"@id":"https:\/\/www.visit-ulcinj.com\/blog\/2010\/04\/25\/amaneti-i-vesa-lumes-video\/#breadcrumb"},"inLanguage":"en-US","potentialAction":[{"@type":"ReadAction","target":["https:\/\/www.visit-ulcinj.com\/blog\/2010\/04\/25\/amaneti-i-vesa-lumes-video\/"]}]},{"@type":"BreadcrumbList","@id":"https:\/\/www.visit-ulcinj.com\/blog\/2010\/04\/25\/amaneti-i-vesa-lumes-video\/#breadcrumb","itemListElement":[{"@type":"ListItem","position":1,"name":"Amaneti i Vesa Lum\u00ebs &#8211; Video"}]},{"@type":"Person","@id":"https:\/\/www.visit-ulcinj.com\/blog\/#\/schema\/person\/dcab619c614d3038751c63bc2aadc06d","name":"ulqini","sameAs":["http:\/\/www.visit-ulcinj.com"],"url":"https:\/\/www.visit-ulcinj.com\/blog\/author\/admin\/"}]}},"jetpack_featured_media_url":"","jetpack_sharing_enabled":true,"jetpack_shortlink":"https:\/\/wp.me\/pe6lTn-8qi","_links":{"self":[{"href":"https:\/\/www.visit-ulcinj.com\/blog\/wp-json\/wp\/v2\/posts\/32382"}],"collection":[{"href":"https:\/\/www.visit-ulcinj.com\/blog\/wp-json\/wp\/v2\/posts"}],"about":[{"href":"https:\/\/www.visit-ulcinj.com\/blog\/wp-json\/wp\/v2\/types\/post"}],"author":[{"embeddable":true,"href":"https:\/\/www.visit-ulcinj.com\/blog\/wp-json\/wp\/v2\/users\/1"}],"replies":[{"embeddable":true,"href":"https:\/\/www.visit-ulcinj.com\/blog\/wp-json\/wp\/v2\/comments?post=32382"}],"version-history":[{"count":0,"href":"https:\/\/www.visit-ulcinj.com\/blog\/wp-json\/wp\/v2\/posts\/32382\/revisions"}],"wp:attachment":[{"href":"https:\/\/www.visit-ulcinj.com\/blog\/wp-json\/wp\/v2\/media?parent=32382"}],"wp:term":[{"taxonomy":"category","embeddable":true,"href":"https:\/\/www.visit-ulcinj.com\/blog\/wp-json\/wp\/v2\/categories?post=32382"},{"taxonomy":"post_tag","embeddable":true,"href":"https:\/\/www.visit-ulcinj.com\/blog\/wp-json\/wp\/v2\/tags?post=32382"}],"curies":[{"name":"wp","href":"https:\/\/api.w.org\/{rel}","templated":true}]}}