{"id":32386,"date":"2010-04-25T11:12:12","date_gmt":"2010-04-25T09:12:12","guid":{"rendered":"http:\/\/www.visit-ulcinj.com\/blog\/?p=32386"},"modified":"2010-04-25T11:12:12","modified_gmt":"2010-04-25T09:12:12","slug":"rosela-gjylbegu-s%e2%80%99dua-me-te-dashuroj","status":"publish","type":"post","link":"https:\/\/www.visit-ulcinj.com\/blog\/2010\/04\/25\/rosela-gjylbegu-s%e2%80%99dua-me-te-dashuroj\/","title":{"rendered":"Rosela Gjylbegu: S\u2019dua me te dashuroj"},"content":{"rendered":"<p><a href=\"http:\/\/www.visit-ulcinj.com\/blog\/wp-content\/uploads\/2010\/04\/Rosela-Gjylbegu.jpg\"><img loading=\"lazy\" class=\"alignleft size-full wp-image-32387\" title=\"Rosela Gjylbegu\" src=\"http:\/\/www.visit-ulcinj.com\/blog\/wp-content\/uploads\/2010\/04\/Rosela-Gjylbegu.jpg\" alt=\"Rosela Gjylbegu\" width=\"580\" height=\"323\" \/><\/a>N\u00eb fakt, nuk \u00ebsht\u00eb fjala personalisht p\u00ebr Rosel\u00ebn, e cila edhe pse \u00ebsht\u00eb sing\u00ebl, m\u00eb von\u00eb dashuria p\u00ebr t\u00eb mund t\u00eb trokas\u00eb. V\u00ebmendja p\u00ebrqendrohet k\u00ebtu tek k\u00ebnga m\u00eb e fundit e k\u00ebng\u00ebtares me titull: \u2018S\u2019dua m\u00eb t\u00eb dashuroj\u2019. Dhe, miqt\u00eb dhe t\u00eb gjith\u00eb ata q\u00eb e kan\u00eb d\u00ebgjuar, e kan\u00eb komplimentuar Rosel\u00ebn p\u00ebr k\u00ebng\u00ebn, me \u2018kritik\u00ebn\u2019 e vetme se k\u00ebnga \u00ebsht\u00eb pak e trisht\u00eb, por n\u00ebse thellohesh, teksti \u00ebsht\u00eb shum\u00eb i v\u00ebrtet\u00eb. Rosela i sqaron t\u00eb gjith\u00eb se, b\u00ebhet fjal\u00eb ve\u00e7 p\u00ebr nj\u00eb k\u00ebng\u00eb, ku kryesorja n\u00eb t\u00eb \u00ebsht\u00eb muzika dhe ritmi e sigurisht m\u00eb pas edhe teksti, i cili nuk ka t\u00eb b\u00ebj\u00eb personalisht me t\u00eb.<\/p>\n<p><strong>Bluetooth<br \/>\n<br \/>\n<\/strong><!--YouTube Error: bad URL entered--><\/p>\n","protected":false},"excerpt":{"rendered":"<p>N\u00eb fakt, nuk \u00ebsht\u00eb fjala personalisht p\u00ebr Rosel\u00ebn, e cila edhe pse \u00ebsht\u00eb sing\u00ebl, m\u00eb von\u00eb dashuria p\u00ebr t\u00eb mund t\u00eb trokas\u00eb. V\u00ebmendja p\u00ebrqendrohet k\u00ebtu tek k\u00ebnga m\u00eb e fundit e k\u00ebng\u00ebtares me titull: \u2018S\u2019dua m\u00eb t\u00eb dashuroj\u2019. Dhe, miqt\u00eb dhe t\u00eb gjith\u00eb ata q\u00eb e kan\u00eb d\u00ebgjuar, e kan\u00eb komplimentuar Rosel\u00ebn p\u00ebr k\u00ebng\u00ebn, me [&hellip;]<\/p>\n","protected":false},"author":1,"featured_media":0,"comment_status":"open","ping_status":"closed","sticky":false,"template":"","format":"standard","meta":{"spay_email":"","jetpack_publicize_message":"","jetpack_is_tweetstorm":false,"jetpack_publicize_feature_enabled":true},"categories":[1],"tags":[5087],"jetpack_publicize_connections":[],"yoast_head":"<!-- This site is optimized with the Yoast SEO plugin v19.1 - https:\/\/yoast.com\/wordpress\/plugins\/seo\/ -->\n<title>Rosela Gjylbegu: S\u2019dua me te dashuroj - Lajme nga Ulqini<\/title>\n<meta name=\"description\" content=\"N\u00eb fakt, nuk \u00ebsht\u00eb fjala personalisht p\u00ebr Rosel\u00ebn, e cila edhe pse \u00ebsht\u00eb sing\u00ebl, m\u00eb von\u00eb dashuria p\u00ebr t\u00eb mund t\u00eb trokas\u00eb. V\u00ebmendja p\u00ebrqendrohet k\u00ebtu tek\" \/>\n<meta name=\"robots\" content=\"index, follow, max-snippet:-1, max-image-preview:large, max-video-preview:-1\" \/>\n<link rel=\"canonical\" href=\"https:\/\/www.visit-ulcinj.com\/blog\/2010\/04\/25\/rosela-gjylbegu-s\u2019dua-me-te-dashuroj\/\" \/>\n<meta property=\"og:locale\" content=\"en_US\" \/>\n<meta property=\"og:type\" content=\"article\" \/>\n<meta property=\"og:title\" content=\"Rosela Gjylbegu: S\u2019dua me te dashuroj - Lajme nga Ulqini\" \/>\n<meta property=\"og:description\" content=\"N\u00eb fakt, nuk \u00ebsht\u00eb fjala personalisht p\u00ebr Rosel\u00ebn, e cila edhe pse \u00ebsht\u00eb sing\u00ebl, m\u00eb von\u00eb dashuria p\u00ebr t\u00eb mund t\u00eb trokas\u00eb. V\u00ebmendja p\u00ebrqendrohet k\u00ebtu tek\" \/>\n<meta property=\"og:url\" content=\"https:\/\/www.visit-ulcinj.com\/blog\/2010\/04\/25\/rosela-gjylbegu-s\u2019dua-me-te-dashuroj\/\" \/>\n<meta property=\"og:site_name\" content=\"Lajme nga Ulqini\" \/>\n<meta property=\"article:published_time\" content=\"2010-04-25T09:12:12+00:00\" \/>\n<meta property=\"og:image\" content=\"https:\/\/www.visit-ulcinj.com\/blog\/wp-content\/uploads\/2010\/04\/Rosela-Gjylbegu-150x150.jpg\" \/>\n<meta name=\"twitter:label1\" content=\"Written by\" \/>\n\t<meta name=\"twitter:data1\" content=\"ulqini\" \/>\n\t<meta name=\"twitter:label2\" content=\"Est. reading time\" \/>\n\t<meta name=\"twitter:data2\" content=\"1 minute\" \/>\n<script type=\"application\/ld+json\" class=\"yoast-schema-graph\">{\"@context\":\"https:\/\/schema.org\",\"@graph\":[{\"@type\":\"WebSite\",\"@id\":\"https:\/\/www.visit-ulcinj.com\/blog\/#website\",\"url\":\"https:\/\/www.visit-ulcinj.com\/blog\/\",\"name\":\"Lajme nga Ulqini\",\"description\":\"Lajme,Vijesti,Ulqini,Ulqin,Crna Gora,Mali i Zi\",\"potentialAction\":[{\"@type\":\"SearchAction\",\"target\":{\"@type\":\"EntryPoint\",\"urlTemplate\":\"https:\/\/www.visit-ulcinj.com\/blog\/?s={search_term_string}\"},\"query-input\":\"required name=search_term_string\"}],\"inLanguage\":\"en-US\"},{\"@type\":\"ImageObject\",\"inLanguage\":\"en-US\",\"@id\":\"https:\/\/www.visit-ulcinj.com\/blog\/2010\/04\/25\/rosela-gjylbegu-s%e2%80%99dua-me-te-dashuroj\/#primaryimage\",\"url\":\"http:\/\/www.visit-ulcinj.com\/blog\/wp-content\/uploads\/2010\/04\/Rosela-Gjylbegu.jpg\",\"contentUrl\":\"http:\/\/www.visit-ulcinj.com\/blog\/wp-content\/uploads\/2010\/04\/Rosela-Gjylbegu.jpg\"},{\"@type\":\"WebPage\",\"@id\":\"https:\/\/www.visit-ulcinj.com\/blog\/2010\/04\/25\/rosela-gjylbegu-s%e2%80%99dua-me-te-dashuroj\/#webpage\",\"url\":\"https:\/\/www.visit-ulcinj.com\/blog\/2010\/04\/25\/rosela-gjylbegu-s%e2%80%99dua-me-te-dashuroj\/\",\"name\":\"Rosela Gjylbegu: S\u2019dua me te dashuroj - Lajme nga Ulqini\",\"isPartOf\":{\"@id\":\"https:\/\/www.visit-ulcinj.com\/blog\/#website\"},\"primaryImageOfPage\":{\"@id\":\"https:\/\/www.visit-ulcinj.com\/blog\/2010\/04\/25\/rosela-gjylbegu-s%e2%80%99dua-me-te-dashuroj\/#primaryimage\"},\"datePublished\":\"2010-04-25T09:12:12+00:00\",\"dateModified\":\"2010-04-25T09:12:12+00:00\",\"author\":{\"@id\":\"https:\/\/www.visit-ulcinj.com\/blog\/#\/schema\/person\/dcab619c614d3038751c63bc2aadc06d\"},\"description\":\"N\u00eb fakt, nuk \u00ebsht\u00eb fjala personalisht p\u00ebr Rosel\u00ebn, e cila edhe pse \u00ebsht\u00eb sing\u00ebl, m\u00eb von\u00eb dashuria p\u00ebr t\u00eb mund t\u00eb trokas\u00eb. V\u00ebmendja p\u00ebrqendrohet k\u00ebtu tek\",\"breadcrumb\":{\"@id\":\"https:\/\/www.visit-ulcinj.com\/blog\/2010\/04\/25\/rosela-gjylbegu-s%e2%80%99dua-me-te-dashuroj\/#breadcrumb\"},\"inLanguage\":\"en-US\",\"potentialAction\":[{\"@type\":\"ReadAction\",\"target\":[\"https:\/\/www.visit-ulcinj.com\/blog\/2010\/04\/25\/rosela-gjylbegu-s%e2%80%99dua-me-te-dashuroj\/\"]}]},{\"@type\":\"BreadcrumbList\",\"@id\":\"https:\/\/www.visit-ulcinj.com\/blog\/2010\/04\/25\/rosela-gjylbegu-s%e2%80%99dua-me-te-dashuroj\/#breadcrumb\",\"itemListElement\":[{\"@type\":\"ListItem\",\"position\":1,\"name\":\"Rosela Gjylbegu: S\u2019dua me te dashuroj\"}]},{\"@type\":\"Person\",\"@id\":\"https:\/\/www.visit-ulcinj.com\/blog\/#\/schema\/person\/dcab619c614d3038751c63bc2aadc06d\",\"name\":\"ulqini\",\"sameAs\":[\"http:\/\/www.visit-ulcinj.com\"],\"url\":\"https:\/\/www.visit-ulcinj.com\/blog\/author\/admin\/\"}]}<\/script>\n<!-- \/ Yoast SEO plugin. -->","yoast_head_json":{"title":"Rosela Gjylbegu: S\u2019dua me te dashuroj - Lajme nga Ulqini","description":"N\u00eb fakt, nuk \u00ebsht\u00eb fjala personalisht p\u00ebr Rosel\u00ebn, e cila edhe pse \u00ebsht\u00eb sing\u00ebl, m\u00eb von\u00eb dashuria p\u00ebr t\u00eb mund t\u00eb trokas\u00eb. V\u00ebmendja p\u00ebrqendrohet k\u00ebtu tek","robots":{"index":"index","follow":"follow","max-snippet":"max-snippet:-1","max-image-preview":"max-image-preview:large","max-video-preview":"max-video-preview:-1"},"canonical":"https:\/\/www.visit-ulcinj.com\/blog\/2010\/04\/25\/rosela-gjylbegu-s\u2019dua-me-te-dashuroj\/","og_locale":"en_US","og_type":"article","og_title":"Rosela Gjylbegu: S\u2019dua me te dashuroj - Lajme nga Ulqini","og_description":"N\u00eb fakt, nuk \u00ebsht\u00eb fjala personalisht p\u00ebr Rosel\u00ebn, e cila edhe pse \u00ebsht\u00eb sing\u00ebl, m\u00eb von\u00eb dashuria p\u00ebr t\u00eb mund t\u00eb trokas\u00eb. V\u00ebmendja p\u00ebrqendrohet k\u00ebtu tek","og_url":"https:\/\/www.visit-ulcinj.com\/blog\/2010\/04\/25\/rosela-gjylbegu-s\u2019dua-me-te-dashuroj\/","og_site_name":"Lajme nga Ulqini","article_published_time":"2010-04-25T09:12:12+00:00","og_image":[{"url":"https:\/\/www.visit-ulcinj.com\/blog\/wp-content\/uploads\/2010\/04\/Rosela-Gjylbegu-150x150.jpg"}],"twitter_misc":{"Written by":"ulqini","Est. reading time":"1 minute"},"schema":{"@context":"https:\/\/schema.org","@graph":[{"@type":"WebSite","@id":"https:\/\/www.visit-ulcinj.com\/blog\/#website","url":"https:\/\/www.visit-ulcinj.com\/blog\/","name":"Lajme nga Ulqini","description":"Lajme,Vijesti,Ulqini,Ulqin,Crna Gora,Mali i Zi","potentialAction":[{"@type":"SearchAction","target":{"@type":"EntryPoint","urlTemplate":"https:\/\/www.visit-ulcinj.com\/blog\/?s={search_term_string}"},"query-input":"required name=search_term_string"}],"inLanguage":"en-US"},{"@type":"ImageObject","inLanguage":"en-US","@id":"https:\/\/www.visit-ulcinj.com\/blog\/2010\/04\/25\/rosela-gjylbegu-s%e2%80%99dua-me-te-dashuroj\/#primaryimage","url":"http:\/\/www.visit-ulcinj.com\/blog\/wp-content\/uploads\/2010\/04\/Rosela-Gjylbegu.jpg","contentUrl":"http:\/\/www.visit-ulcinj.com\/blog\/wp-content\/uploads\/2010\/04\/Rosela-Gjylbegu.jpg"},{"@type":"WebPage","@id":"https:\/\/www.visit-ulcinj.com\/blog\/2010\/04\/25\/rosela-gjylbegu-s%e2%80%99dua-me-te-dashuroj\/#webpage","url":"https:\/\/www.visit-ulcinj.com\/blog\/2010\/04\/25\/rosela-gjylbegu-s%e2%80%99dua-me-te-dashuroj\/","name":"Rosela Gjylbegu: S\u2019dua me te dashuroj - Lajme nga Ulqini","isPartOf":{"@id":"https:\/\/www.visit-ulcinj.com\/blog\/#website"},"primaryImageOfPage":{"@id":"https:\/\/www.visit-ulcinj.com\/blog\/2010\/04\/25\/rosela-gjylbegu-s%e2%80%99dua-me-te-dashuroj\/#primaryimage"},"datePublished":"2010-04-25T09:12:12+00:00","dateModified":"2010-04-25T09:12:12+00:00","author":{"@id":"https:\/\/www.visit-ulcinj.com\/blog\/#\/schema\/person\/dcab619c614d3038751c63bc2aadc06d"},"description":"N\u00eb fakt, nuk \u00ebsht\u00eb fjala personalisht p\u00ebr Rosel\u00ebn, e cila edhe pse \u00ebsht\u00eb sing\u00ebl, m\u00eb von\u00eb dashuria p\u00ebr t\u00eb mund t\u00eb trokas\u00eb. V\u00ebmendja p\u00ebrqendrohet k\u00ebtu tek","breadcrumb":{"@id":"https:\/\/www.visit-ulcinj.com\/blog\/2010\/04\/25\/rosela-gjylbegu-s%e2%80%99dua-me-te-dashuroj\/#breadcrumb"},"inLanguage":"en-US","potentialAction":[{"@type":"ReadAction","target":["https:\/\/www.visit-ulcinj.com\/blog\/2010\/04\/25\/rosela-gjylbegu-s%e2%80%99dua-me-te-dashuroj\/"]}]},{"@type":"BreadcrumbList","@id":"https:\/\/www.visit-ulcinj.com\/blog\/2010\/04\/25\/rosela-gjylbegu-s%e2%80%99dua-me-te-dashuroj\/#breadcrumb","itemListElement":[{"@type":"ListItem","position":1,"name":"Rosela Gjylbegu: S\u2019dua me te dashuroj"}]},{"@type":"Person","@id":"https:\/\/www.visit-ulcinj.com\/blog\/#\/schema\/person\/dcab619c614d3038751c63bc2aadc06d","name":"ulqini","sameAs":["http:\/\/www.visit-ulcinj.com"],"url":"https:\/\/www.visit-ulcinj.com\/blog\/author\/admin\/"}]}},"jetpack_featured_media_url":"","jetpack_sharing_enabled":true,"jetpack_shortlink":"https:\/\/wp.me\/pe6lTn-8qm","_links":{"self":[{"href":"https:\/\/www.visit-ulcinj.com\/blog\/wp-json\/wp\/v2\/posts\/32386"}],"collection":[{"href":"https:\/\/www.visit-ulcinj.com\/blog\/wp-json\/wp\/v2\/posts"}],"about":[{"href":"https:\/\/www.visit-ulcinj.com\/blog\/wp-json\/wp\/v2\/types\/post"}],"author":[{"embeddable":true,"href":"https:\/\/www.visit-ulcinj.com\/blog\/wp-json\/wp\/v2\/users\/1"}],"replies":[{"embeddable":true,"href":"https:\/\/www.visit-ulcinj.com\/blog\/wp-json\/wp\/v2\/comments?post=32386"}],"version-history":[{"count":0,"href":"https:\/\/www.visit-ulcinj.com\/blog\/wp-json\/wp\/v2\/posts\/32386\/revisions"}],"wp:attachment":[{"href":"https:\/\/www.visit-ulcinj.com\/blog\/wp-json\/wp\/v2\/media?parent=32386"}],"wp:term":[{"taxonomy":"category","embeddable":true,"href":"https:\/\/www.visit-ulcinj.com\/blog\/wp-json\/wp\/v2\/categories?post=32386"},{"taxonomy":"post_tag","embeddable":true,"href":"https:\/\/www.visit-ulcinj.com\/blog\/wp-json\/wp\/v2\/tags?post=32386"}],"curies":[{"name":"wp","href":"https:\/\/api.w.org\/{rel}","templated":true}]}}