{"id":32392,"date":"2010-04-25T11:31:29","date_gmt":"2010-04-25T09:31:29","guid":{"rendered":"http:\/\/www.visit-ulcinj.com\/blog\/?p=32392"},"modified":"2010-04-25T11:31:29","modified_gmt":"2010-04-25T09:31:29","slug":"ne-kuvendin-e-malit-te-zi-debat-i-nxehte-per-komunat-e-reja","status":"publish","type":"post","link":"https:\/\/www.visit-ulcinj.com\/blog\/2010\/04\/25\/ne-kuvendin-e-malit-te-zi-debat-i-nxehte-per-komunat-e-reja\/","title":{"rendered":"N\u00eb Kuvendin e Malit t\u00eb Zi debat i nxeht\u00eb p\u00ebr komunat e reja"},"content":{"rendered":"<p><a href=\"http:\/\/www.visit-ulcinj.com\/blog\/wp-content\/uploads\/2009\/10\/Hollaj_Nimanbegu_Bardhi.jpg\"><img loading=\"lazy\" class=\"size-full wp-image-26031 alignleft\" title=\"Hollaj_Nimanbegu_Bardhi\" src=\"http:\/\/www.visit-ulcinj.com\/blog\/wp-content\/uploads\/2009\/10\/Hollaj_Nimanbegu_Bardhi.jpg\" alt=\"Hollaj_Nimanbegu_Bardhi\" width=\"390\" height=\"290\" \/><\/a>N\u00eb Kuvendin e Malit t\u00eb Zi, sot u zhvillua nj\u00eb debat plot tensione rreth organizimit t\u00eb ri territorial t\u00eb Malit t\u00eb Zi.<br \/>\nTre deputet\u00ebt shqiptar\u00eb, Mehmet Bardhi, Genci Nimanbegu dhe Amir Hollaj, m\u00eb her\u00ebt i kan\u00eb adresuar kryeparlamentarit, Ranko Krivokapiq dy amendamente n\u00eb Draftin e ligjit mbi organizimin territorial t\u00eb Malit t\u00eb Zi, t\u00eb cil\u00ebt kan\u00eb t\u00eb b\u00ebjn\u00eb me avancimin e komun\u00ebs Urbane t\u00eb Tuzit, n\u00eb komun\u00eb e plot\u00eb, nd\u00ebrkoh\u00eb q\u00eb kjo kund\u00ebrshtohet nga deputetet e shumic\u00ebs parlamentare t\u00eb Malit t\u00eb Zi.<br \/>\nOpozita dhe Partia social demokratike n\u00eb mbledhjen e K\u00ebshillit kuvendor p\u00ebr sistemin politik n\u00eb k\u00ebt\u00eb projekt ligj propozuan amendamentet p\u00ebr komuna t\u00eb Golubovcit, Gucis\u00eb, kurse p\u00ebr komunat e Tuzit dhe Petnjic\u00ebs u rikthyen p\u00ebr ripunim.<br \/>\nK\u00ebto amendamente u kund\u00ebrshtuan nga an\u00ebtar\u00ebt e PDS n\u00eb k\u00ebt\u00eb k\u00ebshill. Mir\u00ebpo, gjat\u00eb debatit t\u00eb sot\u00ebm, p\u00ebrfaq\u00ebsuesi i Qeveris\u00eb, ndihm\u00ebs ministri i pun\u00ebve t\u00eb brendshme, Dragan Pejanoviq, p\u00ebr shkak t\u00eb shum\u00eb amendamenteve t\u00eb propozuara nga deputetet e kuvendit, vendosi q\u00eb ta t\u00ebrheq nga r\u00ebndi i dit\u00ebs, deri n\u00eb shqyrtimin e ri.<br \/>\nDeputetet e Kuvendit n\u00eb vazhdim t\u00eb seanc\u00ebs s\u00eb sotme do t\u00eb duhej q\u00eb t\u00eb deklarohen p\u00ebr ndryshimet e Ligjit kushtetues, me t\u00eb cilin afati p\u00ebr harmonizimin e legjislatur\u00ebs zgjedhore me aktin m\u00eb t\u00eb lart\u00eb juridik do t\u00eb shtyhet deri me nj\u00eb janar t\u00eb vitit t\u00eb ardhsh\u00ebm.<br \/>\nGjat\u00eb debatit t\u00eb djesh\u00ebm p\u00ebr k\u00ebt\u00eb tem\u00eb, arsyetimi i koalicionit n\u00eb pushtet, nga rrall\u00ebt e t\u00eb cilit \u00ebsht\u00eb paraqitur propozimi, isht\u00eb se p\u00ebrmes forcimit t\u00eb kodit aktual p\u00ebr zgjedhjen e k\u00ebshilltar\u00ebve dhe t\u00eb deputet\u00ebve, t\u00eb sigurohet legaliteti i zgjedhjeve lokale t\u00eb majit.<br \/>\nOpozita e kritikoi pushtetin p\u00ebr shkak t\u00eb mos gatishm\u00ebris\u00eb p\u00ebr marr\u00ebveshje p\u00ebr zgjidhjet kontestuese t\u00eb kodit zgjedhor dhe zvarritjen e harmonizimit me Kushtetut\u00ebn.<br \/>\nN\u00ebse miratohet ky propozim ligj, kjo do t\u00eb ishte hera e kat\u00ebrt te shtyhet afati p\u00ebr harmonizimin e kodit zgjedhor me kushtetut\u00ebn, i cili skadon me 30 prill.<br \/>\n<strong><br \/>\nTVCG<\/strong><\/p>\n","protected":false},"excerpt":{"rendered":"<p>N\u00eb Kuvendin e Malit t\u00eb Zi, sot u zhvillua nj\u00eb debat plot tensione rreth organizimit t\u00eb ri territorial t\u00eb Malit t\u00eb Zi. Tre deputet\u00ebt shqiptar\u00eb, Mehmet Bardhi, Genci Nimanbegu dhe Amir Hollaj, m\u00eb her\u00ebt i kan\u00eb adresuar kryeparlamentarit, Ranko Krivokapiq dy amendamente n\u00eb Draftin e ligjit mbi organizimin territorial t\u00eb Malit t\u00eb Zi, t\u00eb cil\u00ebt [&hellip;]<\/p>\n","protected":false},"author":1,"featured_media":0,"comment_status":"open","ping_status":"closed","sticky":false,"template":"","format":"standard","meta":{"spay_email":"","jetpack_publicize_message":"","jetpack_is_tweetstorm":false,"jetpack_publicize_feature_enabled":true},"categories":[14],"tags":[1303,1073,347,14134],"jetpack_publicize_connections":[],"yoast_head":"<!-- This site is optimized with the Yoast SEO plugin v19.1 - https:\/\/yoast.com\/wordpress\/plugins\/seo\/ -->\n<title>N\u00eb Kuvendin e Malit t\u00eb Zi debat i nxeht\u00eb p\u00ebr komunat e reja - Lajme nga Ulqini<\/title>\n<meta name=\"description\" content=\"N\u00eb Kuvendin e Malit t\u00eb Zi, sot u zhvillua nj\u00eb debat plot tensione rreth organizimit t\u00eb ri territorial t\u00eb Malit t\u00eb Zi. Tre deputet\u00ebt shqiptar\u00eb, Mehmet\" \/>\n<meta name=\"robots\" content=\"index, follow, max-snippet:-1, max-image-preview:large, max-video-preview:-1\" \/>\n<link rel=\"canonical\" href=\"https:\/\/www.visit-ulcinj.com\/blog\/2010\/04\/25\/ne-kuvendin-e-malit-te-zi-debat-i-nxehte-per-komunat-e-reja\/\" \/>\n<meta property=\"og:locale\" content=\"en_US\" \/>\n<meta property=\"og:type\" content=\"article\" \/>\n<meta property=\"og:title\" content=\"N\u00eb Kuvendin e Malit t\u00eb Zi debat i nxeht\u00eb p\u00ebr komunat e reja - Lajme nga Ulqini\" \/>\n<meta property=\"og:description\" content=\"N\u00eb Kuvendin e Malit t\u00eb Zi, sot u zhvillua nj\u00eb debat plot tensione rreth organizimit t\u00eb ri territorial t\u00eb Malit t\u00eb Zi. Tre deputet\u00ebt shqiptar\u00eb, Mehmet\" \/>\n<meta property=\"og:url\" content=\"https:\/\/www.visit-ulcinj.com\/blog\/2010\/04\/25\/ne-kuvendin-e-malit-te-zi-debat-i-nxehte-per-komunat-e-reja\/\" \/>\n<meta property=\"og:site_name\" content=\"Lajme nga Ulqini\" \/>\n<meta property=\"article:published_time\" content=\"2010-04-25T09:31:29+00:00\" \/>\n<meta property=\"og:image\" content=\"http:\/\/www.visit-ulcinj.com\/blog\/wp-content\/uploads\/2009\/10\/Hollaj_Nimanbegu_Bardhi.jpg\" \/>\n<meta name=\"twitter:label1\" content=\"Written by\" \/>\n\t<meta name=\"twitter:data1\" content=\"ulqini\" \/>\n\t<meta name=\"twitter:label2\" content=\"Est. reading time\" \/>\n\t<meta name=\"twitter:data2\" content=\"2 minutes\" \/>\n<script type=\"application\/ld+json\" class=\"yoast-schema-graph\">{\"@context\":\"https:\/\/schema.org\",\"@graph\":[{\"@type\":\"WebSite\",\"@id\":\"https:\/\/www.visit-ulcinj.com\/blog\/#website\",\"url\":\"https:\/\/www.visit-ulcinj.com\/blog\/\",\"name\":\"Lajme nga Ulqini\",\"description\":\"Lajme,Vijesti,Ulqini,Ulqin,Crna Gora,Mali i Zi\",\"potentialAction\":[{\"@type\":\"SearchAction\",\"target\":{\"@type\":\"EntryPoint\",\"urlTemplate\":\"https:\/\/www.visit-ulcinj.com\/blog\/?s={search_term_string}\"},\"query-input\":\"required name=search_term_string\"}],\"inLanguage\":\"en-US\"},{\"@type\":\"ImageObject\",\"inLanguage\":\"en-US\",\"@id\":\"https:\/\/www.visit-ulcinj.com\/blog\/2010\/04\/25\/ne-kuvendin-e-malit-te-zi-debat-i-nxehte-per-komunat-e-reja\/#primaryimage\",\"url\":\"https:\/\/www.visit-ulcinj.com\/blog\/wp-content\/uploads\/2009\/10\/Hollaj_Nimanbegu_Bardhi.jpg\",\"contentUrl\":\"https:\/\/www.visit-ulcinj.com\/blog\/wp-content\/uploads\/2009\/10\/Hollaj_Nimanbegu_Bardhi.jpg\",\"width\":\"290\",\"height\":\"190\"},{\"@type\":\"WebPage\",\"@id\":\"https:\/\/www.visit-ulcinj.com\/blog\/2010\/04\/25\/ne-kuvendin-e-malit-te-zi-debat-i-nxehte-per-komunat-e-reja\/#webpage\",\"url\":\"https:\/\/www.visit-ulcinj.com\/blog\/2010\/04\/25\/ne-kuvendin-e-malit-te-zi-debat-i-nxehte-per-komunat-e-reja\/\",\"name\":\"N\u00eb Kuvendin e Malit t\u00eb Zi debat i nxeht\u00eb p\u00ebr komunat e reja - Lajme nga Ulqini\",\"isPartOf\":{\"@id\":\"https:\/\/www.visit-ulcinj.com\/blog\/#website\"},\"primaryImageOfPage\":{\"@id\":\"https:\/\/www.visit-ulcinj.com\/blog\/2010\/04\/25\/ne-kuvendin-e-malit-te-zi-debat-i-nxehte-per-komunat-e-reja\/#primaryimage\"},\"datePublished\":\"2010-04-25T09:31:29+00:00\",\"dateModified\":\"2010-04-25T09:31:29+00:00\",\"author\":{\"@id\":\"https:\/\/www.visit-ulcinj.com\/blog\/#\/schema\/person\/dcab619c614d3038751c63bc2aadc06d\"},\"description\":\"N\u00eb Kuvendin e Malit t\u00eb Zi, sot u zhvillua nj\u00eb debat plot tensione rreth organizimit t\u00eb ri territorial t\u00eb Malit t\u00eb Zi. Tre deputet\u00ebt shqiptar\u00eb, Mehmet\",\"breadcrumb\":{\"@id\":\"https:\/\/www.visit-ulcinj.com\/blog\/2010\/04\/25\/ne-kuvendin-e-malit-te-zi-debat-i-nxehte-per-komunat-e-reja\/#breadcrumb\"},\"inLanguage\":\"en-US\",\"potentialAction\":[{\"@type\":\"ReadAction\",\"target\":[\"https:\/\/www.visit-ulcinj.com\/blog\/2010\/04\/25\/ne-kuvendin-e-malit-te-zi-debat-i-nxehte-per-komunat-e-reja\/\"]}]},{\"@type\":\"BreadcrumbList\",\"@id\":\"https:\/\/www.visit-ulcinj.com\/blog\/2010\/04\/25\/ne-kuvendin-e-malit-te-zi-debat-i-nxehte-per-komunat-e-reja\/#breadcrumb\",\"itemListElement\":[{\"@type\":\"ListItem\",\"position\":1,\"name\":\"N\u00eb Kuvendin e Malit t\u00eb Zi debat i nxeht\u00eb p\u00ebr komunat e reja\"}]},{\"@type\":\"Person\",\"@id\":\"https:\/\/www.visit-ulcinj.com\/blog\/#\/schema\/person\/dcab619c614d3038751c63bc2aadc06d\",\"name\":\"ulqini\",\"sameAs\":[\"http:\/\/www.visit-ulcinj.com\"],\"url\":\"https:\/\/www.visit-ulcinj.com\/blog\/author\/admin\/\"}]}<\/script>\n<!-- \/ Yoast SEO plugin. -->","yoast_head_json":{"title":"N\u00eb Kuvendin e Malit t\u00eb Zi debat i nxeht\u00eb p\u00ebr komunat e reja - Lajme nga Ulqini","description":"N\u00eb Kuvendin e Malit t\u00eb Zi, sot u zhvillua nj\u00eb debat plot tensione rreth organizimit t\u00eb ri territorial t\u00eb Malit t\u00eb Zi. Tre deputet\u00ebt shqiptar\u00eb, Mehmet","robots":{"index":"index","follow":"follow","max-snippet":"max-snippet:-1","max-image-preview":"max-image-preview:large","max-video-preview":"max-video-preview:-1"},"canonical":"https:\/\/www.visit-ulcinj.com\/blog\/2010\/04\/25\/ne-kuvendin-e-malit-te-zi-debat-i-nxehte-per-komunat-e-reja\/","og_locale":"en_US","og_type":"article","og_title":"N\u00eb Kuvendin e Malit t\u00eb Zi debat i nxeht\u00eb p\u00ebr komunat e reja - Lajme nga Ulqini","og_description":"N\u00eb Kuvendin e Malit t\u00eb Zi, sot u zhvillua nj\u00eb debat plot tensione rreth organizimit t\u00eb ri territorial t\u00eb Malit t\u00eb Zi. Tre deputet\u00ebt shqiptar\u00eb, Mehmet","og_url":"https:\/\/www.visit-ulcinj.com\/blog\/2010\/04\/25\/ne-kuvendin-e-malit-te-zi-debat-i-nxehte-per-komunat-e-reja\/","og_site_name":"Lajme nga Ulqini","article_published_time":"2010-04-25T09:31:29+00:00","og_image":[{"url":"http:\/\/www.visit-ulcinj.com\/blog\/wp-content\/uploads\/2009\/10\/Hollaj_Nimanbegu_Bardhi.jpg"}],"twitter_misc":{"Written by":"ulqini","Est. reading time":"2 minutes"},"schema":{"@context":"https:\/\/schema.org","@graph":[{"@type":"WebSite","@id":"https:\/\/www.visit-ulcinj.com\/blog\/#website","url":"https:\/\/www.visit-ulcinj.com\/blog\/","name":"Lajme nga Ulqini","description":"Lajme,Vijesti,Ulqini,Ulqin,Crna Gora,Mali i Zi","potentialAction":[{"@type":"SearchAction","target":{"@type":"EntryPoint","urlTemplate":"https:\/\/www.visit-ulcinj.com\/blog\/?s={search_term_string}"},"query-input":"required name=search_term_string"}],"inLanguage":"en-US"},{"@type":"ImageObject","inLanguage":"en-US","@id":"https:\/\/www.visit-ulcinj.com\/blog\/2010\/04\/25\/ne-kuvendin-e-malit-te-zi-debat-i-nxehte-per-komunat-e-reja\/#primaryimage","url":"https:\/\/www.visit-ulcinj.com\/blog\/wp-content\/uploads\/2009\/10\/Hollaj_Nimanbegu_Bardhi.jpg","contentUrl":"https:\/\/www.visit-ulcinj.com\/blog\/wp-content\/uploads\/2009\/10\/Hollaj_Nimanbegu_Bardhi.jpg","width":"290","height":"190"},{"@type":"WebPage","@id":"https:\/\/www.visit-ulcinj.com\/blog\/2010\/04\/25\/ne-kuvendin-e-malit-te-zi-debat-i-nxehte-per-komunat-e-reja\/#webpage","url":"https:\/\/www.visit-ulcinj.com\/blog\/2010\/04\/25\/ne-kuvendin-e-malit-te-zi-debat-i-nxehte-per-komunat-e-reja\/","name":"N\u00eb Kuvendin e Malit t\u00eb Zi debat i nxeht\u00eb p\u00ebr komunat e reja - Lajme nga Ulqini","isPartOf":{"@id":"https:\/\/www.visit-ulcinj.com\/blog\/#website"},"primaryImageOfPage":{"@id":"https:\/\/www.visit-ulcinj.com\/blog\/2010\/04\/25\/ne-kuvendin-e-malit-te-zi-debat-i-nxehte-per-komunat-e-reja\/#primaryimage"},"datePublished":"2010-04-25T09:31:29+00:00","dateModified":"2010-04-25T09:31:29+00:00","author":{"@id":"https:\/\/www.visit-ulcinj.com\/blog\/#\/schema\/person\/dcab619c614d3038751c63bc2aadc06d"},"description":"N\u00eb Kuvendin e Malit t\u00eb Zi, sot u zhvillua nj\u00eb debat plot tensione rreth organizimit t\u00eb ri territorial t\u00eb Malit t\u00eb Zi. Tre deputet\u00ebt shqiptar\u00eb, Mehmet","breadcrumb":{"@id":"https:\/\/www.visit-ulcinj.com\/blog\/2010\/04\/25\/ne-kuvendin-e-malit-te-zi-debat-i-nxehte-per-komunat-e-reja\/#breadcrumb"},"inLanguage":"en-US","potentialAction":[{"@type":"ReadAction","target":["https:\/\/www.visit-ulcinj.com\/blog\/2010\/04\/25\/ne-kuvendin-e-malit-te-zi-debat-i-nxehte-per-komunat-e-reja\/"]}]},{"@type":"BreadcrumbList","@id":"https:\/\/www.visit-ulcinj.com\/blog\/2010\/04\/25\/ne-kuvendin-e-malit-te-zi-debat-i-nxehte-per-komunat-e-reja\/#breadcrumb","itemListElement":[{"@type":"ListItem","position":1,"name":"N\u00eb Kuvendin e Malit t\u00eb Zi debat i nxeht\u00eb p\u00ebr komunat e reja"}]},{"@type":"Person","@id":"https:\/\/www.visit-ulcinj.com\/blog\/#\/schema\/person\/dcab619c614d3038751c63bc2aadc06d","name":"ulqini","sameAs":["http:\/\/www.visit-ulcinj.com"],"url":"https:\/\/www.visit-ulcinj.com\/blog\/author\/admin\/"}]}},"jetpack_featured_media_url":"","jetpack_sharing_enabled":true,"jetpack_shortlink":"https:\/\/wp.me\/pe6lTn-8qs","_links":{"self":[{"href":"https:\/\/www.visit-ulcinj.com\/blog\/wp-json\/wp\/v2\/posts\/32392"}],"collection":[{"href":"https:\/\/www.visit-ulcinj.com\/blog\/wp-json\/wp\/v2\/posts"}],"about":[{"href":"https:\/\/www.visit-ulcinj.com\/blog\/wp-json\/wp\/v2\/types\/post"}],"author":[{"embeddable":true,"href":"https:\/\/www.visit-ulcinj.com\/blog\/wp-json\/wp\/v2\/users\/1"}],"replies":[{"embeddable":true,"href":"https:\/\/www.visit-ulcinj.com\/blog\/wp-json\/wp\/v2\/comments?post=32392"}],"version-history":[{"count":0,"href":"https:\/\/www.visit-ulcinj.com\/blog\/wp-json\/wp\/v2\/posts\/32392\/revisions"}],"wp:attachment":[{"href":"https:\/\/www.visit-ulcinj.com\/blog\/wp-json\/wp\/v2\/media?parent=32392"}],"wp:term":[{"taxonomy":"category","embeddable":true,"href":"https:\/\/www.visit-ulcinj.com\/blog\/wp-json\/wp\/v2\/categories?post=32392"},{"taxonomy":"post_tag","embeddable":true,"href":"https:\/\/www.visit-ulcinj.com\/blog\/wp-json\/wp\/v2\/tags?post=32392"}],"curies":[{"name":"wp","href":"https:\/\/api.w.org\/{rel}","templated":true}]}}