{"id":3242,"date":"2008-09-12T08:47:28","date_gmt":"2008-09-12T13:47:28","guid":{"rendered":"http:\/\/www.visit-ulcinj.com\/blog\/?p=3242"},"modified":"2008-10-06T13:49:55","modified_gmt":"2008-10-06T18:49:55","slug":"te-premten-ne-durres-u-be-perurimi-i-librit-te-primdrgani-karamanagamjekimi-me-faktore-natyrore-ne-regjionin-e-ulqinit","status":"publish","type":"post","link":"https:\/\/www.visit-ulcinj.com\/blog\/2008\/09\/12\/te-premten-ne-durres-u-be-perurimi-i-librit-te-primdrgani-karamanagamjekimi-me-faktore-natyrore-ne-regjionin-e-ulqinit\/","title":{"rendered":"T\u00eb premten n\u00eb Durr\u00ebs u b\u00eb p\u00ebrurimi i librit t\u00eb Prim.Dr.Gani Karamanaga&#8221;mjekimi me faktor\u00eb natyror\u00eb n\u00eb regjionin e Ulqinit&#8221;"},"content":{"rendered":"<p><a href=\"http:\/\/www.visit-ulcinj.com\/blog\/wp-content\/uploads\/2008\/09\/libri-i-gani-karamanages1.jpeg\"><img loading=\"lazy\" class=\"alignleft size-full wp-image-3250\" title=\"libri-i-gani-karamanages1\" src=\"http:\/\/www.visit-ulcinj.com\/blog\/wp-content\/uploads\/2008\/09\/libri-i-gani-karamanages1.jpeg\" alt=\"\" width=\"274\" height=\"418\" \/><\/a><strong>P\u00ebrurim dinjitoz<\/strong><br \/>\n&#8211; Dr. Lida Boshku, drejtoresh\u00eb e Drejtoris\u00eb s\u00eb Sh\u00ebndetit Publik t\u00eb Qarkut t\u00eb Durr\u00ebsit e vler\u00ebsoi shum\u00eb lart librin duke th\u00ebn\u00eb se ky mund t\u00eb jet\u00eb nj\u00eb shembull i mir\u00eb se si mund t\u00eb promovohen vlerat turistike, sh\u00ebruese dhe kulturo-historike t\u00eb nj\u00eb vendi t\u00eb p\u00ebrmbledhura n\u00eb nj\u00eb punim t\u00eb till\u00eb shkencor.<br \/>\n&#8211; Autori i librit, prim. dr. Gani Karamanaga, u b\u00ebri thirrje koleg\u00ebve nga Shqip\u00ebria p\u00ebr nj\u00eb bashk\u00ebpunim m\u00eb t\u00eb madh n\u00eb \u00e7do fush\u00eb t\u00eb veprimit si sh\u00ebndet\u00ebsor ashtu edhe kulturor.<br \/>\nT\u00eb premten n\u00eb sall\u00ebn e Pallatit t\u00eb Kultur\u00ebs &#8220;Aleksand\u00ebr Mojsiu&#8221; n\u00eb Durr\u00ebs u b\u00eb p\u00ebrurimi i librit &#8220;Mjekimi me faktor\u00eb natyror\u00eb n\u00eb regjionin e Ulqinit&#8221; i autorit prim. dr. Gani Karamanaga.<br \/>\nN\u00eb sall\u00ebn p\u00ebrplot me t\u00eb interesuar, t\u00eb gjith\u00eb mjek\u00eb t\u00eb profileve t\u00eb ndryshme, seanc\u00ebn e udh\u00ebhoqi Dr. Lida Boshku, drejtoresh\u00eb e Drejtoris\u00eb s\u00eb Sh\u00ebndetit Publik t\u00eb Qarkut t\u00eb Durr\u00ebsit e cila pasi p\u00ebrsh\u00ebndeti t\u00eb pranishmit librin t\u00eb cilin e promovonin e vler\u00ebsoi shum\u00eb lart duke th\u00ebn\u00eb se ky mund t\u00eb jet\u00eb nj\u00eb shembull i mir\u00eb se si mund t\u00eb promovohen vlerat turistike, sh\u00ebruese dhe kulturo-historike t\u00eb nj\u00eb vendi t\u00eb p\u00ebrmbledhura n\u00eb nj\u00eb punim t\u00eb till\u00eb shkencor.<br \/>\nShkrimtari yn\u00eb i njohur Hajro Ulqinaku p\u00ebrkujtoi t\u00eb pranishmit p\u00ebr lidhjet q\u00eb ekzistojn\u00eb mes dy qyteteve, Ulqinit dhe Durr\u00ebsit, si shpirt\u00ebrore ashtu edhe familjare, dhe tha se nuk \u00ebsht\u00eb rast\u00ebsi q\u00eb mu n\u00eb Durr\u00ebs t\u00eb b\u00ebhet p\u00ebrurimi i k\u00ebtij libri. Mbres\u00eb t\u00eb madhe te t\u00eb pranishmit la edhe th\u00ebnia t\u00eb cil\u00ebn Hajro Ulqinaku citoi e ajo \u00ebsht\u00eb se &#8220;mjeku ndihmon e natyra sh\u00ebron&#8221; dhe se ky lib\u00ebr mu k\u00ebto mesazhe sjell.<a href=\"http:\/\/www.visit-ulcinj.com\/blog\/wp-content\/uploads\/2008\/06\/hajro-ulqinaku_1.jpg\"><img loading=\"lazy\" class=\"alignright size-medium wp-image-1907\" title=\"hajro ulqinaku\" src=\"http:\/\/www.visit-ulcinj.com\/blog\/wp-content\/uploads\/2008\/06\/hajro-ulqinaku_1.jpg\" alt=\"\" width=\"180\" height=\"177\" \/><\/a><br \/>\nSipas radh\u00ebs t\u00eb pranishm\u00ebve p\u00ebr librin fjal\u00eb miradije than\u00eb edhe Prof. Dr. Elez Selimi, shef i Departamentit t\u00eb Pneumologjis\u00eb pran\u00eb Spitalit Universitar p\u00ebr s\u00ebmundjet e mushk\u00ebrive t\u00eb Fakultetit t\u00eb Mjek\u00ebsis\u00eb n\u00eb Tiran\u00eb, Prof. Dr. Hektor \u00c7o\u00e7oli nga Spitali Universitar p\u00ebr s\u00ebmundjet e mushk\u00ebrive dhe Fakulteti i mjek\u00ebsis\u00eb Tiran\u00eb, Dr. Gjergji Minga, shef i sektorit t\u00eb laboratorit universitar, Fakulteti i mjek\u00ebsis\u00eb Tiran\u00eb.<br \/>\nN\u00eb fund t\u00eb pranishmit i p\u00ebrsh\u00ebndeti autori i librit, prim. dr. Gani Karamanaga, i cili i ftoi koleg\u00ebt nga Shqip\u00ebria p\u00ebr nj\u00eb bashk\u00ebpunim m\u00eb t\u00eb madh n\u00eb \u00e7do fush\u00eb t\u00eb veprimit si sh\u00ebndet\u00ebsor ashtu edhe kulturor.<br \/>\nN\u00eb mesin e t\u00eb pranishm\u00ebve ishte edhe Dr. Flamur Topi t\u00eb cilin e njohim p\u00ebrmes emisionit &#8220;Trupi dhe sh\u00ebndeti&#8221; n\u00eb Televizionin Shqiptar, i cili edhe e ftoi autorin e librit q\u00eb t\u00eb jet\u00eb mysafir n\u00eb nj\u00ebrin prej emisioneve t\u00eb cilin do ta realizoj\u00eb lidhur me k\u00ebt\u00eb tem\u00eb.<br \/>\nPas ceremonis\u00eb zyrtare pasoi nj\u00eb koktej n\u00eb nj\u00eb ambient shum\u00eb mbres\u00ebl\u00ebn\u00ebs pran\u00eb plazhit t\u00eb Durr\u00ebsit.<br \/>\n<strong>Gazmend \u00c7itaku<br \/>\nKoha Javore<\/strong><\/p>\n<!--YouTube Error: bad URL entered-->\n<p style=\"text-align: center;\"><a class=\"aligncenter\" title=\"???? ????,?????,Ulcinj,Montenegru,??????????,\u00c7ernoqoriya,Besplatni internet oglasi,Besplatni oglasi,besplatni mali oglasi,besplatni turisti?ki oglasi,oglasi, usluge, turizam,Turisti?ke usluge,Doma?i turizam,Besplatni Oglasnik,Brzi Oglasi Besplatno,Besplatno OglasavanjeTurizam,besplatni oglasi sa slikom,Turisticki informator besplatni,li?ni-oglasi,BESPLATNI Turisticki OGLASI SA SLIKAMA,BESPLATNI Turisticki Oglasi saVideom,turisticki smestaj oglasi,Turisti?ki vodi? balkana,BESPLATNA REZERVACIJA SMESTAJA,Postavite besplatno Vas oglas,FREE TOURIST GUIDES,Izdavanje-Turizam oglasi,Balkan Turisticki vodic,shpallje turistike falas,Shpallje Falas,Shpallje falas per Komplekse Turistike,Lajmerime,Njoftime,shpallje shqip per shqiptaret ne shqiperi kosova maqedoni,mal te zi,???????????,Montenegiro,?ern\u00e1 Hora,??????????,Cz\u00f4rnog\u00f3ra,Cz\u00f4rn\u00f4 G\u00f3ra,Carna G\u00f3ra,T\u0161ernogooria,\u00c7ernogoriya,Montain\u00e9agr\u00f3,Montenegwo,?orna Hora,Montenegr\u00f3,M?ntenigro,Chernogoriya ,\u00c7\u00earnogor\u00ee ,?????????,????????? ,??????? ,Montes Nigrae,Mons Niger,M\u00f4ntenegr\u00f4,Muntenegru,??????????,Czarnog\u00f3ra,Muntinigru,Muntenegro,&lt;br &gt;&lt;\/a&gt; Muntenegru,\t?ierna Hora,Cxerngora,????????,?rna gora,Moontineegro,?ornog?ra,\u00c7ernogori\u00fda,Chernogoriya,Mont\u00f5negro,????? ???? ,?r?na Gora,?r?nogorije,?ernogorija,?arnahoryja,??????????,???????????????????? ,?ern?g?riy\u00e2,M?nt?n??r?,????? ?????? ,?????????,??????????,???????????,M?nten?gro,???? ????? ,????????,M\u00f4ntenegr\u00f4,????????????,???????????,????????????, ??????????? ,????????????,??????????? ,\u008d\u2022?R\/?K?R ,\u0192\u201a\u0192\u201c\u0192e\u0192l\u0192O\u0192\u008d,\u00b8???\u00b3?\u00b1?\u00b7? ,Muntenegru, ????? ????, Montenegr?,chambres ? louer ? ulcinj, location de vacance, location saisonni?res, louer villa,location de vacance, Locations vacance, h?bergements vacances, locations villa, logements de vacances, location maison avec piscine, Location vacance, locations de vacance, h?bergements de vacances, location villa, locations entre particulier, logements vacance, vacances ? Mont?n?gro - location ? Ulcinj ,location  de bigorre,Urlaub in Ulcinj -Montenegro,Hotelbewertungen Ulcinj,Reisen Ulcinj, Urlaub Ulcinj,Hotel in Serbien und Montenegro von Urlaubern bewertet,Billig Urlaub in Ulcinj,ferienh?user,ferienwohnung,Billige Ferienh?user,Ferienwohnung ULCINJ,Ferien an der Adria,Urlaub im Ferienhaus ulcinjBilligreisen Ulcinj,Pauschalreisen,FKK Strand Ada Bojana ulcinj,Last Minute Angebote ulcinj,Preise f?r Lastminute,Kleinanzeigen gratis,Ausflug nach Ulcinj,FKK-Reisen ada bojana,FKK-Urlaub ulcinj,Privatni smje?taj,rezervacija smje?taja,apartmani,sobe,ku?e,odmor,sobe za odmor ulcinj,Pretra?ivanje privatnog smje?taja,rooms rent accommodation ulcinj, rentail private accommodation ulcinj,?elite rezervirati privatni smje?taj,Private accommodation,Smje?taj ulcinj,Pushime Verore ulqin,pushime t? lira n? ulqin,Pushime ne plazh,Pushime te kendshme,dhoma per pushime ulqin,dhoma me qera ulqin,dhoma te lira ulqin,pushime te lira ulqin,mali i zi,kosova,maqedoni,shqiperi,Pushime ne det te ulqinit,godi?nji odmor u ulcinj,odmor u ulcinj,Ku?a za odmor,kuda na odmor,ljetovanje u ulcinj,slobodne sobe,dhoma te lira,ku?a uz more,turisti?ka ponuda,odmor i zabava,povolne cene,sobe,usluge,Mjesto za Va? odmor , Place for Your holiday,Odmor portal,putovanaja,Iznajmljivanje soba ulcinj,odmor ulcinj info,Va?e mjesto za odmor ulcinj,nudisticka plaza ada bojana,smjestaj ponuda ulcinj,lokacioni i dhomave ulqin,deti,plazhet e bukura,diskoteka,zbavitja,.\" href=\"http:\/\/www.visit-ulcinj.com\/tourism\/\" target=\"_blank\"><img loading=\"lazy\" class=\"aligncenter\" title=\"SHPALLJE TURISTIKE FALAS,FREE TOURIST GUIDES,BESPLATNI TURISTI?KI OGLASI,balkan holiday rentals,ALBANIJA,ALBANIA,SHQIPERIJA,CRNA GORA,HRVATSKA,KROACIA,SLOVENIJA,MAKEDONIJA,MAKEDONIA,SRBIJA,MONTENEGRO,MALI I ZI,\" src=\"http:\/\/www.visit-ulcinj.com\/blog\/wp-content\/uploads\/2008\/09\/balkanholidayrentals.gif\" alt=\"Apatin,  Aran?elovac,  ?uprija,  ?a?ak,  ?apljina,  ?itluk,  ?abac,  ?ipovo,  ?iroki Brijeg,  ?ep?e,  ?ivinice,  Ba?ka Palanka,  Banja Luka,  Banovi?i,  Be?ej,  beograd,  Biha?,  Bijeljina,  Bor,  Bor?a,  Bosanska Gradi?ka,  Bosanska Krupa,  Bosanski ?amac,  Bosanski Brod,  Bosanski Novi,  Br?ko,  Bu?im,  Bugojno,  Cazin,  Crna Gora,  Derventa,  Doboj,  Donji Vakuf,  Drvar,  Dubrovnik,  Fo?a,  Fojnica,  Glamo?,  Gora?de,  Gornji Milanovac,  Gornji Vakuf,  gostivar,  Gra?anica,  Grada?ac,  Gradiska,  Grahovo,  Had?i?i,  Ilid?a,  In?ija,  Jablanica,  Jagodina,  Jajce,  Kakanj,  Kalu?erica,  Kikinda,  Klju?,  Konjic,  Kotor Varo?,  Kragujevac,  Kraljevo,  Kru?evac,  Kula,  Kupres,  Lakta?i,  Lazarevac,  Leskovac,  Livno,  Ljubinje,  ljublana,  Ljubu?ki,  Loznica,  Lukavac,  Maglaj,  Mladenovac,  Modri?a,  montenegro erlajnz,  mostar,  Mrkonji? Grad,  Neum,  Ni?,  Novi Pazar,  Novi Sad,  Novi Travnik,  Obrenovac,  Od?ak,  ohrid,  Ora?je,  Pale,  Pan?evo,  Para?in,  Pirot,  Po?arevac,  Podgorica,  Priboj,  Prijedor,  Prokuplje,  Prozor,  pula,  rijeka,  Ruma,  Sanski Most,  Sarajevo,  Senta,  serbija,  sibenik,  skopje,  Smederevo,  Smederevska Palanka,  Sokolac,  Sombor,  split,  Srebrenica,  Srebrenik,  Sremska Mitrovica,  Stolac,  Struga,  Subotica,  Temerin,  Tesli?,  tetovo,  Travnik,  Trebinje,  tuzla,  U?ice,  ulcinj,  Valjevo,  Velika Kladu?a,  Vi?egrad,  Visoko,  Vitez,  Vogo??a,  vojvodina,  Vranje,  Vr?ac,  Vrbas,  zadar,  Zagreb,  Zaje?ar,  Zavidovi?i,  Zenica,  Zrenjanin,  Zvornik,copacabana ulcinj,  h?tels,  hotel ulqin,  Kosova,  Mali i Zi,  Maqedonija,  Montenegro,  montenegro tourisme plage,  montenegro ulcinj,  Shpallje Falas,  Shpallje Falas per shitjen e shtepis se juaj,  Shpallje Falas per villat e juaj,  Shpallje Falas Real Estate,  Shpallje Falas turistike,  shqiperija,  tourisme,  Ulci?,  ulcinj,  ulqin,  ulqin hotel,  ulqini,  ulqini 2007,Ada Bojana,  Alba?czyk,  Cita di Dolcino,  Copacabana,  Czarnog?ra,  Czarnog?rzec,  Don Kichota,  Ma\u00b3a Pla\u00bfa,  Mandra,  MIGUEL DE SERVANTES,  p?\u00b3wyspy Marjan,  Pla\u00bfa Valdanos,  Rzeka Bojana,  Shas \/ ?as \/ Sva?,  Ulci?,  Ulcinjsk\u00b9 Riwier?,  Wielka Pla\u00bfa,  Wyspa Bojana,GORA,??????????,???????,??????????, ?ern? Hora,TO ULCINJ \/ ULQIN,MONTENEGRO, Czarnog?ra, Muntenegru, ????? ????, Montenegr?,villa ? louer ? ulcinj, location de vacance, location saisonni?res, louer chambres,location de vacance, Locations vacance, h?bergements vacances, locations villa, logements de vacances, location maison avec piscine, Location vacance, locations de vacance, h?bergements de vacances, location, locations entre particulier, logements vacance, vacances ? Mont?n?gro - location ? Ulcinj ,location  de bigorre,Albaniku,  Artana,  Bujanoci,  Burimi,  Dardana,  Dardan?,  De?an,  Dibra,  Drenas,  Drenasi,  Ferizaj,  Ferizaji,  Fush? Kosova,Besplatni internet oglasi,Besplatni oglasi,besplatni mali oglasi,besplatni turisti?ki oglasi,oglasi, usluge, turizam,Turisti?ke usluge,Doma?i turizam,Besplatni Oglasnik,Brzi Oglasi Besplatno,Besplatno OglasavanjeTurizam,besplatni oglasi sa slikom,Turisticki informator besplatni,li?ni-oglasi,BESPLATNI Turisticki OGLASI SA SLIKAMA,BESPLATNI Turisticki Oglasi saVideom,turisticki smestaj oglasi,Turisti?ki vodi? balkana,BESPLATNA REZERVACIJA SMESTAJA,Postavite besplatno Vas oglas,FREE TOURIST GUIDES,Izdavanje-Turizam oglasi,Balkan Turisticki vodic,shpallje turistike falas,Shpallje Falas,Shpallje falas per Komplekse Turistike,Lajmerime,Njoftime,shpallje shqip per shqiptaret ne shqiperi kosova maqedoni,mal te zi,Fush? Kosov?,  Gjakova,  Gjakov?,  Gjilan,  Gjilani,  Gostivari,  Istog,  Istog\u00b7,  Ka?anik,  Ka?aniku,  Kastrioti,  K?r?ova,  Klina,  Klin?,  Kumanova,  Leposaviq,  Leskovci,  Likova,  Lipjan,  Lipjani,  Malisheva,  Malishev?,  Manastiri,  Medvegja,  Mitrovica,  Mitrovic?,  Novob?rd?,  Obiliq\u00b7 Rahovec,  Ohri,  Peja,  Pej?,  Podujeva,  Podujev?,  Presheva,  Prishtina,  Prishtin?,  Prizren,  Prizreni,  Rahoveci,  Sharri,  Sharri (Kosov?),  Shkupi,  Sht?rpca,  Sht?rpc?,  Shtime,  Sk?nderaj,  Struga,  Tetova,  Theranda,  Therand?,  Triumf Riza,  Veleshta,  Viti,  Vitia,  Vushtrri,  Vushtrria,  Zubin Potok,  Zubin Potoku,  Zve?an,  Zve?ani,Struga,Gostivari,Gostivar,Ker?ova,Tirana,Durr?si,Elbasani,Shkodra,Tuzi,Vlora, Kor?a,Fieri,Berati,Lushnja ,Kavaja,Pogradeci,La?i,Gjirokastra,Patosi,Kruja,Ku?ova,Kuk?si,Lezha,Saranda,Peshkopia,Burreli,C?rriku,?orovoda,Shijaku,Librazhdi,Tepelena,Gramshi,Poli?ani,Bulqiza,P?rmeti,Fush?Kruja,Kamza,Rr?sheni,Ballshi,Mamurrasi,BajramCurri,Erseka,Peqini,Divjaka,Selenica,Bilishti,Roskoveci,Puka,Memaliaj,Rrogozhina,Ura Vajgurore,Himara,Delvina,Vora,Kopliku,Maliqi,P?rrenjasi,Kruma, Libohova,Orikumi,Fush?-Arr?za,Sh?ngjini,Rubiku,Miloti, Leskoviku,Konispoli,K?lcyra,Krasta,K?rraba,Manastiri,Hara?ina,Likova,Prilepi,Zajazi,Vrap?ishti,Bogovin?,\" width=\"420\" height=\"120\" \/><\/a><\/p>\n","protected":false},"excerpt":{"rendered":"<p><img loading=\"lazy\" class=\"alignleft size-full wp-image-3250\" title=\"libri-i-gani-karamanages1\" src=\"http:\/\/www.visit-ulcinj.com\/blog\/wp-content\/uploads\/2008\/09\/libri-i-gani-karamanages1.jpeg\" alt=\"\" width=\"140\" height=\"140\" \/><\/p>\n","protected":false},"author":1,"featured_media":0,"comment_status":"open","ping_status":"closed","sticky":false,"template":"","format":"standard","meta":{"spay_email":"","jetpack_publicize_message":"","jetpack_is_tweetstorm":false,"jetpack_publicize_feature_enabled":true},"categories":[4,12],"tags":[2090,961,95,4543,200],"jetpack_publicize_connections":[],"yoast_head":"<!-- This site is optimized with the Yoast SEO plugin v19.1 - https:\/\/yoast.com\/wordpress\/plugins\/seo\/ -->\n<title>T\u00eb premten n\u00eb Durr\u00ebs u b\u00eb p\u00ebrurimi i librit t\u00eb Prim.Dr.Gani Karamanaga&quot;mjekimi me faktor\u00eb natyror\u00eb n\u00eb regjionin e Ulqinit&quot; - Lajme nga Ulqini<\/title>\n<meta name=\"robots\" content=\"index, follow, max-snippet:-1, max-image-preview:large, max-video-preview:-1\" \/>\n<link rel=\"canonical\" href=\"https:\/\/www.visit-ulcinj.com\/blog\/2008\/09\/12\/te-premten-ne-durres-u-be-perurimi-i-librit-te-primdrgani-karamanagamjekimi-me-faktore-natyrore-ne-regjionin-e-ulqinit\/\" \/>\n<meta property=\"og:locale\" content=\"en_US\" \/>\n<meta property=\"og:type\" content=\"article\" \/>\n<meta property=\"og:title\" content=\"T\u00eb premten n\u00eb Durr\u00ebs u b\u00eb p\u00ebrurimi i librit t\u00eb Prim.Dr.Gani Karamanaga&quot;mjekimi me faktor\u00eb natyror\u00eb n\u00eb regjionin e Ulqinit&quot; - Lajme nga Ulqini\" \/>\n<meta property=\"og:url\" content=\"https:\/\/www.visit-ulcinj.com\/blog\/2008\/09\/12\/te-premten-ne-durres-u-be-perurimi-i-librit-te-primdrgani-karamanagamjekimi-me-faktore-natyrore-ne-regjionin-e-ulqinit\/\" \/>\n<meta property=\"og:site_name\" content=\"Lajme nga Ulqini\" \/>\n<meta property=\"article:published_time\" content=\"2008-09-12T13:47:28+00:00\" \/>\n<meta property=\"article:modified_time\" content=\"2008-10-06T18:49:55+00:00\" \/>\n<meta property=\"og:image\" content=\"http:\/\/www.visit-ulcinj.com\/blog\/wp-content\/uploads\/2008\/09\/libri-i-gani-karamanages1.jpeg\" \/>\n<meta name=\"twitter:label1\" content=\"Written by\" \/>\n\t<meta name=\"twitter:data1\" content=\"ulqini\" \/>\n\t<meta name=\"twitter:label2\" content=\"Est. reading time\" \/>\n\t<meta name=\"twitter:data2\" content=\"3 minutes\" \/>\n<script type=\"application\/ld+json\" class=\"yoast-schema-graph\">{\"@context\":\"https:\/\/schema.org\",\"@graph\":[{\"@type\":\"WebSite\",\"@id\":\"https:\/\/www.visit-ulcinj.com\/blog\/#website\",\"url\":\"https:\/\/www.visit-ulcinj.com\/blog\/\",\"name\":\"Lajme nga Ulqini\",\"description\":\"Lajme,Vijesti,Ulqini,Ulqin,Crna Gora,Mali i Zi\",\"potentialAction\":[{\"@type\":\"SearchAction\",\"target\":{\"@type\":\"EntryPoint\",\"urlTemplate\":\"https:\/\/www.visit-ulcinj.com\/blog\/?s={search_term_string}\"},\"query-input\":\"required name=search_term_string\"}],\"inLanguage\":\"en-US\"},{\"@type\":\"ImageObject\",\"inLanguage\":\"en-US\",\"@id\":\"https:\/\/www.visit-ulcinj.com\/blog\/2008\/09\/12\/te-premten-ne-durres-u-be-perurimi-i-librit-te-primdrgani-karamanagamjekimi-me-faktore-natyrore-ne-regjionin-e-ulqinit\/#primaryimage\",\"url\":\"http:\/\/www.visit-ulcinj.com\/blog\/wp-content\/uploads\/2008\/09\/libri-i-gani-karamanages1.jpeg\",\"contentUrl\":\"http:\/\/www.visit-ulcinj.com\/blog\/wp-content\/uploads\/2008\/09\/libri-i-gani-karamanages1.jpeg\"},{\"@type\":\"WebPage\",\"@id\":\"https:\/\/www.visit-ulcinj.com\/blog\/2008\/09\/12\/te-premten-ne-durres-u-be-perurimi-i-librit-te-primdrgani-karamanagamjekimi-me-faktore-natyrore-ne-regjionin-e-ulqinit\/#webpage\",\"url\":\"https:\/\/www.visit-ulcinj.com\/blog\/2008\/09\/12\/te-premten-ne-durres-u-be-perurimi-i-librit-te-primdrgani-karamanagamjekimi-me-faktore-natyrore-ne-regjionin-e-ulqinit\/\",\"name\":\"T\u00eb premten n\u00eb Durr\u00ebs u b\u00eb p\u00ebrurimi i librit t\u00eb Prim.Dr.Gani Karamanaga\\\"mjekimi me faktor\u00eb natyror\u00eb n\u00eb regjionin e Ulqinit\\\" - Lajme nga Ulqini\",\"isPartOf\":{\"@id\":\"https:\/\/www.visit-ulcinj.com\/blog\/#website\"},\"primaryImageOfPage\":{\"@id\":\"https:\/\/www.visit-ulcinj.com\/blog\/2008\/09\/12\/te-premten-ne-durres-u-be-perurimi-i-librit-te-primdrgani-karamanagamjekimi-me-faktore-natyrore-ne-regjionin-e-ulqinit\/#primaryimage\"},\"datePublished\":\"2008-09-12T13:47:28+00:00\",\"dateModified\":\"2008-10-06T18:49:55+00:00\",\"author\":{\"@id\":\"https:\/\/www.visit-ulcinj.com\/blog\/#\/schema\/person\/dcab619c614d3038751c63bc2aadc06d\"},\"breadcrumb\":{\"@id\":\"https:\/\/www.visit-ulcinj.com\/blog\/2008\/09\/12\/te-premten-ne-durres-u-be-perurimi-i-librit-te-primdrgani-karamanagamjekimi-me-faktore-natyrore-ne-regjionin-e-ulqinit\/#breadcrumb\"},\"inLanguage\":\"en-US\",\"potentialAction\":[{\"@type\":\"ReadAction\",\"target\":[\"https:\/\/www.visit-ulcinj.com\/blog\/2008\/09\/12\/te-premten-ne-durres-u-be-perurimi-i-librit-te-primdrgani-karamanagamjekimi-me-faktore-natyrore-ne-regjionin-e-ulqinit\/\"]}]},{\"@type\":\"BreadcrumbList\",\"@id\":\"https:\/\/www.visit-ulcinj.com\/blog\/2008\/09\/12\/te-premten-ne-durres-u-be-perurimi-i-librit-te-primdrgani-karamanagamjekimi-me-faktore-natyrore-ne-regjionin-e-ulqinit\/#breadcrumb\",\"itemListElement\":[{\"@type\":\"ListItem\",\"position\":1,\"name\":\"T\u00eb premten n\u00eb Durr\u00ebs u b\u00eb p\u00ebrurimi i librit t\u00eb Prim.Dr.Gani Karamanaga&#8221;mjekimi me faktor\u00eb natyror\u00eb n\u00eb regjionin e Ulqinit&#8221;\"}]},{\"@type\":\"Person\",\"@id\":\"https:\/\/www.visit-ulcinj.com\/blog\/#\/schema\/person\/dcab619c614d3038751c63bc2aadc06d\",\"name\":\"ulqini\",\"sameAs\":[\"http:\/\/www.visit-ulcinj.com\"],\"url\":\"https:\/\/www.visit-ulcinj.com\/blog\/author\/admin\/\"}]}<\/script>\n<!-- \/ Yoast SEO plugin. -->","yoast_head_json":{"title":"T\u00eb premten n\u00eb Durr\u00ebs u b\u00eb p\u00ebrurimi i librit t\u00eb Prim.Dr.Gani Karamanaga\"mjekimi me faktor\u00eb natyror\u00eb n\u00eb regjionin e Ulqinit\" - Lajme nga Ulqini","robots":{"index":"index","follow":"follow","max-snippet":"max-snippet:-1","max-image-preview":"max-image-preview:large","max-video-preview":"max-video-preview:-1"},"canonical":"https:\/\/www.visit-ulcinj.com\/blog\/2008\/09\/12\/te-premten-ne-durres-u-be-perurimi-i-librit-te-primdrgani-karamanagamjekimi-me-faktore-natyrore-ne-regjionin-e-ulqinit\/","og_locale":"en_US","og_type":"article","og_title":"T\u00eb premten n\u00eb Durr\u00ebs u b\u00eb p\u00ebrurimi i librit t\u00eb Prim.Dr.Gani Karamanaga\"mjekimi me faktor\u00eb natyror\u00eb n\u00eb regjionin e Ulqinit\" - Lajme nga Ulqini","og_url":"https:\/\/www.visit-ulcinj.com\/blog\/2008\/09\/12\/te-premten-ne-durres-u-be-perurimi-i-librit-te-primdrgani-karamanagamjekimi-me-faktore-natyrore-ne-regjionin-e-ulqinit\/","og_site_name":"Lajme nga Ulqini","article_published_time":"2008-09-12T13:47:28+00:00","article_modified_time":"2008-10-06T18:49:55+00:00","og_image":[{"url":"http:\/\/www.visit-ulcinj.com\/blog\/wp-content\/uploads\/2008\/09\/libri-i-gani-karamanages1.jpeg"}],"twitter_misc":{"Written by":"ulqini","Est. reading time":"3 minutes"},"schema":{"@context":"https:\/\/schema.org","@graph":[{"@type":"WebSite","@id":"https:\/\/www.visit-ulcinj.com\/blog\/#website","url":"https:\/\/www.visit-ulcinj.com\/blog\/","name":"Lajme nga Ulqini","description":"Lajme,Vijesti,Ulqini,Ulqin,Crna Gora,Mali i Zi","potentialAction":[{"@type":"SearchAction","target":{"@type":"EntryPoint","urlTemplate":"https:\/\/www.visit-ulcinj.com\/blog\/?s={search_term_string}"},"query-input":"required name=search_term_string"}],"inLanguage":"en-US"},{"@type":"ImageObject","inLanguage":"en-US","@id":"https:\/\/www.visit-ulcinj.com\/blog\/2008\/09\/12\/te-premten-ne-durres-u-be-perurimi-i-librit-te-primdrgani-karamanagamjekimi-me-faktore-natyrore-ne-regjionin-e-ulqinit\/#primaryimage","url":"http:\/\/www.visit-ulcinj.com\/blog\/wp-content\/uploads\/2008\/09\/libri-i-gani-karamanages1.jpeg","contentUrl":"http:\/\/www.visit-ulcinj.com\/blog\/wp-content\/uploads\/2008\/09\/libri-i-gani-karamanages1.jpeg"},{"@type":"WebPage","@id":"https:\/\/www.visit-ulcinj.com\/blog\/2008\/09\/12\/te-premten-ne-durres-u-be-perurimi-i-librit-te-primdrgani-karamanagamjekimi-me-faktore-natyrore-ne-regjionin-e-ulqinit\/#webpage","url":"https:\/\/www.visit-ulcinj.com\/blog\/2008\/09\/12\/te-premten-ne-durres-u-be-perurimi-i-librit-te-primdrgani-karamanagamjekimi-me-faktore-natyrore-ne-regjionin-e-ulqinit\/","name":"T\u00eb premten n\u00eb Durr\u00ebs u b\u00eb p\u00ebrurimi i librit t\u00eb Prim.Dr.Gani Karamanaga\"mjekimi me faktor\u00eb natyror\u00eb n\u00eb regjionin e Ulqinit\" - Lajme nga Ulqini","isPartOf":{"@id":"https:\/\/www.visit-ulcinj.com\/blog\/#website"},"primaryImageOfPage":{"@id":"https:\/\/www.visit-ulcinj.com\/blog\/2008\/09\/12\/te-premten-ne-durres-u-be-perurimi-i-librit-te-primdrgani-karamanagamjekimi-me-faktore-natyrore-ne-regjionin-e-ulqinit\/#primaryimage"},"datePublished":"2008-09-12T13:47:28+00:00","dateModified":"2008-10-06T18:49:55+00:00","author":{"@id":"https:\/\/www.visit-ulcinj.com\/blog\/#\/schema\/person\/dcab619c614d3038751c63bc2aadc06d"},"breadcrumb":{"@id":"https:\/\/www.visit-ulcinj.com\/blog\/2008\/09\/12\/te-premten-ne-durres-u-be-perurimi-i-librit-te-primdrgani-karamanagamjekimi-me-faktore-natyrore-ne-regjionin-e-ulqinit\/#breadcrumb"},"inLanguage":"en-US","potentialAction":[{"@type":"ReadAction","target":["https:\/\/www.visit-ulcinj.com\/blog\/2008\/09\/12\/te-premten-ne-durres-u-be-perurimi-i-librit-te-primdrgani-karamanagamjekimi-me-faktore-natyrore-ne-regjionin-e-ulqinit\/"]}]},{"@type":"BreadcrumbList","@id":"https:\/\/www.visit-ulcinj.com\/blog\/2008\/09\/12\/te-premten-ne-durres-u-be-perurimi-i-librit-te-primdrgani-karamanagamjekimi-me-faktore-natyrore-ne-regjionin-e-ulqinit\/#breadcrumb","itemListElement":[{"@type":"ListItem","position":1,"name":"T\u00eb premten n\u00eb Durr\u00ebs u b\u00eb p\u00ebrurimi i librit t\u00eb Prim.Dr.Gani Karamanaga&#8221;mjekimi me faktor\u00eb natyror\u00eb n\u00eb regjionin e Ulqinit&#8221;"}]},{"@type":"Person","@id":"https:\/\/www.visit-ulcinj.com\/blog\/#\/schema\/person\/dcab619c614d3038751c63bc2aadc06d","name":"ulqini","sameAs":["http:\/\/www.visit-ulcinj.com"],"url":"https:\/\/www.visit-ulcinj.com\/blog\/author\/admin\/"}]}},"jetpack_featured_media_url":"","jetpack_sharing_enabled":true,"jetpack_shortlink":"https:\/\/wp.me\/pe6lTn-Qi","_links":{"self":[{"href":"https:\/\/www.visit-ulcinj.com\/blog\/wp-json\/wp\/v2\/posts\/3242"}],"collection":[{"href":"https:\/\/www.visit-ulcinj.com\/blog\/wp-json\/wp\/v2\/posts"}],"about":[{"href":"https:\/\/www.visit-ulcinj.com\/blog\/wp-json\/wp\/v2\/types\/post"}],"author":[{"embeddable":true,"href":"https:\/\/www.visit-ulcinj.com\/blog\/wp-json\/wp\/v2\/users\/1"}],"replies":[{"embeddable":true,"href":"https:\/\/www.visit-ulcinj.com\/blog\/wp-json\/wp\/v2\/comments?post=3242"}],"version-history":[{"count":0,"href":"https:\/\/www.visit-ulcinj.com\/blog\/wp-json\/wp\/v2\/posts\/3242\/revisions"}],"wp:attachment":[{"href":"https:\/\/www.visit-ulcinj.com\/blog\/wp-json\/wp\/v2\/media?parent=3242"}],"wp:term":[{"taxonomy":"category","embeddable":true,"href":"https:\/\/www.visit-ulcinj.com\/blog\/wp-json\/wp\/v2\/categories?post=3242"},{"taxonomy":"post_tag","embeddable":true,"href":"https:\/\/www.visit-ulcinj.com\/blog\/wp-json\/wp\/v2\/tags?post=3242"}],"curies":[{"name":"wp","href":"https:\/\/api.w.org\/{rel}","templated":true}]}}