{"id":32421,"date":"2010-04-25T22:01:03","date_gmt":"2010-04-25T20:01:03","guid":{"rendered":"http:\/\/www.visit-ulcinj.com\/blog\/?p=32421"},"modified":"2010-04-28T17:13:22","modified_gmt":"2010-04-28T15:13:22","slug":"kampionati-i-malit-te-zi-ne-taekwondo-per-seniore","status":"publish","type":"post","link":"https:\/\/www.visit-ulcinj.com\/blog\/2010\/04\/25\/kampionati-i-malit-te-zi-ne-taekwondo-per-seniore\/","title":{"rendered":"Kampionati i Malit t\u00eb Zi n\u00eb Taekwondo p\u00ebr senior\u00eb"},"content":{"rendered":"<p><a href=\"http:\/\/www.visit-ulcinj.com\/blog\/wp-content\/uploads\/2010\/04\/Taekwondo-ULQINI-Club-_Kampionati-i-Malit-t\u00eb-Zi.jpg\"><img loading=\"lazy\" class=\"alignleft size-full wp-image-32422\" title=\"Taekwondo ''ULQINI'' Club _Kampionati i Malit t\u00eb Zi\" src=\"http:\/\/www.visit-ulcinj.com\/blog\/wp-content\/uploads\/2010\/04\/Taekwondo-ULQINI-Club-_Kampionati-i-Malit-t\u00eb-Zi.jpg\" alt=\"Taekwondo ''ULQINI'' Club _Kampionati i Malit t\u00eb Zi\" width=\"580\" height=\"400\" \/><\/a>T\u00eb shtun\u00ebn me dat\u00eb 18 prill 2010 n\u00eb Podgoric\u00eb u mbajt Kampionati i Malit t\u00eb Zi n\u00eb sportin olimpik t\u00eb taekwondo-s\u00eb n\u00eb kategorin\u00eb superiore ajo e senior\u00ebve, n\u00eb t\u00eb cilin garuesit e KT Ulqinit u kuror\u00ebzuan me 6 medalje, prej tyre 3 medalje t\u00eb argjend\u00ebta dhe 3 medaljet\u00eb bronzt\u00eb . N\u00eb k\u00ebt\u00eb Kampionat Klubi i Taekwondo-s\u00eb \u201cUlqini\u201d u paraqit me 7 garues.<br \/>\nArben Kollari, Besnik Shata, Artan Zenuni, Adnan Hasa, Allmedin Suka, Adrian Zenuni dhe Arijeta Zati.<br \/>\nN\u00ebnkampion t\u00eb Malit t\u00eb Zi nga KT Ulqini u shpall\u00ebn Arijeta Zati, Artan Zenuni dhe Besnik Shata t\u00eb cil\u00ebt u kurorzuan me medalje t\u00eb Argjend\u00ebt, nd\u00ebrsa me medalje t\u00eb bronzt\u00eb u kuror\u00ebzuan Allmedin Suka, Arben Kollari dhe Adnan Hasa.<br \/>\n\u201cKjo \u00ebsht\u00eb edhe nj\u00eb arritje e shk\u00eblqyeshme e klubit t\u00eb taekwondo-s\u00eb Ulqini n\u00eb kategorin\u00eb m\u00eb t\u00eb lart\u00eb mbi 18 vje\u00e7 apo kategoria e senior\u00ebve. KT Ulqini edhe pas k\u00ebtij kampionati vazhdon\u00eb me pregatitjet e rregullata me p\u00ebrfaq\u00ebsuesen e Malit t\u00eb Zi ku s\u00eb shpejti do t\u00eb mahet edhe kampionati europian\u00eb dhe p\u00ebr k\u00ebt\u00eb kampionat\u00eb k\u00ebrkohet nj\u00eb pregatitje e p\u00e7osa\u00e7me shpresojm\u00eb se edhe nga klubi yn\u00eb do t\u00eb ket\u00eb garues\u00eb t\u00eb cil\u00ebt do ta p\u00ebrfaq\u00ebsojn\u00eb Malin e Zi. Falenderojm\u00eb prind\u00ebrit dhe Tapacir Kurtin t\u00eb cil\u00ebt na mund\u00ebsuan pjesmarrjen n\u00eb k\u00ebt kampionat\u00eb, poashtu falenderojm\u00eb t\u00eb gjith\u00eb ata q\u00eb na p\u00ebrkrahin n\u00eb sukseset tona si dhe fansat tan\u00eb.<\/p>\n<p>P\u00ebrshendetje t\u00eb gjithve.<\/p>\n<div>\n<p><strong><span><a href=\"http:\/\/www.facebook.com\/pages\/Ulcinj-Montenegro\/Taekwondo-ULQINI-Club\/57847213136\">Taekwondo  &#8221;ULQINI&#8221; Club<\/a><\/span><a href=\"http:\/\/www.facebook.com\/pages\/Ulcinj-Montenegro\/Taekwondo-ULQINI-Club\/57847213136\"> Facebook<\/p>\n\n\t\t<style type=\"text\/css\">\n\t\t\t#gallery-1 {\n\t\t\t\tmargin: auto;\n\t\t\t}\n\t\t\t#gallery-1 .gallery-item {\n\t\t\t\tfloat: left;\n\t\t\t\tmargin-top: 10px;\n\t\t\t\ttext-align: center;\n\t\t\t\twidth: 33%;\n\t\t\t}\n\t\t\t#gallery-1 img {\n\t\t\t\tborder: 2px solid #cfcfcf;\n\t\t\t}\n\t\t\t#gallery-1 .gallery-caption {\n\t\t\t\tmargin-left: 0;\n\t\t\t}\n\t\t\t\/* see gallery_shortcode() in wp-includes\/media.php *\/\n\t\t<\/style>\n\t\t<div id='gallery-1' class='gallery galleryid-32421 gallery-columns-3 gallery-size-thumbnail'><dl class='gallery-item'>\n\t\t\t<dt class='gallery-icon '>\n\t\t\t\t<a href='https:\/\/www.visit-ulcinj.com\/blog\/wp-content\/uploads\/2010\/04\/Taekwondo-ULQINI-Club-_Kampionati-i-Malit-t\u00c3\u00ab-Zi.jpg'><img width=\"1\" height=\"1\" src=\"https:\/\/www.visit-ulcinj.com\/blog\/wp-content\/uploads\/2010\/04\/Taekwondo-ULQINI-Club-_Kampionati-i-Malit-t\u00c3\u00ab-Zi.jpg\" class=\"attachment-thumbnail size-thumbnail\" alt=\"\" loading=\"lazy\" \/><\/a>\n\t\t\t<\/dt><\/dl><dl class='gallery-item'>\n\t\t\t<dt class='gallery-icon '>\n\t\t\t\t<a href='https:\/\/www.visit-ulcinj.com\/blog\/wp-content\/uploads\/2010\/04\/Taekwondo-ULQINI-Club-_Kampionati-i-Malit-t\u00c3\u00ab-Zi.1.jpg'><img width=\"1\" height=\"1\" src=\"https:\/\/www.visit-ulcinj.com\/blog\/wp-content\/uploads\/2010\/04\/Taekwondo-ULQINI-Club-_Kampionati-i-Malit-t\u00c3\u00ab-Zi.1.jpg\" class=\"attachment-thumbnail size-thumbnail\" alt=\"\" loading=\"lazy\" \/><\/a>\n\t\t\t<\/dt><\/dl><dl class='gallery-item'>\n\t\t\t<dt class='gallery-icon '>\n\t\t\t\t<a href='https:\/\/www.visit-ulcinj.com\/blog\/wp-content\/uploads\/2010\/04\/Taekwondo-ULQINI-Club-_Kampionati-i-Malit-t\u00c3\u00ab-Zi.2.jpg'><img width=\"1\" height=\"1\" src=\"https:\/\/www.visit-ulcinj.com\/blog\/wp-content\/uploads\/2010\/04\/Taekwondo-ULQINI-Club-_Kampionati-i-Malit-t\u00c3\u00ab-Zi.2.jpg\" class=\"attachment-thumbnail size-thumbnail\" alt=\"\" loading=\"lazy\" \/><\/a>\n\t\t\t<\/dt><\/dl><br style=\"clear: both\" \/>\n\t\t<\/div>\n\n<p><\/a><\/strong><\/div>\n","protected":false},"excerpt":{"rendered":"<p>T\u00eb shtun\u00ebn me dat\u00eb 18 prill 2010 n\u00eb Podgoric\u00eb u mbajt Kampionati i Malit t\u00eb Zi n\u00eb sportin olimpik t\u00eb taekwondo-s\u00eb n\u00eb kategorin\u00eb superiore ajo e senior\u00ebve, n\u00eb t\u00eb cilin garuesit e KT Ulqinit u kuror\u00ebzuan me 6 medalje, prej tyre 3 medalje t\u00eb argjend\u00ebta dhe 3 medaljet\u00eb bronzt\u00eb . N\u00eb k\u00ebt\u00eb Kampionat Klubi i [&hellip;]<\/p>\n","protected":false},"author":1,"featured_media":0,"comment_status":"open","ping_status":"closed","sticky":false,"template":"","format":"standard","meta":{"spay_email":"","jetpack_publicize_message":"","jetpack_is_tweetstorm":false,"jetpack_publicize_feature_enabled":true},"categories":[6950],"tags":[13045],"jetpack_publicize_connections":[],"yoast_head":"<!-- This site is optimized with the Yoast SEO plugin v19.1 - https:\/\/yoast.com\/wordpress\/plugins\/seo\/ -->\n<title>Kampionati i Malit t\u00eb Zi n\u00eb Taekwondo p\u00ebr senior\u00eb - Lajme nga Ulqini<\/title>\n<meta name=\"description\" content=\"T\u00eb shtun\u00ebn me dat\u00eb 18 prill 2010 n\u00eb Podgoric\u00eb u mbajt Kampionati i Malit t\u00eb Zi n\u00eb sportin olimpik t\u00eb taekwondo-s\u00eb n\u00eb kategorin\u00eb superiore ajo e senior\u00ebve,\" \/>\n<meta name=\"robots\" content=\"index, follow, max-snippet:-1, max-image-preview:large, max-video-preview:-1\" \/>\n<link rel=\"canonical\" href=\"https:\/\/www.visit-ulcinj.com\/blog\/2010\/04\/25\/kampionati-i-malit-te-zi-ne-taekwondo-per-seniore\/\" \/>\n<meta property=\"og:locale\" content=\"en_US\" \/>\n<meta property=\"og:type\" content=\"article\" \/>\n<meta property=\"og:title\" content=\"Kampionati i Malit t\u00eb Zi n\u00eb Taekwondo p\u00ebr senior\u00eb - Lajme nga Ulqini\" \/>\n<meta property=\"og:description\" content=\"T\u00eb shtun\u00ebn me dat\u00eb 18 prill 2010 n\u00eb Podgoric\u00eb u mbajt Kampionati i Malit t\u00eb Zi n\u00eb sportin olimpik t\u00eb taekwondo-s\u00eb n\u00eb kategorin\u00eb superiore ajo e senior\u00ebve,\" \/>\n<meta property=\"og:url\" content=\"https:\/\/www.visit-ulcinj.com\/blog\/2010\/04\/25\/kampionati-i-malit-te-zi-ne-taekwondo-per-seniore\/\" \/>\n<meta property=\"og:site_name\" content=\"Lajme nga Ulqini\" \/>\n<meta property=\"article:published_time\" content=\"2010-04-25T20:01:03+00:00\" \/>\n<meta property=\"article:modified_time\" content=\"2010-04-28T15:13:22+00:00\" \/>\n<meta property=\"og:image\" content=\"https:\/\/www.visit-ulcinj.com\/blog\/wp-content\/uploads\/2010\/04\/Taekwondo-ULQINI-Club-_Kampionati-i-Malit-t\u00c3\u00ab-Zi.jpg\" \/>\n<meta name=\"twitter:label1\" content=\"Written by\" \/>\n\t<meta name=\"twitter:data1\" content=\"ulqini\" \/>\n\t<meta name=\"twitter:label2\" content=\"Est. reading time\" \/>\n\t<meta name=\"twitter:data2\" content=\"1 minute\" \/>\n<script type=\"application\/ld+json\" class=\"yoast-schema-graph\">{\"@context\":\"https:\/\/schema.org\",\"@graph\":[{\"@type\":\"WebSite\",\"@id\":\"https:\/\/www.visit-ulcinj.com\/blog\/#website\",\"url\":\"https:\/\/www.visit-ulcinj.com\/blog\/\",\"name\":\"Lajme nga Ulqini\",\"description\":\"Lajme,Vijesti,Ulqini,Ulqin,Crna Gora,Mali i Zi\",\"potentialAction\":[{\"@type\":\"SearchAction\",\"target\":{\"@type\":\"EntryPoint\",\"urlTemplate\":\"https:\/\/www.visit-ulcinj.com\/blog\/?s={search_term_string}\"},\"query-input\":\"required name=search_term_string\"}],\"inLanguage\":\"en-US\"},{\"@type\":\"WebPage\",\"@id\":\"https:\/\/www.visit-ulcinj.com\/blog\/2010\/04\/25\/kampionati-i-malit-te-zi-ne-taekwondo-per-seniore\/#webpage\",\"url\":\"https:\/\/www.visit-ulcinj.com\/blog\/2010\/04\/25\/kampionati-i-malit-te-zi-ne-taekwondo-per-seniore\/\",\"name\":\"Kampionati i Malit t\u00eb Zi n\u00eb Taekwondo p\u00ebr senior\u00eb - Lajme nga Ulqini\",\"isPartOf\":{\"@id\":\"https:\/\/www.visit-ulcinj.com\/blog\/#website\"},\"datePublished\":\"2010-04-25T20:01:03+00:00\",\"dateModified\":\"2010-04-28T15:13:22+00:00\",\"author\":{\"@id\":\"https:\/\/www.visit-ulcinj.com\/blog\/#\/schema\/person\/dcab619c614d3038751c63bc2aadc06d\"},\"description\":\"T\u00eb shtun\u00ebn me dat\u00eb 18 prill 2010 n\u00eb Podgoric\u00eb u mbajt Kampionati i Malit t\u00eb Zi n\u00eb sportin olimpik t\u00eb taekwondo-s\u00eb n\u00eb kategorin\u00eb superiore ajo e senior\u00ebve,\",\"breadcrumb\":{\"@id\":\"https:\/\/www.visit-ulcinj.com\/blog\/2010\/04\/25\/kampionati-i-malit-te-zi-ne-taekwondo-per-seniore\/#breadcrumb\"},\"inLanguage\":\"en-US\",\"potentialAction\":[{\"@type\":\"ReadAction\",\"target\":[\"https:\/\/www.visit-ulcinj.com\/blog\/2010\/04\/25\/kampionati-i-malit-te-zi-ne-taekwondo-per-seniore\/\"]}]},{\"@type\":\"BreadcrumbList\",\"@id\":\"https:\/\/www.visit-ulcinj.com\/blog\/2010\/04\/25\/kampionati-i-malit-te-zi-ne-taekwondo-per-seniore\/#breadcrumb\",\"itemListElement\":[{\"@type\":\"ListItem\",\"position\":1,\"name\":\"Kampionati i Malit t\u00eb Zi n\u00eb Taekwondo p\u00ebr senior\u00eb\"}]},{\"@type\":\"Person\",\"@id\":\"https:\/\/www.visit-ulcinj.com\/blog\/#\/schema\/person\/dcab619c614d3038751c63bc2aadc06d\",\"name\":\"ulqini\",\"sameAs\":[\"http:\/\/www.visit-ulcinj.com\"],\"url\":\"https:\/\/www.visit-ulcinj.com\/blog\/author\/admin\/\"}]}<\/script>\n<!-- \/ Yoast SEO plugin. -->","yoast_head_json":{"title":"Kampionati i Malit t\u00eb Zi n\u00eb Taekwondo p\u00ebr senior\u00eb - Lajme nga Ulqini","description":"T\u00eb shtun\u00ebn me dat\u00eb 18 prill 2010 n\u00eb Podgoric\u00eb u mbajt Kampionati i Malit t\u00eb Zi n\u00eb sportin olimpik t\u00eb taekwondo-s\u00eb n\u00eb kategorin\u00eb superiore ajo e senior\u00ebve,","robots":{"index":"index","follow":"follow","max-snippet":"max-snippet:-1","max-image-preview":"max-image-preview:large","max-video-preview":"max-video-preview:-1"},"canonical":"https:\/\/www.visit-ulcinj.com\/blog\/2010\/04\/25\/kampionati-i-malit-te-zi-ne-taekwondo-per-seniore\/","og_locale":"en_US","og_type":"article","og_title":"Kampionati i Malit t\u00eb Zi n\u00eb Taekwondo p\u00ebr senior\u00eb - Lajme nga Ulqini","og_description":"T\u00eb shtun\u00ebn me dat\u00eb 18 prill 2010 n\u00eb Podgoric\u00eb u mbajt Kampionati i Malit t\u00eb Zi n\u00eb sportin olimpik t\u00eb taekwondo-s\u00eb n\u00eb kategorin\u00eb superiore ajo e senior\u00ebve,","og_url":"https:\/\/www.visit-ulcinj.com\/blog\/2010\/04\/25\/kampionati-i-malit-te-zi-ne-taekwondo-per-seniore\/","og_site_name":"Lajme nga Ulqini","article_published_time":"2010-04-25T20:01:03+00:00","article_modified_time":"2010-04-28T15:13:22+00:00","og_image":[{"url":"https:\/\/www.visit-ulcinj.com\/blog\/wp-content\/uploads\/2010\/04\/Taekwondo-ULQINI-Club-_Kampionati-i-Malit-t\u00c3\u00ab-Zi.jpg"}],"twitter_misc":{"Written by":"ulqini","Est. reading time":"1 minute"},"schema":{"@context":"https:\/\/schema.org","@graph":[{"@type":"WebSite","@id":"https:\/\/www.visit-ulcinj.com\/blog\/#website","url":"https:\/\/www.visit-ulcinj.com\/blog\/","name":"Lajme nga Ulqini","description":"Lajme,Vijesti,Ulqini,Ulqin,Crna Gora,Mali i Zi","potentialAction":[{"@type":"SearchAction","target":{"@type":"EntryPoint","urlTemplate":"https:\/\/www.visit-ulcinj.com\/blog\/?s={search_term_string}"},"query-input":"required name=search_term_string"}],"inLanguage":"en-US"},{"@type":"WebPage","@id":"https:\/\/www.visit-ulcinj.com\/blog\/2010\/04\/25\/kampionati-i-malit-te-zi-ne-taekwondo-per-seniore\/#webpage","url":"https:\/\/www.visit-ulcinj.com\/blog\/2010\/04\/25\/kampionati-i-malit-te-zi-ne-taekwondo-per-seniore\/","name":"Kampionati i Malit t\u00eb Zi n\u00eb Taekwondo p\u00ebr senior\u00eb - Lajme nga Ulqini","isPartOf":{"@id":"https:\/\/www.visit-ulcinj.com\/blog\/#website"},"datePublished":"2010-04-25T20:01:03+00:00","dateModified":"2010-04-28T15:13:22+00:00","author":{"@id":"https:\/\/www.visit-ulcinj.com\/blog\/#\/schema\/person\/dcab619c614d3038751c63bc2aadc06d"},"description":"T\u00eb shtun\u00ebn me dat\u00eb 18 prill 2010 n\u00eb Podgoric\u00eb u mbajt Kampionati i Malit t\u00eb Zi n\u00eb sportin olimpik t\u00eb taekwondo-s\u00eb n\u00eb kategorin\u00eb superiore ajo e senior\u00ebve,","breadcrumb":{"@id":"https:\/\/www.visit-ulcinj.com\/blog\/2010\/04\/25\/kampionati-i-malit-te-zi-ne-taekwondo-per-seniore\/#breadcrumb"},"inLanguage":"en-US","potentialAction":[{"@type":"ReadAction","target":["https:\/\/www.visit-ulcinj.com\/blog\/2010\/04\/25\/kampionati-i-malit-te-zi-ne-taekwondo-per-seniore\/"]}]},{"@type":"BreadcrumbList","@id":"https:\/\/www.visit-ulcinj.com\/blog\/2010\/04\/25\/kampionati-i-malit-te-zi-ne-taekwondo-per-seniore\/#breadcrumb","itemListElement":[{"@type":"ListItem","position":1,"name":"Kampionati i Malit t\u00eb Zi n\u00eb Taekwondo p\u00ebr senior\u00eb"}]},{"@type":"Person","@id":"https:\/\/www.visit-ulcinj.com\/blog\/#\/schema\/person\/dcab619c614d3038751c63bc2aadc06d","name":"ulqini","sameAs":["http:\/\/www.visit-ulcinj.com"],"url":"https:\/\/www.visit-ulcinj.com\/blog\/author\/admin\/"}]}},"jetpack_featured_media_url":"","jetpack_sharing_enabled":true,"jetpack_shortlink":"https:\/\/wp.me\/pe6lTn-8qV","_links":{"self":[{"href":"https:\/\/www.visit-ulcinj.com\/blog\/wp-json\/wp\/v2\/posts\/32421"}],"collection":[{"href":"https:\/\/www.visit-ulcinj.com\/blog\/wp-json\/wp\/v2\/posts"}],"about":[{"href":"https:\/\/www.visit-ulcinj.com\/blog\/wp-json\/wp\/v2\/types\/post"}],"author":[{"embeddable":true,"href":"https:\/\/www.visit-ulcinj.com\/blog\/wp-json\/wp\/v2\/users\/1"}],"replies":[{"embeddable":true,"href":"https:\/\/www.visit-ulcinj.com\/blog\/wp-json\/wp\/v2\/comments?post=32421"}],"version-history":[{"count":0,"href":"https:\/\/www.visit-ulcinj.com\/blog\/wp-json\/wp\/v2\/posts\/32421\/revisions"}],"wp:attachment":[{"href":"https:\/\/www.visit-ulcinj.com\/blog\/wp-json\/wp\/v2\/media?parent=32421"}],"wp:term":[{"taxonomy":"category","embeddable":true,"href":"https:\/\/www.visit-ulcinj.com\/blog\/wp-json\/wp\/v2\/categories?post=32421"},{"taxonomy":"post_tag","embeddable":true,"href":"https:\/\/www.visit-ulcinj.com\/blog\/wp-json\/wp\/v2\/tags?post=32421"}],"curies":[{"name":"wp","href":"https:\/\/api.w.org\/{rel}","templated":true}]}}