{"id":32428,"date":"2010-04-26T13:27:30","date_gmt":"2010-04-26T11:27:30","guid":{"rendered":"http:\/\/www.visit-ulcinj.com\/blog\/?p=32428"},"modified":"2010-09-08T12:04:43","modified_gmt":"2010-09-08T10:04:43","slug":"u-ulcinju%e2%80%9czenska-plaza%e2%80%9d-dobra-sansa","status":"publish","type":"post","link":"https:\/\/www.visit-ulcinj.com\/blog\/2010\/04\/26\/u-ulcinju%e2%80%9czenska-plaza%e2%80%9d-dobra-sansa\/","title":{"rendered":"U Ulcinju\u201c\u017denska pla\u017ea\u201d dobra \u0161ansa"},"content":{"rendered":"<p><img loading=\"lazy\" class=\"alignleft\" title=\"zenska plaza ulcinj\" src=\"http:\/\/www.visit-ulcinj.com\/blog\/wp-content\/uploads\/2008\/11\/zenska-plaza-ulcinj1.jpg\" alt=\"\" width=\"580\" height=\"400\" \/>ULCINJ &#8211; U najju\u017enijem crnogorskom primorskom gradu, u uvali izme?u hotela \u201cAlbatros\u201d i \u201cGaleb\u201d, nalazi se \u201c\u017denska pla\u017ea\u201d, jedinstveno mesto koje se zbog lekovitosti sumporno-mineralnog izvora u moru preporu?uje za le?enje steriliteta.<br \/>\nPre vi\u0161e od 20 godina je razra?ena studija o izgradnji zdravstveno-rekreativnog centra za le?enje ginekolo\u0161kih, pulmolo\u0161kih, endokrinolo\u0161kihi dermatolo\u0161kih oboljenja.<br \/>\nStudiju je uradila ekipa lekara i tada je dat predlog da se izgradi zatvoreni tip centra za le?enje navedenih bolesti.<br \/>\nMe?utim, ideja je ostala samo slovo na papiru.<br \/>\nUlcinjanin, primarijus dr Gani Karamanaga, ginekolog, podse?a da je dr Jovan Kuja?i? jo\u0161 1931. godine napisao monografiju &#8211; \u201cMogu?nost le?enja prirodnim faktorima u Ulcinju\u201d.<br \/>\nPre njega temu je razradio srpski nau?nik Mihajlo Pupin, 1911. godine, koji je pisao o zdravstvenim mogu?nostima Ulcinja.<br \/>\nStru?njaci isti?u i mogu?nosti Velike pla\u017ee za le?enje mineralno bogatim peskom koji je jedinstven u Evropi. Me?utim, ni le?enje peskom, psamo-terapija, nije dovoljno iskori\u0161?ena.<br \/>\nGinekolog dr Karamanaga potvr?uje lekovitost \u201c\u017denske pla\u017ee\u201d i to ne samo za ginekolo\u0161ka oboljenja, primarni i sekundarni sterilitet, ve? i za bolesti probavnog trakta i disajnih organa.<br \/>\n&#8211; Termalna voda prvi put je ispitana pre gotovo devet decenija i tada je ukazano na njena delotvorna dejstva &#8211; ka\u017ee dr Karamanga.<br \/>\nSumporna pla\u017ea nalazi se u uvali, u sredi\u0161tu borove \u0161ume, \u0161to predstavlja idealan ambijentza le?enje prirodnim faktorima.<br \/>\n&#8211; Kad zapljuskuju talasi ?iste morske vode uz sumpornu vodu stvaraju se idealni mikro i makromolekuli pogodni za prirodnu aerosol terapiju &#8211; obja\u0161njava dr Karamanaga, i dodaje da na\u0161i ginekolozi smatraju da ima boljitka nakon sun?anja i kupanja u sumpornoj vodi, uz sprovo?enje medicinskih tretmana.<br \/>\nUprkos ?injenici da nije napravljen zdravstveni centar,pose?enost \u201c\u017denske pla\u017ee\u201d je u konstantnom porastu poslednjih godina. Temperatura vode je od 23 do 25 stepeni i mogu?e je kupati se \u0161est meseci u godini.<br \/>\n&#8211; Ulcinj ima 194 dana u godini tokom kojih je vi\u0161e od \u0161est sati dnevno sunca, \u0161to ?ini idealne uslove za helioterapiju &#8211; ka\u017ee dr Karamanaga, i dodaje da Ulcinj zato ima idealne \u0161anse za zdravstveni turizam.<br \/>\n<strong><br \/>\nNAKIT MENjA BOJU<\/strong><br \/>\nNA \u201c\u017denskoj pla\u017ei\u201d nakit menja boju. Srebro odmahpotamni ako do?e u dodir sa vodom. Miris sumpora u po?etku podse?a na miris pokvarenih jaja, ali zbog lepote prirode brzo se zaboravi na tu neugodnost.<br \/>\n<strong><br \/>\nB. BOLjANOVI?<br \/>\n<a href=\"http:\/\/www.novosti.rs\/code\/navigate.php?Id=129&amp;status=jedna&amp;vest=173801&amp;title_add=%E2%80%9C%C5%BDenska%20pla%C5%BEa%E2%80%9D%20dobra%20%C5%A1ansa&amp;kword_add=ulcinj%2C%20zenska%20plaza\" target=\"_blank\">Novosti<br \/>\n\n\t\t<style type=\"text\/css\">\n\t\t\t#gallery-1 {\n\t\t\t\tmargin: auto;\n\t\t\t}\n\t\t\t#gallery-1 .gallery-item {\n\t\t\t\tfloat: left;\n\t\t\t\tmargin-top: 10px;\n\t\t\t\ttext-align: center;\n\t\t\t\twidth: 33%;\n\t\t\t}\n\t\t\t#gallery-1 img {\n\t\t\t\tborder: 2px solid #cfcfcf;\n\t\t\t}\n\t\t\t#gallery-1 .gallery-caption {\n\t\t\t\tmargin-left: 0;\n\t\t\t}\n\t\t\t\/* see gallery_shortcode() in wp-includes\/media.php *\/\n\t\t<\/style>\n\t\t<div id='gallery-1' class='gallery galleryid-32428 gallery-columns-3 gallery-size-thumbnail'><dl class='gallery-item'>\n\t\t\t<dt class='gallery-icon landscape'>\n\t\t\t\t<a href='https:\/\/www.visit-ulcinj.com\/blog\/wp-content\/uploads\/2010\/04\/zenska-plaza-ulcinj_6.jpg'><img width=\"150\" height=\"150\" src=\"https:\/\/www.visit-ulcinj.com\/blog\/wp-content\/uploads\/2010\/04\/zenska-plaza-ulcinj_6-150x150.jpg\" class=\"attachment-thumbnail size-thumbnail\" alt=\"\" loading=\"lazy\" \/><\/a>\n\t\t\t<\/dt><\/dl><dl class='gallery-item'>\n\t\t\t<dt class='gallery-icon landscape'>\n\t\t\t\t<a href='https:\/\/www.visit-ulcinj.com\/blog\/wp-content\/uploads\/2010\/04\/zenska-plaza-ulcinj_5.jpg'><img width=\"150\" height=\"150\" src=\"https:\/\/www.visit-ulcinj.com\/blog\/wp-content\/uploads\/2010\/04\/zenska-plaza-ulcinj_5-150x150.jpg\" class=\"attachment-thumbnail size-thumbnail\" alt=\"\" loading=\"lazy\" \/><\/a>\n\t\t\t<\/dt><\/dl><dl class='gallery-item'>\n\t\t\t<dt class='gallery-icon landscape'>\n\t\t\t\t<a href='https:\/\/www.visit-ulcinj.com\/blog\/wp-content\/uploads\/2010\/04\/zenska-plaza-ulcinj_1.jpg'><img width=\"150\" height=\"150\" src=\"https:\/\/www.visit-ulcinj.com\/blog\/wp-content\/uploads\/2010\/04\/zenska-plaza-ulcinj_1-150x150.jpg\" class=\"attachment-thumbnail size-thumbnail\" alt=\"\" loading=\"lazy\" \/><\/a>\n\t\t\t<\/dt><\/dl><br style=\"clear: both\" \/>\n\t\t<\/div>\n<br \/>\n<\/a><\/strong>[flv width=&#8221;490&#8243;     height=&#8221;400&#8243;]http:\/\/video.zoover.nl\/media\/play\/2010\/01\/20100125130811_025.flv[\/flv]<\/p>\n","protected":false},"excerpt":{"rendered":"<p>ULCINJ &#8211; U najju\u017enijem crnogorskom primorskom gradu, u uvali izme?u hotela \u201cAlbatros\u201d i \u201cGaleb\u201d, nalazi se \u201c\u017denska pla\u017ea\u201d, jedinstveno mesto koje se zbog lekovitosti sumporno-mineralnog izvora u moru preporu?uje za le?enje steriliteta. Pre vi\u0161e od 20 godina je razra?ena studija o izgradnji zdravstveno-rekreativnog centra za le?enje ginekolo\u0161kih, pulmolo\u0161kih, endokrinolo\u0161kihi dermatolo\u0161kih oboljenja. Studiju je uradila ekipa [&hellip;]<\/p>\n","protected":false},"author":1,"featured_media":0,"comment_status":"open","ping_status":"closed","sticky":false,"template":"","format":"standard","meta":{"spay_email":"","jetpack_publicize_message":"","jetpack_is_tweetstorm":false,"jetpack_publicize_feature_enabled":true},"categories":[10],"tags":[5001],"jetpack_publicize_connections":[],"yoast_head":"<!-- This site is optimized with the Yoast SEO plugin v19.1 - https:\/\/yoast.com\/wordpress\/plugins\/seo\/ -->\n<title>U Ulcinju\u201c\u017denska pla\u017ea\u201d dobra \u0161ansa - Lajme nga Ulqini<\/title>\n<meta name=\"description\" content=\"ULCINJ - U najju\u017enijem crnogorskom primorskom gradu, u uvali izme?u hotela \u201cAlbatros\u201d i \u201cGaleb\u201d, nalazi se \u201c\u017denska pla\u017ea\u201d, jedinstveno mesto koje se zbog\" \/>\n<meta name=\"robots\" content=\"index, follow, max-snippet:-1, max-image-preview:large, max-video-preview:-1\" \/>\n<link rel=\"canonical\" href=\"https:\/\/www.visit-ulcinj.com\/blog\/2010\/04\/26\/u-ulcinju\u201czenska-plaza\u201d-dobra-sansa\/\" \/>\n<meta property=\"og:locale\" content=\"en_US\" \/>\n<meta property=\"og:type\" content=\"article\" \/>\n<meta property=\"og:title\" content=\"U Ulcinju\u201c\u017denska pla\u017ea\u201d dobra \u0161ansa - Lajme nga Ulqini\" \/>\n<meta property=\"og:description\" content=\"ULCINJ - U najju\u017enijem crnogorskom primorskom gradu, u uvali izme?u hotela \u201cAlbatros\u201d i \u201cGaleb\u201d, nalazi se \u201c\u017denska pla\u017ea\u201d, jedinstveno mesto koje se zbog\" \/>\n<meta property=\"og:url\" content=\"https:\/\/www.visit-ulcinj.com\/blog\/2010\/04\/26\/u-ulcinju\u201czenska-plaza\u201d-dobra-sansa\/\" \/>\n<meta property=\"og:site_name\" content=\"Lajme nga Ulqini\" \/>\n<meta property=\"article:published_time\" content=\"2010-04-26T11:27:30+00:00\" \/>\n<meta property=\"article:modified_time\" content=\"2010-09-08T10:04:43+00:00\" \/>\n<meta property=\"og:image\" content=\"https:\/\/www.visit-ulcinj.com\/blog\/wp-content\/uploads\/2010\/04\/zenska-plaza-ulcinj_6-150x150.jpg\" \/>\n<meta name=\"twitter:label1\" content=\"Written by\" \/>\n\t<meta name=\"twitter:data1\" content=\"ulqini\" \/>\n\t<meta name=\"twitter:label2\" content=\"Est. reading time\" \/>\n\t<meta name=\"twitter:data2\" content=\"2 minutes\" \/>\n<script type=\"application\/ld+json\" class=\"yoast-schema-graph\">{\"@context\":\"https:\/\/schema.org\",\"@graph\":[{\"@type\":\"WebSite\",\"@id\":\"https:\/\/www.visit-ulcinj.com\/blog\/#website\",\"url\":\"https:\/\/www.visit-ulcinj.com\/blog\/\",\"name\":\"Lajme nga Ulqini\",\"description\":\"Lajme,Vijesti,Ulqini,Ulqin,Crna Gora,Mali i Zi\",\"potentialAction\":[{\"@type\":\"SearchAction\",\"target\":{\"@type\":\"EntryPoint\",\"urlTemplate\":\"https:\/\/www.visit-ulcinj.com\/blog\/?s={search_term_string}\"},\"query-input\":\"required name=search_term_string\"}],\"inLanguage\":\"en-US\"},{\"@type\":\"ImageObject\",\"inLanguage\":\"en-US\",\"@id\":\"https:\/\/www.visit-ulcinj.com\/blog\/2010\/04\/26\/u-ulcinju%e2%80%9czenska-plaza%e2%80%9d-dobra-sansa\/#primaryimage\",\"url\":\"http:\/\/www.visit-ulcinj.com\/blog\/wp-content\/uploads\/2008\/11\/zenska-plaza-ulcinj1.jpg\",\"contentUrl\":\"http:\/\/www.visit-ulcinj.com\/blog\/wp-content\/uploads\/2008\/11\/zenska-plaza-ulcinj1.jpg\"},{\"@type\":\"WebPage\",\"@id\":\"https:\/\/www.visit-ulcinj.com\/blog\/2010\/04\/26\/u-ulcinju%e2%80%9czenska-plaza%e2%80%9d-dobra-sansa\/#webpage\",\"url\":\"https:\/\/www.visit-ulcinj.com\/blog\/2010\/04\/26\/u-ulcinju%e2%80%9czenska-plaza%e2%80%9d-dobra-sansa\/\",\"name\":\"U Ulcinju\u201c\u017denska pla\u017ea\u201d dobra \u0161ansa - Lajme nga Ulqini\",\"isPartOf\":{\"@id\":\"https:\/\/www.visit-ulcinj.com\/blog\/#website\"},\"primaryImageOfPage\":{\"@id\":\"https:\/\/www.visit-ulcinj.com\/blog\/2010\/04\/26\/u-ulcinju%e2%80%9czenska-plaza%e2%80%9d-dobra-sansa\/#primaryimage\"},\"datePublished\":\"2010-04-26T11:27:30+00:00\",\"dateModified\":\"2010-09-08T10:04:43+00:00\",\"author\":{\"@id\":\"https:\/\/www.visit-ulcinj.com\/blog\/#\/schema\/person\/dcab619c614d3038751c63bc2aadc06d\"},\"description\":\"ULCINJ - U najju\u017enijem crnogorskom primorskom gradu, u uvali izme?u hotela \u201cAlbatros\u201d i \u201cGaleb\u201d, nalazi se \u201c\u017denska pla\u017ea\u201d, jedinstveno mesto koje se zbog\",\"breadcrumb\":{\"@id\":\"https:\/\/www.visit-ulcinj.com\/blog\/2010\/04\/26\/u-ulcinju%e2%80%9czenska-plaza%e2%80%9d-dobra-sansa\/#breadcrumb\"},\"inLanguage\":\"en-US\",\"potentialAction\":[{\"@type\":\"ReadAction\",\"target\":[\"https:\/\/www.visit-ulcinj.com\/blog\/2010\/04\/26\/u-ulcinju%e2%80%9czenska-plaza%e2%80%9d-dobra-sansa\/\"]}]},{\"@type\":\"BreadcrumbList\",\"@id\":\"https:\/\/www.visit-ulcinj.com\/blog\/2010\/04\/26\/u-ulcinju%e2%80%9czenska-plaza%e2%80%9d-dobra-sansa\/#breadcrumb\",\"itemListElement\":[{\"@type\":\"ListItem\",\"position\":1,\"name\":\"U Ulcinju\u201c\u017denska pla\u017ea\u201d dobra \u0161ansa\"}]},{\"@type\":\"Person\",\"@id\":\"https:\/\/www.visit-ulcinj.com\/blog\/#\/schema\/person\/dcab619c614d3038751c63bc2aadc06d\",\"name\":\"ulqini\",\"sameAs\":[\"http:\/\/www.visit-ulcinj.com\"],\"url\":\"https:\/\/www.visit-ulcinj.com\/blog\/author\/admin\/\"}]}<\/script>\n<!-- \/ Yoast SEO plugin. -->","yoast_head_json":{"title":"U Ulcinju\u201c\u017denska pla\u017ea\u201d dobra \u0161ansa - Lajme nga Ulqini","description":"ULCINJ - U najju\u017enijem crnogorskom primorskom gradu, u uvali izme?u hotela \u201cAlbatros\u201d i \u201cGaleb\u201d, nalazi se \u201c\u017denska pla\u017ea\u201d, jedinstveno mesto koje se zbog","robots":{"index":"index","follow":"follow","max-snippet":"max-snippet:-1","max-image-preview":"max-image-preview:large","max-video-preview":"max-video-preview:-1"},"canonical":"https:\/\/www.visit-ulcinj.com\/blog\/2010\/04\/26\/u-ulcinju\u201czenska-plaza\u201d-dobra-sansa\/","og_locale":"en_US","og_type":"article","og_title":"U Ulcinju\u201c\u017denska pla\u017ea\u201d dobra \u0161ansa - Lajme nga Ulqini","og_description":"ULCINJ - U najju\u017enijem crnogorskom primorskom gradu, u uvali izme?u hotela \u201cAlbatros\u201d i \u201cGaleb\u201d, nalazi se \u201c\u017denska pla\u017ea\u201d, jedinstveno mesto koje se zbog","og_url":"https:\/\/www.visit-ulcinj.com\/blog\/2010\/04\/26\/u-ulcinju\u201czenska-plaza\u201d-dobra-sansa\/","og_site_name":"Lajme nga Ulqini","article_published_time":"2010-04-26T11:27:30+00:00","article_modified_time":"2010-09-08T10:04:43+00:00","og_image":[{"url":"https:\/\/www.visit-ulcinj.com\/blog\/wp-content\/uploads\/2010\/04\/zenska-plaza-ulcinj_6-150x150.jpg"}],"twitter_misc":{"Written by":"ulqini","Est. reading time":"2 minutes"},"schema":{"@context":"https:\/\/schema.org","@graph":[{"@type":"WebSite","@id":"https:\/\/www.visit-ulcinj.com\/blog\/#website","url":"https:\/\/www.visit-ulcinj.com\/blog\/","name":"Lajme nga Ulqini","description":"Lajme,Vijesti,Ulqini,Ulqin,Crna Gora,Mali i Zi","potentialAction":[{"@type":"SearchAction","target":{"@type":"EntryPoint","urlTemplate":"https:\/\/www.visit-ulcinj.com\/blog\/?s={search_term_string}"},"query-input":"required name=search_term_string"}],"inLanguage":"en-US"},{"@type":"ImageObject","inLanguage":"en-US","@id":"https:\/\/www.visit-ulcinj.com\/blog\/2010\/04\/26\/u-ulcinju%e2%80%9czenska-plaza%e2%80%9d-dobra-sansa\/#primaryimage","url":"http:\/\/www.visit-ulcinj.com\/blog\/wp-content\/uploads\/2008\/11\/zenska-plaza-ulcinj1.jpg","contentUrl":"http:\/\/www.visit-ulcinj.com\/blog\/wp-content\/uploads\/2008\/11\/zenska-plaza-ulcinj1.jpg"},{"@type":"WebPage","@id":"https:\/\/www.visit-ulcinj.com\/blog\/2010\/04\/26\/u-ulcinju%e2%80%9czenska-plaza%e2%80%9d-dobra-sansa\/#webpage","url":"https:\/\/www.visit-ulcinj.com\/blog\/2010\/04\/26\/u-ulcinju%e2%80%9czenska-plaza%e2%80%9d-dobra-sansa\/","name":"U Ulcinju\u201c\u017denska pla\u017ea\u201d dobra \u0161ansa - Lajme nga Ulqini","isPartOf":{"@id":"https:\/\/www.visit-ulcinj.com\/blog\/#website"},"primaryImageOfPage":{"@id":"https:\/\/www.visit-ulcinj.com\/blog\/2010\/04\/26\/u-ulcinju%e2%80%9czenska-plaza%e2%80%9d-dobra-sansa\/#primaryimage"},"datePublished":"2010-04-26T11:27:30+00:00","dateModified":"2010-09-08T10:04:43+00:00","author":{"@id":"https:\/\/www.visit-ulcinj.com\/blog\/#\/schema\/person\/dcab619c614d3038751c63bc2aadc06d"},"description":"ULCINJ - U najju\u017enijem crnogorskom primorskom gradu, u uvali izme?u hotela \u201cAlbatros\u201d i \u201cGaleb\u201d, nalazi se \u201c\u017denska pla\u017ea\u201d, jedinstveno mesto koje se zbog","breadcrumb":{"@id":"https:\/\/www.visit-ulcinj.com\/blog\/2010\/04\/26\/u-ulcinju%e2%80%9czenska-plaza%e2%80%9d-dobra-sansa\/#breadcrumb"},"inLanguage":"en-US","potentialAction":[{"@type":"ReadAction","target":["https:\/\/www.visit-ulcinj.com\/blog\/2010\/04\/26\/u-ulcinju%e2%80%9czenska-plaza%e2%80%9d-dobra-sansa\/"]}]},{"@type":"BreadcrumbList","@id":"https:\/\/www.visit-ulcinj.com\/blog\/2010\/04\/26\/u-ulcinju%e2%80%9czenska-plaza%e2%80%9d-dobra-sansa\/#breadcrumb","itemListElement":[{"@type":"ListItem","position":1,"name":"U Ulcinju\u201c\u017denska pla\u017ea\u201d dobra \u0161ansa"}]},{"@type":"Person","@id":"https:\/\/www.visit-ulcinj.com\/blog\/#\/schema\/person\/dcab619c614d3038751c63bc2aadc06d","name":"ulqini","sameAs":["http:\/\/www.visit-ulcinj.com"],"url":"https:\/\/www.visit-ulcinj.com\/blog\/author\/admin\/"}]}},"jetpack_featured_media_url":"","jetpack_sharing_enabled":true,"jetpack_shortlink":"https:\/\/wp.me\/pe6lTn-8r2","_links":{"self":[{"href":"https:\/\/www.visit-ulcinj.com\/blog\/wp-json\/wp\/v2\/posts\/32428"}],"collection":[{"href":"https:\/\/www.visit-ulcinj.com\/blog\/wp-json\/wp\/v2\/posts"}],"about":[{"href":"https:\/\/www.visit-ulcinj.com\/blog\/wp-json\/wp\/v2\/types\/post"}],"author":[{"embeddable":true,"href":"https:\/\/www.visit-ulcinj.com\/blog\/wp-json\/wp\/v2\/users\/1"}],"replies":[{"embeddable":true,"href":"https:\/\/www.visit-ulcinj.com\/blog\/wp-json\/wp\/v2\/comments?post=32428"}],"version-history":[{"count":0,"href":"https:\/\/www.visit-ulcinj.com\/blog\/wp-json\/wp\/v2\/posts\/32428\/revisions"}],"wp:attachment":[{"href":"https:\/\/www.visit-ulcinj.com\/blog\/wp-json\/wp\/v2\/media?parent=32428"}],"wp:term":[{"taxonomy":"category","embeddable":true,"href":"https:\/\/www.visit-ulcinj.com\/blog\/wp-json\/wp\/v2\/categories?post=32428"},{"taxonomy":"post_tag","embeddable":true,"href":"https:\/\/www.visit-ulcinj.com\/blog\/wp-json\/wp\/v2\/tags?post=32428"}],"curies":[{"name":"wp","href":"https:\/\/api.w.org\/{rel}","templated":true}]}}