{"id":32434,"date":"2010-04-26T13:49:26","date_gmt":"2010-04-26T11:49:26","guid":{"rendered":"http:\/\/www.visit-ulcinj.com\/blog\/?p=32434"},"modified":"2010-04-26T13:49:26","modified_gmt":"2010-04-26T11:49:26","slug":"cungu-vlast-obecala-nista-zapocela","status":"publish","type":"post","link":"https:\/\/www.visit-ulcinj.com\/blog\/2010\/04\/26\/cungu-vlast-obecala-nista-zapocela\/","title":{"rendered":"Cungu: Vlast obe?ala, ni\u0161ta zapo?ela"},"content":{"rendered":"<p><a href=\"http:\/\/www.visit-ulcinj.com\/blog\/wp-content\/uploads\/2010\/04\/Nazif-Cungu_Ulcinj.jpg\"><img loading=\"lazy\" class=\"alignleft size-full wp-image-32435\" title=\"Nazif Cungu_Ulcinj\" src=\"http:\/\/www.visit-ulcinj.com\/blog\/wp-content\/uploads\/2010\/04\/Nazif-Cungu_Ulcinj.jpg\" alt=\"Nazif Cungu_Ulcinj\" width=\"399\" height=\"301\" srcset=\"https:\/\/www.visit-ulcinj.com\/blog\/wp-content\/uploads\/2010\/04\/Nazif-Cungu_Ulcinj.jpg 399w, https:\/\/www.visit-ulcinj.com\/blog\/wp-content\/uploads\/2010\/04\/Nazif-Cungu_Ulcinj-300x226.jpg 300w\" sizes=\"(max-width: 399px) 100vw, 399px\" \/><\/a>ULCINJ &#8211; Mnogo obe?ali, malo zapo?eli, a kada se tome doda i nacionalna podozrivost, dobije se izgled dana\u0161njeg Ulcinja, grada nesagledivih perspektiva, koji godinama tapka u mestu gu\u0161e?i se u deponiji propalih ambicija, ali i stvarnog ?ubreta, koje se kovitla prekrasnim pla\u017eama i ulicama jednog od najstarijih gradova na primorju.<br \/>\n&#8211; U stvari i ne tapka, nazaduje &#8211; ka\u017ee Nazif Cungu, predsednik opozicione stranke Forca. &#8211; Pre 30 godina Ulcinj je bio najpose?eniji grad u Crnoj Gori, sa 50 odsto turista od ukupnog broja. Danas su svi primorski gradovi ispred nas i to je tragi?no.<br \/>\nNijedan veliki projekt najavljivan za Ulcinj nije ni zapo?eo, nabraja Cungu, ina?e jedan od uspe\u0161nijih ulcinjskih privrednika.<br \/>\n&#8211; Tenderi za Veliku pla\u017eu i Adu Bojanu su propali, Valdanos je pod znakom pitanja. Ne grade se mostovi, kanali, kolektori za otpadne vode, deponije, kako je obe?avano, nema ni marine, nije ura?ena ni Porto Milena (to je kanal koji se pretvorio u septi?ku jamu), pa ?ak ni regionalni<br \/>\nvodovod, koji je stigao do Bara ali ne i do Ulcinja! Ako svega toga nema, ko ?e normalan da gradi hotele i da ula\u017ee u na\u0161 grad?<br \/>\nSve ove projekte vlast je obe?avala na izborima 2006. godine, kada su joj trebali glasovi Ulcinjana. Kada ih je pridobila, zaboravila je na njih br\u017ee nego na lanjske ki\u0161e. Zato za ?etiri protekle godine lokalna uprava nije uspela da se pomeri sa mrtve ta?ke da Ulcinj razvija u moderan grad koji \u017eivi od turizma.<br \/>\n&#8211; Prevelike su bile ambicije vlasti, stigla je i kriza a Ulcinj ima i jedan zasad nesavladiv problem. To je projektna dokumentacija, koja prakti?no i ne postoji. Lokalna uprava nema kadrove, ni sposobnosti da to uradi. Poslednji generalni urbanisti?ki plan usvojen je pre vi\u0161e od 20 godina. Jedna jedina izmena je ura?ena pre nekoliko meseci za 26 hektara, a ceo Ulcinj ima 9.000 hektara &#8211; ka\u017ee Nazif Cungu.<br \/>\nLokalna uprava je obe?avala da ?e uraditi dokumentaciju za \u0161est meseci a pro\u0161le su ?etiri godine.<br \/>\n&#8211; Trpimo nepravdu. Mi ho?emo samo da se razvijamo i da \u017eivimo od turizma i od ove lepote \u0161to nam je priroda dala &#8211; navodi Cungu.<br \/>\nVe?ina Ulcinjana za te\u0161ku situaciju krivi lokalnu upravu i Vladu, koja je nemo gledala kako se jedan grad pretvara u socijalu od koje dr\u017eava samo uzima.<br \/>\n&#8211; Ulcinjom prakti?no gazduje JP \u201cMorsko dobro\u201d &#8211; navodi Cungu. &#8211; Od ?itave teritorije kojim upravlja, polovina je upravo u Ulcinju. Godi\u0161nje od nas uzimaju pola miliona evra, a ula\u017eu minimalno. U Ulcinju prakti?no imaju samo jednog ?oveka koji samo fotografi\u0161e. Ali zato napla?uju redovno.<\/p>\n<p><strong>KVALITET<\/strong><br \/>\n&#8211; NIKO ne zna koliko kreveta ima u Ulcinju, neki ka\u017eu 70.000, drugi ?itavih 100.000. Koliko god ih bilo, poenta je da se broj kreveta prepolovi u korist kvaliteta, tako \u0161to ?e se pretvoriti u apartmane. Zatim treba odrediti turisti?ka podru?ja gde ?e zajedni?kim snagama raditi i privatni sektor i investitori, grade?i bazene, parkinge, sportska igrali\u0161ta i sli?no &#8211; ka\u017ee Cungu.<\/p>\n<p><strong>D. DIMITROVSKA,<br \/>\n<a href=\"http:\/\/www.novosti.rs\/code\/navigate.php?Id=129&amp;status=jedna&amp;vest=173506&amp;title_add=Vlast%20obe%C4%87ala%2C%20ni%C5%A1ta%20zapo%C4%8Dela&amp;kword_add=ulcinj\" target=\"_blank\">Novosti<\/a><\/p>\n<p><\/strong>[flv width=&#8221;580&#8243;      height=&#8221;400&#8243;]http:\/\/video.zoover.nl\/media\/play\/2010\/01\/20100125130811_025.flv[\/flv]<\/p>\n","protected":false},"excerpt":{"rendered":"<p>ULCINJ &#8211; Mnogo obe?ali, malo zapo?eli, a kada se tome doda i nacionalna podozrivost, dobije se izgled dana\u0161njeg Ulcinja, grada nesagledivih perspektiva, koji godinama tapka u mestu gu\u0161e?i se u deponiji propalih ambicija, ali i stvarnog ?ubreta, koje se kovitla prekrasnim pla\u017eama i ulicama jednog od najstarijih gradova na primorju. &#8211; U stvari i ne [&hellip;]<\/p>\n","protected":false},"author":1,"featured_media":0,"comment_status":"open","ping_status":"closed","sticky":false,"template":"","format":"standard","meta":{"spay_email":"","jetpack_publicize_message":"","jetpack_is_tweetstorm":false,"jetpack_publicize_feature_enabled":true},"categories":[13],"tags":[20,118,13743,19,2020],"jetpack_publicize_connections":[],"yoast_head":"<!-- This site is optimized with the Yoast SEO plugin v19.1 - https:\/\/yoast.com\/wordpress\/plugins\/seo\/ -->\n<title>Cungu: Vlast obe?ala, ni\u0161ta zapo?ela - Lajme nga Ulqini<\/title>\n<meta name=\"description\" content=\"ULCINJ - Mnogo obe?ali, malo zapo?eli, a kada se tome doda i nacionalna podozrivost, dobije se izgled dana\u0161njeg Ulcinja, grada nesagledivih perspektiva,\" \/>\n<meta name=\"robots\" content=\"index, follow, max-snippet:-1, max-image-preview:large, max-video-preview:-1\" \/>\n<link rel=\"canonical\" href=\"https:\/\/www.visit-ulcinj.com\/blog\/2010\/04\/26\/cungu-vlast-obecala-nista-zapocela\/\" \/>\n<meta property=\"og:locale\" content=\"en_US\" \/>\n<meta property=\"og:type\" content=\"article\" \/>\n<meta property=\"og:title\" content=\"Cungu: Vlast obe?ala, ni\u0161ta zapo?ela - Lajme nga Ulqini\" \/>\n<meta property=\"og:description\" content=\"ULCINJ - Mnogo obe?ali, malo zapo?eli, a kada se tome doda i nacionalna podozrivost, dobije se izgled dana\u0161njeg Ulcinja, grada nesagledivih perspektiva,\" \/>\n<meta property=\"og:url\" content=\"https:\/\/www.visit-ulcinj.com\/blog\/2010\/04\/26\/cungu-vlast-obecala-nista-zapocela\/\" \/>\n<meta property=\"og:site_name\" content=\"Lajme nga Ulqini\" \/>\n<meta property=\"article:published_time\" content=\"2010-04-26T11:49:26+00:00\" \/>\n<meta property=\"og:image\" content=\"http:\/\/www.visit-ulcinj.com\/blog\/wp-content\/uploads\/2010\/04\/Nazif-Cungu_Ulcinj.jpg\" \/>\n<meta name=\"twitter:label1\" content=\"Written by\" \/>\n\t<meta name=\"twitter:data1\" content=\"ulqini\" \/>\n\t<meta name=\"twitter:label2\" content=\"Est. reading time\" \/>\n\t<meta name=\"twitter:data2\" content=\"3 minutes\" \/>\n<script type=\"application\/ld+json\" class=\"yoast-schema-graph\">{\"@context\":\"https:\/\/schema.org\",\"@graph\":[{\"@type\":\"WebSite\",\"@id\":\"https:\/\/www.visit-ulcinj.com\/blog\/#website\",\"url\":\"https:\/\/www.visit-ulcinj.com\/blog\/\",\"name\":\"Lajme nga Ulqini\",\"description\":\"Lajme,Vijesti,Ulqini,Ulqin,Crna Gora,Mali i Zi\",\"potentialAction\":[{\"@type\":\"SearchAction\",\"target\":{\"@type\":\"EntryPoint\",\"urlTemplate\":\"https:\/\/www.visit-ulcinj.com\/blog\/?s={search_term_string}\"},\"query-input\":\"required name=search_term_string\"}],\"inLanguage\":\"en-US\"},{\"@type\":\"ImageObject\",\"inLanguage\":\"en-US\",\"@id\":\"https:\/\/www.visit-ulcinj.com\/blog\/2010\/04\/26\/cungu-vlast-obecala-nista-zapocela\/#primaryimage\",\"url\":\"https:\/\/www.visit-ulcinj.com\/blog\/wp-content\/uploads\/2010\/04\/Nazif-Cungu_Ulcinj.jpg\",\"contentUrl\":\"https:\/\/www.visit-ulcinj.com\/blog\/wp-content\/uploads\/2010\/04\/Nazif-Cungu_Ulcinj.jpg\",\"width\":\"399\",\"height\":\"301\"},{\"@type\":\"WebPage\",\"@id\":\"https:\/\/www.visit-ulcinj.com\/blog\/2010\/04\/26\/cungu-vlast-obecala-nista-zapocela\/#webpage\",\"url\":\"https:\/\/www.visit-ulcinj.com\/blog\/2010\/04\/26\/cungu-vlast-obecala-nista-zapocela\/\",\"name\":\"Cungu: Vlast obe?ala, ni\u0161ta zapo?ela - Lajme nga Ulqini\",\"isPartOf\":{\"@id\":\"https:\/\/www.visit-ulcinj.com\/blog\/#website\"},\"primaryImageOfPage\":{\"@id\":\"https:\/\/www.visit-ulcinj.com\/blog\/2010\/04\/26\/cungu-vlast-obecala-nista-zapocela\/#primaryimage\"},\"datePublished\":\"2010-04-26T11:49:26+00:00\",\"dateModified\":\"2010-04-26T11:49:26+00:00\",\"author\":{\"@id\":\"https:\/\/www.visit-ulcinj.com\/blog\/#\/schema\/person\/dcab619c614d3038751c63bc2aadc06d\"},\"description\":\"ULCINJ - Mnogo obe?ali, malo zapo?eli, a kada se tome doda i nacionalna podozrivost, dobije se izgled dana\u0161njeg Ulcinja, grada nesagledivih perspektiva,\",\"breadcrumb\":{\"@id\":\"https:\/\/www.visit-ulcinj.com\/blog\/2010\/04\/26\/cungu-vlast-obecala-nista-zapocela\/#breadcrumb\"},\"inLanguage\":\"en-US\",\"potentialAction\":[{\"@type\":\"ReadAction\",\"target\":[\"https:\/\/www.visit-ulcinj.com\/blog\/2010\/04\/26\/cungu-vlast-obecala-nista-zapocela\/\"]}]},{\"@type\":\"BreadcrumbList\",\"@id\":\"https:\/\/www.visit-ulcinj.com\/blog\/2010\/04\/26\/cungu-vlast-obecala-nista-zapocela\/#breadcrumb\",\"itemListElement\":[{\"@type\":\"ListItem\",\"position\":1,\"name\":\"Cungu: Vlast obe?ala, ni\u0161ta zapo?ela\"}]},{\"@type\":\"Person\",\"@id\":\"https:\/\/www.visit-ulcinj.com\/blog\/#\/schema\/person\/dcab619c614d3038751c63bc2aadc06d\",\"name\":\"ulqini\",\"sameAs\":[\"http:\/\/www.visit-ulcinj.com\"],\"url\":\"https:\/\/www.visit-ulcinj.com\/blog\/author\/admin\/\"}]}<\/script>\n<!-- \/ Yoast SEO plugin. -->","yoast_head_json":{"title":"Cungu: Vlast obe?ala, ni\u0161ta zapo?ela - Lajme nga Ulqini","description":"ULCINJ - Mnogo obe?ali, malo zapo?eli, a kada se tome doda i nacionalna podozrivost, dobije se izgled dana\u0161njeg Ulcinja, grada nesagledivih perspektiva,","robots":{"index":"index","follow":"follow","max-snippet":"max-snippet:-1","max-image-preview":"max-image-preview:large","max-video-preview":"max-video-preview:-1"},"canonical":"https:\/\/www.visit-ulcinj.com\/blog\/2010\/04\/26\/cungu-vlast-obecala-nista-zapocela\/","og_locale":"en_US","og_type":"article","og_title":"Cungu: Vlast obe?ala, ni\u0161ta zapo?ela - Lajme nga Ulqini","og_description":"ULCINJ - Mnogo obe?ali, malo zapo?eli, a kada se tome doda i nacionalna podozrivost, dobije se izgled dana\u0161njeg Ulcinja, grada nesagledivih perspektiva,","og_url":"https:\/\/www.visit-ulcinj.com\/blog\/2010\/04\/26\/cungu-vlast-obecala-nista-zapocela\/","og_site_name":"Lajme nga Ulqini","article_published_time":"2010-04-26T11:49:26+00:00","og_image":[{"url":"http:\/\/www.visit-ulcinj.com\/blog\/wp-content\/uploads\/2010\/04\/Nazif-Cungu_Ulcinj.jpg"}],"twitter_misc":{"Written by":"ulqini","Est. reading time":"3 minutes"},"schema":{"@context":"https:\/\/schema.org","@graph":[{"@type":"WebSite","@id":"https:\/\/www.visit-ulcinj.com\/blog\/#website","url":"https:\/\/www.visit-ulcinj.com\/blog\/","name":"Lajme nga Ulqini","description":"Lajme,Vijesti,Ulqini,Ulqin,Crna Gora,Mali i Zi","potentialAction":[{"@type":"SearchAction","target":{"@type":"EntryPoint","urlTemplate":"https:\/\/www.visit-ulcinj.com\/blog\/?s={search_term_string}"},"query-input":"required name=search_term_string"}],"inLanguage":"en-US"},{"@type":"ImageObject","inLanguage":"en-US","@id":"https:\/\/www.visit-ulcinj.com\/blog\/2010\/04\/26\/cungu-vlast-obecala-nista-zapocela\/#primaryimage","url":"https:\/\/www.visit-ulcinj.com\/blog\/wp-content\/uploads\/2010\/04\/Nazif-Cungu_Ulcinj.jpg","contentUrl":"https:\/\/www.visit-ulcinj.com\/blog\/wp-content\/uploads\/2010\/04\/Nazif-Cungu_Ulcinj.jpg","width":"399","height":"301"},{"@type":"WebPage","@id":"https:\/\/www.visit-ulcinj.com\/blog\/2010\/04\/26\/cungu-vlast-obecala-nista-zapocela\/#webpage","url":"https:\/\/www.visit-ulcinj.com\/blog\/2010\/04\/26\/cungu-vlast-obecala-nista-zapocela\/","name":"Cungu: Vlast obe?ala, ni\u0161ta zapo?ela - Lajme nga Ulqini","isPartOf":{"@id":"https:\/\/www.visit-ulcinj.com\/blog\/#website"},"primaryImageOfPage":{"@id":"https:\/\/www.visit-ulcinj.com\/blog\/2010\/04\/26\/cungu-vlast-obecala-nista-zapocela\/#primaryimage"},"datePublished":"2010-04-26T11:49:26+00:00","dateModified":"2010-04-26T11:49:26+00:00","author":{"@id":"https:\/\/www.visit-ulcinj.com\/blog\/#\/schema\/person\/dcab619c614d3038751c63bc2aadc06d"},"description":"ULCINJ - Mnogo obe?ali, malo zapo?eli, a kada se tome doda i nacionalna podozrivost, dobije se izgled dana\u0161njeg Ulcinja, grada nesagledivih perspektiva,","breadcrumb":{"@id":"https:\/\/www.visit-ulcinj.com\/blog\/2010\/04\/26\/cungu-vlast-obecala-nista-zapocela\/#breadcrumb"},"inLanguage":"en-US","potentialAction":[{"@type":"ReadAction","target":["https:\/\/www.visit-ulcinj.com\/blog\/2010\/04\/26\/cungu-vlast-obecala-nista-zapocela\/"]}]},{"@type":"BreadcrumbList","@id":"https:\/\/www.visit-ulcinj.com\/blog\/2010\/04\/26\/cungu-vlast-obecala-nista-zapocela\/#breadcrumb","itemListElement":[{"@type":"ListItem","position":1,"name":"Cungu: Vlast obe?ala, ni\u0161ta zapo?ela"}]},{"@type":"Person","@id":"https:\/\/www.visit-ulcinj.com\/blog\/#\/schema\/person\/dcab619c614d3038751c63bc2aadc06d","name":"ulqini","sameAs":["http:\/\/www.visit-ulcinj.com"],"url":"https:\/\/www.visit-ulcinj.com\/blog\/author\/admin\/"}]}},"jetpack_featured_media_url":"","jetpack_sharing_enabled":true,"jetpack_shortlink":"https:\/\/wp.me\/pe6lTn-8r8","_links":{"self":[{"href":"https:\/\/www.visit-ulcinj.com\/blog\/wp-json\/wp\/v2\/posts\/32434"}],"collection":[{"href":"https:\/\/www.visit-ulcinj.com\/blog\/wp-json\/wp\/v2\/posts"}],"about":[{"href":"https:\/\/www.visit-ulcinj.com\/blog\/wp-json\/wp\/v2\/types\/post"}],"author":[{"embeddable":true,"href":"https:\/\/www.visit-ulcinj.com\/blog\/wp-json\/wp\/v2\/users\/1"}],"replies":[{"embeddable":true,"href":"https:\/\/www.visit-ulcinj.com\/blog\/wp-json\/wp\/v2\/comments?post=32434"}],"version-history":[{"count":0,"href":"https:\/\/www.visit-ulcinj.com\/blog\/wp-json\/wp\/v2\/posts\/32434\/revisions"}],"wp:attachment":[{"href":"https:\/\/www.visit-ulcinj.com\/blog\/wp-json\/wp\/v2\/media?parent=32434"}],"wp:term":[{"taxonomy":"category","embeddable":true,"href":"https:\/\/www.visit-ulcinj.com\/blog\/wp-json\/wp\/v2\/categories?post=32434"},{"taxonomy":"post_tag","embeddable":true,"href":"https:\/\/www.visit-ulcinj.com\/blog\/wp-json\/wp\/v2\/tags?post=32434"}],"curies":[{"name":"wp","href":"https:\/\/api.w.org\/{rel}","templated":true}]}}