{"id":32444,"date":"2010-04-26T18:35:32","date_gmt":"2010-04-26T16:35:32","guid":{"rendered":"http:\/\/www.visit-ulcinj.com\/blog\/?p=32444"},"modified":"2010-04-26T18:35:32","modified_gmt":"2010-04-26T16:35:32","slug":"performans-u-autenticnom-ambijentu-starog-grada-u-ulcinju","status":"publish","type":"post","link":"https:\/\/www.visit-ulcinj.com\/blog\/2010\/04\/26\/performans-u-autenticnom-ambijentu-starog-grada-u-ulcinju\/","title":{"rendered":"Performans u autenti?nom ambijentu starog grada u Ulcinju"},"content":{"rendered":"<p><a href=\"http:\/\/www.visit-ulcinj.com\/blog\/wp-content\/uploads\/2010\/04\/Maslina-blago-Ulcinja.2jpg.jpg\"><img loading=\"lazy\" class=\"alignleft size-full wp-image-32445\" title=\"Maslina-blago Ulcinja.2,jpg\" src=\"http:\/\/www.visit-ulcinj.com\/blog\/wp-content\/uploads\/2010\/04\/Maslina-blago-Ulcinja.2jpg.jpg\" alt=\"Maslina-blago Ulcinja.2,jpg\" width=\"580\" height=\"400\" \/><\/a>\u0160ta je more bez masline<br \/>\nUlcinj &#8211; U sklopu projekta \u201eMaslina-blago Ulcinja\u201c, Op\u0161tina Ulcinj, \u201e\u0160vajcarski kulturni program\u201c i NVO \u201eKreativ siti\u201c, ispred muzeja u Starom gradu, organizovali su kreativni performans na temu berbe maslina. Mno\u0161tvo djevojaka i dje?aka obu?enih u narodne no\u0161nje ulcinjskog kraja, igrom su odu\u0161evili brojne mje\u0161tane i goste.<br \/>\nKoordinator projekta Leze Lazari kazala je tim povodom da je maslina simbol mira koji okuplja bogate i siroma\u0161ne, mlade i stare, \u017eene i mu\u0161karce, radnike i intelektualce, sve religije i jezike.<br \/>\n\u201c\u017delja nam je da kultura masline dobije na zna?aju u strategiji ekonomskog razvoja i afirmaciji Ulcinja\u201d, kazala je Lazari, poslije uspje\u0161nog perfomansa.<\/p>\n<p>S.A.<br \/>\n<a href=\"http:\/\/www.vijesti.me\/index.php?id_pre=336230&amp;godina=2010\" target=\"_blank\">Vijesti<\/a><\/p>\n\n\t\t<style type=\"text\/css\">\n\t\t\t#gallery-1 {\n\t\t\t\tmargin: auto;\n\t\t\t}\n\t\t\t#gallery-1 .gallery-item {\n\t\t\t\tfloat: left;\n\t\t\t\tmargin-top: 10px;\n\t\t\t\ttext-align: center;\n\t\t\t\twidth: 33%;\n\t\t\t}\n\t\t\t#gallery-1 img {\n\t\t\t\tborder: 2px solid #cfcfcf;\n\t\t\t}\n\t\t\t#gallery-1 .gallery-caption {\n\t\t\t\tmargin-left: 0;\n\t\t\t}\n\t\t\t\/* see gallery_shortcode() in wp-includes\/media.php *\/\n\t\t<\/style>\n\t\t<div id='gallery-1' class='gallery galleryid-32444 gallery-columns-3 gallery-size-thumbnail'><dl class='gallery-item'>\n\t\t\t<dt class='gallery-icon landscape'>\n\t\t\t\t<a href='https:\/\/www.visit-ulcinj.com\/blog\/wp-content\/uploads\/2010\/04\/Maslina-blago-Ulcinja.2jpg.jpg'><img width=\"150\" height=\"150\" src=\"https:\/\/www.visit-ulcinj.com\/blog\/wp-content\/uploads\/2010\/04\/Maslina-blago-Ulcinja.2jpg-150x150.jpg\" class=\"attachment-thumbnail size-thumbnail\" alt=\"\" loading=\"lazy\" \/><\/a>\n\t\t\t<\/dt><\/dl><dl class='gallery-item'>\n\t\t\t<dt class='gallery-icon landscape'>\n\t\t\t\t<a href='https:\/\/www.visit-ulcinj.com\/blog\/wp-content\/uploads\/2010\/04\/Maslina-blago-Ulcinja.jpg'><img width=\"150\" height=\"150\" src=\"https:\/\/www.visit-ulcinj.com\/blog\/wp-content\/uploads\/2010\/04\/Maslina-blago-Ulcinja-150x150.jpg\" class=\"attachment-thumbnail size-thumbnail\" alt=\"\" loading=\"lazy\" \/><\/a>\n\t\t\t<\/dt><\/dl><dl class='gallery-item'>\n\t\t\t<dt class='gallery-icon landscape'>\n\t\t\t\t<a href='https:\/\/www.visit-ulcinj.com\/blog\/wp-content\/uploads\/2010\/04\/Maslina-blago-Ulcinja.1jpg.jpg'><img width=\"150\" height=\"150\" src=\"https:\/\/www.visit-ulcinj.com\/blog\/wp-content\/uploads\/2010\/04\/Maslina-blago-Ulcinja.1jpg-150x150.jpg\" class=\"attachment-thumbnail size-thumbnail\" alt=\"\" loading=\"lazy\" \/><\/a>\n\t\t\t<\/dt><\/dl><br style=\"clear: both\" \/>\n\t\t<\/div>\n\n<p>[googlevideo width=&#8221;580&#8243; height=&#8221;400&#8243;]http:\/\/video.google.com\/videoplay?docid=6291981090656552918[\/googlevideo]<\/p>\n","protected":false},"excerpt":{"rendered":"<p>\u0160ta je more bez masline Ulcinj &#8211; U sklopu projekta \u201eMaslina-blago Ulcinja\u201c, Op\u0161tina Ulcinj, \u201e\u0160vajcarski kulturni program\u201c i NVO \u201eKreativ siti\u201c, ispred muzeja u Starom gradu, organizovali su kreativni performans na temu berbe maslina. Mno\u0161tvo djevojaka i dje?aka obu?enih u narodne no\u0161nje ulcinjskog kraja, igrom su odu\u0161evili brojne mje\u0161tane i goste. Koordinator projekta Leze Lazari [&hellip;]<\/p>\n","protected":false},"author":1,"featured_media":0,"comment_status":"open","ping_status":"closed","sticky":false,"template":"","format":"standard","meta":{"spay_email":"","jetpack_publicize_message":"","jetpack_is_tweetstorm":false,"jetpack_publicize_feature_enabled":true},"categories":[8337],"tags":[264,14144,14143],"jetpack_publicize_connections":[],"yoast_head":"<!-- This site is optimized with the Yoast SEO plugin v19.1 - https:\/\/yoast.com\/wordpress\/plugins\/seo\/ -->\n<title>Performans u autenti?nom ambijentu starog grada u Ulcinju - Lajme nga Ulqini<\/title>\n<meta name=\"description\" content=\"\u0160ta je more bez masline Ulcinj - U sklopu projekta \u201eMaslina-blago Ulcinja\u201c, Op\u0161tina Ulcinj, \u201e\u0160vajcarski kulturni program\u201c i NVO \u201eKreativ siti\u201c, ispred\" \/>\n<meta name=\"robots\" content=\"index, follow, max-snippet:-1, max-image-preview:large, max-video-preview:-1\" \/>\n<link rel=\"canonical\" href=\"https:\/\/www.visit-ulcinj.com\/blog\/2010\/04\/26\/performans-u-autenticnom-ambijentu-starog-grada-u-ulcinju\/\" \/>\n<meta property=\"og:locale\" content=\"en_US\" \/>\n<meta property=\"og:type\" content=\"article\" \/>\n<meta property=\"og:title\" content=\"Performans u autenti?nom ambijentu starog grada u Ulcinju - Lajme nga Ulqini\" \/>\n<meta property=\"og:description\" content=\"\u0160ta je more bez masline Ulcinj - U sklopu projekta \u201eMaslina-blago Ulcinja\u201c, Op\u0161tina Ulcinj, \u201e\u0160vajcarski kulturni program\u201c i NVO \u201eKreativ siti\u201c, ispred\" \/>\n<meta property=\"og:url\" content=\"https:\/\/www.visit-ulcinj.com\/blog\/2010\/04\/26\/performans-u-autenticnom-ambijentu-starog-grada-u-ulcinju\/\" \/>\n<meta property=\"og:site_name\" content=\"Lajme nga Ulqini\" \/>\n<meta property=\"article:published_time\" content=\"2010-04-26T16:35:32+00:00\" \/>\n<meta property=\"og:image\" content=\"https:\/\/www.visit-ulcinj.com\/blog\/wp-content\/uploads\/2010\/04\/Maslina-blago-Ulcinja.2jpg-150x150.jpg\" \/>\n<meta name=\"twitter:label1\" content=\"Written by\" \/>\n\t<meta name=\"twitter:data1\" content=\"ulqini\" \/>\n\t<meta name=\"twitter:label2\" content=\"Est. reading time\" \/>\n\t<meta name=\"twitter:data2\" content=\"1 minute\" \/>\n<script type=\"application\/ld+json\" class=\"yoast-schema-graph\">{\"@context\":\"https:\/\/schema.org\",\"@graph\":[{\"@type\":\"WebSite\",\"@id\":\"https:\/\/www.visit-ulcinj.com\/blog\/#website\",\"url\":\"https:\/\/www.visit-ulcinj.com\/blog\/\",\"name\":\"Lajme nga Ulqini\",\"description\":\"Lajme,Vijesti,Ulqini,Ulqin,Crna Gora,Mali i Zi\",\"potentialAction\":[{\"@type\":\"SearchAction\",\"target\":{\"@type\":\"EntryPoint\",\"urlTemplate\":\"https:\/\/www.visit-ulcinj.com\/blog\/?s={search_term_string}\"},\"query-input\":\"required name=search_term_string\"}],\"inLanguage\":\"en-US\"},{\"@type\":\"ImageObject\",\"inLanguage\":\"en-US\",\"@id\":\"https:\/\/www.visit-ulcinj.com\/blog\/2010\/04\/26\/performans-u-autenticnom-ambijentu-starog-grada-u-ulcinju\/#primaryimage\",\"url\":\"https:\/\/www.visit-ulcinj.com\/blog\/wp-content\/uploads\/2010\/04\/Maslina-blago-Ulcinja.2jpg.jpg\",\"contentUrl\":\"https:\/\/www.visit-ulcinj.com\/blog\/wp-content\/uploads\/2010\/04\/Maslina-blago-Ulcinja.2jpg.jpg\",\"width\":\"720\",\"height\":\"540\"},{\"@type\":\"WebPage\",\"@id\":\"https:\/\/www.visit-ulcinj.com\/blog\/2010\/04\/26\/performans-u-autenticnom-ambijentu-starog-grada-u-ulcinju\/#webpage\",\"url\":\"https:\/\/www.visit-ulcinj.com\/blog\/2010\/04\/26\/performans-u-autenticnom-ambijentu-starog-grada-u-ulcinju\/\",\"name\":\"Performans u autenti?nom ambijentu starog grada u Ulcinju - Lajme nga Ulqini\",\"isPartOf\":{\"@id\":\"https:\/\/www.visit-ulcinj.com\/blog\/#website\"},\"primaryImageOfPage\":{\"@id\":\"https:\/\/www.visit-ulcinj.com\/blog\/2010\/04\/26\/performans-u-autenticnom-ambijentu-starog-grada-u-ulcinju\/#primaryimage\"},\"datePublished\":\"2010-04-26T16:35:32+00:00\",\"dateModified\":\"2010-04-26T16:35:32+00:00\",\"author\":{\"@id\":\"https:\/\/www.visit-ulcinj.com\/blog\/#\/schema\/person\/dcab619c614d3038751c63bc2aadc06d\"},\"description\":\"\u0160ta je more bez masline Ulcinj - U sklopu projekta \u201eMaslina-blago Ulcinja\u201c, Op\u0161tina Ulcinj, \u201e\u0160vajcarski kulturni program\u201c i NVO \u201eKreativ siti\u201c, ispred\",\"breadcrumb\":{\"@id\":\"https:\/\/www.visit-ulcinj.com\/blog\/2010\/04\/26\/performans-u-autenticnom-ambijentu-starog-grada-u-ulcinju\/#breadcrumb\"},\"inLanguage\":\"en-US\",\"potentialAction\":[{\"@type\":\"ReadAction\",\"target\":[\"https:\/\/www.visit-ulcinj.com\/blog\/2010\/04\/26\/performans-u-autenticnom-ambijentu-starog-grada-u-ulcinju\/\"]}]},{\"@type\":\"BreadcrumbList\",\"@id\":\"https:\/\/www.visit-ulcinj.com\/blog\/2010\/04\/26\/performans-u-autenticnom-ambijentu-starog-grada-u-ulcinju\/#breadcrumb\",\"itemListElement\":[{\"@type\":\"ListItem\",\"position\":1,\"name\":\"Performans u autenti?nom ambijentu starog grada u Ulcinju\"}]},{\"@type\":\"Person\",\"@id\":\"https:\/\/www.visit-ulcinj.com\/blog\/#\/schema\/person\/dcab619c614d3038751c63bc2aadc06d\",\"name\":\"ulqini\",\"sameAs\":[\"http:\/\/www.visit-ulcinj.com\"],\"url\":\"https:\/\/www.visit-ulcinj.com\/blog\/author\/admin\/\"}]}<\/script>\n<!-- \/ Yoast SEO plugin. -->","yoast_head_json":{"title":"Performans u autenti?nom ambijentu starog grada u Ulcinju - Lajme nga Ulqini","description":"\u0160ta je more bez masline Ulcinj - U sklopu projekta \u201eMaslina-blago Ulcinja\u201c, Op\u0161tina Ulcinj, \u201e\u0160vajcarski kulturni program\u201c i NVO \u201eKreativ siti\u201c, ispred","robots":{"index":"index","follow":"follow","max-snippet":"max-snippet:-1","max-image-preview":"max-image-preview:large","max-video-preview":"max-video-preview:-1"},"canonical":"https:\/\/www.visit-ulcinj.com\/blog\/2010\/04\/26\/performans-u-autenticnom-ambijentu-starog-grada-u-ulcinju\/","og_locale":"en_US","og_type":"article","og_title":"Performans u autenti?nom ambijentu starog grada u Ulcinju - Lajme nga Ulqini","og_description":"\u0160ta je more bez masline Ulcinj - U sklopu projekta \u201eMaslina-blago Ulcinja\u201c, Op\u0161tina Ulcinj, \u201e\u0160vajcarski kulturni program\u201c i NVO \u201eKreativ siti\u201c, ispred","og_url":"https:\/\/www.visit-ulcinj.com\/blog\/2010\/04\/26\/performans-u-autenticnom-ambijentu-starog-grada-u-ulcinju\/","og_site_name":"Lajme nga Ulqini","article_published_time":"2010-04-26T16:35:32+00:00","og_image":[{"url":"https:\/\/www.visit-ulcinj.com\/blog\/wp-content\/uploads\/2010\/04\/Maslina-blago-Ulcinja.2jpg-150x150.jpg"}],"twitter_misc":{"Written by":"ulqini","Est. reading time":"1 minute"},"schema":{"@context":"https:\/\/schema.org","@graph":[{"@type":"WebSite","@id":"https:\/\/www.visit-ulcinj.com\/blog\/#website","url":"https:\/\/www.visit-ulcinj.com\/blog\/","name":"Lajme nga Ulqini","description":"Lajme,Vijesti,Ulqini,Ulqin,Crna Gora,Mali i Zi","potentialAction":[{"@type":"SearchAction","target":{"@type":"EntryPoint","urlTemplate":"https:\/\/www.visit-ulcinj.com\/blog\/?s={search_term_string}"},"query-input":"required name=search_term_string"}],"inLanguage":"en-US"},{"@type":"ImageObject","inLanguage":"en-US","@id":"https:\/\/www.visit-ulcinj.com\/blog\/2010\/04\/26\/performans-u-autenticnom-ambijentu-starog-grada-u-ulcinju\/#primaryimage","url":"https:\/\/www.visit-ulcinj.com\/blog\/wp-content\/uploads\/2010\/04\/Maslina-blago-Ulcinja.2jpg.jpg","contentUrl":"https:\/\/www.visit-ulcinj.com\/blog\/wp-content\/uploads\/2010\/04\/Maslina-blago-Ulcinja.2jpg.jpg","width":"720","height":"540"},{"@type":"WebPage","@id":"https:\/\/www.visit-ulcinj.com\/blog\/2010\/04\/26\/performans-u-autenticnom-ambijentu-starog-grada-u-ulcinju\/#webpage","url":"https:\/\/www.visit-ulcinj.com\/blog\/2010\/04\/26\/performans-u-autenticnom-ambijentu-starog-grada-u-ulcinju\/","name":"Performans u autenti?nom ambijentu starog grada u Ulcinju - Lajme nga Ulqini","isPartOf":{"@id":"https:\/\/www.visit-ulcinj.com\/blog\/#website"},"primaryImageOfPage":{"@id":"https:\/\/www.visit-ulcinj.com\/blog\/2010\/04\/26\/performans-u-autenticnom-ambijentu-starog-grada-u-ulcinju\/#primaryimage"},"datePublished":"2010-04-26T16:35:32+00:00","dateModified":"2010-04-26T16:35:32+00:00","author":{"@id":"https:\/\/www.visit-ulcinj.com\/blog\/#\/schema\/person\/dcab619c614d3038751c63bc2aadc06d"},"description":"\u0160ta je more bez masline Ulcinj - U sklopu projekta \u201eMaslina-blago Ulcinja\u201c, Op\u0161tina Ulcinj, \u201e\u0160vajcarski kulturni program\u201c i NVO \u201eKreativ siti\u201c, ispred","breadcrumb":{"@id":"https:\/\/www.visit-ulcinj.com\/blog\/2010\/04\/26\/performans-u-autenticnom-ambijentu-starog-grada-u-ulcinju\/#breadcrumb"},"inLanguage":"en-US","potentialAction":[{"@type":"ReadAction","target":["https:\/\/www.visit-ulcinj.com\/blog\/2010\/04\/26\/performans-u-autenticnom-ambijentu-starog-grada-u-ulcinju\/"]}]},{"@type":"BreadcrumbList","@id":"https:\/\/www.visit-ulcinj.com\/blog\/2010\/04\/26\/performans-u-autenticnom-ambijentu-starog-grada-u-ulcinju\/#breadcrumb","itemListElement":[{"@type":"ListItem","position":1,"name":"Performans u autenti?nom ambijentu starog grada u Ulcinju"}]},{"@type":"Person","@id":"https:\/\/www.visit-ulcinj.com\/blog\/#\/schema\/person\/dcab619c614d3038751c63bc2aadc06d","name":"ulqini","sameAs":["http:\/\/www.visit-ulcinj.com"],"url":"https:\/\/www.visit-ulcinj.com\/blog\/author\/admin\/"}]}},"jetpack_featured_media_url":"","jetpack_sharing_enabled":true,"jetpack_shortlink":"https:\/\/wp.me\/pe6lTn-8ri","_links":{"self":[{"href":"https:\/\/www.visit-ulcinj.com\/blog\/wp-json\/wp\/v2\/posts\/32444"}],"collection":[{"href":"https:\/\/www.visit-ulcinj.com\/blog\/wp-json\/wp\/v2\/posts"}],"about":[{"href":"https:\/\/www.visit-ulcinj.com\/blog\/wp-json\/wp\/v2\/types\/post"}],"author":[{"embeddable":true,"href":"https:\/\/www.visit-ulcinj.com\/blog\/wp-json\/wp\/v2\/users\/1"}],"replies":[{"embeddable":true,"href":"https:\/\/www.visit-ulcinj.com\/blog\/wp-json\/wp\/v2\/comments?post=32444"}],"version-history":[{"count":0,"href":"https:\/\/www.visit-ulcinj.com\/blog\/wp-json\/wp\/v2\/posts\/32444\/revisions"}],"wp:attachment":[{"href":"https:\/\/www.visit-ulcinj.com\/blog\/wp-json\/wp\/v2\/media?parent=32444"}],"wp:term":[{"taxonomy":"category","embeddable":true,"href":"https:\/\/www.visit-ulcinj.com\/blog\/wp-json\/wp\/v2\/categories?post=32444"},{"taxonomy":"post_tag","embeddable":true,"href":"https:\/\/www.visit-ulcinj.com\/blog\/wp-json\/wp\/v2\/tags?post=32444"}],"curies":[{"name":"wp","href":"https:\/\/api.w.org\/{rel}","templated":true}]}}