{"id":32451,"date":"2010-04-26T19:33:43","date_gmt":"2010-04-26T17:33:43","guid":{"rendered":"http:\/\/www.visit-ulcinj.com\/blog\/?p=32451"},"modified":"2010-05-01T20:44:22","modified_gmt":"2010-05-01T18:44:22","slug":"kranrusi-sliku-starog-grada","status":"publish","type":"post","link":"https:\/\/www.visit-ulcinj.com\/blog\/2010\/04\/26\/kranrusi-sliku-starog-grada\/","title":{"rendered":"&#8220;Kran&#8221;ru\u0161i sliku Starog grada"},"content":{"rendered":"<p><a href=\"http:\/\/www.visit-ulcinj.com\/blog\/wp-content\/uploads\/2010\/04\/Kran-staroga-grada-Ulcinja.jpg\"><img loading=\"lazy\" class=\"alignleft size-full wp-image-32452\" title=\"Kran staroga grada Ulcinja\" src=\"http:\/\/www.visit-ulcinj.com\/blog\/wp-content\/uploads\/2010\/04\/Kran-staroga-grada-Ulcinja.jpg\" alt=\"Kran staroga grada Ulcinja\" width=\"580\" height=\"400\" \/><\/a>&#8220;Kran&#8221;&#8230;nema na?ina da slikam Stari grad bez njega. Ve? tri godine stoji tu na istom mjestu, kao kakav nijemi gvozdeni spomenik. Ponekad kada duva malo ja?i vjetar, okrene se na drugu stranu i tako u nedogled. Na sva zvona, pi\u0161em i molim nadle\u017ene institucije, preko sredstva javnog informisanja da dozvole nastavak gradnje i zavr\u0161etak pomenutog objekta, kako bi se, izme?u ostalog i kran skinuo i demontirao.<br \/>\nOvako kako sada izgleda, ne samo da ru\u0161i sliku Starog grada, ve? i predstavlja permanentnu opasnost za prolaznike i mje\u0161tane, koji tuda moraju pro?i prema svojim ku?ama.<br \/>\n<a href=\"http:\/\/www.visit-ulcinj.com\/blog\/wp-content\/uploads\/2010\/04\/Kran-staroga-grada-Ulcinja.1.jpg\"><img loading=\"lazy\" class=\"alignleft size-medium wp-image-32453\" title=\"Kran staroga grada Ulcinja.1\" src=\"http:\/\/www.visit-ulcinj.com\/blog\/wp-content\/uploads\/2010\/04\/Kran-staroga-grada-Ulcinja.1-300x225.jpg\" alt=\"Kran staroga grada Ulcinja.1\" width=\"300\" height=\"225\" srcset=\"https:\/\/www.visit-ulcinj.com\/blog\/wp-content\/uploads\/2010\/04\/Kran-staroga-grada-Ulcinja.1-300x225.jpg 300w, https:\/\/www.visit-ulcinj.com\/blog\/wp-content\/uploads\/2010\/04\/Kran-staroga-grada-Ulcinja.1.jpg 604w\" sizes=\"(max-width: 300px) 100vw, 300px\" \/><\/a>Nadle\u017ene institucije su protiv na\u0161e volje i dale sve mogu?e dozvole i saglasnosti da se izgradi pomenuti objekat, i sada kada su radovi ve? duboko poodmakli, iz samo njima znanih razloga zaustavile su gradnju. Pomenuti objekat sada ne izgleda lijepo. On je sada rekao bih, kao &#8220;?ardak ni na nebu ni na zemlji&#8221; i kao takav on ru\u017ei sliku Starog grada, posebno kada se posmatra sa mora. Mi\u0161ljenja sam da je potrebno da se nastavi sa gradnjom kako bi se pomenuti objekat zavr\u0161io, i zato molimo nadle\u017ene institucije da na?u zajedni?ki jezik sa izvo?a?em i investitorom. Stanje u kojoj se sada nalazi pomenuti objekat, zaista ne odgovara nikome, nama posebno.<\/p>\n<p><strong> <a href=\"http:\/\/www.facebook.com\/profile.php?id=1359492972\">Ismet  Karamanaga Facebook<br \/>\n<\/a><\/strong><!--YouTube Error: bad URL entered--><\/p>\n","protected":false},"excerpt":{"rendered":"<p>&#8220;Kran&#8221;&#8230;nema na?ina da slikam Stari grad bez njega. Ve? tri godine stoji tu na istom mjestu, kao kakav nijemi gvozdeni spomenik. Ponekad kada duva malo ja?i vjetar, okrene se na drugu stranu i tako u nedogled. Na sva zvona, pi\u0161em i molim nadle\u017ene institucije, preko sredstva javnog informisanja da dozvole nastavak gradnje i zavr\u0161etak pomenutog [&hellip;]<\/p>\n","protected":false},"author":1,"featured_media":0,"comment_status":"open","ping_status":"closed","sticky":false,"template":"","format":"standard","meta":{"spay_email":"","jetpack_publicize_message":"","jetpack_is_tweetstorm":false,"jetpack_publicize_feature_enabled":true},"categories":[8337],"tags":[14145,13594],"jetpack_publicize_connections":[],"yoast_head":"<!-- This site is optimized with the Yoast SEO plugin v19.1 - https:\/\/yoast.com\/wordpress\/plugins\/seo\/ -->\n<title>&quot;Kran&quot;ru\u0161i sliku Starog grada - Lajme nga Ulqini<\/title>\n<meta name=\"description\" content=\"&quot;Kran&quot;...nema na?ina da slikam Stari grad bez njega. Ve? tri godine stoji tu na istom mjestu, kao kakav nijemi gvozdeni spomenik. Ponekad kada duva malo\" \/>\n<meta name=\"robots\" content=\"index, follow, max-snippet:-1, max-image-preview:large, max-video-preview:-1\" \/>\n<link rel=\"canonical\" href=\"https:\/\/www.visit-ulcinj.com\/blog\/2010\/04\/26\/kranrusi-sliku-starog-grada\/\" \/>\n<meta property=\"og:locale\" content=\"en_US\" \/>\n<meta property=\"og:type\" content=\"article\" \/>\n<meta property=\"og:title\" content=\"&quot;Kran&quot;ru\u0161i sliku Starog grada - Lajme nga Ulqini\" \/>\n<meta property=\"og:description\" content=\"&quot;Kran&quot;...nema na?ina da slikam Stari grad bez njega. Ve? tri godine stoji tu na istom mjestu, kao kakav nijemi gvozdeni spomenik. Ponekad kada duva malo\" \/>\n<meta property=\"og:url\" content=\"https:\/\/www.visit-ulcinj.com\/blog\/2010\/04\/26\/kranrusi-sliku-starog-grada\/\" \/>\n<meta property=\"og:site_name\" content=\"Lajme nga Ulqini\" \/>\n<meta property=\"article:published_time\" content=\"2010-04-26T17:33:43+00:00\" \/>\n<meta property=\"article:modified_time\" content=\"2010-05-01T18:44:22+00:00\" \/>\n<meta property=\"og:image\" content=\"http:\/\/www.visit-ulcinj.com\/blog\/wp-content\/uploads\/2010\/04\/Kran-staroga-grada-Ulcinja.jpg\" \/>\n<meta name=\"twitter:label1\" content=\"Written by\" \/>\n\t<meta name=\"twitter:data1\" content=\"ulqini\" \/>\n\t<meta name=\"twitter:label2\" content=\"Est. reading time\" \/>\n\t<meta name=\"twitter:data2\" content=\"1 minute\" \/>\n<script type=\"application\/ld+json\" class=\"yoast-schema-graph\">{\"@context\":\"https:\/\/schema.org\",\"@graph\":[{\"@type\":\"WebSite\",\"@id\":\"https:\/\/www.visit-ulcinj.com\/blog\/#website\",\"url\":\"https:\/\/www.visit-ulcinj.com\/blog\/\",\"name\":\"Lajme nga Ulqini\",\"description\":\"Lajme,Vijesti,Ulqini,Ulqin,Crna Gora,Mali i Zi\",\"potentialAction\":[{\"@type\":\"SearchAction\",\"target\":{\"@type\":\"EntryPoint\",\"urlTemplate\":\"https:\/\/www.visit-ulcinj.com\/blog\/?s={search_term_string}\"},\"query-input\":\"required name=search_term_string\"}],\"inLanguage\":\"en-US\"},{\"@type\":\"ImageObject\",\"inLanguage\":\"en-US\",\"@id\":\"https:\/\/www.visit-ulcinj.com\/blog\/2010\/04\/26\/kranrusi-sliku-starog-grada\/#primaryimage\",\"url\":\"https:\/\/www.visit-ulcinj.com\/blog\/wp-content\/uploads\/2010\/04\/Kran-staroga-grada-Ulcinja.jpg\",\"contentUrl\":\"https:\/\/www.visit-ulcinj.com\/blog\/wp-content\/uploads\/2010\/04\/Kran-staroga-grada-Ulcinja.jpg\",\"width\":\"720\",\"height\":\"540\"},{\"@type\":\"WebPage\",\"@id\":\"https:\/\/www.visit-ulcinj.com\/blog\/2010\/04\/26\/kranrusi-sliku-starog-grada\/#webpage\",\"url\":\"https:\/\/www.visit-ulcinj.com\/blog\/2010\/04\/26\/kranrusi-sliku-starog-grada\/\",\"name\":\"\\\"Kran\\\"ru\u0161i sliku Starog grada - Lajme nga Ulqini\",\"isPartOf\":{\"@id\":\"https:\/\/www.visit-ulcinj.com\/blog\/#website\"},\"primaryImageOfPage\":{\"@id\":\"https:\/\/www.visit-ulcinj.com\/blog\/2010\/04\/26\/kranrusi-sliku-starog-grada\/#primaryimage\"},\"datePublished\":\"2010-04-26T17:33:43+00:00\",\"dateModified\":\"2010-05-01T18:44:22+00:00\",\"author\":{\"@id\":\"https:\/\/www.visit-ulcinj.com\/blog\/#\/schema\/person\/dcab619c614d3038751c63bc2aadc06d\"},\"description\":\"\\\"Kran\\\"...nema na?ina da slikam Stari grad bez njega. Ve? tri godine stoji tu na istom mjestu, kao kakav nijemi gvozdeni spomenik. Ponekad kada duva malo\",\"breadcrumb\":{\"@id\":\"https:\/\/www.visit-ulcinj.com\/blog\/2010\/04\/26\/kranrusi-sliku-starog-grada\/#breadcrumb\"},\"inLanguage\":\"en-US\",\"potentialAction\":[{\"@type\":\"ReadAction\",\"target\":[\"https:\/\/www.visit-ulcinj.com\/blog\/2010\/04\/26\/kranrusi-sliku-starog-grada\/\"]}]},{\"@type\":\"BreadcrumbList\",\"@id\":\"https:\/\/www.visit-ulcinj.com\/blog\/2010\/04\/26\/kranrusi-sliku-starog-grada\/#breadcrumb\",\"itemListElement\":[{\"@type\":\"ListItem\",\"position\":1,\"name\":\"&#8220;Kran&#8221;ru\u0161i sliku Starog grada\"}]},{\"@type\":\"Person\",\"@id\":\"https:\/\/www.visit-ulcinj.com\/blog\/#\/schema\/person\/dcab619c614d3038751c63bc2aadc06d\",\"name\":\"ulqini\",\"sameAs\":[\"http:\/\/www.visit-ulcinj.com\"],\"url\":\"https:\/\/www.visit-ulcinj.com\/blog\/author\/admin\/\"}]}<\/script>\n<!-- \/ Yoast SEO plugin. -->","yoast_head_json":{"title":"\"Kran\"ru\u0161i sliku Starog grada - Lajme nga Ulqini","description":"\"Kran\"...nema na?ina da slikam Stari grad bez njega. Ve? tri godine stoji tu na istom mjestu, kao kakav nijemi gvozdeni spomenik. Ponekad kada duva malo","robots":{"index":"index","follow":"follow","max-snippet":"max-snippet:-1","max-image-preview":"max-image-preview:large","max-video-preview":"max-video-preview:-1"},"canonical":"https:\/\/www.visit-ulcinj.com\/blog\/2010\/04\/26\/kranrusi-sliku-starog-grada\/","og_locale":"en_US","og_type":"article","og_title":"\"Kran\"ru\u0161i sliku Starog grada - Lajme nga Ulqini","og_description":"\"Kran\"...nema na?ina da slikam Stari grad bez njega. Ve? tri godine stoji tu na istom mjestu, kao kakav nijemi gvozdeni spomenik. Ponekad kada duva malo","og_url":"https:\/\/www.visit-ulcinj.com\/blog\/2010\/04\/26\/kranrusi-sliku-starog-grada\/","og_site_name":"Lajme nga Ulqini","article_published_time":"2010-04-26T17:33:43+00:00","article_modified_time":"2010-05-01T18:44:22+00:00","og_image":[{"url":"http:\/\/www.visit-ulcinj.com\/blog\/wp-content\/uploads\/2010\/04\/Kran-staroga-grada-Ulcinja.jpg"}],"twitter_misc":{"Written by":"ulqini","Est. reading time":"1 minute"},"schema":{"@context":"https:\/\/schema.org","@graph":[{"@type":"WebSite","@id":"https:\/\/www.visit-ulcinj.com\/blog\/#website","url":"https:\/\/www.visit-ulcinj.com\/blog\/","name":"Lajme nga Ulqini","description":"Lajme,Vijesti,Ulqini,Ulqin,Crna Gora,Mali i Zi","potentialAction":[{"@type":"SearchAction","target":{"@type":"EntryPoint","urlTemplate":"https:\/\/www.visit-ulcinj.com\/blog\/?s={search_term_string}"},"query-input":"required name=search_term_string"}],"inLanguage":"en-US"},{"@type":"ImageObject","inLanguage":"en-US","@id":"https:\/\/www.visit-ulcinj.com\/blog\/2010\/04\/26\/kranrusi-sliku-starog-grada\/#primaryimage","url":"https:\/\/www.visit-ulcinj.com\/blog\/wp-content\/uploads\/2010\/04\/Kran-staroga-grada-Ulcinja.jpg","contentUrl":"https:\/\/www.visit-ulcinj.com\/blog\/wp-content\/uploads\/2010\/04\/Kran-staroga-grada-Ulcinja.jpg","width":"720","height":"540"},{"@type":"WebPage","@id":"https:\/\/www.visit-ulcinj.com\/blog\/2010\/04\/26\/kranrusi-sliku-starog-grada\/#webpage","url":"https:\/\/www.visit-ulcinj.com\/blog\/2010\/04\/26\/kranrusi-sliku-starog-grada\/","name":"\"Kran\"ru\u0161i sliku Starog grada - Lajme nga Ulqini","isPartOf":{"@id":"https:\/\/www.visit-ulcinj.com\/blog\/#website"},"primaryImageOfPage":{"@id":"https:\/\/www.visit-ulcinj.com\/blog\/2010\/04\/26\/kranrusi-sliku-starog-grada\/#primaryimage"},"datePublished":"2010-04-26T17:33:43+00:00","dateModified":"2010-05-01T18:44:22+00:00","author":{"@id":"https:\/\/www.visit-ulcinj.com\/blog\/#\/schema\/person\/dcab619c614d3038751c63bc2aadc06d"},"description":"\"Kran\"...nema na?ina da slikam Stari grad bez njega. Ve? tri godine stoji tu na istom mjestu, kao kakav nijemi gvozdeni spomenik. Ponekad kada duva malo","breadcrumb":{"@id":"https:\/\/www.visit-ulcinj.com\/blog\/2010\/04\/26\/kranrusi-sliku-starog-grada\/#breadcrumb"},"inLanguage":"en-US","potentialAction":[{"@type":"ReadAction","target":["https:\/\/www.visit-ulcinj.com\/blog\/2010\/04\/26\/kranrusi-sliku-starog-grada\/"]}]},{"@type":"BreadcrumbList","@id":"https:\/\/www.visit-ulcinj.com\/blog\/2010\/04\/26\/kranrusi-sliku-starog-grada\/#breadcrumb","itemListElement":[{"@type":"ListItem","position":1,"name":"&#8220;Kran&#8221;ru\u0161i sliku Starog grada"}]},{"@type":"Person","@id":"https:\/\/www.visit-ulcinj.com\/blog\/#\/schema\/person\/dcab619c614d3038751c63bc2aadc06d","name":"ulqini","sameAs":["http:\/\/www.visit-ulcinj.com"],"url":"https:\/\/www.visit-ulcinj.com\/blog\/author\/admin\/"}]}},"jetpack_featured_media_url":"","jetpack_sharing_enabled":true,"jetpack_shortlink":"https:\/\/wp.me\/pe6lTn-8rp","_links":{"self":[{"href":"https:\/\/www.visit-ulcinj.com\/blog\/wp-json\/wp\/v2\/posts\/32451"}],"collection":[{"href":"https:\/\/www.visit-ulcinj.com\/blog\/wp-json\/wp\/v2\/posts"}],"about":[{"href":"https:\/\/www.visit-ulcinj.com\/blog\/wp-json\/wp\/v2\/types\/post"}],"author":[{"embeddable":true,"href":"https:\/\/www.visit-ulcinj.com\/blog\/wp-json\/wp\/v2\/users\/1"}],"replies":[{"embeddable":true,"href":"https:\/\/www.visit-ulcinj.com\/blog\/wp-json\/wp\/v2\/comments?post=32451"}],"version-history":[{"count":0,"href":"https:\/\/www.visit-ulcinj.com\/blog\/wp-json\/wp\/v2\/posts\/32451\/revisions"}],"wp:attachment":[{"href":"https:\/\/www.visit-ulcinj.com\/blog\/wp-json\/wp\/v2\/media?parent=32451"}],"wp:term":[{"taxonomy":"category","embeddable":true,"href":"https:\/\/www.visit-ulcinj.com\/blog\/wp-json\/wp\/v2\/categories?post=32451"},{"taxonomy":"post_tag","embeddable":true,"href":"https:\/\/www.visit-ulcinj.com\/blog\/wp-json\/wp\/v2\/tags?post=32451"}],"curies":[{"name":"wp","href":"https:\/\/api.w.org\/{rel}","templated":true}]}}