{"id":32457,"date":"2010-04-26T20:03:08","date_gmt":"2010-04-26T18:03:08","guid":{"rendered":"http:\/\/www.visit-ulcinj.com\/blog\/?p=32457"},"modified":"2010-04-26T20:57:16","modified_gmt":"2010-04-26T18:57:16","slug":"u-nove-pobjede-sa-starim-obecanjima","status":"publish","type":"post","link":"https:\/\/www.visit-ulcinj.com\/blog\/2010\/04\/26\/u-nove-pobjede-sa-starim-obecanjima\/","title":{"rendered":"U nove pobjede sa starim obe?anjima"},"content":{"rendered":"<div id=\"attachment_32458\" style=\"width: 590px\" class=\"wp-caption alignleft\"><a href=\"http:\/\/www.visit-ulcinj.com\/blog\/wp-content\/uploads\/2010\/04\/DUA-i-SDP-om-DPS_Za-evropski-Ulcinj.jpg\"><img aria-describedby=\"caption-attachment-32458\" loading=\"lazy\" class=\"size-full wp-image-32458\" title=\"DUA i SDP-om, DPS_Za evropski Ulcinj\" src=\"http:\/\/www.visit-ulcinj.com\/blog\/wp-content\/uploads\/2010\/04\/DUA-i-SDP-om-DPS_Za-evropski-Ulcinj.jpg\" alt=\"DUA i SDP-om, DPS_Za evropski Ulcinj\" width=\"580\" height=\"400\" srcset=\"https:\/\/www.visit-ulcinj.com\/blog\/wp-content\/uploads\/2010\/04\/DUA-i-SDP-om-DPS_Za-evropski-Ulcinj.jpg 720w, https:\/\/www.visit-ulcinj.com\/blog\/wp-content\/uploads\/2010\/04\/DUA-i-SDP-om-DPS_Za-evropski-Ulcinj-300x207.jpg 300w\" sizes=\"(max-width: 580px) 100vw, 580px\" \/><\/a><p id=\"caption-attachment-32458\" class=\"wp-caption-text\">Foto sa Arhive<\/p><\/div>\n<p>Ulcinj &#8211; Kada je prije tri i po godine, u koaliciji sa DUA i SDP-om, DPS osvojio vlast u Ulcinju, mnogi su pomislili da ?e Vlada promijeniti ma?ehinski odnos prema najju\u017enijoj crnogorskoj op\u0161tini koja je do tada bila ?vrsto u rukama albanskih nacionalnih partija.<br \/>\nAktuelni premijer Milo ?ukanovi?, u punoj sali Doma kulture, u predve?erje izbora, najavio je da ?e Vlada nakon pobjede Gzima Hajdinage i koalicije DUA-DPS-SDP \u201esvim svojim kapacitetima stati iza njihovog programa\u201c. Koji dan ranije, Hajdinaga je ugostio ministre Branimira Gvozdenovi?a, Milutina Simovi?a i Bora Vu?ini?a, te direktora Direkcije za javne radove \u017darka \u017divkovi?a.<br \/>\n\u201cNa sastanku su kao prioriteni projekti za razvoj Ulcinja navedeni most na bulevaru koji vodi prema Velikoj pla\u017ei, putni pravac Ulcinj-Sukobin, marina, sportska sala i Port Milena\u201d, navedeno je tada u saop\u0161tenju izdatom nakon sastanka, sa akcentom na obe?anje da ?e brzo realizovati navedene projekte. Otprilike u isto vrijeme, ministar turizma Predrag Nenezi? najavio je da ?e u novom zakonu o morskom dobru \u201cgranica morskog dobra u Ulcinju sigurno biti blizu mora\u201c.<br \/>\nNovi izbori se bli\u017ee, a danas, tri i po godine nakon pobjede Hajdinage i koalicije \u201eZa evropski Ulcinj\u201c, mje\u0161tani se spremaju za nova obe?anja, koja po logici moraju biti i stara, jer i najzagri\u017eeniji pristalica DUA, DPS-a ili SDP-a mo\u017ee da konstatuje da nijedan kapitalni projekat nije realizovan, a i da je granica morskog dobra i dalje hiljadama metara daleko od mora.<br \/>\nIpak, \u0161ef ulcinjskog DPS-a Ljui? \u0160krelja napominje da nijedno obe?anje nije bilo oro?eno na tri ili ?etiri godine, isti?u?i kako su najavljeni projekti \u201cu fazi realizacije\u201d. Odgovaraju?i na pitanje \u201eVijesti\u201c da li koalicija snosi odgovornost zbog neispunjenih obe?anja on je rekao da situacija nije takva kao \u0161to se ?ini.<br \/>\n\u201cSve \u0161to smo obe?ali zavr\u0161i?emo u narednom mandatu, jer sigurno pobje?ujemo i ovog puta. Stojim iza svakog projekta i to je razlika izme?u mene i mojih politi?kih protivnika. Pitam se da li je prije 2006. godine ovom gradu lokalna vlast i\u0161ta obe?ala i ako jeste da li je stala iza toga, ne ra?unaju?i Dom kulture koji je izgradila Vlada\u201d, rekao je \u0160krelja \u201eVijestima\u201c. On je kazao i da DPS nije do\u0161ao na vlast da bi bile zadovoljene ne?ije li?ne ambicije, isti?u?i kako niko nije znao da ?e njihov mandat zahvatiti globalna kriza.<br \/>\n\u201cIdemo tamo gdje smo stali. Most na Port Mileni bi?e sagra?en, novac je izdvojen za prvu fazu, a raspisan je i tender. Put ka Sukobinu bi?e rekonstruisan i ve? se gradi kru\u017eni tok u Vladimirskim kru?ama. Projekat marine je trenutno odlo\u017een iz objektivnih raloga, jer nijesmo mogli da izgradimo put kroz Liman zato \u0161to jedan od mje\u0161tana nije prihvatio pravi?nu naknadu za zemlji\u0161te, postavljaju?i nam nerealne zahtjeve\u201d, objasnio je \u0160krelja, navode?i da Ulcinj dobija lu?icu Kacemu ispod Starog grada. On je naglasio i kako niko ne pominje da je asfaltiran put do \u0160asa, ocijenjuju?i da Ulcinj pla?a ceh stihijskom razvoju grada.<br \/>\n\u201cNera\u0161?i\u0161?eni imovinski odnosi su naslje?e ove vlasti i bojim se da ?emo i prilikom gradnje bulevara imati neprilika. Ali, niko dobronamjeran ne?e re?i da je za to kriv DPS. Pitam se da li je neko odgovarao \u0161to se glavni gradski bulevar zavr\u0161ava kod po\u0161te, a ne na Velikoj pla\u017ei. Ova vlast poku\u0161ava da ispravi te gre\u0161ke, ali nije lako jednom predsjedniku Op\u0161tine da ka\u017ee da mora biti sru\u0161eno 30 ili 40 ku?a radi gradnje bulevara. Ranije se to moglo mnogo lak\u0161e uraditi\u201d, uvjeren je \u0160krelja.<br \/>\nOn je kazao i da ?e zona morskog dobra sigurno biti u zakonskim okvirima.<br \/>\n\u201cOvakva granica ipak je dala pozitivne rezultate, makar kada je \u0160toj u pitanju, gdje se\u017ee i hiljadama metara od mora. Da nije bilo tako, i sa desne strane puta danas bismo imali urbanisti?ki haos kao na lijevoj, za \u0161ta direktnu odgovornost snose vlasti do 2006. godine\u201d, smatra \u0160krelja.<\/p>\n<p><strong>Vlada nije promijenila odnos prema Ulcinju<\/strong><\/p>\n<p>Mje\u0161tani najju\u017enije op\u0161tine ipak znaju da Vlada nije bitno promijenila odnos prema Ulcinju. Pitanje je \u0161ta ?e biti ako \u0160krelja pogrije\u0161i u prognozi pa pobjedu na izborima odnese neka druga koalicija, kao \u0161to je kratko trajalo poslije izbora 2006. godine?<br \/>\nDa li ?e Vlada i DPS i dalje predano raditi na projektima \u201ekoji su u fazi realizacije\u201c i da li ?e se sa Port Milene i ovog ljeta \u0161iriti neprijatni mirisi, a ministri ugo\u0161?avati u prelijepom ambijentu \u0160askog jezera?<\/p>\n<p><strong>S. ADROVI?<br \/>\n<a href=\"http:\/\/www.vijesti.me\/\" target=\"_blank\">Vijesti<\/a><br \/>\n<\/strong><\/p>\n","protected":false},"excerpt":{"rendered":"<p>Ulcinj &#8211; Kada je prije tri i po godine, u koaliciji sa DUA i SDP-om, DPS osvojio vlast u Ulcinju, mnogi su pomislili da ?e Vlada promijeniti ma?ehinski odnos prema najju\u017enijoj crnogorskoj op\u0161tini koja je do tada bila ?vrsto u rukama albanskih nacionalnih partija. Aktuelni premijer Milo ?ukanovi?, u punoj sali Doma kulture, u predve?erje [&hellip;]<\/p>\n","protected":false},"author":1,"featured_media":0,"comment_status":"open","ping_status":"closed","sticky":false,"template":"","format":"standard","meta":{"spay_email":"","jetpack_publicize_message":"","jetpack_is_tweetstorm":false,"jetpack_publicize_feature_enabled":true},"categories":[8337],"tags":[530,14146,14147],"jetpack_publicize_connections":[],"yoast_head":"<!-- This site is optimized with the Yoast SEO plugin v19.1 - https:\/\/yoast.com\/wordpress\/plugins\/seo\/ -->\n<title>U nove pobjede sa starim obe?anjima - Lajme nga Ulqini<\/title>\n<meta name=\"description\" content=\"Ulcinj - Kada je prije tri i po godine, u koaliciji sa DUA i SDP-om, DPS osvojio vlast u Ulcinju, mnogi su pomislili da ?e Vlada promijeniti ma?ehinski\" \/>\n<meta name=\"robots\" content=\"index, follow, max-snippet:-1, max-image-preview:large, max-video-preview:-1\" \/>\n<link rel=\"canonical\" href=\"https:\/\/www.visit-ulcinj.com\/blog\/2010\/04\/26\/u-nove-pobjede-sa-starim-obecanjima\/\" \/>\n<meta property=\"og:locale\" content=\"en_US\" \/>\n<meta property=\"og:type\" content=\"article\" \/>\n<meta property=\"og:title\" content=\"U nove pobjede sa starim obe?anjima - Lajme nga Ulqini\" \/>\n<meta property=\"og:description\" content=\"Ulcinj - Kada je prije tri i po godine, u koaliciji sa DUA i SDP-om, DPS osvojio vlast u Ulcinju, mnogi su pomislili da ?e Vlada promijeniti ma?ehinski\" \/>\n<meta property=\"og:url\" content=\"https:\/\/www.visit-ulcinj.com\/blog\/2010\/04\/26\/u-nove-pobjede-sa-starim-obecanjima\/\" \/>\n<meta property=\"og:site_name\" content=\"Lajme nga Ulqini\" \/>\n<meta property=\"article:published_time\" content=\"2010-04-26T18:03:08+00:00\" \/>\n<meta property=\"article:modified_time\" content=\"2010-04-26T18:57:16+00:00\" \/>\n<meta property=\"og:image\" content=\"http:\/\/www.visit-ulcinj.com\/blog\/wp-content\/uploads\/2010\/04\/DUA-i-SDP-om-DPS_Za-evropski-Ulcinj.jpg\" \/>\n<meta name=\"twitter:label1\" content=\"Written by\" \/>\n\t<meta name=\"twitter:data1\" content=\"ulqini\" \/>\n\t<meta name=\"twitter:label2\" content=\"Est. reading time\" \/>\n\t<meta name=\"twitter:data2\" content=\"4 minutes\" \/>\n<script type=\"application\/ld+json\" class=\"yoast-schema-graph\">{\"@context\":\"https:\/\/schema.org\",\"@graph\":[{\"@type\":\"WebSite\",\"@id\":\"https:\/\/www.visit-ulcinj.com\/blog\/#website\",\"url\":\"https:\/\/www.visit-ulcinj.com\/blog\/\",\"name\":\"Lajme nga Ulqini\",\"description\":\"Lajme,Vijesti,Ulqini,Ulqin,Crna Gora,Mali i Zi\",\"potentialAction\":[{\"@type\":\"SearchAction\",\"target\":{\"@type\":\"EntryPoint\",\"urlTemplate\":\"https:\/\/www.visit-ulcinj.com\/blog\/?s={search_term_string}\"},\"query-input\":\"required name=search_term_string\"}],\"inLanguage\":\"en-US\"},{\"@type\":\"ImageObject\",\"inLanguage\":\"en-US\",\"@id\":\"https:\/\/www.visit-ulcinj.com\/blog\/2010\/04\/26\/u-nove-pobjede-sa-starim-obecanjima\/#primaryimage\",\"url\":\"https:\/\/www.visit-ulcinj.com\/blog\/wp-content\/uploads\/2010\/04\/DUA-i-SDP-om-DPS_Za-evropski-Ulcinj.jpg\",\"contentUrl\":\"https:\/\/www.visit-ulcinj.com\/blog\/wp-content\/uploads\/2010\/04\/DUA-i-SDP-om-DPS_Za-evropski-Ulcinj.jpg\",\"width\":\"720\",\"height\":\"497\"},{\"@type\":\"WebPage\",\"@id\":\"https:\/\/www.visit-ulcinj.com\/blog\/2010\/04\/26\/u-nove-pobjede-sa-starim-obecanjima\/#webpage\",\"url\":\"https:\/\/www.visit-ulcinj.com\/blog\/2010\/04\/26\/u-nove-pobjede-sa-starim-obecanjima\/\",\"name\":\"U nove pobjede sa starim obe?anjima - Lajme nga Ulqini\",\"isPartOf\":{\"@id\":\"https:\/\/www.visit-ulcinj.com\/blog\/#website\"},\"primaryImageOfPage\":{\"@id\":\"https:\/\/www.visit-ulcinj.com\/blog\/2010\/04\/26\/u-nove-pobjede-sa-starim-obecanjima\/#primaryimage\"},\"datePublished\":\"2010-04-26T18:03:08+00:00\",\"dateModified\":\"2010-04-26T18:57:16+00:00\",\"author\":{\"@id\":\"https:\/\/www.visit-ulcinj.com\/blog\/#\/schema\/person\/dcab619c614d3038751c63bc2aadc06d\"},\"description\":\"Ulcinj - Kada je prije tri i po godine, u koaliciji sa DUA i SDP-om, DPS osvojio vlast u Ulcinju, mnogi su pomislili da ?e Vlada promijeniti ma?ehinski\",\"breadcrumb\":{\"@id\":\"https:\/\/www.visit-ulcinj.com\/blog\/2010\/04\/26\/u-nove-pobjede-sa-starim-obecanjima\/#breadcrumb\"},\"inLanguage\":\"en-US\",\"potentialAction\":[{\"@type\":\"ReadAction\",\"target\":[\"https:\/\/www.visit-ulcinj.com\/blog\/2010\/04\/26\/u-nove-pobjede-sa-starim-obecanjima\/\"]}]},{\"@type\":\"BreadcrumbList\",\"@id\":\"https:\/\/www.visit-ulcinj.com\/blog\/2010\/04\/26\/u-nove-pobjede-sa-starim-obecanjima\/#breadcrumb\",\"itemListElement\":[{\"@type\":\"ListItem\",\"position\":1,\"name\":\"U nove pobjede sa starim obe?anjima\"}]},{\"@type\":\"Person\",\"@id\":\"https:\/\/www.visit-ulcinj.com\/blog\/#\/schema\/person\/dcab619c614d3038751c63bc2aadc06d\",\"name\":\"ulqini\",\"sameAs\":[\"http:\/\/www.visit-ulcinj.com\"],\"url\":\"https:\/\/www.visit-ulcinj.com\/blog\/author\/admin\/\"}]}<\/script>\n<!-- \/ Yoast SEO plugin. -->","yoast_head_json":{"title":"U nove pobjede sa starim obe?anjima - Lajme nga Ulqini","description":"Ulcinj - Kada je prije tri i po godine, u koaliciji sa DUA i SDP-om, DPS osvojio vlast u Ulcinju, mnogi su pomislili da ?e Vlada promijeniti ma?ehinski","robots":{"index":"index","follow":"follow","max-snippet":"max-snippet:-1","max-image-preview":"max-image-preview:large","max-video-preview":"max-video-preview:-1"},"canonical":"https:\/\/www.visit-ulcinj.com\/blog\/2010\/04\/26\/u-nove-pobjede-sa-starim-obecanjima\/","og_locale":"en_US","og_type":"article","og_title":"U nove pobjede sa starim obe?anjima - Lajme nga Ulqini","og_description":"Ulcinj - Kada je prije tri i po godine, u koaliciji sa DUA i SDP-om, DPS osvojio vlast u Ulcinju, mnogi su pomislili da ?e Vlada promijeniti ma?ehinski","og_url":"https:\/\/www.visit-ulcinj.com\/blog\/2010\/04\/26\/u-nove-pobjede-sa-starim-obecanjima\/","og_site_name":"Lajme nga Ulqini","article_published_time":"2010-04-26T18:03:08+00:00","article_modified_time":"2010-04-26T18:57:16+00:00","og_image":[{"url":"http:\/\/www.visit-ulcinj.com\/blog\/wp-content\/uploads\/2010\/04\/DUA-i-SDP-om-DPS_Za-evropski-Ulcinj.jpg"}],"twitter_misc":{"Written by":"ulqini","Est. reading time":"4 minutes"},"schema":{"@context":"https:\/\/schema.org","@graph":[{"@type":"WebSite","@id":"https:\/\/www.visit-ulcinj.com\/blog\/#website","url":"https:\/\/www.visit-ulcinj.com\/blog\/","name":"Lajme nga Ulqini","description":"Lajme,Vijesti,Ulqini,Ulqin,Crna Gora,Mali i Zi","potentialAction":[{"@type":"SearchAction","target":{"@type":"EntryPoint","urlTemplate":"https:\/\/www.visit-ulcinj.com\/blog\/?s={search_term_string}"},"query-input":"required name=search_term_string"}],"inLanguage":"en-US"},{"@type":"ImageObject","inLanguage":"en-US","@id":"https:\/\/www.visit-ulcinj.com\/blog\/2010\/04\/26\/u-nove-pobjede-sa-starim-obecanjima\/#primaryimage","url":"https:\/\/www.visit-ulcinj.com\/blog\/wp-content\/uploads\/2010\/04\/DUA-i-SDP-om-DPS_Za-evropski-Ulcinj.jpg","contentUrl":"https:\/\/www.visit-ulcinj.com\/blog\/wp-content\/uploads\/2010\/04\/DUA-i-SDP-om-DPS_Za-evropski-Ulcinj.jpg","width":"720","height":"497"},{"@type":"WebPage","@id":"https:\/\/www.visit-ulcinj.com\/blog\/2010\/04\/26\/u-nove-pobjede-sa-starim-obecanjima\/#webpage","url":"https:\/\/www.visit-ulcinj.com\/blog\/2010\/04\/26\/u-nove-pobjede-sa-starim-obecanjima\/","name":"U nove pobjede sa starim obe?anjima - Lajme nga Ulqini","isPartOf":{"@id":"https:\/\/www.visit-ulcinj.com\/blog\/#website"},"primaryImageOfPage":{"@id":"https:\/\/www.visit-ulcinj.com\/blog\/2010\/04\/26\/u-nove-pobjede-sa-starim-obecanjima\/#primaryimage"},"datePublished":"2010-04-26T18:03:08+00:00","dateModified":"2010-04-26T18:57:16+00:00","author":{"@id":"https:\/\/www.visit-ulcinj.com\/blog\/#\/schema\/person\/dcab619c614d3038751c63bc2aadc06d"},"description":"Ulcinj - Kada je prije tri i po godine, u koaliciji sa DUA i SDP-om, DPS osvojio vlast u Ulcinju, mnogi su pomislili da ?e Vlada promijeniti ma?ehinski","breadcrumb":{"@id":"https:\/\/www.visit-ulcinj.com\/blog\/2010\/04\/26\/u-nove-pobjede-sa-starim-obecanjima\/#breadcrumb"},"inLanguage":"en-US","potentialAction":[{"@type":"ReadAction","target":["https:\/\/www.visit-ulcinj.com\/blog\/2010\/04\/26\/u-nove-pobjede-sa-starim-obecanjima\/"]}]},{"@type":"BreadcrumbList","@id":"https:\/\/www.visit-ulcinj.com\/blog\/2010\/04\/26\/u-nove-pobjede-sa-starim-obecanjima\/#breadcrumb","itemListElement":[{"@type":"ListItem","position":1,"name":"U nove pobjede sa starim obe?anjima"}]},{"@type":"Person","@id":"https:\/\/www.visit-ulcinj.com\/blog\/#\/schema\/person\/dcab619c614d3038751c63bc2aadc06d","name":"ulqini","sameAs":["http:\/\/www.visit-ulcinj.com"],"url":"https:\/\/www.visit-ulcinj.com\/blog\/author\/admin\/"}]}},"jetpack_featured_media_url":"","jetpack_sharing_enabled":true,"jetpack_shortlink":"https:\/\/wp.me\/pe6lTn-8rv","_links":{"self":[{"href":"https:\/\/www.visit-ulcinj.com\/blog\/wp-json\/wp\/v2\/posts\/32457"}],"collection":[{"href":"https:\/\/www.visit-ulcinj.com\/blog\/wp-json\/wp\/v2\/posts"}],"about":[{"href":"https:\/\/www.visit-ulcinj.com\/blog\/wp-json\/wp\/v2\/types\/post"}],"author":[{"embeddable":true,"href":"https:\/\/www.visit-ulcinj.com\/blog\/wp-json\/wp\/v2\/users\/1"}],"replies":[{"embeddable":true,"href":"https:\/\/www.visit-ulcinj.com\/blog\/wp-json\/wp\/v2\/comments?post=32457"}],"version-history":[{"count":0,"href":"https:\/\/www.visit-ulcinj.com\/blog\/wp-json\/wp\/v2\/posts\/32457\/revisions"}],"wp:attachment":[{"href":"https:\/\/www.visit-ulcinj.com\/blog\/wp-json\/wp\/v2\/media?parent=32457"}],"wp:term":[{"taxonomy":"category","embeddable":true,"href":"https:\/\/www.visit-ulcinj.com\/blog\/wp-json\/wp\/v2\/categories?post=32457"},{"taxonomy":"post_tag","embeddable":true,"href":"https:\/\/www.visit-ulcinj.com\/blog\/wp-json\/wp\/v2\/tags?post=32457"}],"curies":[{"name":"wp","href":"https:\/\/api.w.org\/{rel}","templated":true}]}}