{"id":32464,"date":"2010-04-27T18:48:19","date_gmt":"2010-04-27T16:48:19","guid":{"rendered":"http:\/\/www.visit-ulcinj.com\/blog\/?p=32464"},"modified":"2010-05-11T16:19:28","modified_gmt":"2010-05-11T14:19:28","slug":"kk-%e2%80%9culqini%e2%80%9d-i-pari-ne-renditjen-e-turneun-e-iii-nderkombetar-te-karatese-%e2%80%9cseiken-2010%e2%80%9d","status":"publish","type":"post","link":"https:\/\/www.visit-ulcinj.com\/blog\/2010\/04\/27\/kk-%e2%80%9culqini%e2%80%9d-i-pari-ne-renditjen-e-turneun-e-iii-nderkombetar-te-karatese-%e2%80%9cseiken-2010%e2%80%9d\/","title":{"rendered":"KK \u201cUlqini\u201d i pari n\u00eb renditjen e turneun e III nd\u00ebrkomb\u00ebtar t\u00eb karates\u00eb \u201cSeiken 2010\u201d"},"content":{"rendered":"<p><strong><a href=\"http:\/\/www.visit-ulcinj.com\/blog\/wp-content\/uploads\/2010\/04\/KK-Ulqini-ne-turneun-e-III-nderkombetar-te-karates-_Seiken-2010_6.jpg\"><img loading=\"lazy\" class=\"alignleft size-full wp-image-32472\" title=\"KK Ulqini ne turneun e III nderkombetar te karates _Seiken 2010_6\" src=\"http:\/\/www.visit-ulcinj.com\/blog\/wp-content\/uploads\/2010\/04\/KK-Ulqini-ne-turneun-e-III-nderkombetar-te-karates-_Seiken-2010_6.jpg\" alt=\"KK Ulqini ne turneun e III nderkombetar te karates _Seiken 2010_6\" width=\"490\" height=\"400\" \/><\/a>Klubi i karates\u00eb \u201cUlqini\u201d i pari n\u00eb renditjen e p\u00ebrgjithshme n\u00eb turneun e iii nd\u00ebrkomb\u00ebtar t\u00eb karates\u00eb \u201cSeiken 2010\u201d<\/strong><\/p>\n<p><strong>Viktor Curoviq dhe xhemale elezi m\u00eb t\u00eb mir\u00ebt e turneut <\/strong><\/p>\n<p>Garuesit e KK \u201cUlqini\u201d arrit\u00ebn t\u00eb fitojn\u00eb plot 91 medalje: 31 medalje t\u00eb arta, 22 t\u00eb argjendta, 38 t\u00eb bronzta dhe 3 kupa &#8211; p\u00ebr vendin e par\u00eb n\u00eb plasmanin gjeneral dhe p\u00ebr garuesin dhe garuesen m\u00eb t\u00eb mir\u00eb.<br \/>\nN\u00eb\u00a0 k\u00ebt\u00eb turne, n\u00eb t\u00eb cilin mor\u00ebn pjes\u00eb 28 klube me mbi 650 garues, KK \u201cUlqini\u201d u paraqit me 63 garues duke i p\u00ebrfshir\u00eb t\u00eb gjitha gjeneratat. KK \u201cUlqini\u201d ishte duksh\u00ebm m\u00eb i suksessh\u00ebm se sa klubet e tjera pjes\u00ebmarr\u00ebse. Ai arriti t\u00eb fitoj\u00eb 174 pik\u00eb dhe me k\u00ebt\u00eb i takoi vendi i par\u00eb n\u00eb plasman gjeneral. Vendi i dyt\u00eb i takoi KK \u201cOmlladinac\u201d nga Podgorica, i cili fitoi 140 pik\u00eb, nd\u00ebrsa n\u00eb vend t\u00eb tret\u00eb u rendit KK \u201cGorshtak\u201d i Kollashinit, i cili grumbulloi 126 pik\u00eb.<br \/>\nNga Klubi i karates\u00eb \u201cUlqini\u201d n\u00eb k\u00ebt\u00eb Turne me medalje t\u00eb arta u shp\u00ebrblyen k\u00ebta garues: Viktor Curoviq \u2013 tri medalje t\u00eb arta, Dardan Ceka &#8211; tri t\u00eb arta, me nga dy medalje t\u00eb arta u kuror\u00ebzuan\u00a0 Liridon Elezi, Antigona Rama, Xhemale Elezi, dhe Doriana Taipi,\u00a0 nd\u00ebrsa nga nj\u00eb t\u00eb art\u00eb fituan Radica Dashiq, Albion Duraku, Gentian Kaleziq, Angjella Marnikoviq, Gentiana Kuqi, Petar Maroviq, Arlind Llolla, Adnan Kuqi, Rexhep Shaba, Nderim Cuca, Teufik Shurdha, Bledar Kabashi, Izabella Ivanoviq, Ibrahim Zogaj, Edin Kraja, Pavle Pecoviq dhe Ilir Muja.<\/p>\n<p><strong>P\u00ebrve\u00e7\u00a0 k\u00ebtyre medaljeve k\u00ebta garues u kuror\u00ebzuan edhe me medalje t\u00eb\u00a0 tjera. <\/strong><\/p>\n<p>Me nga disa medalje t\u00eb tjera u shp\u00ebrblyen edhe k\u00ebta garues: Fiona Kraja, Emro Bajrami, Kristian Junkoviq, Rian Tula, Eliza Salihu, Edisa Shaba, Nermin Suma, Gabriella Junkoviq, Egzon Kraja, Arben Elezoviq, Edon Ceka, Ardit Boleviq, Lavdim Tula, David Simoni, Bledar Seferi, Ardit Boleviq, Mark Daboviq, Admir Luka, Granit Rexha, Diamant Rexha, Labinot Berisha, Behlul Peroviq, Leart Llolla, Lulzim Suma, Kristian\u00a0 Luliq, Arlind Nika, Hantie Ibro\u00e7i, Darko Dashiq, Dragolub Dashiq, Sandro Pecoviq,Gent Kabashi, Ronald Jacoviq, Gabriel Byty\u00e7i, Diell\u00ebza Rama, Ensar Marshiq, Katarina Marnikoviq dhe Jeton Luka.<br \/>\nNga Udh\u00ebheq\u00ebsia e KK \u201cUlqini\u201d na njoftojn\u00eb se p\u00ebr shkak t\u00eb situat\u00ebs financiare n\u00eb garat e ardhshme do t\u00eb marrin pjes\u00eb me pak garues, pra jo t\u00eb kompletuar si n\u00eb gar\u00ebn q\u00eb kaloi. Pjes\u00ebmarrja e kompletuar e klubit n\u00eb k\u00ebt\u00eb gar\u00eb ishte vet\u00ebm p\u00ebr t\u00eb v\u00ebrtetuar e d\u00ebshmuar faktin q\u00eb jemi gjithnj\u00eb m\u00eb t\u00eb mir\u00ebt dhe q\u00eb garuesit tan\u00eb me t\u00eb v\u00ebrtet\u00eb meritojn\u00eb nj\u00eb p\u00ebrkrahje m\u00eb t\u00eb madhe morale dhe financiare. Ne p\u00ebrher\u00eb kemi sjell\u00eb trofe t\u00eb art\u00eb n\u00eb qytetin ton\u00eb, trofe p\u00ebr t\u00eb cil\u00ebt punojn\u00eb e synojn\u00eb t\u2019i arrijn\u00eb t\u00eb gjith\u00eb klubet e tjer\u00eb.<br \/>\nNj\u00eb\u00a0 merit\u00eb t\u00eb ve\u00e7ant\u00eb p\u00ebr t\u00eb na mund\u00ebsuar pjes\u00ebmarrjen n\u00eb k\u00ebt\u00eb gar\u00eb e ka kryetari i klubit Loro Nrekiqi. P\u00ebrve\u00e7 tij fal\u00ebnderojm\u00eb prind\u00ebrit e garuesve dhe Adem Sum\u00ebn.<\/p>\n<p><strong>Sh\u00ebrbimi informativ i KK \u201cUlqini\u201d<br \/>\n\n\t\t<style type=\"text\/css\">\n\t\t\t#gallery-1 {\n\t\t\t\tmargin: auto;\n\t\t\t}\n\t\t\t#gallery-1 .gallery-item {\n\t\t\t\tfloat: left;\n\t\t\t\tmargin-top: 10px;\n\t\t\t\ttext-align: center;\n\t\t\t\twidth: 33%;\n\t\t\t}\n\t\t\t#gallery-1 img {\n\t\t\t\tborder: 2px solid #cfcfcf;\n\t\t\t}\n\t\t\t#gallery-1 .gallery-caption {\n\t\t\t\tmargin-left: 0;\n\t\t\t}\n\t\t\t\/* see gallery_shortcode() in wp-includes\/media.php *\/\n\t\t<\/style>\n\t\t<div id='gallery-1' class='gallery galleryid-32464 gallery-columns-3 gallery-size-thumbnail'><dl class='gallery-item'>\n\t\t\t<dt class='gallery-icon landscape'>\n\t\t\t\t<a href='https:\/\/www.visit-ulcinj.com\/blog\/wp-content\/uploads\/2010\/04\/KK-Ulqini-ne-turneun-e-III-nderkombetar-te-karates-_Seiken-2010.jpg'><img width=\"150\" height=\"150\" src=\"https:\/\/www.visit-ulcinj.com\/blog\/wp-content\/uploads\/2010\/04\/KK-Ulqini-ne-turneun-e-III-nderkombetar-te-karates-_Seiken-2010-150x150.jpg\" class=\"attachment-thumbnail size-thumbnail\" alt=\"\" loading=\"lazy\" \/><\/a>\n\t\t\t<\/dt><\/dl><dl class='gallery-item'>\n\t\t\t<dt class='gallery-icon landscape'>\n\t\t\t\t<a href='https:\/\/www.visit-ulcinj.com\/blog\/wp-content\/uploads\/2010\/04\/KK-Ulqini-ne-turneun-e-III-nderkombetar-te-karates-_Seiken-2010_1.jpg'><img width=\"150\" height=\"150\" src=\"https:\/\/www.visit-ulcinj.com\/blog\/wp-content\/uploads\/2010\/04\/KK-Ulqini-ne-turneun-e-III-nderkombetar-te-karates-_Seiken-2010_1-150x150.jpg\" class=\"attachment-thumbnail size-thumbnail\" alt=\"\" loading=\"lazy\" \/><\/a>\n\t\t\t<\/dt><\/dl><dl class='gallery-item'>\n\t\t\t<dt class='gallery-icon landscape'>\n\t\t\t\t<a href='https:\/\/www.visit-ulcinj.com\/blog\/wp-content\/uploads\/2010\/04\/KK-Ulqini-ne-turneun-e-III-nderkombetar-te-karates-_Seiken-2010_2.jpg'><img width=\"150\" height=\"150\" src=\"https:\/\/www.visit-ulcinj.com\/blog\/wp-content\/uploads\/2010\/04\/KK-Ulqini-ne-turneun-e-III-nderkombetar-te-karates-_Seiken-2010_2-150x150.jpg\" class=\"attachment-thumbnail size-thumbnail\" alt=\"\" loading=\"lazy\" \/><\/a>\n\t\t\t<\/dt><\/dl><br style=\"clear: both\" \/><dl class='gallery-item'>\n\t\t\t<dt class='gallery-icon landscape'>\n\t\t\t\t<a href='https:\/\/www.visit-ulcinj.com\/blog\/wp-content\/uploads\/2010\/04\/KK-Ulqini-ne-turneun-e-III-nderkombetar-te-karates-_Seiken-2010_3.jpg'><img width=\"150\" height=\"150\" src=\"https:\/\/www.visit-ulcinj.com\/blog\/wp-content\/uploads\/2010\/04\/KK-Ulqini-ne-turneun-e-III-nderkombetar-te-karates-_Seiken-2010_3-150x150.jpg\" class=\"attachment-thumbnail size-thumbnail\" alt=\"\" loading=\"lazy\" \/><\/a>\n\t\t\t<\/dt><\/dl><dl class='gallery-item'>\n\t\t\t<dt class='gallery-icon landscape'>\n\t\t\t\t<a href='https:\/\/www.visit-ulcinj.com\/blog\/wp-content\/uploads\/2010\/04\/KK-Ulqini-ne-turneun-e-III-nderkombetar-te-karates-_Seiken-2010_4.jpg'><img width=\"150\" height=\"150\" src=\"https:\/\/www.visit-ulcinj.com\/blog\/wp-content\/uploads\/2010\/04\/KK-Ulqini-ne-turneun-e-III-nderkombetar-te-karates-_Seiken-2010_4-150x150.jpg\" class=\"attachment-thumbnail size-thumbnail\" alt=\"\" loading=\"lazy\" \/><\/a>\n\t\t\t<\/dt><\/dl><dl class='gallery-item'>\n\t\t\t<dt class='gallery-icon landscape'>\n\t\t\t\t<a href='https:\/\/www.visit-ulcinj.com\/blog\/wp-content\/uploads\/2010\/04\/KK-Ulqini-ne-turneun-e-III-nderkombetar-te-karates-_Seiken-2010_5.jpg'><img width=\"150\" height=\"150\" src=\"https:\/\/www.visit-ulcinj.com\/blog\/wp-content\/uploads\/2010\/04\/KK-Ulqini-ne-turneun-e-III-nderkombetar-te-karates-_Seiken-2010_5-150x150.jpg\" class=\"attachment-thumbnail size-thumbnail\" alt=\"\" loading=\"lazy\" \/><\/a>\n\t\t\t<\/dt><\/dl><br style=\"clear: both\" \/><dl class='gallery-item'>\n\t\t\t<dt class='gallery-icon landscape'>\n\t\t\t\t<a href='https:\/\/www.visit-ulcinj.com\/blog\/wp-content\/uploads\/2010\/04\/KK-Ulqini-ne-turneun-e-III-nderkombetar-te-karates-_Seiken-2010_6.jpg'><img width=\"150\" height=\"150\" src=\"https:\/\/www.visit-ulcinj.com\/blog\/wp-content\/uploads\/2010\/04\/KK-Ulqini-ne-turneun-e-III-nderkombetar-te-karates-_Seiken-2010_6-150x150.jpg\" class=\"attachment-thumbnail size-thumbnail\" alt=\"\" loading=\"lazy\" \/><\/a>\n\t\t\t<\/dt><\/dl><dl class='gallery-item'>\n\t\t\t<dt class='gallery-icon portrait'>\n\t\t\t\t<a href='https:\/\/www.visit-ulcinj.com\/blog\/wp-content\/uploads\/2010\/04\/KK-Ulqini-ne-turneun-e-III-nderkombetar-te-karates-_Seiken-2010_7.jpg'><img width=\"150\" height=\"150\" src=\"https:\/\/www.visit-ulcinj.com\/blog\/wp-content\/uploads\/2010\/04\/KK-Ulqini-ne-turneun-e-III-nderkombetar-te-karates-_Seiken-2010_7-150x150.jpg\" class=\"attachment-thumbnail size-thumbnail\" alt=\"\" loading=\"lazy\" \/><\/a>\n\t\t\t<\/dt><\/dl>\n\t\t\t<br style='clear: both' \/>\n\t\t<\/div>\n<br \/>\n<\/strong><\/p>\n<p><strong> <\/strong><\/p>\n<p><strong> <\/strong><\/p>\n<p><strong> <\/strong><\/p>\n","protected":false},"excerpt":{"rendered":"<p>Klubi i karates\u00eb \u201cUlqini\u201d i pari n\u00eb renditjen e p\u00ebrgjithshme n\u00eb turneun e iii nd\u00ebrkomb\u00ebtar t\u00eb karates\u00eb \u201cSeiken 2010\u201d Viktor Curoviq dhe xhemale elezi m\u00eb t\u00eb mir\u00ebt e turneut Garuesit e KK \u201cUlqini\u201d arrit\u00ebn t\u00eb fitojn\u00eb plot 91 medalje: 31 medalje t\u00eb arta, 22 t\u00eb argjendta, 38 t\u00eb bronzta dhe 3 kupa &#8211; p\u00ebr vendin [&hellip;]<\/p>\n","protected":false},"author":1,"featured_media":0,"comment_status":"open","ping_status":"closed","sticky":false,"template":"","format":"standard","meta":{"spay_email":"","jetpack_publicize_message":"","jetpack_is_tweetstorm":false,"jetpack_publicize_feature_enabled":true},"categories":[3],"tags":[5848,10591,5839,5851,10596,5836,7322,5835,2074,5831,9709,2931,2927,10589,10585,12884,2917,12883,5823,8984,10587,2063,10599,5845,5841,7310,12882,5854,14149,10594,10601,2934,2929,2915,14148,5822,9710],"jetpack_publicize_connections":[],"yoast_head":"<!-- This site is optimized with the Yoast SEO plugin v19.1 - https:\/\/yoast.com\/wordpress\/plugins\/seo\/ -->\n<title>KK \u201cUlqini\u201d i pari n\u00eb renditjen e turneun e III nd\u00ebrkomb\u00ebtar t\u00eb karates\u00eb \u201cSeiken 2010\u201d  - Lajme nga Ulqini<\/title>\n<meta name=\"description\" content=\"Klubi i karates\u00eb \u201cUlqini\u201d i pari n\u00eb renditjen e p\u00ebrgjithshme n\u00eb turneun e iii nd\u00ebrkomb\u00ebtar t\u00eb karates\u00eb \u201cSeiken 2010\u201d Viktor Curoviq dhe xhemale elezi m\u00eb\" \/>\n<meta name=\"robots\" content=\"index, follow, max-snippet:-1, max-image-preview:large, max-video-preview:-1\" \/>\n<link rel=\"canonical\" href=\"https:\/\/www.visit-ulcinj.com\/blog\/2010\/04\/27\/kk-\u201culqini\u201d-i-pari-ne-renditjen-e-turneun-e-iii-nderkombetar-te-karatese-\u201cseiken-2010\u201d\/\" \/>\n<meta property=\"og:locale\" content=\"en_US\" \/>\n<meta property=\"og:type\" content=\"article\" \/>\n<meta property=\"og:title\" content=\"KK \u201cUlqini\u201d i pari n\u00eb renditjen e turneun e III nd\u00ebrkomb\u00ebtar t\u00eb karates\u00eb \u201cSeiken 2010\u201d  - Lajme nga Ulqini\" \/>\n<meta property=\"og:description\" content=\"Klubi i karates\u00eb \u201cUlqini\u201d i pari n\u00eb renditjen e p\u00ebrgjithshme n\u00eb turneun e iii nd\u00ebrkomb\u00ebtar t\u00eb karates\u00eb \u201cSeiken 2010\u201d Viktor Curoviq dhe xhemale elezi m\u00eb\" \/>\n<meta property=\"og:url\" content=\"https:\/\/www.visit-ulcinj.com\/blog\/2010\/04\/27\/kk-\u201culqini\u201d-i-pari-ne-renditjen-e-turneun-e-iii-nderkombetar-te-karatese-\u201cseiken-2010\u201d\/\" \/>\n<meta property=\"og:site_name\" content=\"Lajme nga Ulqini\" \/>\n<meta property=\"article:published_time\" content=\"2010-04-27T16:48:19+00:00\" \/>\n<meta property=\"article:modified_time\" content=\"2010-05-11T14:19:28+00:00\" \/>\n<meta property=\"og:image\" content=\"https:\/\/www.visit-ulcinj.com\/blog\/wp-content\/uploads\/2010\/04\/KK-Ulqini-ne-turneun-e-III-nderkombetar-te-karates-_Seiken-2010-150x150.jpg\" \/>\n<meta name=\"twitter:label1\" content=\"Written by\" \/>\n\t<meta name=\"twitter:data1\" content=\"ulqini\" \/>\n\t<meta name=\"twitter:label2\" content=\"Est. reading time\" \/>\n\t<meta name=\"twitter:data2\" content=\"3 minutes\" \/>\n<script type=\"application\/ld+json\" class=\"yoast-schema-graph\">{\"@context\":\"https:\/\/schema.org\",\"@graph\":[{\"@type\":\"WebSite\",\"@id\":\"https:\/\/www.visit-ulcinj.com\/blog\/#website\",\"url\":\"https:\/\/www.visit-ulcinj.com\/blog\/\",\"name\":\"Lajme nga Ulqini\",\"description\":\"Lajme,Vijesti,Ulqini,Ulqin,Crna Gora,Mali i Zi\",\"potentialAction\":[{\"@type\":\"SearchAction\",\"target\":{\"@type\":\"EntryPoint\",\"urlTemplate\":\"https:\/\/www.visit-ulcinj.com\/blog\/?s={search_term_string}\"},\"query-input\":\"required name=search_term_string\"}],\"inLanguage\":\"en-US\"},{\"@type\":\"ImageObject\",\"inLanguage\":\"en-US\",\"@id\":\"https:\/\/www.visit-ulcinj.com\/blog\/2010\/04\/27\/kk-%e2%80%9culqini%e2%80%9d-i-pari-ne-renditjen-e-turneun-e-iii-nderkombetar-te-karatese-%e2%80%9cseiken-2010%e2%80%9d\/#primaryimage\",\"url\":\"https:\/\/www.visit-ulcinj.com\/blog\/wp-content\/uploads\/2010\/04\/KK-Ulqini-ne-turneun-e-III-nderkombetar-te-karates-_Seiken-2010_6.jpg\",\"contentUrl\":\"https:\/\/www.visit-ulcinj.com\/blog\/wp-content\/uploads\/2010\/04\/KK-Ulqini-ne-turneun-e-III-nderkombetar-te-karates-_Seiken-2010_6.jpg\",\"width\":\"640\",\"height\":\"480\"},{\"@type\":\"WebPage\",\"@id\":\"https:\/\/www.visit-ulcinj.com\/blog\/2010\/04\/27\/kk-%e2%80%9culqini%e2%80%9d-i-pari-ne-renditjen-e-turneun-e-iii-nderkombetar-te-karatese-%e2%80%9cseiken-2010%e2%80%9d\/#webpage\",\"url\":\"https:\/\/www.visit-ulcinj.com\/blog\/2010\/04\/27\/kk-%e2%80%9culqini%e2%80%9d-i-pari-ne-renditjen-e-turneun-e-iii-nderkombetar-te-karatese-%e2%80%9cseiken-2010%e2%80%9d\/\",\"name\":\"KK \u201cUlqini\u201d i pari n\u00eb renditjen e turneun e III nd\u00ebrkomb\u00ebtar t\u00eb karates\u00eb \u201cSeiken 2010\u201d - Lajme nga Ulqini\",\"isPartOf\":{\"@id\":\"https:\/\/www.visit-ulcinj.com\/blog\/#website\"},\"primaryImageOfPage\":{\"@id\":\"https:\/\/www.visit-ulcinj.com\/blog\/2010\/04\/27\/kk-%e2%80%9culqini%e2%80%9d-i-pari-ne-renditjen-e-turneun-e-iii-nderkombetar-te-karatese-%e2%80%9cseiken-2010%e2%80%9d\/#primaryimage\"},\"datePublished\":\"2010-04-27T16:48:19+00:00\",\"dateModified\":\"2010-05-11T14:19:28+00:00\",\"author\":{\"@id\":\"https:\/\/www.visit-ulcinj.com\/blog\/#\/schema\/person\/dcab619c614d3038751c63bc2aadc06d\"},\"description\":\"Klubi i karates\u00eb \u201cUlqini\u201d i pari n\u00eb renditjen e p\u00ebrgjithshme n\u00eb turneun e iii nd\u00ebrkomb\u00ebtar t\u00eb karates\u00eb \u201cSeiken 2010\u201d Viktor Curoviq dhe xhemale elezi m\u00eb\",\"breadcrumb\":{\"@id\":\"https:\/\/www.visit-ulcinj.com\/blog\/2010\/04\/27\/kk-%e2%80%9culqini%e2%80%9d-i-pari-ne-renditjen-e-turneun-e-iii-nderkombetar-te-karatese-%e2%80%9cseiken-2010%e2%80%9d\/#breadcrumb\"},\"inLanguage\":\"en-US\",\"potentialAction\":[{\"@type\":\"ReadAction\",\"target\":[\"https:\/\/www.visit-ulcinj.com\/blog\/2010\/04\/27\/kk-%e2%80%9culqini%e2%80%9d-i-pari-ne-renditjen-e-turneun-e-iii-nderkombetar-te-karatese-%e2%80%9cseiken-2010%e2%80%9d\/\"]}]},{\"@type\":\"BreadcrumbList\",\"@id\":\"https:\/\/www.visit-ulcinj.com\/blog\/2010\/04\/27\/kk-%e2%80%9culqini%e2%80%9d-i-pari-ne-renditjen-e-turneun-e-iii-nderkombetar-te-karatese-%e2%80%9cseiken-2010%e2%80%9d\/#breadcrumb\",\"itemListElement\":[{\"@type\":\"ListItem\",\"position\":1,\"name\":\"KK \u201cUlqini\u201d i pari n\u00eb renditjen e turneun e III nd\u00ebrkomb\u00ebtar t\u00eb karates\u00eb \u201cSeiken 2010\u201d\"}]},{\"@type\":\"Person\",\"@id\":\"https:\/\/www.visit-ulcinj.com\/blog\/#\/schema\/person\/dcab619c614d3038751c63bc2aadc06d\",\"name\":\"ulqini\",\"sameAs\":[\"http:\/\/www.visit-ulcinj.com\"],\"url\":\"https:\/\/www.visit-ulcinj.com\/blog\/author\/admin\/\"}]}<\/script>\n<!-- \/ Yoast SEO plugin. -->","yoast_head_json":{"title":"KK \u201cUlqini\u201d i pari n\u00eb renditjen e turneun e III nd\u00ebrkomb\u00ebtar t\u00eb karates\u00eb \u201cSeiken 2010\u201d  - Lajme nga Ulqini","description":"Klubi i karates\u00eb \u201cUlqini\u201d i pari n\u00eb renditjen e p\u00ebrgjithshme n\u00eb turneun e iii nd\u00ebrkomb\u00ebtar t\u00eb karates\u00eb \u201cSeiken 2010\u201d Viktor Curoviq dhe xhemale elezi m\u00eb","robots":{"index":"index","follow":"follow","max-snippet":"max-snippet:-1","max-image-preview":"max-image-preview:large","max-video-preview":"max-video-preview:-1"},"canonical":"https:\/\/www.visit-ulcinj.com\/blog\/2010\/04\/27\/kk-\u201culqini\u201d-i-pari-ne-renditjen-e-turneun-e-iii-nderkombetar-te-karatese-\u201cseiken-2010\u201d\/","og_locale":"en_US","og_type":"article","og_title":"KK \u201cUlqini\u201d i pari n\u00eb renditjen e turneun e III nd\u00ebrkomb\u00ebtar t\u00eb karates\u00eb \u201cSeiken 2010\u201d  - Lajme nga Ulqini","og_description":"Klubi i karates\u00eb \u201cUlqini\u201d i pari n\u00eb renditjen e p\u00ebrgjithshme n\u00eb turneun e iii nd\u00ebrkomb\u00ebtar t\u00eb karates\u00eb \u201cSeiken 2010\u201d Viktor Curoviq dhe xhemale elezi m\u00eb","og_url":"https:\/\/www.visit-ulcinj.com\/blog\/2010\/04\/27\/kk-\u201culqini\u201d-i-pari-ne-renditjen-e-turneun-e-iii-nderkombetar-te-karatese-\u201cseiken-2010\u201d\/","og_site_name":"Lajme nga Ulqini","article_published_time":"2010-04-27T16:48:19+00:00","article_modified_time":"2010-05-11T14:19:28+00:00","og_image":[{"url":"https:\/\/www.visit-ulcinj.com\/blog\/wp-content\/uploads\/2010\/04\/KK-Ulqini-ne-turneun-e-III-nderkombetar-te-karates-_Seiken-2010-150x150.jpg"}],"twitter_misc":{"Written by":"ulqini","Est. reading time":"3 minutes"},"schema":{"@context":"https:\/\/schema.org","@graph":[{"@type":"WebSite","@id":"https:\/\/www.visit-ulcinj.com\/blog\/#website","url":"https:\/\/www.visit-ulcinj.com\/blog\/","name":"Lajme nga Ulqini","description":"Lajme,Vijesti,Ulqini,Ulqin,Crna Gora,Mali i Zi","potentialAction":[{"@type":"SearchAction","target":{"@type":"EntryPoint","urlTemplate":"https:\/\/www.visit-ulcinj.com\/blog\/?s={search_term_string}"},"query-input":"required name=search_term_string"}],"inLanguage":"en-US"},{"@type":"ImageObject","inLanguage":"en-US","@id":"https:\/\/www.visit-ulcinj.com\/blog\/2010\/04\/27\/kk-%e2%80%9culqini%e2%80%9d-i-pari-ne-renditjen-e-turneun-e-iii-nderkombetar-te-karatese-%e2%80%9cseiken-2010%e2%80%9d\/#primaryimage","url":"https:\/\/www.visit-ulcinj.com\/blog\/wp-content\/uploads\/2010\/04\/KK-Ulqini-ne-turneun-e-III-nderkombetar-te-karates-_Seiken-2010_6.jpg","contentUrl":"https:\/\/www.visit-ulcinj.com\/blog\/wp-content\/uploads\/2010\/04\/KK-Ulqini-ne-turneun-e-III-nderkombetar-te-karates-_Seiken-2010_6.jpg","width":"640","height":"480"},{"@type":"WebPage","@id":"https:\/\/www.visit-ulcinj.com\/blog\/2010\/04\/27\/kk-%e2%80%9culqini%e2%80%9d-i-pari-ne-renditjen-e-turneun-e-iii-nderkombetar-te-karatese-%e2%80%9cseiken-2010%e2%80%9d\/#webpage","url":"https:\/\/www.visit-ulcinj.com\/blog\/2010\/04\/27\/kk-%e2%80%9culqini%e2%80%9d-i-pari-ne-renditjen-e-turneun-e-iii-nderkombetar-te-karatese-%e2%80%9cseiken-2010%e2%80%9d\/","name":"KK \u201cUlqini\u201d i pari n\u00eb renditjen e turneun e III nd\u00ebrkomb\u00ebtar t\u00eb karates\u00eb \u201cSeiken 2010\u201d - Lajme nga Ulqini","isPartOf":{"@id":"https:\/\/www.visit-ulcinj.com\/blog\/#website"},"primaryImageOfPage":{"@id":"https:\/\/www.visit-ulcinj.com\/blog\/2010\/04\/27\/kk-%e2%80%9culqini%e2%80%9d-i-pari-ne-renditjen-e-turneun-e-iii-nderkombetar-te-karatese-%e2%80%9cseiken-2010%e2%80%9d\/#primaryimage"},"datePublished":"2010-04-27T16:48:19+00:00","dateModified":"2010-05-11T14:19:28+00:00","author":{"@id":"https:\/\/www.visit-ulcinj.com\/blog\/#\/schema\/person\/dcab619c614d3038751c63bc2aadc06d"},"description":"Klubi i karates\u00eb \u201cUlqini\u201d i pari n\u00eb renditjen e p\u00ebrgjithshme n\u00eb turneun e iii nd\u00ebrkomb\u00ebtar t\u00eb karates\u00eb \u201cSeiken 2010\u201d Viktor Curoviq dhe xhemale elezi m\u00eb","breadcrumb":{"@id":"https:\/\/www.visit-ulcinj.com\/blog\/2010\/04\/27\/kk-%e2%80%9culqini%e2%80%9d-i-pari-ne-renditjen-e-turneun-e-iii-nderkombetar-te-karatese-%e2%80%9cseiken-2010%e2%80%9d\/#breadcrumb"},"inLanguage":"en-US","potentialAction":[{"@type":"ReadAction","target":["https:\/\/www.visit-ulcinj.com\/blog\/2010\/04\/27\/kk-%e2%80%9culqini%e2%80%9d-i-pari-ne-renditjen-e-turneun-e-iii-nderkombetar-te-karatese-%e2%80%9cseiken-2010%e2%80%9d\/"]}]},{"@type":"BreadcrumbList","@id":"https:\/\/www.visit-ulcinj.com\/blog\/2010\/04\/27\/kk-%e2%80%9culqini%e2%80%9d-i-pari-ne-renditjen-e-turneun-e-iii-nderkombetar-te-karatese-%e2%80%9cseiken-2010%e2%80%9d\/#breadcrumb","itemListElement":[{"@type":"ListItem","position":1,"name":"KK \u201cUlqini\u201d i pari n\u00eb renditjen e turneun e III nd\u00ebrkomb\u00ebtar t\u00eb karates\u00eb \u201cSeiken 2010\u201d"}]},{"@type":"Person","@id":"https:\/\/www.visit-ulcinj.com\/blog\/#\/schema\/person\/dcab619c614d3038751c63bc2aadc06d","name":"ulqini","sameAs":["http:\/\/www.visit-ulcinj.com"],"url":"https:\/\/www.visit-ulcinj.com\/blog\/author\/admin\/"}]}},"jetpack_featured_media_url":"","jetpack_sharing_enabled":true,"jetpack_shortlink":"https:\/\/wp.me\/pe6lTn-8rC","_links":{"self":[{"href":"https:\/\/www.visit-ulcinj.com\/blog\/wp-json\/wp\/v2\/posts\/32464"}],"collection":[{"href":"https:\/\/www.visit-ulcinj.com\/blog\/wp-json\/wp\/v2\/posts"}],"about":[{"href":"https:\/\/www.visit-ulcinj.com\/blog\/wp-json\/wp\/v2\/types\/post"}],"author":[{"embeddable":true,"href":"https:\/\/www.visit-ulcinj.com\/blog\/wp-json\/wp\/v2\/users\/1"}],"replies":[{"embeddable":true,"href":"https:\/\/www.visit-ulcinj.com\/blog\/wp-json\/wp\/v2\/comments?post=32464"}],"version-history":[{"count":0,"href":"https:\/\/www.visit-ulcinj.com\/blog\/wp-json\/wp\/v2\/posts\/32464\/revisions"}],"wp:attachment":[{"href":"https:\/\/www.visit-ulcinj.com\/blog\/wp-json\/wp\/v2\/media?parent=32464"}],"wp:term":[{"taxonomy":"category","embeddable":true,"href":"https:\/\/www.visit-ulcinj.com\/blog\/wp-json\/wp\/v2\/categories?post=32464"},{"taxonomy":"post_tag","embeddable":true,"href":"https:\/\/www.visit-ulcinj.com\/blog\/wp-json\/wp\/v2\/tags?post=32464"}],"curies":[{"name":"wp","href":"https:\/\/api.w.org\/{rel}","templated":true}]}}