{"id":325,"date":"2008-01-28T16:34:29","date_gmt":"2008-01-28T21:34:29","guid":{"rendered":"http:\/\/www.visit-ulcinj.com\/blog\/2008\/01\/28\/delegacioni-i-lidhjes-demokratike-ne-mal-te-zi-u-takua-me-delegacionin-e-komisionit-evropian\/"},"modified":"2008-02-12T20:06:18","modified_gmt":"2008-02-13T01:06:18","slug":"delegacioni-i-lidhjes-demokratike-ne-mal-te-zi-u-takua-me-delegacionin-e-komisionit-evropian","status":"publish","type":"post","link":"https:\/\/www.visit-ulcinj.com\/blog\/2008\/01\/28\/delegacioni-i-lidhjes-demokratike-ne-mal-te-zi-u-takua-me-delegacionin-e-komisionit-evropian\/","title":{"rendered":"Delegacioni i Lidhjes Demokratike n\u00eb Mal t\u00eb Zi u takua me delegacionin e komisionit evropian"},"content":{"rendered":"<p><img loading=\"lazy\" src=\"http:\/\/www2.undp.org.yu\/montenegro\/home\/anticor\/rambold.jpg\" align=\"left\" height=\"133\" hspace=\"2\" vspace=\"2\" width=\"216\" \/><a href=\"http:\/\/www.kohajavore.cg.yu\" target=\"_blank\"><strong>\u00c7\u00ebshtja shqiptare n\u00eb Mal t\u00eb Zi vazhdon t\u00eb jet\u00eb e hapur<\/strong><\/a><br \/>\nPodgoric\u00eb- Kryetari i LD n\u00eb MZ z.<a href=\"http:\/\/www.kohajavore.cg.yu\">Mehmet Bardhi<\/a> me bashkpun\u00ebtor\u00ebt z.<a href=\"http:\/\/www.konfliktinteresa.cg.yu\/aktuelnosti\/presjek2007.htm\" target=\"_blank\">Tahir Gjonbalaj<\/a>, n\u00ebnkryetar, z.Hajrullah Hajdari e <a href=\"http:\/\/www.kohajavore.cg.yu\" target=\"_blank\">Tahir Tahiri<\/a>, funksionar\u00eb t\u00eb lart\u00eb t\u00eb LD n\u00eb MZ dhe nj\u00ebheri k\u00ebshilltar\u00eb n\u00eb Kuvendin e Komun\u00ebs s\u00eb Ulqinit, u takuan t\u00eb enjten m\u00eb 17. 01. 2007,<!--more--> n\u00eb Podgoric\u00eb me p\u00ebrfaq\u00ebsuesit e Delegacionin t\u00eb Komisionit Evropian p\u00ebr Malin e Zi, z.Clive Rumbold dhe znj.Shpela Cimerman, ekspert\u00eb t\u00eb Seksionit p\u00ebr politik\u00eb, integrime evropiane dhe tregti (pun\u00eb).<a href=\"http:\/\/www.visit-ulcinj.com\/blog\/2008\/01\/28\/delegacioni-i-lidhjes-demokratike-ne-mal-te-zi-u-takua-me-delegacionin-e-komisionit-evropian\/tahir-tahiri-ldmz\/\" rel=\"attachment wp-att-326\" title=\"Tahir Tahiri LDMZ\"><img loading=\"lazy\" src=\"http:\/\/www.visit-ulcinj.com\/blog\/wp-content\/uploads\/2008\/01\/tahir-tahiri-ldmz-2.jpg\" alt=\"Tahir Tahiri LDMZ\" align=\"right\" height=\"113\" hspace=\"5\" vspace=\"5\" width=\"108\" \/><\/a><br \/>\nGjat\u00eb k\u00ebtij takimi, t\u00eb inicuar nga vet\u00eb p\u00ebrfaq\u00ebsuesit e Komisionit Evropian, z.Bardhi i njoftoi z.Rumbold e znj. Cimerman me aktivitetin politik t\u00eb LD n\u00eb MZ, subjektit t\u00eb par\u00eb politik shqiptar\u00eb n\u00eb Malin e Zi, n\u00eb pika t\u00eb shkurta, q\u00eb nga themelimi e deri m\u00eb sot, e n\u00eb ve\u00e7anti p\u00ebr situat\u00ebn politike n\u00eb Malin e Zi pas Referendumit t\u00eb 21 majit 2006, pas shpalljes s\u00eb pavar\u00ebsis\u00eb dhe p\u00ebr pozit\u00ebn e shqiptar\u00ebve n\u00eb MZ, e cila \u00ebsht\u00eb e pavolitshme dhe l\u00eb shum\u00eb p\u00ebr t\u00eb d\u00ebshiruar. Shqiptar\u00ebt n\u00eb Mal t\u00eb Zi jan\u00eb popull autokton n\u00eb k\u00ebto troje dhe pjes\u00eb e pandar\u00eb e kombit shqiptar. Bardhi tha se LD-ja &#8211; shqiptar\u00ebt ishin kund\u00ebr luft\u00ebs dhe refuzuan t\u00eb shkojn\u00eb n\u00eb luft\u00ebn okupuese n\u00eb Dubrovnik e BeH q\u00eb udh\u00ebheqi Beogradi e Podgorica e asaj kohe, p\u00ebr \u00e7ka me qindra t\u00eb rinj shqiptar\u00eb u detyruan t\u00eb ikin jasht\u00eb etj. Shqiptar\u00ebt ishin ata q\u00eb ndihmuan pavar\u00ebsimin e Malit t\u00eb Zi, por q\u00eb fatkeq\u00ebsisht p\u00ebrkund\u00ebr premtimeve e n\u00ebnshkrimeve nga pushtetar\u00ebt, p\u00ebr avancimin e t\u00eb drejtave t\u00eb shqiptar\u00ebve n\u00eb k\u00ebt\u00eb shtet, nj\u00eb gj\u00eb e till\u00eb nuk ndodhi. P\u00ebrkundrazi, k\u00ebt\u00eb e d\u00ebshmon fakti q\u00eb Parlamenti Malazias, pa vot\u00ebn as pjes\u00ebmarrjen e p\u00ebrfaq\u00ebsuesve legjitim\u00eb t\u00eb shqiptar\u00ebve (asnj\u00ebri nga tre deputet\u00ebt e partive shqiptare nuk mor\u00ebn pjes\u00eb), me shumic\u00eb votash aprovoi Kushtetut\u00ebn, e cila nuk siguron q\u00eb Mali i Zi t\u00eb jet\u00eb shtet i qytetar\u00ebve t\u00eb barabart\u00eb dhe i popujve t\u00eb barabart\u00eb. Shqiptar\u00ebve nuk u siguron t\u00eb drejt\u00ebn e p\u00ebrdorimit t\u00eb lir\u00eb t\u00eb gjuh\u00ebs dhe shkrimit shqip ashtu sikur u garantohet, bie fjala, malazez\u00ebve. Nuk siguron p\u00ebrfaq\u00ebsimin autentik proporcional n\u00eb Parlament, decentralizimin e pushtetit, pengimin e diskriminimit, okupimin e kolonizimin e ri p\u00ebrmes t\u00eb ashtuquajturit privatizim (Shembull drastik Riviera e Ulqinit, Kriporja e Ulqinit me mbi 15 milion\u00eb metra katror\u00eb, politika qendrore, p\u00ebr ne diskriminuese, ia dor\u00ebzoi kupoll\u00ebs s\u00eb vet, p\u00ebr m\u00eb pak se 1 million \u20ac. N\u00eb prak jan\u00eb Gjiri i Valdanosit, q\u00eb Lidhja Demokratike me ngulm k\u00ebrkon q\u00eb t`ju kthehet ish- pronar\u00ebve, ishulli i Ad\u00ebs, plazhi i gjat\u00eb ranor; p\u00ebr Komisionin Shtet\u00ebror t\u00eb Zgjedhjeve, q\u00eb p\u00ebr her\u00eb t\u00eb par nuk ka asnj\u00eb shqiptar, p\u00ebr K\u00ebshillin e Lart\u00eb t\u00eb Mbrojtjes q\u00eb \u00ebsht\u00eb nj\u00ebnacional malazias, e q\u00eb m\u00eb s\u00eb miri pasqyron situat\u00ebn e marr\u00ebdh\u00ebniet n\u00eb Mal t\u00eb Zi, t\u00eb nj\u00ebanshme, nj\u00ebnacionale etj. etj. Mysafir\u00ebt u njoftuan edhe me q\u00ebndrimet e veprimet q\u00eb po b\u00ebjn\u00eb disa subjekte politike, q\u00eb veten e quajn\u00eb shqiptare, si dor\u00eb e zgjatur e Qeveris\u00eb, n\u00eb d\u00ebm t\u00eb interesave t\u00eb shqiptar\u00ebve dhe t\u00eb zhvillimeve demokratike n\u00eb p\u00ebrgjith\u00ebsi\u2026 LD n\u00eb MZ si subjekt i cili q\u00eb 18 vite orientim kryesor ka avancimin e pozit\u00ebs s\u00eb shqip\u00ebtar\u00ebve n\u00eb Malin e Zi, nuk do t\u00eb pajtohet kurr\u00eb me nj\u00eb pozit\u00eb t\u00eb till\u00eb diskriminuese dhe se \u00e7\u00ebshtja shqiptare n\u00eb Malin e Zi vazhdon t\u00eb jet\u00eb e hapur.<br \/>\nN\u00eb pyetjen e z.Rumbold lidhur me \u00e7\u00ebshtjen e Kosov\u00ebs, Bardhi u p\u00ebrgjegj se zgjidhja e vetme \u00ebsht\u00eb pavarsia e Kosov\u00ebs si shtet demokratik p\u00ebr t\u00eb gjith\u00eb popujt q\u00eb jetojn\u00eb n\u00eb t\u00eb. Pakica serbe duhet t`i g\u00ebzoj\u00eb t\u00eb gjitha t\u00eb drejtat dhe nga ajo q\u00eb \u00ebsht\u00eb parapar\u00eb shihet se ato t\u00eb drejta jan\u00eb m\u00eb t\u00eb avancuara se ato q\u00eb kan\u00eb sot shqiptar\u00ebt n\u00eb Mal t\u00eb Zi.<img loading=\"lazy\" src=\"http:\/\/www.mans.cg.yu\/Slike-new\/novi_site\/gjonbalaj.jpg\" align=\"right\" height=\"110\" hspace=\"4\" vspace=\"4\" width=\"101\" \/><\/p>\n<ul>\n<li>N\u00ebnkryetari i LD n\u00eb MZ z.Tahir Gjonbalaj shprehu shqet\u00ebsimin e Lidhjes Demokratike dhe t\u00ebr\u00eb banor\u00ebve t\u00eb Komun\u00ebs s\u00eb Plav\u00ebs p\u00ebr tentativ\u00ebn e Qeveris\u00eb malazeze p\u00ebr t\u00eb shpallur zon\u00ebn e Bjeshk\u00ebve t\u00eb Nemuna park nacional.<\/li>\n<\/ul>\n<p>Me krijimin e Parkut Nacional q\u00eb p\u00ebrfshin territor\u00ebt ku jetojn\u00eb shqiptar\u00ebt do t\u00eb b\u00ebhej atak n\u00eb pasurin\u00eb e tyre. Dega e Lidhjes p\u00ebr Plav\u00eb e Guci ka b\u00ebr\u00eb v\u00ebrejtjet e veta me shkrim, t\u00eb cilat u jan\u00eb d\u00ebrguar kompetent\u00ebve t\u00eb Qeveris\u00eb, ku shprehim qart\u00eb mospranimin dhe kund\u00ebrshtimin ton\u00eb p\u00ebr k\u00ebt\u00eb dhe krijimin e Parkut n\u00eb k\u00ebt\u00eb m\u00ebnyr\u00eb.<br \/>\nP\u00ebrfaq\u00ebsuesit e Delegacionit t\u00eb Komisionit Evropian z.Rumbold dhe znj. Cimerman fal\u00ebnderuan p\u00ebrfaqsuesit e LD n\u00eb MZ p\u00ebr bised\u00ebn e sinqert\u00eb dhe premtuan se n\u00eb t\u00eb ardhmen takime t\u00eb tilla do t\u00eb jen\u00eb m\u00eb t\u00eb shpeshta, pasi q\u00eb edhe stafi i tyre s\u00eb shpejti do t\u00eb rritet n\u00eb mbi dyzet n\u00ebpun\u00ebs e ekspert\u00eb, shtoi n\u00eb fund z. Rumbold.<br \/>\nKjo d\u00ebshmon se Mali i Zi do t\u00eb jet\u00eb n\u00ebn nj\u00eb mbikqyrje t\u00eb rrept\u00eb dhe se zhvillimet demokratike, respektimi i t\u00eb drejtave t\u00eb njeriut dhe ato nacionale (t\u00eb pakicave) individuale e kolektive, lufta kund\u00ebr korrupcionit dhe kriminalitetit t\u00eb organizuar nuk ka alternativ\u00eb.<\/p>\n<p><a href=\"http:\/\/www.kohajavore.cg.yu\" target=\"_blank\">K\u00ebshilli p\u00ebr informim<img loading=\"lazy\" src=\"http:\/\/www.kohajavore.cg.yu\/koha.jpg\" align=\"right\" height=\"45\" hspace=\"8\" vspace=\"8\" width=\"187\" \/><\/a><\/p>\n","protected":false},"excerpt":{"rendered":"<p><img loading=\"lazy\" src=\"http:\/\/www2.undp.org.yu\/montenegro\/home\/anticor\/rambold.jpg\" height=\"140\" width=\"140\" \/><\/p>\n","protected":false},"author":1,"featured_media":0,"comment_status":"open","ping_status":"closed","sticky":false,"template":"","format":"standard","meta":{"spay_email":"","jetpack_publicize_message":"","jetpack_is_tweetstorm":false,"jetpack_publicize_feature_enabled":true},"categories":[13],"tags":[1267,898,900,896,872,347,901,897,899],"jetpack_publicize_connections":[],"yoast_head":"<!-- This site is optimized with the Yoast SEO plugin v19.1 - https:\/\/yoast.com\/wordpress\/plugins\/seo\/ -->\n<title>Delegacioni i Lidhjes Demokratike n\u00eb Mal t\u00eb Zi u takua me delegacionin e komisionit evropian - Lajme nga Ulqini<\/title>\n<meta name=\"robots\" content=\"index, follow, max-snippet:-1, max-image-preview:large, max-video-preview:-1\" \/>\n<link rel=\"canonical\" href=\"https:\/\/www.visit-ulcinj.com\/blog\/2008\/01\/28\/delegacioni-i-lidhjes-demokratike-ne-mal-te-zi-u-takua-me-delegacionin-e-komisionit-evropian\/\" \/>\n<meta property=\"og:locale\" content=\"en_US\" \/>\n<meta property=\"og:type\" content=\"article\" \/>\n<meta property=\"og:title\" content=\"Delegacioni i Lidhjes Demokratike n\u00eb Mal t\u00eb Zi u takua me delegacionin e komisionit evropian - Lajme nga Ulqini\" \/>\n<meta property=\"og:url\" content=\"https:\/\/www.visit-ulcinj.com\/blog\/2008\/01\/28\/delegacioni-i-lidhjes-demokratike-ne-mal-te-zi-u-takua-me-delegacionin-e-komisionit-evropian\/\" \/>\n<meta property=\"og:site_name\" content=\"Lajme nga Ulqini\" \/>\n<meta property=\"article:published_time\" content=\"2008-01-28T21:34:29+00:00\" \/>\n<meta property=\"article:modified_time\" content=\"2008-02-13T01:06:18+00:00\" \/>\n<meta property=\"og:image\" content=\"http:\/\/www2.undp.org.yu\/montenegro\/home\/anticor\/rambold.jpg\" \/>\n<meta name=\"twitter:label1\" content=\"Written by\" \/>\n\t<meta name=\"twitter:data1\" content=\"ulqini\" \/>\n\t<meta name=\"twitter:label2\" content=\"Est. reading time\" \/>\n\t<meta name=\"twitter:data2\" content=\"5 minutes\" \/>\n<script type=\"application\/ld+json\" class=\"yoast-schema-graph\">{\"@context\":\"https:\/\/schema.org\",\"@graph\":[{\"@type\":\"WebSite\",\"@id\":\"https:\/\/www.visit-ulcinj.com\/blog\/#website\",\"url\":\"https:\/\/www.visit-ulcinj.com\/blog\/\",\"name\":\"Lajme nga Ulqini\",\"description\":\"Lajme,Vijesti,Ulqini,Ulqin,Crna Gora,Mali i Zi\",\"potentialAction\":[{\"@type\":\"SearchAction\",\"target\":{\"@type\":\"EntryPoint\",\"urlTemplate\":\"https:\/\/www.visit-ulcinj.com\/blog\/?s={search_term_string}\"},\"query-input\":\"required name=search_term_string\"}],\"inLanguage\":\"en-US\"},{\"@type\":\"ImageObject\",\"inLanguage\":\"en-US\",\"@id\":\"https:\/\/www.visit-ulcinj.com\/blog\/2008\/01\/28\/delegacioni-i-lidhjes-demokratike-ne-mal-te-zi-u-takua-me-delegacionin-e-komisionit-evropian\/#primaryimage\",\"url\":\"http:\/\/www2.undp.org.yu\/montenegro\/home\/anticor\/rambold.jpg\",\"contentUrl\":\"http:\/\/www2.undp.org.yu\/montenegro\/home\/anticor\/rambold.jpg\"},{\"@type\":\"WebPage\",\"@id\":\"https:\/\/www.visit-ulcinj.com\/blog\/2008\/01\/28\/delegacioni-i-lidhjes-demokratike-ne-mal-te-zi-u-takua-me-delegacionin-e-komisionit-evropian\/#webpage\",\"url\":\"https:\/\/www.visit-ulcinj.com\/blog\/2008\/01\/28\/delegacioni-i-lidhjes-demokratike-ne-mal-te-zi-u-takua-me-delegacionin-e-komisionit-evropian\/\",\"name\":\"Delegacioni i Lidhjes Demokratike n\u00eb Mal t\u00eb Zi u takua me delegacionin e komisionit evropian - Lajme nga Ulqini\",\"isPartOf\":{\"@id\":\"https:\/\/www.visit-ulcinj.com\/blog\/#website\"},\"primaryImageOfPage\":{\"@id\":\"https:\/\/www.visit-ulcinj.com\/blog\/2008\/01\/28\/delegacioni-i-lidhjes-demokratike-ne-mal-te-zi-u-takua-me-delegacionin-e-komisionit-evropian\/#primaryimage\"},\"datePublished\":\"2008-01-28T21:34:29+00:00\",\"dateModified\":\"2008-02-13T01:06:18+00:00\",\"author\":{\"@id\":\"https:\/\/www.visit-ulcinj.com\/blog\/#\/schema\/person\/dcab619c614d3038751c63bc2aadc06d\"},\"breadcrumb\":{\"@id\":\"https:\/\/www.visit-ulcinj.com\/blog\/2008\/01\/28\/delegacioni-i-lidhjes-demokratike-ne-mal-te-zi-u-takua-me-delegacionin-e-komisionit-evropian\/#breadcrumb\"},\"inLanguage\":\"en-US\",\"potentialAction\":[{\"@type\":\"ReadAction\",\"target\":[\"https:\/\/www.visit-ulcinj.com\/blog\/2008\/01\/28\/delegacioni-i-lidhjes-demokratike-ne-mal-te-zi-u-takua-me-delegacionin-e-komisionit-evropian\/\"]}]},{\"@type\":\"BreadcrumbList\",\"@id\":\"https:\/\/www.visit-ulcinj.com\/blog\/2008\/01\/28\/delegacioni-i-lidhjes-demokratike-ne-mal-te-zi-u-takua-me-delegacionin-e-komisionit-evropian\/#breadcrumb\",\"itemListElement\":[{\"@type\":\"ListItem\",\"position\":1,\"name\":\"Delegacioni i Lidhjes Demokratike n\u00eb Mal t\u00eb Zi u takua me delegacionin e komisionit evropian\"}]},{\"@type\":\"Person\",\"@id\":\"https:\/\/www.visit-ulcinj.com\/blog\/#\/schema\/person\/dcab619c614d3038751c63bc2aadc06d\",\"name\":\"ulqini\",\"sameAs\":[\"http:\/\/www.visit-ulcinj.com\"],\"url\":\"https:\/\/www.visit-ulcinj.com\/blog\/author\/admin\/\"}]}<\/script>\n<!-- \/ Yoast SEO plugin. -->","yoast_head_json":{"title":"Delegacioni i Lidhjes Demokratike n\u00eb Mal t\u00eb Zi u takua me delegacionin e komisionit evropian - Lajme nga Ulqini","robots":{"index":"index","follow":"follow","max-snippet":"max-snippet:-1","max-image-preview":"max-image-preview:large","max-video-preview":"max-video-preview:-1"},"canonical":"https:\/\/www.visit-ulcinj.com\/blog\/2008\/01\/28\/delegacioni-i-lidhjes-demokratike-ne-mal-te-zi-u-takua-me-delegacionin-e-komisionit-evropian\/","og_locale":"en_US","og_type":"article","og_title":"Delegacioni i Lidhjes Demokratike n\u00eb Mal t\u00eb Zi u takua me delegacionin e komisionit evropian - Lajme nga Ulqini","og_url":"https:\/\/www.visit-ulcinj.com\/blog\/2008\/01\/28\/delegacioni-i-lidhjes-demokratike-ne-mal-te-zi-u-takua-me-delegacionin-e-komisionit-evropian\/","og_site_name":"Lajme nga Ulqini","article_published_time":"2008-01-28T21:34:29+00:00","article_modified_time":"2008-02-13T01:06:18+00:00","og_image":[{"url":"http:\/\/www2.undp.org.yu\/montenegro\/home\/anticor\/rambold.jpg"}],"twitter_misc":{"Written by":"ulqini","Est. reading time":"5 minutes"},"schema":{"@context":"https:\/\/schema.org","@graph":[{"@type":"WebSite","@id":"https:\/\/www.visit-ulcinj.com\/blog\/#website","url":"https:\/\/www.visit-ulcinj.com\/blog\/","name":"Lajme nga Ulqini","description":"Lajme,Vijesti,Ulqini,Ulqin,Crna Gora,Mali i Zi","potentialAction":[{"@type":"SearchAction","target":{"@type":"EntryPoint","urlTemplate":"https:\/\/www.visit-ulcinj.com\/blog\/?s={search_term_string}"},"query-input":"required name=search_term_string"}],"inLanguage":"en-US"},{"@type":"ImageObject","inLanguage":"en-US","@id":"https:\/\/www.visit-ulcinj.com\/blog\/2008\/01\/28\/delegacioni-i-lidhjes-demokratike-ne-mal-te-zi-u-takua-me-delegacionin-e-komisionit-evropian\/#primaryimage","url":"http:\/\/www2.undp.org.yu\/montenegro\/home\/anticor\/rambold.jpg","contentUrl":"http:\/\/www2.undp.org.yu\/montenegro\/home\/anticor\/rambold.jpg"},{"@type":"WebPage","@id":"https:\/\/www.visit-ulcinj.com\/blog\/2008\/01\/28\/delegacioni-i-lidhjes-demokratike-ne-mal-te-zi-u-takua-me-delegacionin-e-komisionit-evropian\/#webpage","url":"https:\/\/www.visit-ulcinj.com\/blog\/2008\/01\/28\/delegacioni-i-lidhjes-demokratike-ne-mal-te-zi-u-takua-me-delegacionin-e-komisionit-evropian\/","name":"Delegacioni i Lidhjes Demokratike n\u00eb Mal t\u00eb Zi u takua me delegacionin e komisionit evropian - Lajme nga Ulqini","isPartOf":{"@id":"https:\/\/www.visit-ulcinj.com\/blog\/#website"},"primaryImageOfPage":{"@id":"https:\/\/www.visit-ulcinj.com\/blog\/2008\/01\/28\/delegacioni-i-lidhjes-demokratike-ne-mal-te-zi-u-takua-me-delegacionin-e-komisionit-evropian\/#primaryimage"},"datePublished":"2008-01-28T21:34:29+00:00","dateModified":"2008-02-13T01:06:18+00:00","author":{"@id":"https:\/\/www.visit-ulcinj.com\/blog\/#\/schema\/person\/dcab619c614d3038751c63bc2aadc06d"},"breadcrumb":{"@id":"https:\/\/www.visit-ulcinj.com\/blog\/2008\/01\/28\/delegacioni-i-lidhjes-demokratike-ne-mal-te-zi-u-takua-me-delegacionin-e-komisionit-evropian\/#breadcrumb"},"inLanguage":"en-US","potentialAction":[{"@type":"ReadAction","target":["https:\/\/www.visit-ulcinj.com\/blog\/2008\/01\/28\/delegacioni-i-lidhjes-demokratike-ne-mal-te-zi-u-takua-me-delegacionin-e-komisionit-evropian\/"]}]},{"@type":"BreadcrumbList","@id":"https:\/\/www.visit-ulcinj.com\/blog\/2008\/01\/28\/delegacioni-i-lidhjes-demokratike-ne-mal-te-zi-u-takua-me-delegacionin-e-komisionit-evropian\/#breadcrumb","itemListElement":[{"@type":"ListItem","position":1,"name":"Delegacioni i Lidhjes Demokratike n\u00eb Mal t\u00eb Zi u takua me delegacionin e komisionit evropian"}]},{"@type":"Person","@id":"https:\/\/www.visit-ulcinj.com\/blog\/#\/schema\/person\/dcab619c614d3038751c63bc2aadc06d","name":"ulqini","sameAs":["http:\/\/www.visit-ulcinj.com"],"url":"https:\/\/www.visit-ulcinj.com\/blog\/author\/admin\/"}]}},"jetpack_featured_media_url":"","jetpack_sharing_enabled":true,"jetpack_shortlink":"https:\/\/wp.me\/pe6lTn-5f","_links":{"self":[{"href":"https:\/\/www.visit-ulcinj.com\/blog\/wp-json\/wp\/v2\/posts\/325"}],"collection":[{"href":"https:\/\/www.visit-ulcinj.com\/blog\/wp-json\/wp\/v2\/posts"}],"about":[{"href":"https:\/\/www.visit-ulcinj.com\/blog\/wp-json\/wp\/v2\/types\/post"}],"author":[{"embeddable":true,"href":"https:\/\/www.visit-ulcinj.com\/blog\/wp-json\/wp\/v2\/users\/1"}],"replies":[{"embeddable":true,"href":"https:\/\/www.visit-ulcinj.com\/blog\/wp-json\/wp\/v2\/comments?post=325"}],"version-history":[{"count":0,"href":"https:\/\/www.visit-ulcinj.com\/blog\/wp-json\/wp\/v2\/posts\/325\/revisions"}],"wp:attachment":[{"href":"https:\/\/www.visit-ulcinj.com\/blog\/wp-json\/wp\/v2\/media?parent=325"}],"wp:term":[{"taxonomy":"category","embeddable":true,"href":"https:\/\/www.visit-ulcinj.com\/blog\/wp-json\/wp\/v2\/categories?post=325"},{"taxonomy":"post_tag","embeddable":true,"href":"https:\/\/www.visit-ulcinj.com\/blog\/wp-json\/wp\/v2\/tags?post=325"}],"curies":[{"name":"wp","href":"https:\/\/api.w.org\/{rel}","templated":true}]}}