{"id":32567,"date":"2010-04-29T19:42:58","date_gmt":"2010-04-29T17:42:58","guid":{"rendered":"http:\/\/www.visit-ulcinj.com\/blog\/?p=32567"},"modified":"2010-04-29T19:42:58","modified_gmt":"2010-04-29T17:42:58","slug":"muzeu-muzej-shkalaja","status":"publish","type":"post","link":"https:\/\/www.visit-ulcinj.com\/blog\/2010\/04\/29\/muzeu-muzej-shkalaja\/","title":{"rendered":"Muzeu- Muzej &#8220;Shkalaja&#8221;"},"content":{"rendered":"<div><strong><a href=\"http:\/\/www.visit-ulcinj.com\/blog\/wp-content\/uploads\/2010\/04\/Maketa-Starog-grada-Ulcinja.jpg\"><img loading=\"lazy\" class=\"alignleft size-full wp-image-32569\" title=\"Maketa Starog grada Ulcinja\" src=\"http:\/\/www.visit-ulcinj.com\/blog\/wp-content\/uploads\/2010\/04\/Maketa-Starog-grada-Ulcinja.jpg\" alt=\"Maketa Starog grada Ulcinja\" width=\"580\" height=\"400\" \/><\/a>Maketa Starog grada Ulcinja..<\/strong><br \/>\nOvako  ga je vidio akademik, prof. dr. Pavle Mijovi?, prvi predsjednik P<span>&#8230;<\/span><span>EN  a. kod nas, po?asni ?lan, Dru\u0161tva prijatelja Starog grada &#8221; Kalaja&#8221; i  ?ovjek koji je dao veliki doprinos da se glas o nama ?uje danas, mnogo  vi\u0161e i viso?ije od drevnih zidina Starog grada.Vi\u0161e od sedamnaest godina  mukotrpnog rada, arheolo\u0161kog iskopavanja i istra\u017eivanja,  klasifikovanja,  i td. i na kraju, krunisanih u epohalnoj monografiji,  ULCINJ I, je van svake sumnje od velikog zna?aja za na\u0161u kulturu.<br \/>\nNjegovo ime se  mora zlatnim slovima obilje\u017eiti u Istoriji ovog  grada, i ne samo njegovog. Svuda je on bio prisutan po Crnoj Gori.  Mi\u0161ljenja sam da bi nau?ni radnici  i&#8221; obe&#8221; Akademije morali vi\u0161e pa\u017enje  posvetiti njegovom djelu i njegovom \u017eivotu. Organizovanje jednog  nau?nog simpozijuma o njemu i njegovom radu , posebno tu kod nas,  siguran sam da bi unijelo vi\u0161e svjetlosti u njegov nau?no-istra\u017eiva?ki  rad. On je to zaslu\u017eio jo\u0161 za \u017eivota, alli na\u0161 narod ka\u017ee da nije &#8220;nikad  kasno&#8221;. Mislim da mu to dugujemo , ne samo mi koji \u017eivimo gore me?u  drevne zidine Starog grada,i ne samo Ulcinj, ve? ?itava Crna Gora.<br \/>\nRepubli?ki zavod za za\u0161titu spomenika kulture sa sjedi\u0161tem na   Cetinju, bi morao o ovome da razmi\u0161lja jer jedino bi se na taj na?in  mogli i odu\u017eiti  ovom velikanu na\u0161e kulture.<\/span><\/div>\n<div><span><br \/>\n<\/span><\/div>\n<div>\n<div><span> <\/span><strong><span><a href=\"http:\/\/www.facebook.com\/profile.php?id=1359492972&amp;ref=mf\">Ismet Karamanaga<\/a><\/span><a href=\"http:\/\/www.facebook.com\/profile.php?id=1359492972&amp;ref=mf\">. Facebook<br \/>\n<\/a><\/strong><\/div>\n<div><strong>\n\t\t<style type=\"text\/css\">\n\t\t\t#gallery-1 {\n\t\t\t\tmargin: auto;\n\t\t\t}\n\t\t\t#gallery-1 .gallery-item {\n\t\t\t\tfloat: left;\n\t\t\t\tmargin-top: 10px;\n\t\t\t\ttext-align: center;\n\t\t\t\twidth: 33%;\n\t\t\t}\n\t\t\t#gallery-1 img {\n\t\t\t\tborder: 2px solid #cfcfcf;\n\t\t\t}\n\t\t\t#gallery-1 .gallery-caption {\n\t\t\t\tmargin-left: 0;\n\t\t\t}\n\t\t\t\/* see gallery_shortcode() in wp-includes\/media.php *\/\n\t\t<\/style>\n\t\t<div id='gallery-1' class='gallery galleryid-32567 gallery-columns-3 gallery-size-thumbnail'><dl class='gallery-item'>\n\t\t\t<dt class='gallery-icon landscape'>\n\t\t\t\t<a href='https:\/\/www.visit-ulcinj.com\/blog\/wp-content\/uploads\/2010\/04\/Muzej_Stari-grad-Ulcinj.jpg'><img width=\"150\" height=\"150\" src=\"https:\/\/www.visit-ulcinj.com\/blog\/wp-content\/uploads\/2010\/04\/Muzej_Stari-grad-Ulcinj-150x150.jpg\" class=\"attachment-thumbnail size-thumbnail\" alt=\"\" loading=\"lazy\" \/><\/a>\n\t\t\t<\/dt><\/dl><dl class='gallery-item'>\n\t\t\t<dt class='gallery-icon landscape'>\n\t\t\t\t<a href='https:\/\/www.visit-ulcinj.com\/blog\/wp-content\/uploads\/2010\/04\/Maketa-Starog-grada-Ulcinja.jpg'><img width=\"150\" height=\"150\" src=\"https:\/\/www.visit-ulcinj.com\/blog\/wp-content\/uploads\/2010\/04\/Maketa-Starog-grada-Ulcinja-150x150.jpg\" class=\"attachment-thumbnail size-thumbnail\" alt=\"\" loading=\"lazy\" \/><\/a>\n\t\t\t<\/dt><\/dl><dl class='gallery-item'>\n\t\t\t<dt class='gallery-icon landscape'>\n\t\t\t\t<a href='https:\/\/www.visit-ulcinj.com\/blog\/wp-content\/uploads\/2010\/04\/Muzej_Stari-grad-Ulcinj.1.jpg'><img width=\"150\" height=\"150\" src=\"https:\/\/www.visit-ulcinj.com\/blog\/wp-content\/uploads\/2010\/04\/Muzej_Stari-grad-Ulcinj.1-150x150.jpg\" class=\"attachment-thumbnail size-thumbnail\" alt=\"\" loading=\"lazy\" \/><\/a>\n\t\t\t<\/dt><\/dl><br style=\"clear: both\" \/><dl class='gallery-item'>\n\t\t\t<dt class='gallery-icon landscape'>\n\t\t\t\t<a href='https:\/\/www.visit-ulcinj.com\/blog\/wp-content\/uploads\/2010\/04\/Muzej_Stari-grad-Ulcinj.2.jpg'><img width=\"150\" height=\"150\" src=\"https:\/\/www.visit-ulcinj.com\/blog\/wp-content\/uploads\/2010\/04\/Muzej_Stari-grad-Ulcinj.2-150x150.jpg\" class=\"attachment-thumbnail size-thumbnail\" alt=\"\" loading=\"lazy\" \/><\/a>\n\t\t\t<\/dt><\/dl><dl class='gallery-item'>\n\t\t\t<dt class='gallery-icon landscape'>\n\t\t\t\t<a href='https:\/\/www.visit-ulcinj.com\/blog\/wp-content\/uploads\/2010\/04\/Muzej_Stari-grad-Ulcinj.3.jpg'><img width=\"150\" height=\"150\" src=\"https:\/\/www.visit-ulcinj.com\/blog\/wp-content\/uploads\/2010\/04\/Muzej_Stari-grad-Ulcinj.3-150x150.jpg\" class=\"attachment-thumbnail size-thumbnail\" alt=\"\" loading=\"lazy\" \/><\/a>\n\t\t\t<\/dt><\/dl><dl class='gallery-item'>\n\t\t\t<dt class='gallery-icon landscape'>\n\t\t\t\t<a href='https:\/\/www.visit-ulcinj.com\/blog\/wp-content\/uploads\/2010\/04\/Muzej_Stari-grad-Ulcinj.4.jpg'><img width=\"150\" height=\"150\" src=\"https:\/\/www.visit-ulcinj.com\/blog\/wp-content\/uploads\/2010\/04\/Muzej_Stari-grad-Ulcinj.4-150x150.jpg\" class=\"attachment-thumbnail size-thumbnail\" alt=\"\" loading=\"lazy\" \/><\/a>\n\t\t\t<\/dt><\/dl><br style=\"clear: both\" \/><dl class='gallery-item'>\n\t\t\t<dt class='gallery-icon landscape'>\n\t\t\t\t<a href='https:\/\/www.visit-ulcinj.com\/blog\/wp-content\/uploads\/2010\/04\/Muzej_Stari-grad-Ulcinj.5.jpg'><img width=\"150\" height=\"150\" src=\"https:\/\/www.visit-ulcinj.com\/blog\/wp-content\/uploads\/2010\/04\/Muzej_Stari-grad-Ulcinj.5-150x150.jpg\" class=\"attachment-thumbnail size-thumbnail\" alt=\"\" loading=\"lazy\" \/><\/a>\n\t\t\t<\/dt><\/dl><dl class='gallery-item'>\n\t\t\t<dt class='gallery-icon landscape'>\n\t\t\t\t<a href='https:\/\/www.visit-ulcinj.com\/blog\/wp-content\/uploads\/2010\/04\/Muzej_Stari-grad-Ulcinj.6.jpg'><img width=\"150\" height=\"150\" src=\"https:\/\/www.visit-ulcinj.com\/blog\/wp-content\/uploads\/2010\/04\/Muzej_Stari-grad-Ulcinj.6-150x150.jpg\" class=\"attachment-thumbnail size-thumbnail\" alt=\"\" loading=\"lazy\" \/><\/a>\n\t\t\t<\/dt><\/dl><dl class='gallery-item'>\n\t\t\t<dt class='gallery-icon landscape'>\n\t\t\t\t<a href='https:\/\/www.visit-ulcinj.com\/blog\/wp-content\/uploads\/2010\/04\/Muzej_Stari-grad-Ulcinj.7.jpg'><img width=\"150\" height=\"150\" src=\"https:\/\/www.visit-ulcinj.com\/blog\/wp-content\/uploads\/2010\/04\/Muzej_Stari-grad-Ulcinj.7-150x150.jpg\" class=\"attachment-thumbnail size-thumbnail\" alt=\"\" loading=\"lazy\" \/><\/a>\n\t\t\t<\/dt><\/dl><br style=\"clear: both\" \/>\n\t\t<\/div>\n<br \/>\n<!--YouTube Error: bad URL entered--><br \/>\n<\/strong><\/div>\n<\/div>\n","protected":false},"excerpt":{"rendered":"<p>Maketa Starog grada Ulcinja.. Ovako ga je vidio akademik, prof. dr. Pavle Mijovi?, prvi predsjednik P&#8230;EN a. kod nas, po?asni ?lan, Dru\u0161tva prijatelja Starog grada &#8221; Kalaja&#8221; i ?ovjek koji je dao veliki doprinos da se glas o nama ?uje danas, mnogo vi\u0161e i viso?ije od drevnih zidina Starog grada.Vi\u0161e od sedamnaest godina mukotrpnog rada, [&hellip;]<\/p>\n","protected":false},"author":1,"featured_media":0,"comment_status":"open","ping_status":"closed","sticky":false,"template":"","format":"standard","meta":{"spay_email":"","jetpack_publicize_message":"","jetpack_is_tweetstorm":false,"jetpack_publicize_feature_enabled":true},"categories":[11],"tags":[20,14167,306,19],"jetpack_publicize_connections":[],"yoast_head":"<!-- This site is optimized with the Yoast SEO plugin v19.1 - https:\/\/yoast.com\/wordpress\/plugins\/seo\/ -->\n<title>Muzeu- Muzej &quot;Shkalaja&quot; - Lajme nga Ulqini<\/title>\n<meta name=\"description\" content=\"Maketa Starog grada Ulcinja.. Ovako ga je vidio akademik, prof. dr. Pavle Mijovi?, prvi predsjednik P...EN a. kod nas, po?asni ?lan, Dru\u0161tva prijatelja\" \/>\n<meta name=\"robots\" content=\"index, follow, max-snippet:-1, max-image-preview:large, max-video-preview:-1\" \/>\n<link rel=\"canonical\" href=\"https:\/\/www.visit-ulcinj.com\/blog\/2010\/04\/29\/muzeu-muzej-shkalaja\/\" \/>\n<meta property=\"og:locale\" content=\"en_US\" \/>\n<meta property=\"og:type\" content=\"article\" \/>\n<meta property=\"og:title\" content=\"Muzeu- Muzej &quot;Shkalaja&quot; - Lajme nga Ulqini\" \/>\n<meta property=\"og:description\" content=\"Maketa Starog grada Ulcinja.. Ovako ga je vidio akademik, prof. dr. Pavle Mijovi?, prvi predsjednik P...EN a. kod nas, po?asni ?lan, Dru\u0161tva prijatelja\" \/>\n<meta property=\"og:url\" content=\"https:\/\/www.visit-ulcinj.com\/blog\/2010\/04\/29\/muzeu-muzej-shkalaja\/\" \/>\n<meta property=\"og:site_name\" content=\"Lajme nga Ulqini\" \/>\n<meta property=\"article:published_time\" content=\"2010-04-29T17:42:58+00:00\" \/>\n<meta property=\"og:image\" content=\"https:\/\/www.visit-ulcinj.com\/blog\/wp-content\/uploads\/2010\/04\/Muzej_Stari-grad-Ulcinj-150x150.jpg\" \/>\n<meta name=\"twitter:label1\" content=\"Written by\" \/>\n\t<meta name=\"twitter:data1\" content=\"ulqini\" \/>\n\t<meta name=\"twitter:label2\" content=\"Est. reading time\" \/>\n\t<meta name=\"twitter:data2\" content=\"1 minute\" \/>\n<script type=\"application\/ld+json\" class=\"yoast-schema-graph\">{\"@context\":\"https:\/\/schema.org\",\"@graph\":[{\"@type\":\"WebSite\",\"@id\":\"https:\/\/www.visit-ulcinj.com\/blog\/#website\",\"url\":\"https:\/\/www.visit-ulcinj.com\/blog\/\",\"name\":\"Lajme nga Ulqini\",\"description\":\"Lajme,Vijesti,Ulqini,Ulqin,Crna Gora,Mali i Zi\",\"potentialAction\":[{\"@type\":\"SearchAction\",\"target\":{\"@type\":\"EntryPoint\",\"urlTemplate\":\"https:\/\/www.visit-ulcinj.com\/blog\/?s={search_term_string}\"},\"query-input\":\"required name=search_term_string\"}],\"inLanguage\":\"en-US\"},{\"@type\":\"ImageObject\",\"inLanguage\":\"en-US\",\"@id\":\"https:\/\/www.visit-ulcinj.com\/blog\/2010\/04\/29\/muzeu-muzej-shkalaja\/#primaryimage\",\"url\":\"https:\/\/www.visit-ulcinj.com\/blog\/wp-content\/uploads\/2010\/04\/Maketa-Starog-grada-Ulcinja.jpg\",\"contentUrl\":\"https:\/\/www.visit-ulcinj.com\/blog\/wp-content\/uploads\/2010\/04\/Maketa-Starog-grada-Ulcinja.jpg\",\"width\":\"720\",\"height\":\"540\"},{\"@type\":\"WebPage\",\"@id\":\"https:\/\/www.visit-ulcinj.com\/blog\/2010\/04\/29\/muzeu-muzej-shkalaja\/#webpage\",\"url\":\"https:\/\/www.visit-ulcinj.com\/blog\/2010\/04\/29\/muzeu-muzej-shkalaja\/\",\"name\":\"Muzeu- Muzej \\\"Shkalaja\\\" - Lajme nga Ulqini\",\"isPartOf\":{\"@id\":\"https:\/\/www.visit-ulcinj.com\/blog\/#website\"},\"primaryImageOfPage\":{\"@id\":\"https:\/\/www.visit-ulcinj.com\/blog\/2010\/04\/29\/muzeu-muzej-shkalaja\/#primaryimage\"},\"datePublished\":\"2010-04-29T17:42:58+00:00\",\"dateModified\":\"2010-04-29T17:42:58+00:00\",\"author\":{\"@id\":\"https:\/\/www.visit-ulcinj.com\/blog\/#\/schema\/person\/dcab619c614d3038751c63bc2aadc06d\"},\"description\":\"Maketa Starog grada Ulcinja.. Ovako ga je vidio akademik, prof. dr. Pavle Mijovi?, prvi predsjednik P...EN a. kod nas, po?asni ?lan, Dru\u0161tva prijatelja\",\"breadcrumb\":{\"@id\":\"https:\/\/www.visit-ulcinj.com\/blog\/2010\/04\/29\/muzeu-muzej-shkalaja\/#breadcrumb\"},\"inLanguage\":\"en-US\",\"potentialAction\":[{\"@type\":\"ReadAction\",\"target\":[\"https:\/\/www.visit-ulcinj.com\/blog\/2010\/04\/29\/muzeu-muzej-shkalaja\/\"]}]},{\"@type\":\"BreadcrumbList\",\"@id\":\"https:\/\/www.visit-ulcinj.com\/blog\/2010\/04\/29\/muzeu-muzej-shkalaja\/#breadcrumb\",\"itemListElement\":[{\"@type\":\"ListItem\",\"position\":1,\"name\":\"Muzeu- Muzej &#8220;Shkalaja&#8221;\"}]},{\"@type\":\"Person\",\"@id\":\"https:\/\/www.visit-ulcinj.com\/blog\/#\/schema\/person\/dcab619c614d3038751c63bc2aadc06d\",\"name\":\"ulqini\",\"sameAs\":[\"http:\/\/www.visit-ulcinj.com\"],\"url\":\"https:\/\/www.visit-ulcinj.com\/blog\/author\/admin\/\"}]}<\/script>\n<!-- \/ Yoast SEO plugin. -->","yoast_head_json":{"title":"Muzeu- Muzej \"Shkalaja\" - Lajme nga Ulqini","description":"Maketa Starog grada Ulcinja.. Ovako ga je vidio akademik, prof. dr. Pavle Mijovi?, prvi predsjednik P...EN a. kod nas, po?asni ?lan, Dru\u0161tva prijatelja","robots":{"index":"index","follow":"follow","max-snippet":"max-snippet:-1","max-image-preview":"max-image-preview:large","max-video-preview":"max-video-preview:-1"},"canonical":"https:\/\/www.visit-ulcinj.com\/blog\/2010\/04\/29\/muzeu-muzej-shkalaja\/","og_locale":"en_US","og_type":"article","og_title":"Muzeu- Muzej \"Shkalaja\" - Lajme nga Ulqini","og_description":"Maketa Starog grada Ulcinja.. Ovako ga je vidio akademik, prof. dr. Pavle Mijovi?, prvi predsjednik P...EN a. kod nas, po?asni ?lan, Dru\u0161tva prijatelja","og_url":"https:\/\/www.visit-ulcinj.com\/blog\/2010\/04\/29\/muzeu-muzej-shkalaja\/","og_site_name":"Lajme nga Ulqini","article_published_time":"2010-04-29T17:42:58+00:00","og_image":[{"url":"https:\/\/www.visit-ulcinj.com\/blog\/wp-content\/uploads\/2010\/04\/Muzej_Stari-grad-Ulcinj-150x150.jpg"}],"twitter_misc":{"Written by":"ulqini","Est. reading time":"1 minute"},"schema":{"@context":"https:\/\/schema.org","@graph":[{"@type":"WebSite","@id":"https:\/\/www.visit-ulcinj.com\/blog\/#website","url":"https:\/\/www.visit-ulcinj.com\/blog\/","name":"Lajme nga Ulqini","description":"Lajme,Vijesti,Ulqini,Ulqin,Crna Gora,Mali i Zi","potentialAction":[{"@type":"SearchAction","target":{"@type":"EntryPoint","urlTemplate":"https:\/\/www.visit-ulcinj.com\/blog\/?s={search_term_string}"},"query-input":"required name=search_term_string"}],"inLanguage":"en-US"},{"@type":"ImageObject","inLanguage":"en-US","@id":"https:\/\/www.visit-ulcinj.com\/blog\/2010\/04\/29\/muzeu-muzej-shkalaja\/#primaryimage","url":"https:\/\/www.visit-ulcinj.com\/blog\/wp-content\/uploads\/2010\/04\/Maketa-Starog-grada-Ulcinja.jpg","contentUrl":"https:\/\/www.visit-ulcinj.com\/blog\/wp-content\/uploads\/2010\/04\/Maketa-Starog-grada-Ulcinja.jpg","width":"720","height":"540"},{"@type":"WebPage","@id":"https:\/\/www.visit-ulcinj.com\/blog\/2010\/04\/29\/muzeu-muzej-shkalaja\/#webpage","url":"https:\/\/www.visit-ulcinj.com\/blog\/2010\/04\/29\/muzeu-muzej-shkalaja\/","name":"Muzeu- Muzej \"Shkalaja\" - Lajme nga Ulqini","isPartOf":{"@id":"https:\/\/www.visit-ulcinj.com\/blog\/#website"},"primaryImageOfPage":{"@id":"https:\/\/www.visit-ulcinj.com\/blog\/2010\/04\/29\/muzeu-muzej-shkalaja\/#primaryimage"},"datePublished":"2010-04-29T17:42:58+00:00","dateModified":"2010-04-29T17:42:58+00:00","author":{"@id":"https:\/\/www.visit-ulcinj.com\/blog\/#\/schema\/person\/dcab619c614d3038751c63bc2aadc06d"},"description":"Maketa Starog grada Ulcinja.. Ovako ga je vidio akademik, prof. dr. Pavle Mijovi?, prvi predsjednik P...EN a. kod nas, po?asni ?lan, Dru\u0161tva prijatelja","breadcrumb":{"@id":"https:\/\/www.visit-ulcinj.com\/blog\/2010\/04\/29\/muzeu-muzej-shkalaja\/#breadcrumb"},"inLanguage":"en-US","potentialAction":[{"@type":"ReadAction","target":["https:\/\/www.visit-ulcinj.com\/blog\/2010\/04\/29\/muzeu-muzej-shkalaja\/"]}]},{"@type":"BreadcrumbList","@id":"https:\/\/www.visit-ulcinj.com\/blog\/2010\/04\/29\/muzeu-muzej-shkalaja\/#breadcrumb","itemListElement":[{"@type":"ListItem","position":1,"name":"Muzeu- Muzej &#8220;Shkalaja&#8221;"}]},{"@type":"Person","@id":"https:\/\/www.visit-ulcinj.com\/blog\/#\/schema\/person\/dcab619c614d3038751c63bc2aadc06d","name":"ulqini","sameAs":["http:\/\/www.visit-ulcinj.com"],"url":"https:\/\/www.visit-ulcinj.com\/blog\/author\/admin\/"}]}},"jetpack_featured_media_url":"","jetpack_sharing_enabled":true,"jetpack_shortlink":"https:\/\/wp.me\/pe6lTn-8th","_links":{"self":[{"href":"https:\/\/www.visit-ulcinj.com\/blog\/wp-json\/wp\/v2\/posts\/32567"}],"collection":[{"href":"https:\/\/www.visit-ulcinj.com\/blog\/wp-json\/wp\/v2\/posts"}],"about":[{"href":"https:\/\/www.visit-ulcinj.com\/blog\/wp-json\/wp\/v2\/types\/post"}],"author":[{"embeddable":true,"href":"https:\/\/www.visit-ulcinj.com\/blog\/wp-json\/wp\/v2\/users\/1"}],"replies":[{"embeddable":true,"href":"https:\/\/www.visit-ulcinj.com\/blog\/wp-json\/wp\/v2\/comments?post=32567"}],"version-history":[{"count":0,"href":"https:\/\/www.visit-ulcinj.com\/blog\/wp-json\/wp\/v2\/posts\/32567\/revisions"}],"wp:attachment":[{"href":"https:\/\/www.visit-ulcinj.com\/blog\/wp-json\/wp\/v2\/media?parent=32567"}],"wp:term":[{"taxonomy":"category","embeddable":true,"href":"https:\/\/www.visit-ulcinj.com\/blog\/wp-json\/wp\/v2\/categories?post=32567"},{"taxonomy":"post_tag","embeddable":true,"href":"https:\/\/www.visit-ulcinj.com\/blog\/wp-json\/wp\/v2\/tags?post=32567"}],"curies":[{"name":"wp","href":"https:\/\/api.w.org\/{rel}","templated":true}]}}