{"id":32599,"date":"2010-04-30T16:26:08","date_gmt":"2010-04-30T14:26:08","guid":{"rendered":"http:\/\/www.visit-ulcinj.com\/blog\/?p=32599"},"modified":"2010-04-30T16:26:08","modified_gmt":"2010-04-30T14:26:08","slug":"partit-shqiptare-ne-tuz-bejne-koalicion","status":"publish","type":"post","link":"https:\/\/www.visit-ulcinj.com\/blog\/2010\/04\/30\/partit-shqiptare-ne-tuz-bejne-koalicion\/","title":{"rendered":"Partit shqiptare n\u00eb Tuz b\u00ebjn\u00eb koalicion"},"content":{"rendered":"<p><a href=\"http:\/\/www.visit-ulcinj.com\/blog\/wp-content\/uploads\/2010\/04\/tuzi.jpg\"><img loading=\"lazy\" class=\"alignleft size-full wp-image-32600\" title=\"tuzi\" src=\"http:\/\/www.visit-ulcinj.com\/blog\/wp-content\/uploads\/2010\/04\/tuzi.jpg\" alt=\"tuzi\" width=\"403\" height=\"235\" srcset=\"https:\/\/www.visit-ulcinj.com\/blog\/wp-content\/uploads\/2010\/04\/tuzi.jpg 474w, https:\/\/www.visit-ulcinj.com\/blog\/wp-content\/uploads\/2010\/04\/tuzi-300x175.jpg 300w\" sizes=\"(max-width: 403px) 100vw, 403px\" \/><\/a>N\u00eb saje t\u00eb sugjerimeve dhe kontributit t\u00eb diplomacis\u00eb shqiptare dhe n\u00ebnprefektit t\u00eb Mal\u00ebsis\u00eb s\u00eb Madhe, Sutki Ndreca, bashkohen n\u00eb nj\u00eb list\u00eb partit\u00eb shqiptare n\u00eb Mal\u00ebsi p\u00ebr t\u00eb garuar n\u00eb zgjedhjet lokale t\u00eb dat\u00ebs 23 maj, njofton KosovaLive.<br \/>\nPas negociatave t\u00eb shumta, t\u00eb tejzgjatura, t\u00eb shoq\u00ebruara edhe me debate t\u00eb ashpra, madje edhe akuza t\u00eb nd\u00ebrsjella p\u00ebr gjendjen e krijuar n\u00eb spektrin politik n\u00eb Mal\u00ebsi, tri partit\u00eb kryesore shqiptare n\u00eb k\u00ebt\u00eb trev\u00eb, Lidhja Demokratike, Iniciativa Qytetare dhe Alternativa Shqiptare, fal sugjerimeve dhe nd\u00ebrhyrjes s\u00eb diplomacis\u00eb, ato gjeten formul\u00ebn e kompromisit.<br \/>\nMarr\u00ebveshjen p\u00ebr koalicion e n\u00ebnshkruan Nikoll\u00eb Camaj nga Lidhja Demokratike, Vasel Sinishtaj nga Iniciativa Qytetare dhe n\u00eb em\u00ebr t\u00eb Alternativ\u00ebs Shqiptare, kryetari i saj, Gjergj Camaj.<br \/>\nNjoh\u00ebsit e rrethanave n\u00eb Mal\u00ebsi thon\u00eb se kjo bashk\u00ebrenditje e subjekteve shqiptare edhe \u00ebsht\u00eb d\u00ebshiruar nga t\u00ebr\u00eb trupi votues n\u00eb k\u00ebt\u00eb trev\u00eb.<br \/>\nKryetari i Iniciativ\u00ebs Qytetare, Vasel Sinishtaj deklaroi t\u00eb enjten p\u00ebr KosovaLive se jasht\u00eb marr\u00ebveshjes mbeti L\u00ebvizja p\u00ebr Komun\u00eb, e kryesuar nga Angjell Goj\u00e7aj, sepse si\u00e7 tha Sinishtaj, ai kishte k\u00ebrkesa t\u00eb papranueshme p\u00ebr subjektet shqiptare.<br \/>\n\u201cMendojm\u00eb se marr\u00ebveshja e arritur do t\u00eb ndihmoj\u00eb votuesit shqiptar\u00eb t\u00eb Mal\u00ebsis\u00eb p\u00ebr t\u00eb p\u00ebrkrahur alternativ\u00ebn m\u00eb t\u00eb mir\u00eb, e k\u00ebsaj radhe \u00ebsht\u00eb kjo e partive nacionale shqiptare\u201d, mendon Sinishtaj.<br \/>\nSigurisht se do t\u00eb ishte shum\u00eb pozitive q\u00eb Tirana apo Prishtina t\u00eb kontribuonte p\u00ebr bashkimin e partive shqiptare, por ato kandidojn\u00eb n\u00eb zgjedhje shum\u00eb t\u00eb p\u00ebr\u00e7ara.<\/p>\n<p><strong>Koha Net<\/strong><\/p>\n","protected":false},"excerpt":{"rendered":"<p>N\u00eb saje t\u00eb sugjerimeve dhe kontributit t\u00eb diplomacis\u00eb shqiptare dhe n\u00ebnprefektit t\u00eb Mal\u00ebsis\u00eb s\u00eb Madhe, Sutki Ndreca, bashkohen n\u00eb nj\u00eb list\u00eb partit\u00eb shqiptare n\u00eb Mal\u00ebsi p\u00ebr t\u00eb garuar n\u00eb zgjedhjet lokale t\u00eb dat\u00ebs 23 maj, njofton KosovaLive. Pas negociatave t\u00eb shumta, t\u00eb tejzgjatura, t\u00eb shoq\u00ebruara edhe me debate t\u00eb ashpra, madje edhe akuza t\u00eb nd\u00ebrsjella [&hellip;]<\/p>\n","protected":false},"author":1,"featured_media":0,"comment_status":"open","ping_status":"closed","sticky":false,"template":"","format":"standard","meta":{"spay_email":"","jetpack_publicize_message":"","jetpack_is_tweetstorm":false,"jetpack_publicize_feature_enabled":true},"categories":[12],"tags":[3461,4207,7363],"jetpack_publicize_connections":[],"yoast_head":"<!-- This site is optimized with the Yoast SEO plugin v19.1 - https:\/\/yoast.com\/wordpress\/plugins\/seo\/ -->\n<title>Partit shqiptare n\u00eb Tuz b\u00ebjn\u00eb koalicion - Lajme nga Ulqini<\/title>\n<meta name=\"description\" content=\"N\u00eb saje t\u00eb sugjerimeve dhe kontributit t\u00eb diplomacis\u00eb shqiptare dhe n\u00ebnprefektit t\u00eb Mal\u00ebsis\u00eb s\u00eb Madhe, Sutki Ndreca, bashkohen n\u00eb nj\u00eb list\u00eb partit\u00eb\" \/>\n<meta name=\"robots\" content=\"index, follow, max-snippet:-1, max-image-preview:large, max-video-preview:-1\" \/>\n<link rel=\"canonical\" href=\"https:\/\/www.visit-ulcinj.com\/blog\/2010\/04\/30\/partit-shqiptare-ne-tuz-bejne-koalicion\/\" \/>\n<meta property=\"og:locale\" content=\"en_US\" \/>\n<meta property=\"og:type\" content=\"article\" \/>\n<meta property=\"og:title\" content=\"Partit shqiptare n\u00eb Tuz b\u00ebjn\u00eb koalicion - Lajme nga Ulqini\" \/>\n<meta property=\"og:description\" content=\"N\u00eb saje t\u00eb sugjerimeve dhe kontributit t\u00eb diplomacis\u00eb shqiptare dhe n\u00ebnprefektit t\u00eb Mal\u00ebsis\u00eb s\u00eb Madhe, Sutki Ndreca, bashkohen n\u00eb nj\u00eb list\u00eb partit\u00eb\" \/>\n<meta property=\"og:url\" content=\"https:\/\/www.visit-ulcinj.com\/blog\/2010\/04\/30\/partit-shqiptare-ne-tuz-bejne-koalicion\/\" \/>\n<meta property=\"og:site_name\" content=\"Lajme nga Ulqini\" \/>\n<meta property=\"article:published_time\" content=\"2010-04-30T14:26:08+00:00\" \/>\n<meta property=\"og:image\" content=\"http:\/\/www.visit-ulcinj.com\/blog\/wp-content\/uploads\/2010\/04\/tuzi.jpg\" \/>\n<meta name=\"twitter:label1\" content=\"Written by\" \/>\n\t<meta name=\"twitter:data1\" content=\"ulqini\" \/>\n\t<meta name=\"twitter:label2\" content=\"Est. reading time\" \/>\n\t<meta name=\"twitter:data2\" content=\"1 minute\" \/>\n<script type=\"application\/ld+json\" class=\"yoast-schema-graph\">{\"@context\":\"https:\/\/schema.org\",\"@graph\":[{\"@type\":\"WebSite\",\"@id\":\"https:\/\/www.visit-ulcinj.com\/blog\/#website\",\"url\":\"https:\/\/www.visit-ulcinj.com\/blog\/\",\"name\":\"Lajme nga Ulqini\",\"description\":\"Lajme,Vijesti,Ulqini,Ulqin,Crna Gora,Mali i Zi\",\"potentialAction\":[{\"@type\":\"SearchAction\",\"target\":{\"@type\":\"EntryPoint\",\"urlTemplate\":\"https:\/\/www.visit-ulcinj.com\/blog\/?s={search_term_string}\"},\"query-input\":\"required name=search_term_string\"}],\"inLanguage\":\"en-US\"},{\"@type\":\"ImageObject\",\"inLanguage\":\"en-US\",\"@id\":\"https:\/\/www.visit-ulcinj.com\/blog\/2010\/04\/30\/partit-shqiptare-ne-tuz-bejne-koalicion\/#primaryimage\",\"url\":\"https:\/\/www.visit-ulcinj.com\/blog\/wp-content\/uploads\/2010\/04\/tuzi.jpg\",\"contentUrl\":\"https:\/\/www.visit-ulcinj.com\/blog\/wp-content\/uploads\/2010\/04\/tuzi.jpg\",\"width\":\"474\",\"height\":\"277\"},{\"@type\":\"WebPage\",\"@id\":\"https:\/\/www.visit-ulcinj.com\/blog\/2010\/04\/30\/partit-shqiptare-ne-tuz-bejne-koalicion\/#webpage\",\"url\":\"https:\/\/www.visit-ulcinj.com\/blog\/2010\/04\/30\/partit-shqiptare-ne-tuz-bejne-koalicion\/\",\"name\":\"Partit shqiptare n\u00eb Tuz b\u00ebjn\u00eb koalicion - Lajme nga Ulqini\",\"isPartOf\":{\"@id\":\"https:\/\/www.visit-ulcinj.com\/blog\/#website\"},\"primaryImageOfPage\":{\"@id\":\"https:\/\/www.visit-ulcinj.com\/blog\/2010\/04\/30\/partit-shqiptare-ne-tuz-bejne-koalicion\/#primaryimage\"},\"datePublished\":\"2010-04-30T14:26:08+00:00\",\"dateModified\":\"2010-04-30T14:26:08+00:00\",\"author\":{\"@id\":\"https:\/\/www.visit-ulcinj.com\/blog\/#\/schema\/person\/dcab619c614d3038751c63bc2aadc06d\"},\"description\":\"N\u00eb saje t\u00eb sugjerimeve dhe kontributit t\u00eb diplomacis\u00eb shqiptare dhe n\u00ebnprefektit t\u00eb Mal\u00ebsis\u00eb s\u00eb Madhe, Sutki Ndreca, bashkohen n\u00eb nj\u00eb list\u00eb partit\u00eb\",\"breadcrumb\":{\"@id\":\"https:\/\/www.visit-ulcinj.com\/blog\/2010\/04\/30\/partit-shqiptare-ne-tuz-bejne-koalicion\/#breadcrumb\"},\"inLanguage\":\"en-US\",\"potentialAction\":[{\"@type\":\"ReadAction\",\"target\":[\"https:\/\/www.visit-ulcinj.com\/blog\/2010\/04\/30\/partit-shqiptare-ne-tuz-bejne-koalicion\/\"]}]},{\"@type\":\"BreadcrumbList\",\"@id\":\"https:\/\/www.visit-ulcinj.com\/blog\/2010\/04\/30\/partit-shqiptare-ne-tuz-bejne-koalicion\/#breadcrumb\",\"itemListElement\":[{\"@type\":\"ListItem\",\"position\":1,\"name\":\"Partit shqiptare n\u00eb Tuz b\u00ebjn\u00eb koalicion\"}]},{\"@type\":\"Person\",\"@id\":\"https:\/\/www.visit-ulcinj.com\/blog\/#\/schema\/person\/dcab619c614d3038751c63bc2aadc06d\",\"name\":\"ulqini\",\"sameAs\":[\"http:\/\/www.visit-ulcinj.com\"],\"url\":\"https:\/\/www.visit-ulcinj.com\/blog\/author\/admin\/\"}]}<\/script>\n<!-- \/ Yoast SEO plugin. -->","yoast_head_json":{"title":"Partit shqiptare n\u00eb Tuz b\u00ebjn\u00eb koalicion - Lajme nga Ulqini","description":"N\u00eb saje t\u00eb sugjerimeve dhe kontributit t\u00eb diplomacis\u00eb shqiptare dhe n\u00ebnprefektit t\u00eb Mal\u00ebsis\u00eb s\u00eb Madhe, Sutki Ndreca, bashkohen n\u00eb nj\u00eb list\u00eb partit\u00eb","robots":{"index":"index","follow":"follow","max-snippet":"max-snippet:-1","max-image-preview":"max-image-preview:large","max-video-preview":"max-video-preview:-1"},"canonical":"https:\/\/www.visit-ulcinj.com\/blog\/2010\/04\/30\/partit-shqiptare-ne-tuz-bejne-koalicion\/","og_locale":"en_US","og_type":"article","og_title":"Partit shqiptare n\u00eb Tuz b\u00ebjn\u00eb koalicion - Lajme nga Ulqini","og_description":"N\u00eb saje t\u00eb sugjerimeve dhe kontributit t\u00eb diplomacis\u00eb shqiptare dhe n\u00ebnprefektit t\u00eb Mal\u00ebsis\u00eb s\u00eb Madhe, Sutki Ndreca, bashkohen n\u00eb nj\u00eb list\u00eb partit\u00eb","og_url":"https:\/\/www.visit-ulcinj.com\/blog\/2010\/04\/30\/partit-shqiptare-ne-tuz-bejne-koalicion\/","og_site_name":"Lajme nga Ulqini","article_published_time":"2010-04-30T14:26:08+00:00","og_image":[{"url":"http:\/\/www.visit-ulcinj.com\/blog\/wp-content\/uploads\/2010\/04\/tuzi.jpg"}],"twitter_misc":{"Written by":"ulqini","Est. reading time":"1 minute"},"schema":{"@context":"https:\/\/schema.org","@graph":[{"@type":"WebSite","@id":"https:\/\/www.visit-ulcinj.com\/blog\/#website","url":"https:\/\/www.visit-ulcinj.com\/blog\/","name":"Lajme nga Ulqini","description":"Lajme,Vijesti,Ulqini,Ulqin,Crna Gora,Mali i Zi","potentialAction":[{"@type":"SearchAction","target":{"@type":"EntryPoint","urlTemplate":"https:\/\/www.visit-ulcinj.com\/blog\/?s={search_term_string}"},"query-input":"required name=search_term_string"}],"inLanguage":"en-US"},{"@type":"ImageObject","inLanguage":"en-US","@id":"https:\/\/www.visit-ulcinj.com\/blog\/2010\/04\/30\/partit-shqiptare-ne-tuz-bejne-koalicion\/#primaryimage","url":"https:\/\/www.visit-ulcinj.com\/blog\/wp-content\/uploads\/2010\/04\/tuzi.jpg","contentUrl":"https:\/\/www.visit-ulcinj.com\/blog\/wp-content\/uploads\/2010\/04\/tuzi.jpg","width":"474","height":"277"},{"@type":"WebPage","@id":"https:\/\/www.visit-ulcinj.com\/blog\/2010\/04\/30\/partit-shqiptare-ne-tuz-bejne-koalicion\/#webpage","url":"https:\/\/www.visit-ulcinj.com\/blog\/2010\/04\/30\/partit-shqiptare-ne-tuz-bejne-koalicion\/","name":"Partit shqiptare n\u00eb Tuz b\u00ebjn\u00eb koalicion - Lajme nga Ulqini","isPartOf":{"@id":"https:\/\/www.visit-ulcinj.com\/blog\/#website"},"primaryImageOfPage":{"@id":"https:\/\/www.visit-ulcinj.com\/blog\/2010\/04\/30\/partit-shqiptare-ne-tuz-bejne-koalicion\/#primaryimage"},"datePublished":"2010-04-30T14:26:08+00:00","dateModified":"2010-04-30T14:26:08+00:00","author":{"@id":"https:\/\/www.visit-ulcinj.com\/blog\/#\/schema\/person\/dcab619c614d3038751c63bc2aadc06d"},"description":"N\u00eb saje t\u00eb sugjerimeve dhe kontributit t\u00eb diplomacis\u00eb shqiptare dhe n\u00ebnprefektit t\u00eb Mal\u00ebsis\u00eb s\u00eb Madhe, Sutki Ndreca, bashkohen n\u00eb nj\u00eb list\u00eb partit\u00eb","breadcrumb":{"@id":"https:\/\/www.visit-ulcinj.com\/blog\/2010\/04\/30\/partit-shqiptare-ne-tuz-bejne-koalicion\/#breadcrumb"},"inLanguage":"en-US","potentialAction":[{"@type":"ReadAction","target":["https:\/\/www.visit-ulcinj.com\/blog\/2010\/04\/30\/partit-shqiptare-ne-tuz-bejne-koalicion\/"]}]},{"@type":"BreadcrumbList","@id":"https:\/\/www.visit-ulcinj.com\/blog\/2010\/04\/30\/partit-shqiptare-ne-tuz-bejne-koalicion\/#breadcrumb","itemListElement":[{"@type":"ListItem","position":1,"name":"Partit shqiptare n\u00eb Tuz b\u00ebjn\u00eb koalicion"}]},{"@type":"Person","@id":"https:\/\/www.visit-ulcinj.com\/blog\/#\/schema\/person\/dcab619c614d3038751c63bc2aadc06d","name":"ulqini","sameAs":["http:\/\/www.visit-ulcinj.com"],"url":"https:\/\/www.visit-ulcinj.com\/blog\/author\/admin\/"}]}},"jetpack_featured_media_url":"","jetpack_sharing_enabled":true,"jetpack_shortlink":"https:\/\/wp.me\/pe6lTn-8tN","_links":{"self":[{"href":"https:\/\/www.visit-ulcinj.com\/blog\/wp-json\/wp\/v2\/posts\/32599"}],"collection":[{"href":"https:\/\/www.visit-ulcinj.com\/blog\/wp-json\/wp\/v2\/posts"}],"about":[{"href":"https:\/\/www.visit-ulcinj.com\/blog\/wp-json\/wp\/v2\/types\/post"}],"author":[{"embeddable":true,"href":"https:\/\/www.visit-ulcinj.com\/blog\/wp-json\/wp\/v2\/users\/1"}],"replies":[{"embeddable":true,"href":"https:\/\/www.visit-ulcinj.com\/blog\/wp-json\/wp\/v2\/comments?post=32599"}],"version-history":[{"count":0,"href":"https:\/\/www.visit-ulcinj.com\/blog\/wp-json\/wp\/v2\/posts\/32599\/revisions"}],"wp:attachment":[{"href":"https:\/\/www.visit-ulcinj.com\/blog\/wp-json\/wp\/v2\/media?parent=32599"}],"wp:term":[{"taxonomy":"category","embeddable":true,"href":"https:\/\/www.visit-ulcinj.com\/blog\/wp-json\/wp\/v2\/categories?post=32599"},{"taxonomy":"post_tag","embeddable":true,"href":"https:\/\/www.visit-ulcinj.com\/blog\/wp-json\/wp\/v2\/tags?post=32599"}],"curies":[{"name":"wp","href":"https:\/\/api.w.org\/{rel}","templated":true}]}}