{"id":32607,"date":"2010-04-30T17:55:54","date_gmt":"2010-04-30T15:55:54","guid":{"rendered":"http:\/\/www.visit-ulcinj.com\/blog\/?p=32607"},"modified":"2010-05-19T17:17:39","modified_gmt":"2010-05-19T15:17:39","slug":"ralizimin-e-klipit-te-ri-liria-dedvukaj-sinishtaj-xhirom-ne-ulqin-dhe-malesi","status":"publish","type":"post","link":"https:\/\/www.visit-ulcinj.com\/blog\/2010\/04\/30\/ralizimin-e-klipit-te-ri-liria-dedvukaj-sinishtaj-xhirom-ne-ulqin-dhe-malesi\/","title":{"rendered":"Ralizimin e klipit t\u00eb ri Liria Dedvukaj-Sinishtaj xhiron ne Ulqin dhe Mal\u00ebsi"},"content":{"rendered":"<p><strong><a href=\"http:\/\/www.visit-ulcinj.com\/blog\/wp-content\/uploads\/2010\/04\/Liria-Dedvukaj-Sinishtaj-ne-Ulqin_Copacabana.4.jpg\"><img loading=\"lazy\" class=\"alignleft size-full wp-image-32612\" title=\"Liria Dedvukaj-Sinishtaj ne Ulqin_Copacabana.4\" src=\"http:\/\/www.visit-ulcinj.com\/blog\/wp-content\/uploads\/2010\/04\/Liria-Dedvukaj-Sinishtaj-ne-Ulqin_Copacabana.4.jpg\" alt=\"Liria Dedvukaj-Sinishtaj ne Ulqin_Copacabana.4\" width=\"580\" height=\"400\" \/><\/a>Intervist Eskluzive te kangtares s\u00eb njohur nga Malesia Liria Dedvukaj-Sinishtaj p\u00ebr Lajme nga Ulqini<\/strong><br \/>\nUne kesaj rradhe erdha nga USA per disa pune si, per realizim e video-klipi te ri, diskutime per nje realizim te albumit te ri me kenge te perpunuara dhe per vizite.<br \/>\nNe realizimin e klipit Ishte e parapare pjesa e projektit per xhirim ne Ulqin dhe Malesi.<br \/>\nZgjodhem Ulqinin, pikerisht plazhin e madhe Kopa Kabanen me ate bukuri natyrore qe ka ambienti aty. Ate dite nga mengjesi e deri ne oret e pasdites beme xhirime ne plazh. Ishte knaqesi dhe ora kalonte si nje minut as qe u lodhem gjate xhirimit. Koha ishte e pershtatshme aty. Ne klip moren pjese edhe disa valletar te rinj nga malesia dhe ulqini si pjes perberese e klipit. Mbasi qe perfunduem xhirimet ne Ulqin u nisem per Malesi. Ketu ne Malesi shfrytezuam nje ambient muzgu i nates ne natyre dhe ne mbremje me efekte ndricimi. Ne klip do te jene perpos valletareve edhe disa instrumentist qe do te marrin pjese.<br \/>\nKete klip do ta realizoje produksioni PM coconut nga Podgorica.<br \/>\nKenga titullohet &#8220;Kam ni moll e kam ni ftue&#8221;. Eshte kenge popullore e Malesise perpunimin-aranzhmanin e te ciles e beri Luigj Dedvukaj.<br \/>\nFalenderoj te gjithe ata qe dhane kontribut per realizimin e ketij klipi.<\/p>\n<p>Ju pershendes<\/p>\n<p><strong><br \/>\n<a href=\"http:\/\/www.facebook.com\/profile.php?id=639360380\">Liria  Dedvukaj-Sinishtaj. Facebook<br \/>\n<\/p>\n<p><\/a><\/strong><\/p>\n<p><strong> <\/strong><\/p>\n<p><strong> <\/strong><\/p>\n<p><strong> <\/strong><\/p>\n<p><strong> <\/strong><\/p>\n<p><strong><a href=\"http:\/\/www.facebook.com\/profile.php?id=639360380\"> <\/a><\/strong><\/p>\n<!--YouTube Error: bad URL entered-->\n","protected":false},"excerpt":{"rendered":"<p>Intervist Eskluzive te kangtares s\u00eb njohur nga Malesia Liria Dedvukaj-Sinishtaj p\u00ebr Lajme nga Ulqini Une kesaj rradhe erdha nga USA per disa pune si, per realizim e video-klipi te ri, diskutime per nje realizim te albumit te ri me kenge te perpunuara dhe per vizite. Ne realizimin e klipit Ishte e parapare pjesa e projektit [&hellip;]<\/p>\n","protected":false},"author":1,"featured_media":0,"comment_status":"open","ping_status":"closed","sticky":false,"template":"","format":"standard","meta":{"spay_email":"","jetpack_publicize_message":"","jetpack_is_tweetstorm":false,"jetpack_publicize_feature_enabled":true},"categories":[1],"tags":[14177,499,14175,2450,200],"jetpack_publicize_connections":[],"yoast_head":"<!-- This site is optimized with the Yoast SEO plugin v19.1 - https:\/\/yoast.com\/wordpress\/plugins\/seo\/ -->\n<title>Ralizimin e klipit t\u00eb ri Liria Dedvukaj-Sinishtaj xhiron ne Ulqin dhe Mal\u00ebsi - Lajme nga Ulqini<\/title>\n<meta name=\"description\" content=\"Intervist Eskluzive te kangtares s\u00eb njohur nga Malesia Liria Dedvukaj-Sinishtaj p\u00ebr Lajme nga Ulqini Une kesaj rradhe erdha nga USA per disa pune si, per\" \/>\n<meta name=\"robots\" content=\"index, follow, max-snippet:-1, max-image-preview:large, max-video-preview:-1\" \/>\n<link rel=\"canonical\" href=\"https:\/\/www.visit-ulcinj.com\/blog\/2010\/04\/30\/ralizimin-e-klipit-te-ri-liria-dedvukaj-sinishtaj-xhirom-ne-ulqin-dhe-malesi\/\" \/>\n<meta property=\"og:locale\" content=\"en_US\" \/>\n<meta property=\"og:type\" content=\"article\" \/>\n<meta property=\"og:title\" content=\"Ralizimin e klipit t\u00eb ri Liria Dedvukaj-Sinishtaj xhiron ne Ulqin dhe Mal\u00ebsi - Lajme nga Ulqini\" \/>\n<meta property=\"og:description\" content=\"Intervist Eskluzive te kangtares s\u00eb njohur nga Malesia Liria Dedvukaj-Sinishtaj p\u00ebr Lajme nga Ulqini Une kesaj rradhe erdha nga USA per disa pune si, per\" \/>\n<meta property=\"og:url\" content=\"https:\/\/www.visit-ulcinj.com\/blog\/2010\/04\/30\/ralizimin-e-klipit-te-ri-liria-dedvukaj-sinishtaj-xhirom-ne-ulqin-dhe-malesi\/\" \/>\n<meta property=\"og:site_name\" content=\"Lajme nga Ulqini\" \/>\n<meta property=\"article:published_time\" content=\"2010-04-30T15:55:54+00:00\" \/>\n<meta property=\"article:modified_time\" content=\"2010-05-19T15:17:39+00:00\" \/>\n<meta property=\"og:image\" content=\"https:\/\/www.visit-ulcinj.com\/blog\/wp-content\/uploads\/2010\/04\/Liria-Dedvukaj-Sinishtaj-ne-Ulqin_Copacabana-150x150.jpg\" \/>\n<meta name=\"twitter:label1\" content=\"Written by\" \/>\n\t<meta name=\"twitter:data1\" content=\"ulqini\" \/>\n\t<meta name=\"twitter:label2\" content=\"Est. reading time\" \/>\n\t<meta name=\"twitter:data2\" content=\"1 minute\" \/>\n<script type=\"application\/ld+json\" class=\"yoast-schema-graph\">{\"@context\":\"https:\/\/schema.org\",\"@graph\":[{\"@type\":\"WebSite\",\"@id\":\"https:\/\/www.visit-ulcinj.com\/blog\/#website\",\"url\":\"https:\/\/www.visit-ulcinj.com\/blog\/\",\"name\":\"Lajme nga Ulqini\",\"description\":\"Lajme,Vijesti,Ulqini,Ulqin,Crna Gora,Mali i Zi\",\"potentialAction\":[{\"@type\":\"SearchAction\",\"target\":{\"@type\":\"EntryPoint\",\"urlTemplate\":\"https:\/\/www.visit-ulcinj.com\/blog\/?s={search_term_string}\"},\"query-input\":\"required name=search_term_string\"}],\"inLanguage\":\"en-US\"},{\"@type\":\"ImageObject\",\"inLanguage\":\"en-US\",\"@id\":\"https:\/\/www.visit-ulcinj.com\/blog\/2010\/04\/30\/ralizimin-e-klipit-te-ri-liria-dedvukaj-sinishtaj-xhirom-ne-ulqin-dhe-malesi\/#primaryimage\",\"url\":\"http:\/\/www.visit-ulcinj.com\/blog\/wp-content\/uploads\/2010\/04\/Liria-Dedvukaj-Sinishtaj-ne-Ulqin_Copacabana.4.jpg\",\"contentUrl\":\"http:\/\/www.visit-ulcinj.com\/blog\/wp-content\/uploads\/2010\/04\/Liria-Dedvukaj-Sinishtaj-ne-Ulqin_Copacabana.4.jpg\"},{\"@type\":\"WebPage\",\"@id\":\"https:\/\/www.visit-ulcinj.com\/blog\/2010\/04\/30\/ralizimin-e-klipit-te-ri-liria-dedvukaj-sinishtaj-xhirom-ne-ulqin-dhe-malesi\/#webpage\",\"url\":\"https:\/\/www.visit-ulcinj.com\/blog\/2010\/04\/30\/ralizimin-e-klipit-te-ri-liria-dedvukaj-sinishtaj-xhirom-ne-ulqin-dhe-malesi\/\",\"name\":\"Ralizimin e klipit t\u00eb ri Liria Dedvukaj-Sinishtaj xhiron ne Ulqin dhe Mal\u00ebsi - Lajme nga Ulqini\",\"isPartOf\":{\"@id\":\"https:\/\/www.visit-ulcinj.com\/blog\/#website\"},\"primaryImageOfPage\":{\"@id\":\"https:\/\/www.visit-ulcinj.com\/blog\/2010\/04\/30\/ralizimin-e-klipit-te-ri-liria-dedvukaj-sinishtaj-xhirom-ne-ulqin-dhe-malesi\/#primaryimage\"},\"datePublished\":\"2010-04-30T15:55:54+00:00\",\"dateModified\":\"2010-05-19T15:17:39+00:00\",\"author\":{\"@id\":\"https:\/\/www.visit-ulcinj.com\/blog\/#\/schema\/person\/dcab619c614d3038751c63bc2aadc06d\"},\"description\":\"Intervist Eskluzive te kangtares s\u00eb njohur nga Malesia Liria Dedvukaj-Sinishtaj p\u00ebr Lajme nga Ulqini Une kesaj rradhe erdha nga USA per disa pune si, per\",\"breadcrumb\":{\"@id\":\"https:\/\/www.visit-ulcinj.com\/blog\/2010\/04\/30\/ralizimin-e-klipit-te-ri-liria-dedvukaj-sinishtaj-xhirom-ne-ulqin-dhe-malesi\/#breadcrumb\"},\"inLanguage\":\"en-US\",\"potentialAction\":[{\"@type\":\"ReadAction\",\"target\":[\"https:\/\/www.visit-ulcinj.com\/blog\/2010\/04\/30\/ralizimin-e-klipit-te-ri-liria-dedvukaj-sinishtaj-xhirom-ne-ulqin-dhe-malesi\/\"]}]},{\"@type\":\"BreadcrumbList\",\"@id\":\"https:\/\/www.visit-ulcinj.com\/blog\/2010\/04\/30\/ralizimin-e-klipit-te-ri-liria-dedvukaj-sinishtaj-xhirom-ne-ulqin-dhe-malesi\/#breadcrumb\",\"itemListElement\":[{\"@type\":\"ListItem\",\"position\":1,\"name\":\"Ralizimin e klipit t\u00eb ri Liria Dedvukaj-Sinishtaj xhiron ne Ulqin dhe Mal\u00ebsi\"}]},{\"@type\":\"Person\",\"@id\":\"https:\/\/www.visit-ulcinj.com\/blog\/#\/schema\/person\/dcab619c614d3038751c63bc2aadc06d\",\"name\":\"ulqini\",\"sameAs\":[\"http:\/\/www.visit-ulcinj.com\"],\"url\":\"https:\/\/www.visit-ulcinj.com\/blog\/author\/admin\/\"}]}<\/script>\n<!-- \/ Yoast SEO plugin. -->","yoast_head_json":{"title":"Ralizimin e klipit t\u00eb ri Liria Dedvukaj-Sinishtaj xhiron ne Ulqin dhe Mal\u00ebsi - Lajme nga Ulqini","description":"Intervist Eskluzive te kangtares s\u00eb njohur nga Malesia Liria Dedvukaj-Sinishtaj p\u00ebr Lajme nga Ulqini Une kesaj rradhe erdha nga USA per disa pune si, per","robots":{"index":"index","follow":"follow","max-snippet":"max-snippet:-1","max-image-preview":"max-image-preview:large","max-video-preview":"max-video-preview:-1"},"canonical":"https:\/\/www.visit-ulcinj.com\/blog\/2010\/04\/30\/ralizimin-e-klipit-te-ri-liria-dedvukaj-sinishtaj-xhirom-ne-ulqin-dhe-malesi\/","og_locale":"en_US","og_type":"article","og_title":"Ralizimin e klipit t\u00eb ri Liria Dedvukaj-Sinishtaj xhiron ne Ulqin dhe Mal\u00ebsi - Lajme nga Ulqini","og_description":"Intervist Eskluzive te kangtares s\u00eb njohur nga Malesia Liria Dedvukaj-Sinishtaj p\u00ebr Lajme nga Ulqini Une kesaj rradhe erdha nga USA per disa pune si, per","og_url":"https:\/\/www.visit-ulcinj.com\/blog\/2010\/04\/30\/ralizimin-e-klipit-te-ri-liria-dedvukaj-sinishtaj-xhirom-ne-ulqin-dhe-malesi\/","og_site_name":"Lajme nga Ulqini","article_published_time":"2010-04-30T15:55:54+00:00","article_modified_time":"2010-05-19T15:17:39+00:00","og_image":[{"url":"https:\/\/www.visit-ulcinj.com\/blog\/wp-content\/uploads\/2010\/04\/Liria-Dedvukaj-Sinishtaj-ne-Ulqin_Copacabana-150x150.jpg"}],"twitter_misc":{"Written by":"ulqini","Est. reading time":"1 minute"},"schema":{"@context":"https:\/\/schema.org","@graph":[{"@type":"WebSite","@id":"https:\/\/www.visit-ulcinj.com\/blog\/#website","url":"https:\/\/www.visit-ulcinj.com\/blog\/","name":"Lajme nga Ulqini","description":"Lajme,Vijesti,Ulqini,Ulqin,Crna Gora,Mali i Zi","potentialAction":[{"@type":"SearchAction","target":{"@type":"EntryPoint","urlTemplate":"https:\/\/www.visit-ulcinj.com\/blog\/?s={search_term_string}"},"query-input":"required name=search_term_string"}],"inLanguage":"en-US"},{"@type":"ImageObject","inLanguage":"en-US","@id":"https:\/\/www.visit-ulcinj.com\/blog\/2010\/04\/30\/ralizimin-e-klipit-te-ri-liria-dedvukaj-sinishtaj-xhirom-ne-ulqin-dhe-malesi\/#primaryimage","url":"http:\/\/www.visit-ulcinj.com\/blog\/wp-content\/uploads\/2010\/04\/Liria-Dedvukaj-Sinishtaj-ne-Ulqin_Copacabana.4.jpg","contentUrl":"http:\/\/www.visit-ulcinj.com\/blog\/wp-content\/uploads\/2010\/04\/Liria-Dedvukaj-Sinishtaj-ne-Ulqin_Copacabana.4.jpg"},{"@type":"WebPage","@id":"https:\/\/www.visit-ulcinj.com\/blog\/2010\/04\/30\/ralizimin-e-klipit-te-ri-liria-dedvukaj-sinishtaj-xhirom-ne-ulqin-dhe-malesi\/#webpage","url":"https:\/\/www.visit-ulcinj.com\/blog\/2010\/04\/30\/ralizimin-e-klipit-te-ri-liria-dedvukaj-sinishtaj-xhirom-ne-ulqin-dhe-malesi\/","name":"Ralizimin e klipit t\u00eb ri Liria Dedvukaj-Sinishtaj xhiron ne Ulqin dhe Mal\u00ebsi - Lajme nga Ulqini","isPartOf":{"@id":"https:\/\/www.visit-ulcinj.com\/blog\/#website"},"primaryImageOfPage":{"@id":"https:\/\/www.visit-ulcinj.com\/blog\/2010\/04\/30\/ralizimin-e-klipit-te-ri-liria-dedvukaj-sinishtaj-xhirom-ne-ulqin-dhe-malesi\/#primaryimage"},"datePublished":"2010-04-30T15:55:54+00:00","dateModified":"2010-05-19T15:17:39+00:00","author":{"@id":"https:\/\/www.visit-ulcinj.com\/blog\/#\/schema\/person\/dcab619c614d3038751c63bc2aadc06d"},"description":"Intervist Eskluzive te kangtares s\u00eb njohur nga Malesia Liria Dedvukaj-Sinishtaj p\u00ebr Lajme nga Ulqini Une kesaj rradhe erdha nga USA per disa pune si, per","breadcrumb":{"@id":"https:\/\/www.visit-ulcinj.com\/blog\/2010\/04\/30\/ralizimin-e-klipit-te-ri-liria-dedvukaj-sinishtaj-xhirom-ne-ulqin-dhe-malesi\/#breadcrumb"},"inLanguage":"en-US","potentialAction":[{"@type":"ReadAction","target":["https:\/\/www.visit-ulcinj.com\/blog\/2010\/04\/30\/ralizimin-e-klipit-te-ri-liria-dedvukaj-sinishtaj-xhirom-ne-ulqin-dhe-malesi\/"]}]},{"@type":"BreadcrumbList","@id":"https:\/\/www.visit-ulcinj.com\/blog\/2010\/04\/30\/ralizimin-e-klipit-te-ri-liria-dedvukaj-sinishtaj-xhirom-ne-ulqin-dhe-malesi\/#breadcrumb","itemListElement":[{"@type":"ListItem","position":1,"name":"Ralizimin e klipit t\u00eb ri Liria Dedvukaj-Sinishtaj xhiron ne Ulqin dhe Mal\u00ebsi"}]},{"@type":"Person","@id":"https:\/\/www.visit-ulcinj.com\/blog\/#\/schema\/person\/dcab619c614d3038751c63bc2aadc06d","name":"ulqini","sameAs":["http:\/\/www.visit-ulcinj.com"],"url":"https:\/\/www.visit-ulcinj.com\/blog\/author\/admin\/"}]}},"jetpack_featured_media_url":"","jetpack_sharing_enabled":true,"jetpack_shortlink":"https:\/\/wp.me\/pe6lTn-8tV","_links":{"self":[{"href":"https:\/\/www.visit-ulcinj.com\/blog\/wp-json\/wp\/v2\/posts\/32607"}],"collection":[{"href":"https:\/\/www.visit-ulcinj.com\/blog\/wp-json\/wp\/v2\/posts"}],"about":[{"href":"https:\/\/www.visit-ulcinj.com\/blog\/wp-json\/wp\/v2\/types\/post"}],"author":[{"embeddable":true,"href":"https:\/\/www.visit-ulcinj.com\/blog\/wp-json\/wp\/v2\/users\/1"}],"replies":[{"embeddable":true,"href":"https:\/\/www.visit-ulcinj.com\/blog\/wp-json\/wp\/v2\/comments?post=32607"}],"version-history":[{"count":0,"href":"https:\/\/www.visit-ulcinj.com\/blog\/wp-json\/wp\/v2\/posts\/32607\/revisions"}],"wp:attachment":[{"href":"https:\/\/www.visit-ulcinj.com\/blog\/wp-json\/wp\/v2\/media?parent=32607"}],"wp:term":[{"taxonomy":"category","embeddable":true,"href":"https:\/\/www.visit-ulcinj.com\/blog\/wp-json\/wp\/v2\/categories?post=32607"},{"taxonomy":"post_tag","embeddable":true,"href":"https:\/\/www.visit-ulcinj.com\/blog\/wp-json\/wp\/v2\/tags?post=32607"}],"curies":[{"name":"wp","href":"https:\/\/api.w.org\/{rel}","templated":true}]}}