{"id":32627,"date":"2010-04-30T22:04:39","date_gmt":"2010-04-30T20:04:39","guid":{"rendered":"http:\/\/www.visit-ulcinj.com\/blog\/?p=32627"},"modified":"2010-04-30T22:11:56","modified_gmt":"2010-04-30T20:11:56","slug":"okoncano-rusenje-lokala-na-pristanusamo-%e2%80%9eeks%e2%80%9d-pretekao","status":"publish","type":"post","link":"https:\/\/www.visit-ulcinj.com\/blog\/2010\/04\/30\/okoncano-rusenje-lokala-na-pristanusamo-%e2%80%9eeks%e2%80%9d-pretekao\/","title":{"rendered":"Okon?ano ru\u0161enje lokala na pristanu,Samo \u201eEks\u201d pretekao"},"content":{"rendered":"<p><a href=\"http:\/\/www.visit-ulcinj.com\/blog\/wp-content\/uploads\/2010\/04\/Rusenje-lokala-na-pristanu_ulcinj.4.jpg\"><img loading=\"lazy\" class=\"alignleft size-full wp-image-32632\" title=\"Rusenje lokala na pristanu_ulcinj.4\" src=\"http:\/\/www.visit-ulcinj.com\/blog\/wp-content\/uploads\/2010\/04\/Rusenje-lokala-na-pristanu_ulcinj.4.jpg\" alt=\"Rusenje lokala na pristanu_ulcinj.4\" width=\"580\" height=\"400\" \/><\/a>Ulcinj &#8211; Inspektori za\u0161tite \u017eivotne sredine ju?e nijesu imali posla na Pristanu u Ulcinju u akciji sprovo?enja plana nadle\u017enog ministarstva, budu?i da su se vlasnici sami potrudili da objekte uklone prije njihovog dolaska.<br \/>\nBato Aleksi?, Sutki Nimanbegu, bra?a Sadiku, Ilir Kolari i Basri Mola, uklonili su svoje objekte brze hrane, postavljene u blizini poslovnog objekta kompanije \u201eHolegro\u201c.<br \/>\n\u201eEks kafe\u201c, na samom kraju Male pla\u017ee, iako prvobitno planiran za ru\u0161enje, inspektori ju?e nijesu dirali jer su se vlasnici, koji tvrde da posjeduju valjanu dokumentaciju i da im zakup jo\u0161 nije istekao, \u017ealili na rje\u0161enje o ru\u0161enju tako da je postupak jo\u0161 u toku.<br \/>\nPlanom Ministarstva ure?enja prostora i za\u0161tite \u017eivotne sredine za ovu godinu, na Pristanu su predvi?ena \u201edva kupali\u0161ta ukupne du\u017eine 360 metara i terasa \u2019Hollegra\u2019, veli?ine 500 kvadrata sa postoje?om parterno ure?enom podlogom, ispred turisti?kog objekta, natkrivena metalnom konstrukcijom i tendom bijele ili be\u017e boje\u201d.<br \/>\nMonta\u017eni objekti, koji se nalaze ispod biv\u0161eg hotela \u201cGaleb\u201d, kako je \u201cVijestima\u201d ju?e saop\u0161teno iz \u201cMorskog dobra\u201d, obuhva?eni su planom privremenih objekata za ovu godinu.<br \/>\nVlasnici, koji su ju?e nijemo posmatrali kako mo?ni bager ?isti povr\u0161inu od ostataka njihovih skoro dvije decenije starih objekata, nijesu krili ogor?enje.<br \/>\n\u201cRadio sam na Solani 14 godina i dobio otkaz. Ovo je meni i mom bratu bio jedini izvor prihoda. Sada smo ostali i bez toga, a sezona je na pragu\u201d, \u017ealio se ju?e D\u017eeljal Sadiku.<br \/>\nKao glavnog krivca za uklanjanje svog 19 godina starog objekta, Nimanbegu je ozna?io gradona?elnika Gzima Hajdinagu, koji je u nekoliko navrata ranije negirao bilo kakvu svoju ulogu ili nadle\u017enost u tom slu?aju.<br \/>\nPo?etkom februara na Pristanu je uklonjeno oko 30 objekata koji, tako?e, nijesu bili obuhva?eni planom za ovu, ali ni za pro\u0161lu godinu.<br \/>\nAko je za bilo kakvu utjehu vlasnicima poru\u0161enih objekata, stoji ?injenica da akcija nije bila selektivna i da je ministarstvo na tom planu ovog puta bilo principijelno.<\/p>\n<p><strong>S.A.<br \/>\n<a href=\"http:\/\/www.vijesti.me\" target=\"_blank\">Vijesti<br \/>\n\n\t\t<style type=\"text\/css\">\n\t\t\t#gallery-1 {\n\t\t\t\tmargin: auto;\n\t\t\t}\n\t\t\t#gallery-1 .gallery-item {\n\t\t\t\tfloat: left;\n\t\t\t\tmargin-top: 10px;\n\t\t\t\ttext-align: center;\n\t\t\t\twidth: 33%;\n\t\t\t}\n\t\t\t#gallery-1 img {\n\t\t\t\tborder: 2px solid #cfcfcf;\n\t\t\t}\n\t\t\t#gallery-1 .gallery-caption {\n\t\t\t\tmargin-left: 0;\n\t\t\t}\n\t\t\t\/* see gallery_shortcode() in wp-includes\/media.php *\/\n\t\t<\/style>\n\t\t<div id='gallery-1' class='gallery galleryid-32627 gallery-columns-3 gallery-size-thumbnail'><dl class='gallery-item'>\n\t\t\t<dt class='gallery-icon landscape'>\n\t\t\t\t<a href='https:\/\/www.visit-ulcinj.com\/blog\/wp-content\/uploads\/2010\/04\/Rusenje-lokala-na-pristanu_ulcinj.jpg'><img width=\"150\" height=\"150\" src=\"https:\/\/www.visit-ulcinj.com\/blog\/wp-content\/uploads\/2010\/04\/Rusenje-lokala-na-pristanu_ulcinj-150x150.jpg\" class=\"attachment-thumbnail size-thumbnail\" alt=\"\" loading=\"lazy\" \/><\/a>\n\t\t\t<\/dt><\/dl><dl class='gallery-item'>\n\t\t\t<dt class='gallery-icon landscape'>\n\t\t\t\t<a href='https:\/\/www.visit-ulcinj.com\/blog\/wp-content\/uploads\/2010\/04\/Rusenje-lokala-na-pristanu_ulcinj.1.jpg'><img width=\"150\" height=\"150\" src=\"https:\/\/www.visit-ulcinj.com\/blog\/wp-content\/uploads\/2010\/04\/Rusenje-lokala-na-pristanu_ulcinj.1-150x150.jpg\" class=\"attachment-thumbnail size-thumbnail\" alt=\"\" loading=\"lazy\" \/><\/a>\n\t\t\t<\/dt><\/dl><dl class='gallery-item'>\n\t\t\t<dt class='gallery-icon landscape'>\n\t\t\t\t<a href='https:\/\/www.visit-ulcinj.com\/blog\/wp-content\/uploads\/2010\/04\/Rusenje-lokala-na-pristanu_ulcinj.2.jpg'><img width=\"150\" height=\"150\" src=\"https:\/\/www.visit-ulcinj.com\/blog\/wp-content\/uploads\/2010\/04\/Rusenje-lokala-na-pristanu_ulcinj.2-150x150.jpg\" class=\"attachment-thumbnail size-thumbnail\" alt=\"\" loading=\"lazy\" \/><\/a>\n\t\t\t<\/dt><\/dl><br style=\"clear: both\" \/><dl class='gallery-item'>\n\t\t\t<dt class='gallery-icon landscape'>\n\t\t\t\t<a href='https:\/\/www.visit-ulcinj.com\/blog\/wp-content\/uploads\/2010\/04\/Rusenje-lokala-na-pristanu_ulcinj.3.jpg'><img width=\"150\" height=\"150\" src=\"https:\/\/www.visit-ulcinj.com\/blog\/wp-content\/uploads\/2010\/04\/Rusenje-lokala-na-pristanu_ulcinj.3-150x150.jpg\" class=\"attachment-thumbnail size-thumbnail\" alt=\"\" loading=\"lazy\" \/><\/a>\n\t\t\t<\/dt><\/dl><dl class='gallery-item'>\n\t\t\t<dt class='gallery-icon landscape'>\n\t\t\t\t<a href='https:\/\/www.visit-ulcinj.com\/blog\/wp-content\/uploads\/2010\/04\/Rusenje-lokala-na-pristanu_ulcinj.4.jpg'><img width=\"150\" height=\"150\" src=\"https:\/\/www.visit-ulcinj.com\/blog\/wp-content\/uploads\/2010\/04\/Rusenje-lokala-na-pristanu_ulcinj.4-150x150.jpg\" class=\"attachment-thumbnail size-thumbnail\" alt=\"\" loading=\"lazy\" \/><\/a>\n\t\t\t<\/dt><\/dl><dl class='gallery-item'>\n\t\t\t<dt class='gallery-icon landscape'>\n\t\t\t\t<a href='https:\/\/www.visit-ulcinj.com\/blog\/wp-content\/uploads\/2010\/04\/Rusenje-lokala-na-pristanu_ulcinj.5.jpg'><img width=\"150\" height=\"150\" src=\"https:\/\/www.visit-ulcinj.com\/blog\/wp-content\/uploads\/2010\/04\/Rusenje-lokala-na-pristanu_ulcinj.5-150x150.jpg\" class=\"attachment-thumbnail size-thumbnail\" alt=\"\" loading=\"lazy\" \/><\/a>\n\t\t\t<\/dt><\/dl><br style=\"clear: both\" \/><dl class='gallery-item'>\n\t\t\t<dt class='gallery-icon landscape'>\n\t\t\t\t<a href='https:\/\/www.visit-ulcinj.com\/blog\/wp-content\/uploads\/2010\/04\/Rusenje-lokala-na-pristanu_ulcinj.6.jpg'><img width=\"150\" height=\"150\" src=\"https:\/\/www.visit-ulcinj.com\/blog\/wp-content\/uploads\/2010\/04\/Rusenje-lokala-na-pristanu_ulcinj.6-150x150.jpg\" class=\"attachment-thumbnail size-thumbnail\" alt=\"\" loading=\"lazy\" \/><\/a>\n\t\t\t<\/dt><\/dl><dl class='gallery-item'>\n\t\t\t<dt class='gallery-icon landscape'>\n\t\t\t\t<a href='https:\/\/www.visit-ulcinj.com\/blog\/wp-content\/uploads\/2010\/04\/Rusenje-lokala-na-pristanu_ulcinj.7.jpg'><img width=\"150\" height=\"150\" src=\"https:\/\/www.visit-ulcinj.com\/blog\/wp-content\/uploads\/2010\/04\/Rusenje-lokala-na-pristanu_ulcinj.7-150x150.jpg\" class=\"attachment-thumbnail size-thumbnail\" alt=\"\" loading=\"lazy\" \/><\/a>\n\t\t\t<\/dt><\/dl><dl class='gallery-item'>\n\t\t\t<dt class='gallery-icon portrait'>\n\t\t\t\t<a href='https:\/\/www.visit-ulcinj.com\/blog\/wp-content\/uploads\/2010\/04\/EX-CAFFE-PRISTAN.jpg'><img width=\"150\" height=\"150\" src=\"https:\/\/www.visit-ulcinj.com\/blog\/wp-content\/uploads\/2010\/04\/EX-CAFFE-PRISTAN-150x150.jpg\" class=\"attachment-thumbnail size-thumbnail\" alt=\"\" loading=\"lazy\" \/><\/a>\n\t\t\t<\/dt><\/dl><br style=\"clear: both\" \/>\n\t\t<\/div>\n<\/p>\n<p><\/a><br \/>\n<\/strong><\/p>\n","protected":false},"excerpt":{"rendered":"<p>Ulcinj &#8211; Inspektori za\u0161tite \u017eivotne sredine ju?e nijesu imali posla na Pristanu u Ulcinju u akciji sprovo?enja plana nadle\u017enog ministarstva, budu?i da su se vlasnici sami potrudili da objekte uklone prije njihovog dolaska. Bato Aleksi?, Sutki Nimanbegu, bra?a Sadiku, Ilir Kolari i Basri Mola, uklonili su svoje objekte brze hrane, postavljene u blizini poslovnog objekta [&hellip;]<\/p>\n","protected":false},"author":1,"featured_media":0,"comment_status":"open","ping_status":"closed","sticky":false,"template":"","format":"standard","meta":{"spay_email":"","jetpack_publicize_message":"","jetpack_is_tweetstorm":false,"jetpack_publicize_feature_enabled":true},"categories":[8337],"tags":[14182,14178,14180,14183,14181,14179],"jetpack_publicize_connections":[],"yoast_head":"<!-- This site is optimized with the Yoast SEO plugin v19.1 - https:\/\/yoast.com\/wordpress\/plugins\/seo\/ -->\n<title>Okon?ano ru\u0161enje lokala na pristanu,Samo \u201eEks\u201d pretekao - Lajme nga Ulqini<\/title>\n<meta name=\"description\" content=\"Ulcinj - Inspektori za\u0161tite \u017eivotne sredine ju?e nijesu imali posla na Pristanu u Ulcinju u akciji sprovo?enja plana nadle\u017enog ministarstva, budu?i da su\" \/>\n<meta name=\"robots\" content=\"index, follow, max-snippet:-1, max-image-preview:large, max-video-preview:-1\" \/>\n<link rel=\"canonical\" href=\"https:\/\/www.visit-ulcinj.com\/blog\/2010\/04\/30\/okoncano-rusenje-lokala-na-pristanusamo-\u201eeks\u201d-pretekao\/\" \/>\n<meta property=\"og:locale\" content=\"en_US\" \/>\n<meta property=\"og:type\" content=\"article\" \/>\n<meta property=\"og:title\" content=\"Okon?ano ru\u0161enje lokala na pristanu,Samo \u201eEks\u201d pretekao - Lajme nga Ulqini\" \/>\n<meta property=\"og:description\" content=\"Ulcinj - Inspektori za\u0161tite \u017eivotne sredine ju?e nijesu imali posla na Pristanu u Ulcinju u akciji sprovo?enja plana nadle\u017enog ministarstva, budu?i da su\" \/>\n<meta property=\"og:url\" content=\"https:\/\/www.visit-ulcinj.com\/blog\/2010\/04\/30\/okoncano-rusenje-lokala-na-pristanusamo-\u201eeks\u201d-pretekao\/\" \/>\n<meta property=\"og:site_name\" content=\"Lajme nga Ulqini\" \/>\n<meta property=\"article:published_time\" content=\"2010-04-30T20:04:39+00:00\" \/>\n<meta property=\"article:modified_time\" content=\"2010-04-30T20:11:56+00:00\" \/>\n<meta property=\"og:image\" content=\"https:\/\/www.visit-ulcinj.com\/blog\/wp-content\/uploads\/2010\/04\/Rusenje-lokala-na-pristanu_ulcinj-150x150.jpg\" \/>\n<meta name=\"twitter:label1\" content=\"Written by\" \/>\n\t<meta name=\"twitter:data1\" content=\"ulqini\" \/>\n\t<meta name=\"twitter:label2\" content=\"Est. reading time\" \/>\n\t<meta name=\"twitter:data2\" content=\"2 minutes\" \/>\n<script type=\"application\/ld+json\" class=\"yoast-schema-graph\">{\"@context\":\"https:\/\/schema.org\",\"@graph\":[{\"@type\":\"WebSite\",\"@id\":\"https:\/\/www.visit-ulcinj.com\/blog\/#website\",\"url\":\"https:\/\/www.visit-ulcinj.com\/blog\/\",\"name\":\"Lajme nga Ulqini\",\"description\":\"Lajme,Vijesti,Ulqini,Ulqin,Crna Gora,Mali i Zi\",\"potentialAction\":[{\"@type\":\"SearchAction\",\"target\":{\"@type\":\"EntryPoint\",\"urlTemplate\":\"https:\/\/www.visit-ulcinj.com\/blog\/?s={search_term_string}\"},\"query-input\":\"required name=search_term_string\"}],\"inLanguage\":\"en-US\"},{\"@type\":\"ImageObject\",\"inLanguage\":\"en-US\",\"@id\":\"https:\/\/www.visit-ulcinj.com\/blog\/2010\/04\/30\/okoncano-rusenje-lokala-na-pristanusamo-%e2%80%9eeks%e2%80%9d-pretekao\/#primaryimage\",\"url\":\"https:\/\/www.visit-ulcinj.com\/blog\/wp-content\/uploads\/2010\/04\/Rusenje-lokala-na-pristanu_ulcinj.4.jpg\",\"contentUrl\":\"https:\/\/www.visit-ulcinj.com\/blog\/wp-content\/uploads\/2010\/04\/Rusenje-lokala-na-pristanu_ulcinj.4.jpg\",\"width\":\"720\",\"height\":\"540\"},{\"@type\":\"WebPage\",\"@id\":\"https:\/\/www.visit-ulcinj.com\/blog\/2010\/04\/30\/okoncano-rusenje-lokala-na-pristanusamo-%e2%80%9eeks%e2%80%9d-pretekao\/#webpage\",\"url\":\"https:\/\/www.visit-ulcinj.com\/blog\/2010\/04\/30\/okoncano-rusenje-lokala-na-pristanusamo-%e2%80%9eeks%e2%80%9d-pretekao\/\",\"name\":\"Okon?ano ru\u0161enje lokala na pristanu,Samo \u201eEks\u201d pretekao - Lajme nga Ulqini\",\"isPartOf\":{\"@id\":\"https:\/\/www.visit-ulcinj.com\/blog\/#website\"},\"primaryImageOfPage\":{\"@id\":\"https:\/\/www.visit-ulcinj.com\/blog\/2010\/04\/30\/okoncano-rusenje-lokala-na-pristanusamo-%e2%80%9eeks%e2%80%9d-pretekao\/#primaryimage\"},\"datePublished\":\"2010-04-30T20:04:39+00:00\",\"dateModified\":\"2010-04-30T20:11:56+00:00\",\"author\":{\"@id\":\"https:\/\/www.visit-ulcinj.com\/blog\/#\/schema\/person\/dcab619c614d3038751c63bc2aadc06d\"},\"description\":\"Ulcinj - Inspektori za\u0161tite \u017eivotne sredine ju?e nijesu imali posla na Pristanu u Ulcinju u akciji sprovo?enja plana nadle\u017enog ministarstva, budu?i da su\",\"breadcrumb\":{\"@id\":\"https:\/\/www.visit-ulcinj.com\/blog\/2010\/04\/30\/okoncano-rusenje-lokala-na-pristanusamo-%e2%80%9eeks%e2%80%9d-pretekao\/#breadcrumb\"},\"inLanguage\":\"en-US\",\"potentialAction\":[{\"@type\":\"ReadAction\",\"target\":[\"https:\/\/www.visit-ulcinj.com\/blog\/2010\/04\/30\/okoncano-rusenje-lokala-na-pristanusamo-%e2%80%9eeks%e2%80%9d-pretekao\/\"]}]},{\"@type\":\"BreadcrumbList\",\"@id\":\"https:\/\/www.visit-ulcinj.com\/blog\/2010\/04\/30\/okoncano-rusenje-lokala-na-pristanusamo-%e2%80%9eeks%e2%80%9d-pretekao\/#breadcrumb\",\"itemListElement\":[{\"@type\":\"ListItem\",\"position\":1,\"name\":\"Okon?ano ru\u0161enje lokala na pristanu,Samo \u201eEks\u201d pretekao\"}]},{\"@type\":\"Person\",\"@id\":\"https:\/\/www.visit-ulcinj.com\/blog\/#\/schema\/person\/dcab619c614d3038751c63bc2aadc06d\",\"name\":\"ulqini\",\"sameAs\":[\"http:\/\/www.visit-ulcinj.com\"],\"url\":\"https:\/\/www.visit-ulcinj.com\/blog\/author\/admin\/\"}]}<\/script>\n<!-- \/ Yoast SEO plugin. -->","yoast_head_json":{"title":"Okon?ano ru\u0161enje lokala na pristanu,Samo \u201eEks\u201d pretekao - Lajme nga Ulqini","description":"Ulcinj - Inspektori za\u0161tite \u017eivotne sredine ju?e nijesu imali posla na Pristanu u Ulcinju u akciji sprovo?enja plana nadle\u017enog ministarstva, budu?i da su","robots":{"index":"index","follow":"follow","max-snippet":"max-snippet:-1","max-image-preview":"max-image-preview:large","max-video-preview":"max-video-preview:-1"},"canonical":"https:\/\/www.visit-ulcinj.com\/blog\/2010\/04\/30\/okoncano-rusenje-lokala-na-pristanusamo-\u201eeks\u201d-pretekao\/","og_locale":"en_US","og_type":"article","og_title":"Okon?ano ru\u0161enje lokala na pristanu,Samo \u201eEks\u201d pretekao - Lajme nga Ulqini","og_description":"Ulcinj - Inspektori za\u0161tite \u017eivotne sredine ju?e nijesu imali posla na Pristanu u Ulcinju u akciji sprovo?enja plana nadle\u017enog ministarstva, budu?i da su","og_url":"https:\/\/www.visit-ulcinj.com\/blog\/2010\/04\/30\/okoncano-rusenje-lokala-na-pristanusamo-\u201eeks\u201d-pretekao\/","og_site_name":"Lajme nga Ulqini","article_published_time":"2010-04-30T20:04:39+00:00","article_modified_time":"2010-04-30T20:11:56+00:00","og_image":[{"url":"https:\/\/www.visit-ulcinj.com\/blog\/wp-content\/uploads\/2010\/04\/Rusenje-lokala-na-pristanu_ulcinj-150x150.jpg"}],"twitter_misc":{"Written by":"ulqini","Est. reading time":"2 minutes"},"schema":{"@context":"https:\/\/schema.org","@graph":[{"@type":"WebSite","@id":"https:\/\/www.visit-ulcinj.com\/blog\/#website","url":"https:\/\/www.visit-ulcinj.com\/blog\/","name":"Lajme nga Ulqini","description":"Lajme,Vijesti,Ulqini,Ulqin,Crna Gora,Mali i Zi","potentialAction":[{"@type":"SearchAction","target":{"@type":"EntryPoint","urlTemplate":"https:\/\/www.visit-ulcinj.com\/blog\/?s={search_term_string}"},"query-input":"required name=search_term_string"}],"inLanguage":"en-US"},{"@type":"ImageObject","inLanguage":"en-US","@id":"https:\/\/www.visit-ulcinj.com\/blog\/2010\/04\/30\/okoncano-rusenje-lokala-na-pristanusamo-%e2%80%9eeks%e2%80%9d-pretekao\/#primaryimage","url":"https:\/\/www.visit-ulcinj.com\/blog\/wp-content\/uploads\/2010\/04\/Rusenje-lokala-na-pristanu_ulcinj.4.jpg","contentUrl":"https:\/\/www.visit-ulcinj.com\/blog\/wp-content\/uploads\/2010\/04\/Rusenje-lokala-na-pristanu_ulcinj.4.jpg","width":"720","height":"540"},{"@type":"WebPage","@id":"https:\/\/www.visit-ulcinj.com\/blog\/2010\/04\/30\/okoncano-rusenje-lokala-na-pristanusamo-%e2%80%9eeks%e2%80%9d-pretekao\/#webpage","url":"https:\/\/www.visit-ulcinj.com\/blog\/2010\/04\/30\/okoncano-rusenje-lokala-na-pristanusamo-%e2%80%9eeks%e2%80%9d-pretekao\/","name":"Okon?ano ru\u0161enje lokala na pristanu,Samo \u201eEks\u201d pretekao - Lajme nga Ulqini","isPartOf":{"@id":"https:\/\/www.visit-ulcinj.com\/blog\/#website"},"primaryImageOfPage":{"@id":"https:\/\/www.visit-ulcinj.com\/blog\/2010\/04\/30\/okoncano-rusenje-lokala-na-pristanusamo-%e2%80%9eeks%e2%80%9d-pretekao\/#primaryimage"},"datePublished":"2010-04-30T20:04:39+00:00","dateModified":"2010-04-30T20:11:56+00:00","author":{"@id":"https:\/\/www.visit-ulcinj.com\/blog\/#\/schema\/person\/dcab619c614d3038751c63bc2aadc06d"},"description":"Ulcinj - Inspektori za\u0161tite \u017eivotne sredine ju?e nijesu imali posla na Pristanu u Ulcinju u akciji sprovo?enja plana nadle\u017enog ministarstva, budu?i da su","breadcrumb":{"@id":"https:\/\/www.visit-ulcinj.com\/blog\/2010\/04\/30\/okoncano-rusenje-lokala-na-pristanusamo-%e2%80%9eeks%e2%80%9d-pretekao\/#breadcrumb"},"inLanguage":"en-US","potentialAction":[{"@type":"ReadAction","target":["https:\/\/www.visit-ulcinj.com\/blog\/2010\/04\/30\/okoncano-rusenje-lokala-na-pristanusamo-%e2%80%9eeks%e2%80%9d-pretekao\/"]}]},{"@type":"BreadcrumbList","@id":"https:\/\/www.visit-ulcinj.com\/blog\/2010\/04\/30\/okoncano-rusenje-lokala-na-pristanusamo-%e2%80%9eeks%e2%80%9d-pretekao\/#breadcrumb","itemListElement":[{"@type":"ListItem","position":1,"name":"Okon?ano ru\u0161enje lokala na pristanu,Samo \u201eEks\u201d pretekao"}]},{"@type":"Person","@id":"https:\/\/www.visit-ulcinj.com\/blog\/#\/schema\/person\/dcab619c614d3038751c63bc2aadc06d","name":"ulqini","sameAs":["http:\/\/www.visit-ulcinj.com"],"url":"https:\/\/www.visit-ulcinj.com\/blog\/author\/admin\/"}]}},"jetpack_featured_media_url":"","jetpack_sharing_enabled":true,"jetpack_shortlink":"https:\/\/wp.me\/pe6lTn-8uf","_links":{"self":[{"href":"https:\/\/www.visit-ulcinj.com\/blog\/wp-json\/wp\/v2\/posts\/32627"}],"collection":[{"href":"https:\/\/www.visit-ulcinj.com\/blog\/wp-json\/wp\/v2\/posts"}],"about":[{"href":"https:\/\/www.visit-ulcinj.com\/blog\/wp-json\/wp\/v2\/types\/post"}],"author":[{"embeddable":true,"href":"https:\/\/www.visit-ulcinj.com\/blog\/wp-json\/wp\/v2\/users\/1"}],"replies":[{"embeddable":true,"href":"https:\/\/www.visit-ulcinj.com\/blog\/wp-json\/wp\/v2\/comments?post=32627"}],"version-history":[{"count":0,"href":"https:\/\/www.visit-ulcinj.com\/blog\/wp-json\/wp\/v2\/posts\/32627\/revisions"}],"wp:attachment":[{"href":"https:\/\/www.visit-ulcinj.com\/blog\/wp-json\/wp\/v2\/media?parent=32627"}],"wp:term":[{"taxonomy":"category","embeddable":true,"href":"https:\/\/www.visit-ulcinj.com\/blog\/wp-json\/wp\/v2\/categories?post=32627"},{"taxonomy":"post_tag","embeddable":true,"href":"https:\/\/www.visit-ulcinj.com\/blog\/wp-json\/wp\/v2\/tags?post=32627"}],"curies":[{"name":"wp","href":"https:\/\/api.w.org\/{rel}","templated":true}]}}