{"id":32645,"date":"2010-05-01T07:52:46","date_gmt":"2010-05-01T05:52:46","guid":{"rendered":"http:\/\/www.visit-ulcinj.com\/blog\/?p=32645"},"modified":"2010-05-01T07:52:46","modified_gmt":"2010-05-01T05:52:46","slug":"ulcinj-lagano-se-budi-iz-dugog-sna","status":"publish","type":"post","link":"https:\/\/www.visit-ulcinj.com\/blog\/2010\/05\/01\/ulcinj-lagano-se-budi-iz-dugog-sna\/","title":{"rendered":"Ulcinj lagano se budi iz dugog sna"},"content":{"rendered":"<p><strong><a href=\"http:\/\/www.visit-ulcinj.com\/blog\/wp-content\/uploads\/2010\/05\/Mustafa-Canka.jpg\"><img loading=\"lazy\" class=\"alignleft size-full wp-image-32646\" title=\"Mustafa Canka\" src=\"http:\/\/www.visit-ulcinj.com\/blog\/wp-content\/uploads\/2010\/05\/Mustafa-Canka.jpg\" alt=\"Mustafa Canka\" width=\"580\" height=\"400\" \/><\/a>Mnogo je naznaka koje ukazuju na to da se Ulcinj lagano budi iz dugog sna, nemara i zapu\u0161tenosti.<\/strong><\/p>\n<p>Kao stanovnici, ovog, nama najdra\u017eeg grada na svijetu, moramo se tome radovati.<br \/>\nDivno je \u0161to se sve ovo de\u0161ava s prolje?a koje je najljep\u0161e godi\u0161nje doba, kada sve uzbuja, lista i zablista.<br \/>\nI vrijeme je da se to desi!<\/p>\n<p>Osje?a se na svakom koraku ta pozitivna atmosfera, to i\u0161?ekivanje ljep\u0161eg i boljeg, vidljive su te pozitivne vibracije i obrisi. Kao da se vra?a samopouzdanje ljudi, svijest da se mora ne\u0161to u?initi, preduzeti, a ne samo plakati i naricati nad vlastitom sudbinom.<br \/>\nNagomilala se silna energija i ona bi zato trebalo da korisno bude upotrijebljena za dobro svih gra?ana Ulcinja.<br \/>\nA to nije te\u0161ko, samo ako se \u017eeli.<\/p>\n<p>I naravno: pozdravi?e ovaj narod svaku dobru namjeru, ura?en posao, zapo?eti projekat. No, nama nije potrebno samo \u0161minkanje i kampanjski rad u osvit izbora. Zato bi projektanti tih aktivnosti morali dobro da razmisle i o kontraefektima tih svojih akcija.<br \/>\nJer, nama, danas i ovdje, treba jasna vizija, objedinjavanje svih sposobnih ljudi na konkretnim projektima, svakodnevni mukotrpan rad.<br \/>\nJedino tada mo\u017ee biti dobrih rezultata.<\/p>\n<p>Mi mnogo zaostajemo ?ak i za najbli\u017eim okru\u017eenjem da bi sebi mogli dopustiti \u201eo-ruk\u201c taktiku, ljen?arenje, podjele i sva?e.<\/p>\n<p>Zato je pokrenuta i kampanja za rascjep unutar Islamske zajednice: da bi se bavili sami sobom, da bi se energija tro\u0161ili na obra?une, da bi se dobilo jo\u0161 malo vremena kako bi se neki poslovi okon?ali, da bi neki neodgovorni ljudi ostvarili svoje ambicije.<br \/>\nAli, i sami znaju: sa malo talenta i oskudnog znanja kopni nada da ?e u tome uspjeti.<\/p>\n<p>Jer, Islamska je zajednica punih 400 godina klju?ni faktor objedinjavanja na ovom prostoru. Ona je duhovna vertikala ve?inskog naroda, krovna institucija, koja ?e nad-\u017eivjeti sve nas.<br \/>\nIako je razbijana, stalno bila na udaru re\u017eima i njegovih poslu\u0161nika, samim ?udom je opstajala.<br \/>\nI sada ?e, u to nema nikakve sumnje. Sami Predobri Bog bdije nad ovim gradom. Raskubali bi nas do sada, da nije Njegove milosti, dobrote i snage!<\/p>\n<p>Potvrdilo se da pokreta?i ove inicijative ne razumiju grad, njegovu istoriju i tradiciju. Koliko naivnosti, neznavenosti i neodgovornosti u toj \u201eolako obe?anoj brzini\u201c!?<br \/>\nKakvo potcjenjivanje ljudi!?<br \/>\nRa?unali su, valjda, da ?e narod to popiti kao ?a\u0161u vode, ne shvataju?i da je to posljednja linija odbrane.<\/p>\n<p>Dakle, nema u ovom poku\u0161aju obezglavljivanja naroda i lomljenja mu duhovne ki?me ni\u0161ta neprirodno. Tek kratkoro?na nestabilnost, nakon koje slijedi, ako Bog da, uspostavljanje trajnije stabilnosti.<\/p>\n<p>Zato je izuzetno va\u017eno razumjeti ?itav kontekst ove vje\u0161ta?ki izazvane nestabilnosti.<br \/>\nOdgovornost je na svakom gra?aninu, i oni moraju biti toga svjesni.<br \/>\nUostalom, svi su cvjetovi budu?nosti u sjemenu sada\u0161njosti.<\/p>\n<p><strong>Mustafa Canka, TV Teuta, 30. April 2010.<\/strong><\/p>\n","protected":false},"excerpt":{"rendered":"<p>Mnogo je naznaka koje ukazuju na to da se Ulcinj lagano budi iz dugog sna, nemara i zapu\u0161tenosti. Kao stanovnici, ovog, nama najdra\u017eeg grada na svijetu, moramo se tome radovati. Divno je \u0161to se sve ovo de\u0161ava s prolje?a koje je najljep\u0161e godi\u0161nje doba, kada sve uzbuja, lista i zablista. I vrijeme je da se [&hellip;]<\/p>\n","protected":false},"author":1,"featured_media":0,"comment_status":"open","ping_status":"closed","sticky":false,"template":"","format":"standard","meta":{"spay_email":"","jetpack_publicize_message":"","jetpack_is_tweetstorm":false,"jetpack_publicize_feature_enabled":true},"categories":[8337],"tags":[5276,2088,19],"jetpack_publicize_connections":[],"yoast_head":"<!-- This site is optimized with the Yoast SEO plugin v19.1 - https:\/\/yoast.com\/wordpress\/plugins\/seo\/ -->\n<title>Ulcinj lagano se budi iz dugog sna - Lajme nga Ulqini<\/title>\n<meta name=\"description\" content=\"Mnogo je naznaka koje ukazuju na to da se Ulcinj lagano budi iz dugog sna, nemara i zapu\u0161tenosti. Kao stanovnici, ovog, nama najdra\u017eeg grada na svijetu,\" \/>\n<meta name=\"robots\" content=\"index, follow, max-snippet:-1, max-image-preview:large, max-video-preview:-1\" \/>\n<link rel=\"canonical\" href=\"https:\/\/www.visit-ulcinj.com\/blog\/2010\/05\/01\/ulcinj-lagano-se-budi-iz-dugog-sna\/\" \/>\n<meta property=\"og:locale\" content=\"en_US\" \/>\n<meta property=\"og:type\" content=\"article\" \/>\n<meta property=\"og:title\" content=\"Ulcinj lagano se budi iz dugog sna - Lajme nga Ulqini\" \/>\n<meta property=\"og:description\" content=\"Mnogo je naznaka koje ukazuju na to da se Ulcinj lagano budi iz dugog sna, nemara i zapu\u0161tenosti. Kao stanovnici, ovog, nama najdra\u017eeg grada na svijetu,\" \/>\n<meta property=\"og:url\" content=\"https:\/\/www.visit-ulcinj.com\/blog\/2010\/05\/01\/ulcinj-lagano-se-budi-iz-dugog-sna\/\" \/>\n<meta property=\"og:site_name\" content=\"Lajme nga Ulqini\" \/>\n<meta property=\"article:published_time\" content=\"2010-05-01T05:52:46+00:00\" \/>\n<meta property=\"og:image\" content=\"http:\/\/www.visit-ulcinj.com\/blog\/wp-content\/uploads\/2010\/05\/Mustafa-Canka.jpg\" \/>\n<meta name=\"twitter:label1\" content=\"Written by\" \/>\n\t<meta name=\"twitter:data1\" content=\"ulqini\" \/>\n\t<meta name=\"twitter:label2\" content=\"Est. reading time\" \/>\n\t<meta name=\"twitter:data2\" content=\"2 minutes\" \/>\n<script type=\"application\/ld+json\" class=\"yoast-schema-graph\">{\"@context\":\"https:\/\/schema.org\",\"@graph\":[{\"@type\":\"WebSite\",\"@id\":\"https:\/\/www.visit-ulcinj.com\/blog\/#website\",\"url\":\"https:\/\/www.visit-ulcinj.com\/blog\/\",\"name\":\"Lajme nga Ulqini\",\"description\":\"Lajme,Vijesti,Ulqini,Ulqin,Crna Gora,Mali i Zi\",\"potentialAction\":[{\"@type\":\"SearchAction\",\"target\":{\"@type\":\"EntryPoint\",\"urlTemplate\":\"https:\/\/www.visit-ulcinj.com\/blog\/?s={search_term_string}\"},\"query-input\":\"required name=search_term_string\"}],\"inLanguage\":\"en-US\"},{\"@type\":\"ImageObject\",\"inLanguage\":\"en-US\",\"@id\":\"https:\/\/www.visit-ulcinj.com\/blog\/2010\/05\/01\/ulcinj-lagano-se-budi-iz-dugog-sna\/#primaryimage\",\"url\":\"https:\/\/www.visit-ulcinj.com\/blog\/wp-content\/uploads\/2010\/05\/Mustafa-Canka.jpg\",\"contentUrl\":\"https:\/\/www.visit-ulcinj.com\/blog\/wp-content\/uploads\/2010\/05\/Mustafa-Canka.jpg\",\"width\":\"1007\",\"height\":\"569\"},{\"@type\":\"WebPage\",\"@id\":\"https:\/\/www.visit-ulcinj.com\/blog\/2010\/05\/01\/ulcinj-lagano-se-budi-iz-dugog-sna\/#webpage\",\"url\":\"https:\/\/www.visit-ulcinj.com\/blog\/2010\/05\/01\/ulcinj-lagano-se-budi-iz-dugog-sna\/\",\"name\":\"Ulcinj lagano se budi iz dugog sna - Lajme nga Ulqini\",\"isPartOf\":{\"@id\":\"https:\/\/www.visit-ulcinj.com\/blog\/#website\"},\"primaryImageOfPage\":{\"@id\":\"https:\/\/www.visit-ulcinj.com\/blog\/2010\/05\/01\/ulcinj-lagano-se-budi-iz-dugog-sna\/#primaryimage\"},\"datePublished\":\"2010-05-01T05:52:46+00:00\",\"dateModified\":\"2010-05-01T05:52:46+00:00\",\"author\":{\"@id\":\"https:\/\/www.visit-ulcinj.com\/blog\/#\/schema\/person\/dcab619c614d3038751c63bc2aadc06d\"},\"description\":\"Mnogo je naznaka koje ukazuju na to da se Ulcinj lagano budi iz dugog sna, nemara i zapu\u0161tenosti. Kao stanovnici, ovog, nama najdra\u017eeg grada na svijetu,\",\"breadcrumb\":{\"@id\":\"https:\/\/www.visit-ulcinj.com\/blog\/2010\/05\/01\/ulcinj-lagano-se-budi-iz-dugog-sna\/#breadcrumb\"},\"inLanguage\":\"en-US\",\"potentialAction\":[{\"@type\":\"ReadAction\",\"target\":[\"https:\/\/www.visit-ulcinj.com\/blog\/2010\/05\/01\/ulcinj-lagano-se-budi-iz-dugog-sna\/\"]}]},{\"@type\":\"BreadcrumbList\",\"@id\":\"https:\/\/www.visit-ulcinj.com\/blog\/2010\/05\/01\/ulcinj-lagano-se-budi-iz-dugog-sna\/#breadcrumb\",\"itemListElement\":[{\"@type\":\"ListItem\",\"position\":1,\"name\":\"Ulcinj lagano se budi iz dugog sna\"}]},{\"@type\":\"Person\",\"@id\":\"https:\/\/www.visit-ulcinj.com\/blog\/#\/schema\/person\/dcab619c614d3038751c63bc2aadc06d\",\"name\":\"ulqini\",\"sameAs\":[\"http:\/\/www.visit-ulcinj.com\"],\"url\":\"https:\/\/www.visit-ulcinj.com\/blog\/author\/admin\/\"}]}<\/script>\n<!-- \/ Yoast SEO plugin. -->","yoast_head_json":{"title":"Ulcinj lagano se budi iz dugog sna - Lajme nga Ulqini","description":"Mnogo je naznaka koje ukazuju na to da se Ulcinj lagano budi iz dugog sna, nemara i zapu\u0161tenosti. Kao stanovnici, ovog, nama najdra\u017eeg grada na svijetu,","robots":{"index":"index","follow":"follow","max-snippet":"max-snippet:-1","max-image-preview":"max-image-preview:large","max-video-preview":"max-video-preview:-1"},"canonical":"https:\/\/www.visit-ulcinj.com\/blog\/2010\/05\/01\/ulcinj-lagano-se-budi-iz-dugog-sna\/","og_locale":"en_US","og_type":"article","og_title":"Ulcinj lagano se budi iz dugog sna - Lajme nga Ulqini","og_description":"Mnogo je naznaka koje ukazuju na to da se Ulcinj lagano budi iz dugog sna, nemara i zapu\u0161tenosti. Kao stanovnici, ovog, nama najdra\u017eeg grada na svijetu,","og_url":"https:\/\/www.visit-ulcinj.com\/blog\/2010\/05\/01\/ulcinj-lagano-se-budi-iz-dugog-sna\/","og_site_name":"Lajme nga Ulqini","article_published_time":"2010-05-01T05:52:46+00:00","og_image":[{"url":"http:\/\/www.visit-ulcinj.com\/blog\/wp-content\/uploads\/2010\/05\/Mustafa-Canka.jpg"}],"twitter_misc":{"Written by":"ulqini","Est. reading time":"2 minutes"},"schema":{"@context":"https:\/\/schema.org","@graph":[{"@type":"WebSite","@id":"https:\/\/www.visit-ulcinj.com\/blog\/#website","url":"https:\/\/www.visit-ulcinj.com\/blog\/","name":"Lajme nga Ulqini","description":"Lajme,Vijesti,Ulqini,Ulqin,Crna Gora,Mali i Zi","potentialAction":[{"@type":"SearchAction","target":{"@type":"EntryPoint","urlTemplate":"https:\/\/www.visit-ulcinj.com\/blog\/?s={search_term_string}"},"query-input":"required name=search_term_string"}],"inLanguage":"en-US"},{"@type":"ImageObject","inLanguage":"en-US","@id":"https:\/\/www.visit-ulcinj.com\/blog\/2010\/05\/01\/ulcinj-lagano-se-budi-iz-dugog-sna\/#primaryimage","url":"https:\/\/www.visit-ulcinj.com\/blog\/wp-content\/uploads\/2010\/05\/Mustafa-Canka.jpg","contentUrl":"https:\/\/www.visit-ulcinj.com\/blog\/wp-content\/uploads\/2010\/05\/Mustafa-Canka.jpg","width":"1007","height":"569"},{"@type":"WebPage","@id":"https:\/\/www.visit-ulcinj.com\/blog\/2010\/05\/01\/ulcinj-lagano-se-budi-iz-dugog-sna\/#webpage","url":"https:\/\/www.visit-ulcinj.com\/blog\/2010\/05\/01\/ulcinj-lagano-se-budi-iz-dugog-sna\/","name":"Ulcinj lagano se budi iz dugog sna - Lajme nga Ulqini","isPartOf":{"@id":"https:\/\/www.visit-ulcinj.com\/blog\/#website"},"primaryImageOfPage":{"@id":"https:\/\/www.visit-ulcinj.com\/blog\/2010\/05\/01\/ulcinj-lagano-se-budi-iz-dugog-sna\/#primaryimage"},"datePublished":"2010-05-01T05:52:46+00:00","dateModified":"2010-05-01T05:52:46+00:00","author":{"@id":"https:\/\/www.visit-ulcinj.com\/blog\/#\/schema\/person\/dcab619c614d3038751c63bc2aadc06d"},"description":"Mnogo je naznaka koje ukazuju na to da se Ulcinj lagano budi iz dugog sna, nemara i zapu\u0161tenosti. Kao stanovnici, ovog, nama najdra\u017eeg grada na svijetu,","breadcrumb":{"@id":"https:\/\/www.visit-ulcinj.com\/blog\/2010\/05\/01\/ulcinj-lagano-se-budi-iz-dugog-sna\/#breadcrumb"},"inLanguage":"en-US","potentialAction":[{"@type":"ReadAction","target":["https:\/\/www.visit-ulcinj.com\/blog\/2010\/05\/01\/ulcinj-lagano-se-budi-iz-dugog-sna\/"]}]},{"@type":"BreadcrumbList","@id":"https:\/\/www.visit-ulcinj.com\/blog\/2010\/05\/01\/ulcinj-lagano-se-budi-iz-dugog-sna\/#breadcrumb","itemListElement":[{"@type":"ListItem","position":1,"name":"Ulcinj lagano se budi iz dugog sna"}]},{"@type":"Person","@id":"https:\/\/www.visit-ulcinj.com\/blog\/#\/schema\/person\/dcab619c614d3038751c63bc2aadc06d","name":"ulqini","sameAs":["http:\/\/www.visit-ulcinj.com"],"url":"https:\/\/www.visit-ulcinj.com\/blog\/author\/admin\/"}]}},"jetpack_featured_media_url":"","jetpack_sharing_enabled":true,"jetpack_shortlink":"https:\/\/wp.me\/pe6lTn-8ux","_links":{"self":[{"href":"https:\/\/www.visit-ulcinj.com\/blog\/wp-json\/wp\/v2\/posts\/32645"}],"collection":[{"href":"https:\/\/www.visit-ulcinj.com\/blog\/wp-json\/wp\/v2\/posts"}],"about":[{"href":"https:\/\/www.visit-ulcinj.com\/blog\/wp-json\/wp\/v2\/types\/post"}],"author":[{"embeddable":true,"href":"https:\/\/www.visit-ulcinj.com\/blog\/wp-json\/wp\/v2\/users\/1"}],"replies":[{"embeddable":true,"href":"https:\/\/www.visit-ulcinj.com\/blog\/wp-json\/wp\/v2\/comments?post=32645"}],"version-history":[{"count":0,"href":"https:\/\/www.visit-ulcinj.com\/blog\/wp-json\/wp\/v2\/posts\/32645\/revisions"}],"wp:attachment":[{"href":"https:\/\/www.visit-ulcinj.com\/blog\/wp-json\/wp\/v2\/media?parent=32645"}],"wp:term":[{"taxonomy":"category","embeddable":true,"href":"https:\/\/www.visit-ulcinj.com\/blog\/wp-json\/wp\/v2\/categories?post=32645"},{"taxonomy":"post_tag","embeddable":true,"href":"https:\/\/www.visit-ulcinj.com\/blog\/wp-json\/wp\/v2\/tags?post=32645"}],"curies":[{"name":"wp","href":"https:\/\/api.w.org\/{rel}","templated":true}]}}