{"id":32648,"date":"2010-05-01T09:13:54","date_gmt":"2010-05-01T07:13:54","guid":{"rendered":"http:\/\/www.visit-ulcinj.com\/blog\/?p=32648"},"modified":"2010-05-01T09:13:54","modified_gmt":"2010-05-01T07:13:54","slug":"u-mbajt-ekspozita-e-pikturave-te-artit-modern-ne-kullen-e-ballshajve","status":"publish","type":"post","link":"https:\/\/www.visit-ulcinj.com\/blog\/2010\/05\/01\/u-mbajt-ekspozita-e-pikturave-te-artit-modern-ne-kullen-e-ballshajve\/","title":{"rendered":"U mbajt ekspozita e pikturave te Artit Modern n\u00eb Kullen e Ballshajve"},"content":{"rendered":"<p><a href=\"http:\/\/www.visit-ulcinj.com\/blog\/wp-content\/uploads\/2010\/05\/Ekspozita-Artit-Modern-n\u00eb-Kullen-e-Ballshajve_Ulqin.jpg\"><img loading=\"lazy\" class=\"alignleft size-full wp-image-32649\" title=\"Ekspozita Artit Modern n\u00eb Kullen e Ballshajve_Ulqin\" src=\"http:\/\/www.visit-ulcinj.com\/blog\/wp-content\/uploads\/2010\/05\/Ekspozita-Artit-Modern-n\u00eb-Kullen-e-Ballshajve_Ulqin.jpg\" alt=\"Ekspozita Artit Modern n\u00eb Kullen e Ballshajve_Ulqin\" width=\"580\" height=\"400\" \/><\/a>Partija Socijaldemokrate ne Mal t\u00eb Zi sekcioni i Ulqinit ka ftuar publikun e gjer\u00eb te merrin pjese ne ekspoziten e pikturave te Artit Modern e cila u zhvillu me 29 prill 2010 ne Kullen e Ballshajve,Pallati Venecias ( KALAJA E ULQINIT).<br \/>\n<strong>Ekspozojne veprat e tyre artistike:<br \/>\n<\/strong><\/p>\n<ul>\n<li><strong>1.Nejra Borisiqi<\/strong><\/li>\n<li><strong>2.Mersiha Mavriqi<\/strong><\/li>\n<li><strong>3.Matej Serpfleri<\/strong><\/li>\n<\/ul>\n<p>Qellimi i Partija Socijaldemokrate ne MZ-Ulqin eshte t\u2019ju ndihmojme te rive te afirmohen.<br \/>\nBehuni edhe ju pjese e ketij eventi kulturore,perkrahni edhe ju keto te rinj me pjesemarrjen tuaj.<\/p>\n<p id=\"profile_name\"><a href=\"http:\/\/www.facebook.com\/#!\/group.php?gid=101327243240226\" target=\"_blank\"><strong>SDO Ulcinj-Ulqin Facebook<\/strong><\/a><br \/>\n\n\t\t<style type=\"text\/css\">\n\t\t\t#gallery-1 {\n\t\t\t\tmargin: auto;\n\t\t\t}\n\t\t\t#gallery-1 .gallery-item {\n\t\t\t\tfloat: left;\n\t\t\t\tmargin-top: 10px;\n\t\t\t\ttext-align: center;\n\t\t\t\twidth: 33%;\n\t\t\t}\n\t\t\t#gallery-1 img {\n\t\t\t\tborder: 2px solid #cfcfcf;\n\t\t\t}\n\t\t\t#gallery-1 .gallery-caption {\n\t\t\t\tmargin-left: 0;\n\t\t\t}\n\t\t\t\/* see gallery_shortcode() in wp-includes\/media.php *\/\n\t\t<\/style>\n\t\t<div id='gallery-1' class='gallery galleryid-32648 gallery-columns-3 gallery-size-thumbnail'><dl class='gallery-item'>\n\t\t\t<dt class='gallery-icon '>\n\t\t\t\t<a href='https:\/\/www.visit-ulcinj.com\/blog\/wp-content\/uploads\/2010\/05\/Ekspozita-Artit-Modern-n\u00c3\u00ab-Kullen-e-Ballshajve_Ulqin.jpg'><img width=\"1\" height=\"1\" src=\"https:\/\/www.visit-ulcinj.com\/blog\/wp-content\/uploads\/2010\/05\/Ekspozita-Artit-Modern-n\u00c3\u00ab-Kullen-e-Ballshajve_Ulqin.jpg\" class=\"attachment-thumbnail size-thumbnail\" alt=\"\" loading=\"lazy\" \/><\/a>\n\t\t\t<\/dt><\/dl><dl class='gallery-item'>\n\t\t\t<dt class='gallery-icon '>\n\t\t\t\t<a href='https:\/\/www.visit-ulcinj.com\/blog\/wp-content\/uploads\/2010\/05\/Ekspozita-e-Artit-Modern-n\u00c3\u00ab-Kullen-e-Ballshajve_Ulqin.11.jpg'><img width=\"1\" height=\"1\" src=\"https:\/\/www.visit-ulcinj.com\/blog\/wp-content\/uploads\/2010\/05\/Ekspozita-e-Artit-Modern-n\u00c3\u00ab-Kullen-e-Ballshajve_Ulqin.11.jpg\" class=\"attachment-thumbnail size-thumbnail\" alt=\"\" loading=\"lazy\" \/><\/a>\n\t\t\t<\/dt><\/dl><dl class='gallery-item'>\n\t\t\t<dt class='gallery-icon '>\n\t\t\t\t<a href='https:\/\/www.visit-ulcinj.com\/blog\/wp-content\/uploads\/2010\/05\/Ekspozita-e-Artit-Modern-n\u00c3\u00ab-Kullen-e-Ballshajve_Ulqin.12.jpg'><img width=\"1\" height=\"1\" src=\"https:\/\/www.visit-ulcinj.com\/blog\/wp-content\/uploads\/2010\/05\/Ekspozita-e-Artit-Modern-n\u00c3\u00ab-Kullen-e-Ballshajve_Ulqin.12.jpg\" class=\"attachment-thumbnail size-thumbnail\" alt=\"\" loading=\"lazy\" \/><\/a>\n\t\t\t<\/dt><\/dl><br style=\"clear: both\" \/><dl class='gallery-item'>\n\t\t\t<dt class='gallery-icon '>\n\t\t\t\t<a href='https:\/\/www.visit-ulcinj.com\/blog\/wp-content\/uploads\/2010\/05\/Ekspozita-e-Artit-Modern-n\u00c3\u00ab-Kullen-e-Ballshajve_Ulqin.15.jpg'><img width=\"1\" height=\"1\" src=\"https:\/\/www.visit-ulcinj.com\/blog\/wp-content\/uploads\/2010\/05\/Ekspozita-e-Artit-Modern-n\u00c3\u00ab-Kullen-e-Ballshajve_Ulqin.15.jpg\" class=\"attachment-thumbnail size-thumbnail\" alt=\"\" loading=\"lazy\" \/><\/a>\n\t\t\t<\/dt><\/dl><dl class='gallery-item'>\n\t\t\t<dt class='gallery-icon '>\n\t\t\t\t<a href='https:\/\/www.visit-ulcinj.com\/blog\/wp-content\/uploads\/2010\/05\/Ekspozita-e-Artit-Modern-n\u00c3\u00ab-Kullen-e-Ballshajve_Ulqin.5.jpg'><img width=\"1\" height=\"1\" src=\"https:\/\/www.visit-ulcinj.com\/blog\/wp-content\/uploads\/2010\/05\/Ekspozita-e-Artit-Modern-n\u00c3\u00ab-Kullen-e-Ballshajve_Ulqin.5.jpg\" class=\"attachment-thumbnail size-thumbnail\" alt=\"\" loading=\"lazy\" \/><\/a>\n\t\t\t<\/dt><\/dl><dl class='gallery-item'>\n\t\t\t<dt class='gallery-icon '>\n\t\t\t\t<a href='https:\/\/www.visit-ulcinj.com\/blog\/wp-content\/uploads\/2010\/05\/Ekspozita-e-Artit-Modern-n\u00c3\u00ab-Kullen-e-Ballshajve_Ulqin.18.jpg'><img width=\"1\" height=\"1\" src=\"https:\/\/www.visit-ulcinj.com\/blog\/wp-content\/uploads\/2010\/05\/Ekspozita-e-Artit-Modern-n\u00c3\u00ab-Kullen-e-Ballshajve_Ulqin.18.jpg\" class=\"attachment-thumbnail size-thumbnail\" alt=\"\" loading=\"lazy\" \/><\/a>\n\t\t\t<\/dt><\/dl><br style=\"clear: both\" \/>\n\t\t<\/div>\n<br \/>\n<!--YouTube Error: bad URL entered--><\/p>\n","protected":false},"excerpt":{"rendered":"<p>Partija Socijaldemokrate ne Mal t\u00eb Zi sekcioni i Ulqinit ka ftuar publikun e gjer\u00eb te merrin pjese ne ekspoziten e pikturave te Artit Modern e cila u zhvillu me 29 prill 2010 ne Kullen e Ballshajve,Pallati Venecias ( KALAJA E ULQINIT). Ekspozojne veprat e tyre artistike: 1.Nejra Borisiqi 2.Mersiha Mavriqi 3.Matej Serpfleri Qellimi i Partija [&hellip;]<\/p>\n","protected":false},"author":1,"featured_media":0,"comment_status":"open","ping_status":"closed","sticky":false,"template":"","format":"standard","meta":{"spay_email":"","jetpack_publicize_message":"","jetpack_is_tweetstorm":false,"jetpack_publicize_feature_enabled":true},"categories":[4],"tags":[14188,14189,14187,14186,14185,14184],"jetpack_publicize_connections":[],"yoast_head":"<!-- This site is optimized with the Yoast SEO plugin v19.1 - https:\/\/yoast.com\/wordpress\/plugins\/seo\/ -->\n<title>U mbajt ekspozita e pikturave te Artit Modern n\u00eb Kullen e Ballshajve - Lajme nga Ulqini<\/title>\n<meta name=\"description\" content=\"Partija Socijaldemokrate ne Mal t\u00eb Zi sekcioni i Ulqinit ka ftuar publikun e gjer\u00eb te merrin pjese ne ekspoziten e pikturave te Artit Modern e cila u\" \/>\n<meta name=\"robots\" content=\"index, follow, max-snippet:-1, max-image-preview:large, max-video-preview:-1\" \/>\n<link rel=\"canonical\" href=\"https:\/\/www.visit-ulcinj.com\/blog\/2010\/05\/01\/u-mbajt-ekspozita-e-pikturave-te-artit-modern-ne-kullen-e-ballshajve\/\" \/>\n<meta property=\"og:locale\" content=\"en_US\" \/>\n<meta property=\"og:type\" content=\"article\" \/>\n<meta property=\"og:title\" content=\"U mbajt ekspozita e pikturave te Artit Modern n\u00eb Kullen e Ballshajve - Lajme nga Ulqini\" \/>\n<meta property=\"og:description\" content=\"Partija Socijaldemokrate ne Mal t\u00eb Zi sekcioni i Ulqinit ka ftuar publikun e gjer\u00eb te merrin pjese ne ekspoziten e pikturave te Artit Modern e cila u\" \/>\n<meta property=\"og:url\" content=\"https:\/\/www.visit-ulcinj.com\/blog\/2010\/05\/01\/u-mbajt-ekspozita-e-pikturave-te-artit-modern-ne-kullen-e-ballshajve\/\" \/>\n<meta property=\"og:site_name\" content=\"Lajme nga Ulqini\" \/>\n<meta property=\"article:published_time\" content=\"2010-05-01T07:13:54+00:00\" \/>\n<meta property=\"og:image\" content=\"https:\/\/www.visit-ulcinj.com\/blog\/wp-content\/uploads\/2010\/05\/Ekspozita-Artit-Modern-n\u00c3\u00ab-Kullen-e-Ballshajve_Ulqin.jpg\" \/>\n<meta name=\"twitter:label1\" content=\"Written by\" \/>\n\t<meta name=\"twitter:data1\" content=\"ulqini\" \/>\n\t<meta name=\"twitter:label2\" content=\"Est. reading time\" \/>\n\t<meta name=\"twitter:data2\" content=\"1 minute\" \/>\n<script type=\"application\/ld+json\" class=\"yoast-schema-graph\">{\"@context\":\"https:\/\/schema.org\",\"@graph\":[{\"@type\":\"WebSite\",\"@id\":\"https:\/\/www.visit-ulcinj.com\/blog\/#website\",\"url\":\"https:\/\/www.visit-ulcinj.com\/blog\/\",\"name\":\"Lajme nga Ulqini\",\"description\":\"Lajme,Vijesti,Ulqini,Ulqin,Crna Gora,Mali i Zi\",\"potentialAction\":[{\"@type\":\"SearchAction\",\"target\":{\"@type\":\"EntryPoint\",\"urlTemplate\":\"https:\/\/www.visit-ulcinj.com\/blog\/?s={search_term_string}\"},\"query-input\":\"required name=search_term_string\"}],\"inLanguage\":\"en-US\"},{\"@type\":\"WebPage\",\"@id\":\"https:\/\/www.visit-ulcinj.com\/blog\/2010\/05\/01\/u-mbajt-ekspozita-e-pikturave-te-artit-modern-ne-kullen-e-ballshajve\/#webpage\",\"url\":\"https:\/\/www.visit-ulcinj.com\/blog\/2010\/05\/01\/u-mbajt-ekspozita-e-pikturave-te-artit-modern-ne-kullen-e-ballshajve\/\",\"name\":\"U mbajt ekspozita e pikturave te Artit Modern n\u00eb Kullen e Ballshajve - Lajme nga Ulqini\",\"isPartOf\":{\"@id\":\"https:\/\/www.visit-ulcinj.com\/blog\/#website\"},\"datePublished\":\"2010-05-01T07:13:54+00:00\",\"dateModified\":\"2010-05-01T07:13:54+00:00\",\"author\":{\"@id\":\"https:\/\/www.visit-ulcinj.com\/blog\/#\/schema\/person\/dcab619c614d3038751c63bc2aadc06d\"},\"description\":\"Partija Socijaldemokrate ne Mal t\u00eb Zi sekcioni i Ulqinit ka ftuar publikun e gjer\u00eb te merrin pjese ne ekspoziten e pikturave te Artit Modern e cila u\",\"breadcrumb\":{\"@id\":\"https:\/\/www.visit-ulcinj.com\/blog\/2010\/05\/01\/u-mbajt-ekspozita-e-pikturave-te-artit-modern-ne-kullen-e-ballshajve\/#breadcrumb\"},\"inLanguage\":\"en-US\",\"potentialAction\":[{\"@type\":\"ReadAction\",\"target\":[\"https:\/\/www.visit-ulcinj.com\/blog\/2010\/05\/01\/u-mbajt-ekspozita-e-pikturave-te-artit-modern-ne-kullen-e-ballshajve\/\"]}]},{\"@type\":\"BreadcrumbList\",\"@id\":\"https:\/\/www.visit-ulcinj.com\/blog\/2010\/05\/01\/u-mbajt-ekspozita-e-pikturave-te-artit-modern-ne-kullen-e-ballshajve\/#breadcrumb\",\"itemListElement\":[{\"@type\":\"ListItem\",\"position\":1,\"name\":\"U mbajt ekspozita e pikturave te Artit Modern n\u00eb Kullen e Ballshajve\"}]},{\"@type\":\"Person\",\"@id\":\"https:\/\/www.visit-ulcinj.com\/blog\/#\/schema\/person\/dcab619c614d3038751c63bc2aadc06d\",\"name\":\"ulqini\",\"sameAs\":[\"http:\/\/www.visit-ulcinj.com\"],\"url\":\"https:\/\/www.visit-ulcinj.com\/blog\/author\/admin\/\"}]}<\/script>\n<!-- \/ Yoast SEO plugin. -->","yoast_head_json":{"title":"U mbajt ekspozita e pikturave te Artit Modern n\u00eb Kullen e Ballshajve - Lajme nga Ulqini","description":"Partija Socijaldemokrate ne Mal t\u00eb Zi sekcioni i Ulqinit ka ftuar publikun e gjer\u00eb te merrin pjese ne ekspoziten e pikturave te Artit Modern e cila u","robots":{"index":"index","follow":"follow","max-snippet":"max-snippet:-1","max-image-preview":"max-image-preview:large","max-video-preview":"max-video-preview:-1"},"canonical":"https:\/\/www.visit-ulcinj.com\/blog\/2010\/05\/01\/u-mbajt-ekspozita-e-pikturave-te-artit-modern-ne-kullen-e-ballshajve\/","og_locale":"en_US","og_type":"article","og_title":"U mbajt ekspozita e pikturave te Artit Modern n\u00eb Kullen e Ballshajve - Lajme nga Ulqini","og_description":"Partija Socijaldemokrate ne Mal t\u00eb Zi sekcioni i Ulqinit ka ftuar publikun e gjer\u00eb te merrin pjese ne ekspoziten e pikturave te Artit Modern e cila u","og_url":"https:\/\/www.visit-ulcinj.com\/blog\/2010\/05\/01\/u-mbajt-ekspozita-e-pikturave-te-artit-modern-ne-kullen-e-ballshajve\/","og_site_name":"Lajme nga Ulqini","article_published_time":"2010-05-01T07:13:54+00:00","og_image":[{"url":"https:\/\/www.visit-ulcinj.com\/blog\/wp-content\/uploads\/2010\/05\/Ekspozita-Artit-Modern-n\u00c3\u00ab-Kullen-e-Ballshajve_Ulqin.jpg"}],"twitter_misc":{"Written by":"ulqini","Est. reading time":"1 minute"},"schema":{"@context":"https:\/\/schema.org","@graph":[{"@type":"WebSite","@id":"https:\/\/www.visit-ulcinj.com\/blog\/#website","url":"https:\/\/www.visit-ulcinj.com\/blog\/","name":"Lajme nga Ulqini","description":"Lajme,Vijesti,Ulqini,Ulqin,Crna Gora,Mali i Zi","potentialAction":[{"@type":"SearchAction","target":{"@type":"EntryPoint","urlTemplate":"https:\/\/www.visit-ulcinj.com\/blog\/?s={search_term_string}"},"query-input":"required name=search_term_string"}],"inLanguage":"en-US"},{"@type":"WebPage","@id":"https:\/\/www.visit-ulcinj.com\/blog\/2010\/05\/01\/u-mbajt-ekspozita-e-pikturave-te-artit-modern-ne-kullen-e-ballshajve\/#webpage","url":"https:\/\/www.visit-ulcinj.com\/blog\/2010\/05\/01\/u-mbajt-ekspozita-e-pikturave-te-artit-modern-ne-kullen-e-ballshajve\/","name":"U mbajt ekspozita e pikturave te Artit Modern n\u00eb Kullen e Ballshajve - Lajme nga Ulqini","isPartOf":{"@id":"https:\/\/www.visit-ulcinj.com\/blog\/#website"},"datePublished":"2010-05-01T07:13:54+00:00","dateModified":"2010-05-01T07:13:54+00:00","author":{"@id":"https:\/\/www.visit-ulcinj.com\/blog\/#\/schema\/person\/dcab619c614d3038751c63bc2aadc06d"},"description":"Partija Socijaldemokrate ne Mal t\u00eb Zi sekcioni i Ulqinit ka ftuar publikun e gjer\u00eb te merrin pjese ne ekspoziten e pikturave te Artit Modern e cila u","breadcrumb":{"@id":"https:\/\/www.visit-ulcinj.com\/blog\/2010\/05\/01\/u-mbajt-ekspozita-e-pikturave-te-artit-modern-ne-kullen-e-ballshajve\/#breadcrumb"},"inLanguage":"en-US","potentialAction":[{"@type":"ReadAction","target":["https:\/\/www.visit-ulcinj.com\/blog\/2010\/05\/01\/u-mbajt-ekspozita-e-pikturave-te-artit-modern-ne-kullen-e-ballshajve\/"]}]},{"@type":"BreadcrumbList","@id":"https:\/\/www.visit-ulcinj.com\/blog\/2010\/05\/01\/u-mbajt-ekspozita-e-pikturave-te-artit-modern-ne-kullen-e-ballshajve\/#breadcrumb","itemListElement":[{"@type":"ListItem","position":1,"name":"U mbajt ekspozita e pikturave te Artit Modern n\u00eb Kullen e Ballshajve"}]},{"@type":"Person","@id":"https:\/\/www.visit-ulcinj.com\/blog\/#\/schema\/person\/dcab619c614d3038751c63bc2aadc06d","name":"ulqini","sameAs":["http:\/\/www.visit-ulcinj.com"],"url":"https:\/\/www.visit-ulcinj.com\/blog\/author\/admin\/"}]}},"jetpack_featured_media_url":"","jetpack_sharing_enabled":true,"jetpack_shortlink":"https:\/\/wp.me\/pe6lTn-8uA","_links":{"self":[{"href":"https:\/\/www.visit-ulcinj.com\/blog\/wp-json\/wp\/v2\/posts\/32648"}],"collection":[{"href":"https:\/\/www.visit-ulcinj.com\/blog\/wp-json\/wp\/v2\/posts"}],"about":[{"href":"https:\/\/www.visit-ulcinj.com\/blog\/wp-json\/wp\/v2\/types\/post"}],"author":[{"embeddable":true,"href":"https:\/\/www.visit-ulcinj.com\/blog\/wp-json\/wp\/v2\/users\/1"}],"replies":[{"embeddable":true,"href":"https:\/\/www.visit-ulcinj.com\/blog\/wp-json\/wp\/v2\/comments?post=32648"}],"version-history":[{"count":0,"href":"https:\/\/www.visit-ulcinj.com\/blog\/wp-json\/wp\/v2\/posts\/32648\/revisions"}],"wp:attachment":[{"href":"https:\/\/www.visit-ulcinj.com\/blog\/wp-json\/wp\/v2\/media?parent=32648"}],"wp:term":[{"taxonomy":"category","embeddable":true,"href":"https:\/\/www.visit-ulcinj.com\/blog\/wp-json\/wp\/v2\/categories?post=32648"},{"taxonomy":"post_tag","embeddable":true,"href":"https:\/\/www.visit-ulcinj.com\/blog\/wp-json\/wp\/v2\/tags?post=32648"}],"curies":[{"name":"wp","href":"https:\/\/api.w.org\/{rel}","templated":true}]}}