{"id":32657,"date":"2010-05-01T11:24:12","date_gmt":"2010-05-01T09:24:12","guid":{"rendered":"http:\/\/www.visit-ulcinj.com\/blog\/?p=32657"},"modified":"2010-05-01T11:24:12","modified_gmt":"2010-05-01T09:24:12","slug":"shaban-peraj-kauza-e-arsyes","status":"publish","type":"post","link":"https:\/\/www.visit-ulcinj.com\/blog\/2010\/05\/01\/shaban-peraj-kauza-e-arsyes\/","title":{"rendered":"Shaban Peraj: Kauza e arsyes"},"content":{"rendered":"<p><strong><a href=\"http:\/\/www.visit-ulcinj.com\/blog\/wp-content\/uploads\/2010\/05\/Bashkesia-Islame-e-Ulqinit.jpg\"><img loading=\"lazy\" class=\"alignleft size-full wp-image-32658\" title=\"Bashkesia Islame e Ulqinit\" src=\"http:\/\/www.visit-ulcinj.com\/blog\/wp-content\/uploads\/2010\/05\/Bashkesia-Islame-e-Ulqinit.jpg\" alt=\"Bashkesia Islame e Ulqinit\" width=\"580\" height=\"400\" \/><\/a>O ju q\u00eb keni besuar, largohuni prej dyshimeve t\u00eb shumta, meq\u00eb disa dyshime jan\u00eb m\u00ebkat dhe mos hulumtoni p\u00ebr zhvillimin e t\u00eb metave t\u00eb nj\u00ebri-tjetrit\u201d -Kur\u2019ani<\/strong><\/p>\n<p>Un\u00eb jam ndjer mjaft i fyer nga polemikat q\u00eb zhvllohen sot n\u00eb media rreth \u00e7\u00ebshtjes\u00a0 s\u00eb ndarjes s\u00eb Bashk\u00ebsis\u00eb Islame t\u00eb Ulqinit, gj\u00eb q\u00eb \u00ebsht\u00eb nj\u00eb lajm shum\u00eb i keq ky p\u00ebr ata t\u00eb involvuar n\u00eb k\u00ebt\u00eb mesele,\u00a0 po edhe m\u00eb i keq p\u00ebr hartuesit e k\u00ebtij projekti. Ky lajm negativ p\u00ebr besimtar\u00ebt mysliman \u00ebsht\u00eb tregues i pazakont e trondit\u00ebs nga ata q\u00eb i kan\u00eb dalur zot t\u00eb mbrojn\u00eb parimet Islame. Se kujt i ra nd\u00ebrmend t\u00eb b\u00ebj\u00eb nj\u00eb veprim t\u00eb till\u00eb tani n\u00eb k\u00ebto koh\u00eb ka pak r\u00ebnd\u00ebsi, ajo q\u00eb shqet\u00ebson \u00ebsht\u00eb fakti se prij\u00ebsit fetar\u00eb, kush n\u00eb cilin drejtim, b\u00ebn\u00eb shkelje flagrante, n\u00eb radh\u00eb t\u00eb par\u00eb t\u00eb parimeve islame e pastaj t\u00eb principeve integruese t\u00eb besimtar\u00ebve p\u00ebr t\u2019u integruar me gjith\u00eb t\u00eb tjer\u00ebt. Nga kumtesat e lexuara rreth nj\u00eb veprimi t\u00eb till\u00eb shihet qart\u00eb se atyre q\u00eb u ra nd\u00ebrmend t\u00eb b\u00ebjn\u00eb veprime t\u00eb tilla u mungon kultura p\u00ebr t\u00eb avancuar \u00e7\u00ebshtjen komb\u00ebtare gjat\u00eb procesit t\u00eb zhvillimit dhe p\u00ebrparimit t\u00eb vet n\u00eb at\u00eb vij\u00eb q\u00eb \u00ebsht\u00eb e posa\u00e7me p\u00ebr ate vet\u00eb.\u00a0 Mes harmonis\u00eb dhe orientimit t\u00eb jetes\u00ebs s\u00eb kombit, si dhe kthjell\u00ebsis\u00eb s\u00eb burimeve\u00a0 t\u00eb kultur\u00ebs ka ekzistuar gjithmon\u00eb nj\u00eb lidhje e ngusht\u00eb, gj\u00eb q\u00eb aktor\u00ebt e k\u00ebtij veprimi nuk e d\u00ebshmuan vet\u00ebn, ndaj disa klerik\u00eb t\u00eb b\u00ebhen sikur nuk i njohin k\u00ebto parime \u00ebsht\u00eb verb\u00ebri, kurse p\u00ebrpjekja p\u00ebr ta larguar shoq\u00ebrin\u00eb prej tyre do t\u00eb thot\u00eb t\u00eb hutosh dhe trullos\u00ebsh at\u00eb duke e l\u00ebn\u00eb pa rrug\u00eb, pa drejtim. Ndonj\u00eb arsyetim logjik q\u00eb do t\u00eb arsyetonte veprimet e njer\u00ebs apo pal\u00ebs tjet\u00ebr, nuk mendoj se ekziston nga ata q\u00eb drejtojn\u00eb K\u00ebshillin e Bashk\u00ebsis\u00eb Islame\u00a0 t\u00eb Ulqinit, p\u00ebr \u00e7ka jam m\u00eb se i bindur se edhe ata e kuptojn\u00eb se kan\u00eb b\u00ebr\u00eb hapa t\u00eb pamatur duke rr\u00ebnuar k\u00ebshtu themelet e shoq\u00ebris\u00eb ton\u00eb, e q\u00eb po t\u00eb p\u00ebrdorej me gjuh\u00ebn e fes\u00eb, k\u00ebsaj i bie se jan\u00eb tronditur rr\u00ebnj\u00ebt e demokracis\u00eb dhe hapat drejtuar nga feja islame. K\u00ebto figura shahu t\u00eb l\u00ebvizura k\u00ebndej, apo andej nuk jan\u00eb aspak t\u00eb frytshme dhe nuk i japin t\u00eb drejt\u00ebn asnj\u00ebrit krah p\u00ebr t\u2019u mburr\u00eb me prejardhjen, gj\u00eb q\u00eb krijon nj\u00ebfar\u00eb largimi nga vlerat per\u00ebndimore. Nj\u00eb veprim t\u00eb till\u00eb nuk e beson askush, as bota islame dhe as morali njer\u00ebzor. Kultura e v\u00ebrtet\u00eb maturohet n\u00eb bot\u00eb ku shkrihen s\u00eb bashku feja e v\u00ebrtet\u00eb, morali i lart\u00eb, virtyti dhe dukurit\u00eb e p\u00ebrvet\u00ebsuara. N\u00eb asmbientet ku sundon pafesia, imoraliteti, injoranca, nuk mund t\u00eb b\u00ebhet fjal\u00eb p\u00ebr kultur\u00eb \u00e7far\u00ebdoqoft\u00eb ajo, as p\u00ebr p\u00ebrfitim nga ana e personave t\u00eb rritur e formuar n\u00eb atmosfera degraduese.<\/p>\n<p>Shoq\u00ebrit\u00eb, n\u00eb rastin konkret p\u00ebrfaq\u00ebsuesit e B.I. t\u00eb Ulqinit, t\u00eb cil\u00ebt u p\u00ebrpoq\u00ebn p\u00ebr t\u00eb siguruar vazhdim\u00ebsi t\u00eb ekzistenc\u00ebs s\u00eb vet duket se nuk i kan\u00eb b\u00ebr\u00eb mir\u00eb llogarit\u00eb edhe karshi kombeve t\u00eb tjer\u00eb, dhe k\u00ebshtu duke zbukuruar pem\u00ebt me frute artificiale n\u00ebp\u00ebr deg\u00eb jan\u00eb qesharake dhe vet\u00ebshkat\u00ebrrues. Aktor\u00ebt e k\u00ebsaj sallamadie harrojn\u00eb se kultura lind dhe zhvillohet nga natyra e kombit dhe shoq\u00ebris\u00eb, pjes\u00eb e s\u00eb cil\u00ebs jan\u00eb edhe ata vet. Pik\u00ebrsht p\u00ebr te ata do duhej t\u00eb tregonin m\u00eb shum\u00eb pjekuri e maturi n\u00ebse k\u00ebtu nuk ka ndonj\u00eb dor\u00eb t\u00eb shtrir\u00eb, e q\u00eb n\u00eb k\u00ebto momente me zikzaket e tyre disa\u00a0 tentojn\u00eb t\u00eb dalin me ide t\u00eb reja t\u00eb pavet\u00ebdijsh\u00ebm se n\u00eb radh\u00eb t\u00eb par\u00eb shp\u00ebrb\u00ebjn\u00eb kombin, humbin vlerat e tij, e kalbin dhe e shtrojn\u00eb p\u00ebrdhe. Mjafton nj\u00eb pik\u00eb benzin\u00eb dhe \u201ce pat puna\u201d, apo ndoshta ka k\u00ebtu di\u00e7ka q\u00eb lidhet me zgjedhjet lokale p\u00ebr t\u00eb hutuar besimtar\u00ebt duke d\u00ebshmuar p\u00ebr munges\u00eb t\u00eb qytet\u00ebrimit q\u00eb nuk mb\u00ebshtetet n\u00eb virtyt dhe moral, q\u00eb nuk ushqehet nga kauzat e arsyes dhe nd\u00ebrgjegj\u00ebs.\u00a0 Po t\u00eb jet\u00eb k\u00ebshu, at\u00ebher\u00eb kjo \u00ebsht\u00eb nj\u00eb \u201cfest\u00eb\u201d e p\u00ebrkohshme me flamurka e banderola q\u00eb nuk i sh\u00ebrbejn\u00eb lumturis\u00eb s\u00eb njer\u00ebzimit, por vet\u00ebm ca t\u00eb pasurve si dhe d\u00ebshirave t\u00eb ca qeflinjve. Mjer\u00eb p\u00ebr ata q\u00eb g\u00ebnjehen pas parullave t\u00eb tij me drita q\u00eb ndizen e shuhen! T\u00eb pranosh se k\u00ebto gj\u00ebra q\u00eb po ndodhin sot rreth problemit t\u00eb krijuar n\u00eb B.I. t\u00eb Ulqinit jan\u00eb nj\u00eb pretekst i qytet\u00ebrimit, kjo s\u2019\u00ebsht\u00eb gj\u00eb tjet\u00ebr ve\u00e7se nj\u00eb vet\u00ebmashtrim. K\u00ebsaj i bie se ata q\u00eb nuk e kan\u00eb marr\u00eb nj\u00eb edukat\u00eb t\u00eb p\u00ebrbashk\u00ebt, gjithmon\u00eb jan\u00eb ndar\u00eb n\u00eb kampe t\u00eb ve\u00e7ant\u00eb sipas kulturave t\u00eb marra dhe e kan\u00eb par\u00eb nj\u00ebri-tjetrin si armiq. P\u00ebr t\u00eb pasur bekimin e besimtar\u00ebve, klerik\u00ebt tan\u00eb duhet ta ken\u00eb t\u00eb qart\u00eb se m\u00eb e pastra, m\u00eb e shk\u00eblqyera dhe m\u00eb e mira e \u00e7do gj\u00ebje \u00ebsht\u00eb ajo q\u00eb ka p\u00ebrparuar, n\u00eb t\u00eb kund\u00ebrt\u00ebn ndihmohet p\u00ebr t\u00eb krijuar nj\u00eb korridor t\u00eb err\u00ebt e t\u00eb mykur. Pa dashur t\u00eb b\u00ebj\u00eb moralizim, si nj\u00eb qytetar i thjesht\u00eb i k\u00ebsaj shoq\u00ebrie nuk kam se si t\u00eb ndihem i qet\u00ebsuar p\u00ebr ate q\u00eb ndodh\u00eb nga njer\u00ebzit e sh\u00ebrbimit, ata duhet t\u00eb jen\u00eb t\u00eb gatsh\u00ebm e t\u00eb vendosur q\u00eb p\u00ebr hir t\u00eb \u00e7\u00ebshtjes komb\u00ebtare e besimtar\u00ebve t\u00eb tyre t\u00eb klojn\u00eb edhe lumenj gjaku, t\u00eb jen\u00eb aq t\u00eb pjekur sa t\u2019i japin \u00e7do gj\u00eb t\u00eb zotit, kurse p\u00ebrpara Krijuesit t\u00eb Lart\u00eb t\u00eb jen\u00eb t\u00eb respektuesh\u00ebm. N\u00eb rastin konkret duket se B.I. t\u00eb Ulqinit i jan\u00eb luhatur k\u00ebmb\u00ebt e institucionit, i jan\u00eb prishur planet, bashkimi \u00ebsht\u00eb shp\u00ebrb\u00ebr\u00eb, ndaj atyre u mbetet t\u00eb tregohen jasht\u00ebzakonisht besimtar\u00eb, t\u00eb thjesht\u00eb e tolerant p\u00ebr t\u00eb pranuar se kjo rrug\u00eb \u00ebsht\u00eb me t\u00eb p\u00ebrpjeta e tat\u00ebpjeta p\u00ebr t\u00eb fituar bindjen dhe vendosm\u00ebrin\u00eb se kan\u00eb p\u00ebr t\u2019i kap\u00ebrcyer problemet s\u00eb paku p\u00ebr t\u00eb mir\u00ebn e kombit. Profeti yn\u00eb ka\u00a0 b\u00ebr\u00eb haxh vet\u00ebm nj\u00eb her\u00eb, por e gjith\u00eb jeta i ka kaluar me kumtes\u00eb e k\u00ebshilla. Lindja e begat\u00eb e B.I. u b\u00ebft\u00eb sihariq e ogur i mir\u00eb p\u00ebr t\u00eb gjith\u00eb besimtar\u00ebt dhe Zoti e ruajt\u00eb nga pengesat q\u00eb do t\u2019i dalin n\u00eb rrug\u00ebn e saj.<\/p>\n<p><strong>Shaban Peraj<br \/>\nZemra shqiptare<\/strong><\/p>\n","protected":false},"excerpt":{"rendered":"<p>O ju q\u00eb keni besuar, largohuni prej dyshimeve t\u00eb shumta, meq\u00eb disa dyshime jan\u00eb m\u00ebkat dhe mos hulumtoni p\u00ebr zhvillimin e t\u00eb metave t\u00eb nj\u00ebri-tjetrit\u201d -Kur\u2019ani Un\u00eb jam ndjer mjaft i fyer nga polemikat q\u00eb zhvllohen sot n\u00eb media rreth \u00e7\u00ebshtjes\u00a0 s\u00eb ndarjes s\u00eb Bashk\u00ebsis\u00eb Islame t\u00eb Ulqinit, gj\u00eb q\u00eb \u00ebsht\u00eb nj\u00eb lajm shum\u00eb i [&hellip;]<\/p>\n","protected":false},"author":1,"featured_media":0,"comment_status":"open","ping_status":"closed","sticky":false,"template":"","format":"standard","meta":{"spay_email":"","jetpack_publicize_message":"","jetpack_is_tweetstorm":false,"jetpack_publicize_feature_enabled":true},"categories":[11],"tags":[5029],"jetpack_publicize_connections":[],"yoast_head":"<!-- This site is optimized with the Yoast SEO plugin v19.1 - https:\/\/yoast.com\/wordpress\/plugins\/seo\/ -->\n<title>Shaban Peraj: Kauza e arsyes - Lajme nga Ulqini<\/title>\n<meta name=\"description\" content=\"O ju q\u00eb keni besuar, largohuni prej dyshimeve t\u00eb shumta, meq\u00eb disa dyshime jan\u00eb m\u00ebkat dhe mos hulumtoni p\u00ebr zhvillimin e t\u00eb metave t\u00eb nj\u00ebri-tjetrit\u201d\" \/>\n<meta name=\"robots\" content=\"index, follow, max-snippet:-1, max-image-preview:large, max-video-preview:-1\" \/>\n<link rel=\"canonical\" href=\"https:\/\/www.visit-ulcinj.com\/blog\/2010\/05\/01\/shaban-peraj-kauza-e-arsyes\/\" \/>\n<meta property=\"og:locale\" content=\"en_US\" \/>\n<meta property=\"og:type\" content=\"article\" \/>\n<meta property=\"og:title\" content=\"Shaban Peraj: Kauza e arsyes - Lajme nga Ulqini\" \/>\n<meta property=\"og:description\" content=\"O ju q\u00eb keni besuar, largohuni prej dyshimeve t\u00eb shumta, meq\u00eb disa dyshime jan\u00eb m\u00ebkat dhe mos hulumtoni p\u00ebr zhvillimin e t\u00eb metave t\u00eb nj\u00ebri-tjetrit\u201d\" \/>\n<meta property=\"og:url\" content=\"https:\/\/www.visit-ulcinj.com\/blog\/2010\/05\/01\/shaban-peraj-kauza-e-arsyes\/\" \/>\n<meta property=\"og:site_name\" content=\"Lajme nga Ulqini\" \/>\n<meta property=\"article:published_time\" content=\"2010-05-01T09:24:12+00:00\" \/>\n<meta property=\"og:image\" content=\"http:\/\/www.visit-ulcinj.com\/blog\/wp-content\/uploads\/2010\/05\/Bashkesia-Islame-e-Ulqinit.jpg\" \/>\n<meta name=\"twitter:label1\" content=\"Written by\" \/>\n\t<meta name=\"twitter:data1\" content=\"ulqini\" \/>\n\t<meta name=\"twitter:label2\" content=\"Est. reading time\" \/>\n\t<meta name=\"twitter:data2\" content=\"6 minutes\" \/>\n<script type=\"application\/ld+json\" class=\"yoast-schema-graph\">{\"@context\":\"https:\/\/schema.org\",\"@graph\":[{\"@type\":\"WebSite\",\"@id\":\"https:\/\/www.visit-ulcinj.com\/blog\/#website\",\"url\":\"https:\/\/www.visit-ulcinj.com\/blog\/\",\"name\":\"Lajme nga Ulqini\",\"description\":\"Lajme,Vijesti,Ulqini,Ulqin,Crna Gora,Mali i Zi\",\"potentialAction\":[{\"@type\":\"SearchAction\",\"target\":{\"@type\":\"EntryPoint\",\"urlTemplate\":\"https:\/\/www.visit-ulcinj.com\/blog\/?s={search_term_string}\"},\"query-input\":\"required name=search_term_string\"}],\"inLanguage\":\"en-US\"},{\"@type\":\"ImageObject\",\"inLanguage\":\"en-US\",\"@id\":\"https:\/\/www.visit-ulcinj.com\/blog\/2010\/05\/01\/shaban-peraj-kauza-e-arsyes\/#primaryimage\",\"url\":\"https:\/\/www.visit-ulcinj.com\/blog\/wp-content\/uploads\/2010\/05\/Bashkesia-Islame-e-Ulqinit.jpg\",\"contentUrl\":\"https:\/\/www.visit-ulcinj.com\/blog\/wp-content\/uploads\/2010\/05\/Bashkesia-Islame-e-Ulqinit.jpg\",\"width\":\"640\",\"height\":\"479\"},{\"@type\":\"WebPage\",\"@id\":\"https:\/\/www.visit-ulcinj.com\/blog\/2010\/05\/01\/shaban-peraj-kauza-e-arsyes\/#webpage\",\"url\":\"https:\/\/www.visit-ulcinj.com\/blog\/2010\/05\/01\/shaban-peraj-kauza-e-arsyes\/\",\"name\":\"Shaban Peraj: Kauza e arsyes - Lajme nga Ulqini\",\"isPartOf\":{\"@id\":\"https:\/\/www.visit-ulcinj.com\/blog\/#website\"},\"primaryImageOfPage\":{\"@id\":\"https:\/\/www.visit-ulcinj.com\/blog\/2010\/05\/01\/shaban-peraj-kauza-e-arsyes\/#primaryimage\"},\"datePublished\":\"2010-05-01T09:24:12+00:00\",\"dateModified\":\"2010-05-01T09:24:12+00:00\",\"author\":{\"@id\":\"https:\/\/www.visit-ulcinj.com\/blog\/#\/schema\/person\/dcab619c614d3038751c63bc2aadc06d\"},\"description\":\"O ju q\u00eb keni besuar, largohuni prej dyshimeve t\u00eb shumta, meq\u00eb disa dyshime jan\u00eb m\u00ebkat dhe mos hulumtoni p\u00ebr zhvillimin e t\u00eb metave t\u00eb nj\u00ebri-tjetrit\u201d\",\"breadcrumb\":{\"@id\":\"https:\/\/www.visit-ulcinj.com\/blog\/2010\/05\/01\/shaban-peraj-kauza-e-arsyes\/#breadcrumb\"},\"inLanguage\":\"en-US\",\"potentialAction\":[{\"@type\":\"ReadAction\",\"target\":[\"https:\/\/www.visit-ulcinj.com\/blog\/2010\/05\/01\/shaban-peraj-kauza-e-arsyes\/\"]}]},{\"@type\":\"BreadcrumbList\",\"@id\":\"https:\/\/www.visit-ulcinj.com\/blog\/2010\/05\/01\/shaban-peraj-kauza-e-arsyes\/#breadcrumb\",\"itemListElement\":[{\"@type\":\"ListItem\",\"position\":1,\"name\":\"Shaban Peraj: Kauza e arsyes\"}]},{\"@type\":\"Person\",\"@id\":\"https:\/\/www.visit-ulcinj.com\/blog\/#\/schema\/person\/dcab619c614d3038751c63bc2aadc06d\",\"name\":\"ulqini\",\"sameAs\":[\"http:\/\/www.visit-ulcinj.com\"],\"url\":\"https:\/\/www.visit-ulcinj.com\/blog\/author\/admin\/\"}]}<\/script>\n<!-- \/ Yoast SEO plugin. -->","yoast_head_json":{"title":"Shaban Peraj: Kauza e arsyes - Lajme nga Ulqini","description":"O ju q\u00eb keni besuar, largohuni prej dyshimeve t\u00eb shumta, meq\u00eb disa dyshime jan\u00eb m\u00ebkat dhe mos hulumtoni p\u00ebr zhvillimin e t\u00eb metave t\u00eb nj\u00ebri-tjetrit\u201d","robots":{"index":"index","follow":"follow","max-snippet":"max-snippet:-1","max-image-preview":"max-image-preview:large","max-video-preview":"max-video-preview:-1"},"canonical":"https:\/\/www.visit-ulcinj.com\/blog\/2010\/05\/01\/shaban-peraj-kauza-e-arsyes\/","og_locale":"en_US","og_type":"article","og_title":"Shaban Peraj: Kauza e arsyes - Lajme nga Ulqini","og_description":"O ju q\u00eb keni besuar, largohuni prej dyshimeve t\u00eb shumta, meq\u00eb disa dyshime jan\u00eb m\u00ebkat dhe mos hulumtoni p\u00ebr zhvillimin e t\u00eb metave t\u00eb nj\u00ebri-tjetrit\u201d","og_url":"https:\/\/www.visit-ulcinj.com\/blog\/2010\/05\/01\/shaban-peraj-kauza-e-arsyes\/","og_site_name":"Lajme nga Ulqini","article_published_time":"2010-05-01T09:24:12+00:00","og_image":[{"url":"http:\/\/www.visit-ulcinj.com\/blog\/wp-content\/uploads\/2010\/05\/Bashkesia-Islame-e-Ulqinit.jpg"}],"twitter_misc":{"Written by":"ulqini","Est. reading time":"6 minutes"},"schema":{"@context":"https:\/\/schema.org","@graph":[{"@type":"WebSite","@id":"https:\/\/www.visit-ulcinj.com\/blog\/#website","url":"https:\/\/www.visit-ulcinj.com\/blog\/","name":"Lajme nga Ulqini","description":"Lajme,Vijesti,Ulqini,Ulqin,Crna Gora,Mali i Zi","potentialAction":[{"@type":"SearchAction","target":{"@type":"EntryPoint","urlTemplate":"https:\/\/www.visit-ulcinj.com\/blog\/?s={search_term_string}"},"query-input":"required name=search_term_string"}],"inLanguage":"en-US"},{"@type":"ImageObject","inLanguage":"en-US","@id":"https:\/\/www.visit-ulcinj.com\/blog\/2010\/05\/01\/shaban-peraj-kauza-e-arsyes\/#primaryimage","url":"https:\/\/www.visit-ulcinj.com\/blog\/wp-content\/uploads\/2010\/05\/Bashkesia-Islame-e-Ulqinit.jpg","contentUrl":"https:\/\/www.visit-ulcinj.com\/blog\/wp-content\/uploads\/2010\/05\/Bashkesia-Islame-e-Ulqinit.jpg","width":"640","height":"479"},{"@type":"WebPage","@id":"https:\/\/www.visit-ulcinj.com\/blog\/2010\/05\/01\/shaban-peraj-kauza-e-arsyes\/#webpage","url":"https:\/\/www.visit-ulcinj.com\/blog\/2010\/05\/01\/shaban-peraj-kauza-e-arsyes\/","name":"Shaban Peraj: Kauza e arsyes - Lajme nga Ulqini","isPartOf":{"@id":"https:\/\/www.visit-ulcinj.com\/blog\/#website"},"primaryImageOfPage":{"@id":"https:\/\/www.visit-ulcinj.com\/blog\/2010\/05\/01\/shaban-peraj-kauza-e-arsyes\/#primaryimage"},"datePublished":"2010-05-01T09:24:12+00:00","dateModified":"2010-05-01T09:24:12+00:00","author":{"@id":"https:\/\/www.visit-ulcinj.com\/blog\/#\/schema\/person\/dcab619c614d3038751c63bc2aadc06d"},"description":"O ju q\u00eb keni besuar, largohuni prej dyshimeve t\u00eb shumta, meq\u00eb disa dyshime jan\u00eb m\u00ebkat dhe mos hulumtoni p\u00ebr zhvillimin e t\u00eb metave t\u00eb nj\u00ebri-tjetrit\u201d","breadcrumb":{"@id":"https:\/\/www.visit-ulcinj.com\/blog\/2010\/05\/01\/shaban-peraj-kauza-e-arsyes\/#breadcrumb"},"inLanguage":"en-US","potentialAction":[{"@type":"ReadAction","target":["https:\/\/www.visit-ulcinj.com\/blog\/2010\/05\/01\/shaban-peraj-kauza-e-arsyes\/"]}]},{"@type":"BreadcrumbList","@id":"https:\/\/www.visit-ulcinj.com\/blog\/2010\/05\/01\/shaban-peraj-kauza-e-arsyes\/#breadcrumb","itemListElement":[{"@type":"ListItem","position":1,"name":"Shaban Peraj: Kauza e arsyes"}]},{"@type":"Person","@id":"https:\/\/www.visit-ulcinj.com\/blog\/#\/schema\/person\/dcab619c614d3038751c63bc2aadc06d","name":"ulqini","sameAs":["http:\/\/www.visit-ulcinj.com"],"url":"https:\/\/www.visit-ulcinj.com\/blog\/author\/admin\/"}]}},"jetpack_featured_media_url":"","jetpack_sharing_enabled":true,"jetpack_shortlink":"https:\/\/wp.me\/pe6lTn-8uJ","_links":{"self":[{"href":"https:\/\/www.visit-ulcinj.com\/blog\/wp-json\/wp\/v2\/posts\/32657"}],"collection":[{"href":"https:\/\/www.visit-ulcinj.com\/blog\/wp-json\/wp\/v2\/posts"}],"about":[{"href":"https:\/\/www.visit-ulcinj.com\/blog\/wp-json\/wp\/v2\/types\/post"}],"author":[{"embeddable":true,"href":"https:\/\/www.visit-ulcinj.com\/blog\/wp-json\/wp\/v2\/users\/1"}],"replies":[{"embeddable":true,"href":"https:\/\/www.visit-ulcinj.com\/blog\/wp-json\/wp\/v2\/comments?post=32657"}],"version-history":[{"count":0,"href":"https:\/\/www.visit-ulcinj.com\/blog\/wp-json\/wp\/v2\/posts\/32657\/revisions"}],"wp:attachment":[{"href":"https:\/\/www.visit-ulcinj.com\/blog\/wp-json\/wp\/v2\/media?parent=32657"}],"wp:term":[{"taxonomy":"category","embeddable":true,"href":"https:\/\/www.visit-ulcinj.com\/blog\/wp-json\/wp\/v2\/categories?post=32657"},{"taxonomy":"post_tag","embeddable":true,"href":"https:\/\/www.visit-ulcinj.com\/blog\/wp-json\/wp\/v2\/tags?post=32657"}],"curies":[{"name":"wp","href":"https:\/\/api.w.org\/{rel}","templated":true}]}}