{"id":32661,"date":"2010-05-01T11:45:58","date_gmt":"2010-05-01T09:45:58","guid":{"rendered":"http:\/\/www.visit-ulcinj.com\/blog\/?p=32661"},"modified":"2010-05-01T11:45:58","modified_gmt":"2010-05-01T09:45:58","slug":"shaban-peraj-veprimet-e-pakordinuara","status":"publish","type":"post","link":"https:\/\/www.visit-ulcinj.com\/blog\/2010\/05\/01\/shaban-peraj-veprimet-e-pakordinuara\/","title":{"rendered":"Shaban Peraj: Veprimet e pakordinuara"},"content":{"rendered":"<p><a href=\"http:\/\/www.visit-ulcinj.com\/blog\/wp-content\/uploads\/2010\/05\/Lideret-shqiptar-ne-mal-te-zi.jpg\"><img loading=\"lazy\" class=\"alignleft size-full wp-image-32662\" title=\"Lideret shqiptar ne mal te zi\" src=\"http:\/\/www.visit-ulcinj.com\/blog\/wp-content\/uploads\/2010\/05\/Lideret-shqiptar-ne-mal-te-zi.jpg\" alt=\"Lideret shqiptar ne mal te zi\" width=\"580\" height=\"400\" \/><\/a>Bisedat p\u00ebr m\u00ebnyr\u00ebn e daljes n\u00eb zgjedhjet lokale jan\u00eb tem\u00eb e diskutimeve p\u00ebr shumic\u00ebn prej atyre q\u00eb k\u00ebt\u00eb dukuri e kan\u00eb p\u00ebrqafuar me seriozitet p\u00ebr t\u00eb qen\u00eb nes\u00ebr sa m\u00eb t\u00eb p\u00ebrgatitur. Nga ajo q\u00eb shkruhet e d\u00ebgjohet duket se do t\u00eb ket\u00eb beteja t\u00eb ashp\u00ebra n\u00eb mes t\u00eb subjekteve politike shqiptare k\u00ebtu n\u00eb Mal t\u00eb Zi, dhe kjo nuk \u00ebsht\u00eb asgj\u00eb e re p\u00ebr momentin. K\u00ebto beteja kan\u00eb qen\u00eb edhe n\u00eb zgjedhjet e kaluara si di\u00e7ka q\u00eb i kan\u00eb parapri ndarjes s\u00eb trungut votues t\u00eb shqiptar\u00ebve p\u00ebr t\u00eb cil\u00ebn dukuri nuk skuqet askush duke mos zgjedhur forma e veprime, vet\u00ebm e vet\u00ebm p\u00ebr t\u00eb arritur nj\u00eb q\u00ebllim, at\u00eb t\u00eb d\u00ebshmis\u00eb se kush \u00ebsht\u00eb kapo n\u00eb k\u00ebto troje. Duke vepruar k\u00ebshtu si\u00e7 veprojn\u00eb politikan\u00ebt d\u00ebshmojn\u00eb se nuk jan\u00eb n\u00eb frym\u00ebn e parimeve demokratike, se nuk jan\u00eb br\u00ebnda vet vullnetit t\u00eb popullit. Nga p\u00ebrvoja e zgjedhjeve t\u00eb m\u00ebparshme, po edhe duke par\u00eb veprimet e nisura p\u00ebr k\u00ebto zgjedhje, njeriu nuk ka se si t\u00eb mos e pyes vet\u00ebn: a ka k\u00ebtu mekanizma t\u00eb disiplin\u00ebs publike, s\u00eb paku para zgjedhjeve, a mund t\u00eb shfaqen rreziqe nga paraqitjet e pakontrolluara t\u00eb atyre q\u00eb pretendojn\u00eb nes\u00ebr t\u00eb marrin pushtetin lokal? N\u00ebse veprohet me forma t\u00eb pakontrolluara at\u00ebher\u00eb kjo form\u00eb paraqet rrezik p\u00ebr nj\u00eb shoq\u00ebri demokratike e cila e ka tep\u00ebr t\u00eb v\u00ebshtir\u00eb t\u00eb ekzistoj\u00eb n\u00ebse p\u00ebr k\u00ebt\u00eb nuk homogjenizohen t\u00eb gjith\u00eb faktor\u00ebt relevant, dhe kjo k\u00ebrkon angazhim p\u00ebr ata q\u00eb nuk duan q\u00eb nes\u00ebr t\u00eb jen\u00eb p\u00ebrgjegj\u00ebs, qoft\u00eb kjo nga nj\u00eb parti politike apo lider\u00eb t\u00eb cil\u00ebve si duket p\u00ebr momentin u mungon vullneti i mir\u00eb. Sidoq\u00eb t\u00eb jet\u00eb p\u00ebr k\u00ebt\u00eb proces zgjedhor duket se masa ka krijuar nj\u00ebfar\u00eb mosbesimi e apatie ndaj disa subjekteve politike q\u00eb nuk e d\u00ebshmuan vet\u00ebn n\u00eb ngritjen e zhvillimit ekonomik, shoq\u00ebror e kulturor t\u00eb asaj pjese q\u00eb p\u00ebrfaq\u00ebsojn\u00eb, ku njer\u00ebzit u ngin\u00eb me premtime boshe t\u00eb cilat nuk u realizuan p\u00ebrderisa veprohet n\u00eb m\u00ebnyr\u00eb parciale. Tani p\u00ebr \u00e7dokend \u00ebsht\u00eb e qart\u00eb se n\u00ebse n\u00eb fillim t\u00eb demokracis\u00eb u mendua se pati nj\u00ebfar\u00eb kontrate n\u00eb mes popullit dhe t\u00eb zgjedhurve, duket se kjo kontrat\u00eb \u00ebsht\u00eb prishur p\u00ebr nj\u00eb arsye t\u00eb thjesht\u00eb, at\u00eb t\u00eb krijimit t\u00eb mosbesimit t\u00eb nd\u00ebrsjell\u00eb ku fitohet p\u00ebrshtypja se t\u00eb zgjedhurit nuk kan\u00eb m\u00eb ndikim te masa dhe kjo krijon ng\u00ebr\u00e7 politik p\u00ebr t\u00eb qen\u00eb t\u00eb pabesuesh\u00ebm p\u00ebr votuesit. Mas\u00ebs votuese nuk kan\u00eb m\u00eb \u00e7far\u00eb t\u2019i thon\u00eb, ajo \u00e7do dit\u00eb e m\u00eb shum\u00eb po p\u00ebrballet me realitetin dhe thyerjen kontrat\u00ebs me ta, gj\u00eb q\u00eb i kan\u00eb v\u00ebn\u00eb n\u00eb siklet si t\u00eb gjejn\u00eb m\u00ebnyr\u00ebn e g\u00ebnjeshtres po \u00e7ka se standardi, kushtet e jetes\u00ebs po bin\u00eb gjithnj\u00eb e m\u00eb shum\u00eb. P\u00ebr k\u00ebt\u00eb t\u00eb fundit e kan\u00eb gjetur formul\u00ebn: kriz\u00eb globale thon\u00eb, po fakti \u00ebsht\u00eb se p\u00ebr ta nuk po hetohet kriza, p\u00ebr ta nuk ka solidarizim me ata t\u00eb papun\u00eb q\u00eb i la privatizimi i nd\u00ebrmarrjeve, ndaj \u00ebsht\u00eb ky nj\u00eb rast i mir\u00eb q\u00eb t\u2019i nd\u00ebshkojn\u00eb edhepse nuk ka shpresa p\u00ebr ndryshime n\u00eb renditjen e atyre q\u00eb nes\u00ebr pretendojn\u00eb t\u00eb jen\u00eb prij\u00ebs t\u00eb k\u00ebsaj sallamadie. Kjo duhet t\u2019i b\u00ebjn\u00eb qytetar\u00ebt t\u00eb v\u00ebmendsh\u00ebm q\u00eb n\u00eb zgjedhjet e 23 majit t\u00eb tentojn\u00eb s\u00eb paku di\u00e7ka t\u00eb ndryshojn\u00eb. Ky ndryshim tani \u00ebsht\u00eb m\u00eb se i nevojsh\u00ebm n\u00ebse duan q\u00eb me veprimet e tyre t\u00eb d\u00ebshmojn\u00eb se e kuptojn\u00eb demokracin\u00eb si di\u00e7ka q\u00eb duhet t\u00eb jet\u00eb pjes\u00eb e t\u00eb gjith\u00ebve, jo vet\u00ebm e atyre q\u00eb k\u00ebrkojn\u00eb pushtet. P\u00ebr k\u00ebt\u00eb duhet t\u00eb presim zgjedhjet p\u00ebr t\u00eb par\u00eb se cila do t\u00eb jet\u00eb p\u00ebrgjigja e votuesve, por jo vet\u00ebm e tyre, gjat\u00eb takimit q\u00eb do t\u00eb b\u00ebj\u00eb politika e ndodhur n\u00eb procese t\u00eb lodhshme, sidomos nga politikan\u00eb q\u00eb tjet\u00ebr fytyr\u00eb kan\u00eb gjat\u00eb fushat\u00ebs e tjet\u00ebr ofrojn\u00eb pasi t\u00eb mbarojn\u00eb zgjedhjet. Mbetet p\u00ebr t\u00eb d\u00ebshiruar a thua do ta mbajn\u00eb fjal\u00ebn, por le t\u00eb na lejohet t\u00eb themi se se duke b\u00ebr\u00eb hile bjerrin imazhin e politik\u00ebs te votuesit. Kjo p\u00ebrballje e pak\u00ebndshme me votuesit duhet t\u00eb ndodh\u00eb patjet\u00ebr, p\u00ebr k\u00ebt\u00eb jan\u00eb t\u00eb vet\u00ebdijsh\u00ebm sepse beteja do t\u00eb jet\u00eb publike dhe ajo duhet t\u00eb shkohet n\u00eb sy. Tani \u00ebsht\u00eb fillimi, do t\u00eb nis\u00eb fushata e pastaj pasfushata dhe t\u00eb presim se cili do t\u00eb jet\u00eb mozaiku i shifrave, megjith\u00ebse askush nuk \u00ebsht\u00eb n\u00eb gjendje p\u00ebr t\u00eb dh\u00ebn\u00eb shifra t\u00eb sakta p\u00ebr dalje n\u00eb zgjedhje, kush do t\u00eb dal\u00eb m\u00eb vete, kush me ke n\u00eb koalicione si dhe si mund t\u00eb duket ky mozaik pas zgjedhjeve lokale. Deri n\u00eb momentin p\u00ebrfundimtar kemi t\u00eb drejt\u00eb t\u00eb besojm\u00eb k\u00ebshtu apo ashtu e at\u00ebher\u00eb t\u00eb presim rregullat e loj\u00ebs. Ashtu si\u00e7 na ka ndodhur ne n\u00eb t\u00eb shumt\u00ebn e rasteve v\u00ebshtir\u00eb q\u00eb k\u00ebto rregulla t\u00eb zbatohen, kjo edhe p\u00ebr nj\u00eb arsye m\u00eb shum\u00eb duke iu referuar asaj q\u00eb ndodhi n\u00eb pushtetin lokal t\u00eb Ulqinit, n\u00eb zgjedhjet e vitit 2006. Edhe at\u00ebher\u00eb u mendua se puna p\u00ebrfundoi sipas rregullave, por nuk kaloi shum\u00eb koh\u00eb dhe ata u prish\u00ebn. P\u00ebrs\u00ebri kjo l\u00eb mund\u00ebsi p\u00ebr t\u00eb ndodhur edhe pas k\u00ebtyre zgjedhjeve, gj\u00eb q\u00eb do t\u00eb ishte vetvrasje p\u00ebr ata q\u00eb do t\u00eb p\u00ebrfshihen n\u00eb k\u00ebt\u00eb loj\u00eb. Pra, n\u00ebse ka rregulla, at\u00ebher\u00eb duhet pranuar loj\u00ebn deri n\u00eb fund, ndryshe i ke zhg\u00ebnjyer t\u00eb gjith\u00eb, si ata q\u00eb fitojn\u00eb ashtu edhe ata q\u00eb humbasin. Megjithat\u00eb, jo gjithmon\u00eb funksionojn\u00eb rregullat e loj\u00ebs, pun\u00ebt e mira duhet b\u00ebr\u00eb brenda vet\u00ebs, brenda partive e at\u00ebher\u00eb t\u00eb fillohet me zbatimin e rregullave, n\u00ebse nuk jan\u00eb b\u00ebr\u00eb para zgjedhjeve. Ajo q\u00eb ka r\u00ebnd\u00ebsi n\u00eb k\u00ebto momente \u00ebsht\u00eb ndryshimi i kart\u00ebs politike dhe ky \u00ebsht\u00eb pluralizmi i v\u00ebrtet, \u00e7ka na obligon t\u00eb gjith\u00ebve t\u00eb hedhim nj\u00eb hap drejt bashk\u00ebpunimit e kordinimit t\u00eb veprimeve tona.<\/p>\n<p><strong>Shaban Peraj<br \/>\nzemrashqiptare<\/strong><br \/>\n[flv width=&#8221;580&#8243;   height=&#8221;400&#8243;]http:\/\/forca.me\/images\/stories\/videos\/shqip_1.flv[\/flv]<\/p>\n","protected":false},"excerpt":{"rendered":"<p>Bisedat p\u00ebr m\u00ebnyr\u00ebn e daljes n\u00eb zgjedhjet lokale jan\u00eb tem\u00eb e diskutimeve p\u00ebr shumic\u00ebn prej atyre q\u00eb k\u00ebt\u00eb dukuri e kan\u00eb p\u00ebrqafuar me seriozitet p\u00ebr t\u00eb qen\u00eb nes\u00ebr sa m\u00eb t\u00eb p\u00ebrgatitur. Nga ajo q\u00eb shkruhet e d\u00ebgjohet duket se do t\u00eb ket\u00eb beteja t\u00eb ashp\u00ebra n\u00eb mes t\u00eb subjekteve politike shqiptare k\u00ebtu n\u00eb Mal [&hellip;]<\/p>\n","protected":false},"author":1,"featured_media":0,"comment_status":"open","ping_status":"closed","sticky":false,"template":"","format":"standard","meta":{"spay_email":"","jetpack_publicize_message":"","jetpack_is_tweetstorm":false,"jetpack_publicize_feature_enabled":true},"categories":[14],"tags":[496],"jetpack_publicize_connections":[],"yoast_head":"<!-- This site is optimized with the Yoast SEO plugin v19.1 - https:\/\/yoast.com\/wordpress\/plugins\/seo\/ -->\n<title>Shaban Peraj: Veprimet e pakordinuara - Lajme nga Ulqini<\/title>\n<meta name=\"description\" content=\"Bisedat p\u00ebr m\u00ebnyr\u00ebn e daljes n\u00eb zgjedhjet lokale jan\u00eb tem\u00eb e diskutimeve p\u00ebr shumic\u00ebn prej atyre q\u00eb k\u00ebt\u00eb dukuri e kan\u00eb p\u00ebrqafuar me seriozitet p\u00ebr t\u00eb qen\u00eb\" \/>\n<meta name=\"robots\" content=\"index, follow, max-snippet:-1, max-image-preview:large, max-video-preview:-1\" \/>\n<link rel=\"canonical\" href=\"https:\/\/www.visit-ulcinj.com\/blog\/2010\/05\/01\/shaban-peraj-veprimet-e-pakordinuara\/\" \/>\n<meta property=\"og:locale\" content=\"en_US\" \/>\n<meta property=\"og:type\" content=\"article\" \/>\n<meta property=\"og:title\" content=\"Shaban Peraj: Veprimet e pakordinuara - Lajme nga Ulqini\" \/>\n<meta property=\"og:description\" content=\"Bisedat p\u00ebr m\u00ebnyr\u00ebn e daljes n\u00eb zgjedhjet lokale jan\u00eb tem\u00eb e diskutimeve p\u00ebr shumic\u00ebn prej atyre q\u00eb k\u00ebt\u00eb dukuri e kan\u00eb p\u00ebrqafuar me seriozitet p\u00ebr t\u00eb qen\u00eb\" \/>\n<meta property=\"og:url\" content=\"https:\/\/www.visit-ulcinj.com\/blog\/2010\/05\/01\/shaban-peraj-veprimet-e-pakordinuara\/\" \/>\n<meta property=\"og:site_name\" content=\"Lajme nga Ulqini\" \/>\n<meta property=\"article:published_time\" content=\"2010-05-01T09:45:58+00:00\" \/>\n<meta property=\"og:image\" content=\"http:\/\/www.visit-ulcinj.com\/blog\/wp-content\/uploads\/2010\/05\/Lideret-shqiptar-ne-mal-te-zi.jpg\" \/>\n<meta name=\"twitter:label1\" content=\"Written by\" \/>\n\t<meta name=\"twitter:data1\" content=\"ulqini\" \/>\n\t<meta name=\"twitter:label2\" content=\"Est. reading time\" \/>\n\t<meta name=\"twitter:data2\" content=\"5 minutes\" \/>\n<script type=\"application\/ld+json\" class=\"yoast-schema-graph\">{\"@context\":\"https:\/\/schema.org\",\"@graph\":[{\"@type\":\"WebSite\",\"@id\":\"https:\/\/www.visit-ulcinj.com\/blog\/#website\",\"url\":\"https:\/\/www.visit-ulcinj.com\/blog\/\",\"name\":\"Lajme nga Ulqini\",\"description\":\"Lajme,Vijesti,Ulqini,Ulqin,Crna Gora,Mali i Zi\",\"potentialAction\":[{\"@type\":\"SearchAction\",\"target\":{\"@type\":\"EntryPoint\",\"urlTemplate\":\"https:\/\/www.visit-ulcinj.com\/blog\/?s={search_term_string}\"},\"query-input\":\"required name=search_term_string\"}],\"inLanguage\":\"en-US\"},{\"@type\":\"ImageObject\",\"inLanguage\":\"en-US\",\"@id\":\"https:\/\/www.visit-ulcinj.com\/blog\/2010\/05\/01\/shaban-peraj-veprimet-e-pakordinuara\/#primaryimage\",\"url\":\"https:\/\/www.visit-ulcinj.com\/blog\/wp-content\/uploads\/2010\/05\/Lideret-shqiptar-ne-mal-te-zi.jpg\",\"contentUrl\":\"https:\/\/www.visit-ulcinj.com\/blog\/wp-content\/uploads\/2010\/05\/Lideret-shqiptar-ne-mal-te-zi.jpg\",\"width\":\"600\",\"height\":\"450\"},{\"@type\":\"WebPage\",\"@id\":\"https:\/\/www.visit-ulcinj.com\/blog\/2010\/05\/01\/shaban-peraj-veprimet-e-pakordinuara\/#webpage\",\"url\":\"https:\/\/www.visit-ulcinj.com\/blog\/2010\/05\/01\/shaban-peraj-veprimet-e-pakordinuara\/\",\"name\":\"Shaban Peraj: Veprimet e pakordinuara - Lajme nga Ulqini\",\"isPartOf\":{\"@id\":\"https:\/\/www.visit-ulcinj.com\/blog\/#website\"},\"primaryImageOfPage\":{\"@id\":\"https:\/\/www.visit-ulcinj.com\/blog\/2010\/05\/01\/shaban-peraj-veprimet-e-pakordinuara\/#primaryimage\"},\"datePublished\":\"2010-05-01T09:45:58+00:00\",\"dateModified\":\"2010-05-01T09:45:58+00:00\",\"author\":{\"@id\":\"https:\/\/www.visit-ulcinj.com\/blog\/#\/schema\/person\/dcab619c614d3038751c63bc2aadc06d\"},\"description\":\"Bisedat p\u00ebr m\u00ebnyr\u00ebn e daljes n\u00eb zgjedhjet lokale jan\u00eb tem\u00eb e diskutimeve p\u00ebr shumic\u00ebn prej atyre q\u00eb k\u00ebt\u00eb dukuri e kan\u00eb p\u00ebrqafuar me seriozitet p\u00ebr t\u00eb qen\u00eb\",\"breadcrumb\":{\"@id\":\"https:\/\/www.visit-ulcinj.com\/blog\/2010\/05\/01\/shaban-peraj-veprimet-e-pakordinuara\/#breadcrumb\"},\"inLanguage\":\"en-US\",\"potentialAction\":[{\"@type\":\"ReadAction\",\"target\":[\"https:\/\/www.visit-ulcinj.com\/blog\/2010\/05\/01\/shaban-peraj-veprimet-e-pakordinuara\/\"]}]},{\"@type\":\"BreadcrumbList\",\"@id\":\"https:\/\/www.visit-ulcinj.com\/blog\/2010\/05\/01\/shaban-peraj-veprimet-e-pakordinuara\/#breadcrumb\",\"itemListElement\":[{\"@type\":\"ListItem\",\"position\":1,\"name\":\"Shaban Peraj: Veprimet e pakordinuara\"}]},{\"@type\":\"Person\",\"@id\":\"https:\/\/www.visit-ulcinj.com\/blog\/#\/schema\/person\/dcab619c614d3038751c63bc2aadc06d\",\"name\":\"ulqini\",\"sameAs\":[\"http:\/\/www.visit-ulcinj.com\"],\"url\":\"https:\/\/www.visit-ulcinj.com\/blog\/author\/admin\/\"}]}<\/script>\n<!-- \/ Yoast SEO plugin. -->","yoast_head_json":{"title":"Shaban Peraj: Veprimet e pakordinuara - Lajme nga Ulqini","description":"Bisedat p\u00ebr m\u00ebnyr\u00ebn e daljes n\u00eb zgjedhjet lokale jan\u00eb tem\u00eb e diskutimeve p\u00ebr shumic\u00ebn prej atyre q\u00eb k\u00ebt\u00eb dukuri e kan\u00eb p\u00ebrqafuar me seriozitet p\u00ebr t\u00eb qen\u00eb","robots":{"index":"index","follow":"follow","max-snippet":"max-snippet:-1","max-image-preview":"max-image-preview:large","max-video-preview":"max-video-preview:-1"},"canonical":"https:\/\/www.visit-ulcinj.com\/blog\/2010\/05\/01\/shaban-peraj-veprimet-e-pakordinuara\/","og_locale":"en_US","og_type":"article","og_title":"Shaban Peraj: Veprimet e pakordinuara - Lajme nga Ulqini","og_description":"Bisedat p\u00ebr m\u00ebnyr\u00ebn e daljes n\u00eb zgjedhjet lokale jan\u00eb tem\u00eb e diskutimeve p\u00ebr shumic\u00ebn prej atyre q\u00eb k\u00ebt\u00eb dukuri e kan\u00eb p\u00ebrqafuar me seriozitet p\u00ebr t\u00eb qen\u00eb","og_url":"https:\/\/www.visit-ulcinj.com\/blog\/2010\/05\/01\/shaban-peraj-veprimet-e-pakordinuara\/","og_site_name":"Lajme nga Ulqini","article_published_time":"2010-05-01T09:45:58+00:00","og_image":[{"url":"http:\/\/www.visit-ulcinj.com\/blog\/wp-content\/uploads\/2010\/05\/Lideret-shqiptar-ne-mal-te-zi.jpg"}],"twitter_misc":{"Written by":"ulqini","Est. reading time":"5 minutes"},"schema":{"@context":"https:\/\/schema.org","@graph":[{"@type":"WebSite","@id":"https:\/\/www.visit-ulcinj.com\/blog\/#website","url":"https:\/\/www.visit-ulcinj.com\/blog\/","name":"Lajme nga Ulqini","description":"Lajme,Vijesti,Ulqini,Ulqin,Crna Gora,Mali i Zi","potentialAction":[{"@type":"SearchAction","target":{"@type":"EntryPoint","urlTemplate":"https:\/\/www.visit-ulcinj.com\/blog\/?s={search_term_string}"},"query-input":"required name=search_term_string"}],"inLanguage":"en-US"},{"@type":"ImageObject","inLanguage":"en-US","@id":"https:\/\/www.visit-ulcinj.com\/blog\/2010\/05\/01\/shaban-peraj-veprimet-e-pakordinuara\/#primaryimage","url":"https:\/\/www.visit-ulcinj.com\/blog\/wp-content\/uploads\/2010\/05\/Lideret-shqiptar-ne-mal-te-zi.jpg","contentUrl":"https:\/\/www.visit-ulcinj.com\/blog\/wp-content\/uploads\/2010\/05\/Lideret-shqiptar-ne-mal-te-zi.jpg","width":"600","height":"450"},{"@type":"WebPage","@id":"https:\/\/www.visit-ulcinj.com\/blog\/2010\/05\/01\/shaban-peraj-veprimet-e-pakordinuara\/#webpage","url":"https:\/\/www.visit-ulcinj.com\/blog\/2010\/05\/01\/shaban-peraj-veprimet-e-pakordinuara\/","name":"Shaban Peraj: Veprimet e pakordinuara - Lajme nga Ulqini","isPartOf":{"@id":"https:\/\/www.visit-ulcinj.com\/blog\/#website"},"primaryImageOfPage":{"@id":"https:\/\/www.visit-ulcinj.com\/blog\/2010\/05\/01\/shaban-peraj-veprimet-e-pakordinuara\/#primaryimage"},"datePublished":"2010-05-01T09:45:58+00:00","dateModified":"2010-05-01T09:45:58+00:00","author":{"@id":"https:\/\/www.visit-ulcinj.com\/blog\/#\/schema\/person\/dcab619c614d3038751c63bc2aadc06d"},"description":"Bisedat p\u00ebr m\u00ebnyr\u00ebn e daljes n\u00eb zgjedhjet lokale jan\u00eb tem\u00eb e diskutimeve p\u00ebr shumic\u00ebn prej atyre q\u00eb k\u00ebt\u00eb dukuri e kan\u00eb p\u00ebrqafuar me seriozitet p\u00ebr t\u00eb qen\u00eb","breadcrumb":{"@id":"https:\/\/www.visit-ulcinj.com\/blog\/2010\/05\/01\/shaban-peraj-veprimet-e-pakordinuara\/#breadcrumb"},"inLanguage":"en-US","potentialAction":[{"@type":"ReadAction","target":["https:\/\/www.visit-ulcinj.com\/blog\/2010\/05\/01\/shaban-peraj-veprimet-e-pakordinuara\/"]}]},{"@type":"BreadcrumbList","@id":"https:\/\/www.visit-ulcinj.com\/blog\/2010\/05\/01\/shaban-peraj-veprimet-e-pakordinuara\/#breadcrumb","itemListElement":[{"@type":"ListItem","position":1,"name":"Shaban Peraj: Veprimet e pakordinuara"}]},{"@type":"Person","@id":"https:\/\/www.visit-ulcinj.com\/blog\/#\/schema\/person\/dcab619c614d3038751c63bc2aadc06d","name":"ulqini","sameAs":["http:\/\/www.visit-ulcinj.com"],"url":"https:\/\/www.visit-ulcinj.com\/blog\/author\/admin\/"}]}},"jetpack_featured_media_url":"","jetpack_sharing_enabled":true,"jetpack_shortlink":"https:\/\/wp.me\/pe6lTn-8uN","_links":{"self":[{"href":"https:\/\/www.visit-ulcinj.com\/blog\/wp-json\/wp\/v2\/posts\/32661"}],"collection":[{"href":"https:\/\/www.visit-ulcinj.com\/blog\/wp-json\/wp\/v2\/posts"}],"about":[{"href":"https:\/\/www.visit-ulcinj.com\/blog\/wp-json\/wp\/v2\/types\/post"}],"author":[{"embeddable":true,"href":"https:\/\/www.visit-ulcinj.com\/blog\/wp-json\/wp\/v2\/users\/1"}],"replies":[{"embeddable":true,"href":"https:\/\/www.visit-ulcinj.com\/blog\/wp-json\/wp\/v2\/comments?post=32661"}],"version-history":[{"count":0,"href":"https:\/\/www.visit-ulcinj.com\/blog\/wp-json\/wp\/v2\/posts\/32661\/revisions"}],"wp:attachment":[{"href":"https:\/\/www.visit-ulcinj.com\/blog\/wp-json\/wp\/v2\/media?parent=32661"}],"wp:term":[{"taxonomy":"category","embeddable":true,"href":"https:\/\/www.visit-ulcinj.com\/blog\/wp-json\/wp\/v2\/categories?post=32661"},{"taxonomy":"post_tag","embeddable":true,"href":"https:\/\/www.visit-ulcinj.com\/blog\/wp-json\/wp\/v2\/tags?post=32661"}],"curies":[{"name":"wp","href":"https:\/\/api.w.org\/{rel}","templated":true}]}}