{"id":32666,"date":"2010-05-01T12:19:48","date_gmt":"2010-05-01T10:19:48","guid":{"rendered":"http:\/\/www.visit-ulcinj.com\/blog\/?p=32666"},"modified":"2010-05-08T14:42:45","modified_gmt":"2010-05-08T12:42:45","slug":"shaban-peraj-cfare-nuk-te-degjojne-veshet-video","status":"publish","type":"post","link":"https:\/\/www.visit-ulcinj.com\/blog\/2010\/05\/01\/shaban-peraj-cfare-nuk-te-degjojne-veshet-video\/","title":{"rendered":"\u00c7far\u00eb nuk t\u00eb d\u00ebgjojn\u00eb vesh\u00ebt! &#8211; Video"},"content":{"rendered":"<p><strong><a href=\"http:\/\/www.visit-ulcinj.com\/blog\/wp-content\/uploads\/2009\/12\/KUVENDI-KOMUNAL-I-ULQINIT.jpg\"><img loading=\"lazy\" class=\"alignleft\" title=\"KUVENDI KOMUNAL I ULQINIT\" src=\"http:\/\/www.visit-ulcinj.com\/blog\/wp-content\/uploads\/2009\/12\/KUVENDI-KOMUNAL-I-ULQINIT.jpg\" alt=\"\" width=\"582\" height=\"400\" \/><\/a>\u00c7far\u00eb nuk t\u00eb d\u00ebgjojn\u00eb vesh\u00ebt!<\/strong><br \/>\nN\u00eb nj\u00eb shoq\u00ebri ku asaj q\u00eb nj\u00ebri i thot\u00eb e bardh\u00eb, tjetri i thot\u00eb e zez\u00eb, edhe n\u00ebse mund t\u00eb vihen re p\u00ebrplasje sa majtas, djathtas, kurrsesi nuk mund t\u00eb sh\u00ebnohen si zhvillim e lart\u00ebsim i nj\u00eb vendi.<br \/>\nParlamenti lokal i ulqinit tashm\u00eb p\u00ebr \u00e7do qytetar\u00eb \u00ebsht\u00eb b\u00ebr\u00eb aq i m\u00ebrzitsh\u00ebm sa t\u00eb b\u00ebn\u00eb t\u00eb kuptosh se e ka marr\u00eb lumi. Nuk kalon seanc\u00eb e t\u00eb mos d\u00ebgjosh nj\u00eb lum\u00eb fyerjesh e sharjesh q\u00eb vijn\u00eb nga t\u00eb zgjedhurit e popullit. Protagonist\u00ebt e debateve n\u00eb Kuvend sa her\u00eb q\u00eb takohen prodhojn\u00eb gjith\u00eb dit\u00ebn e lume gj\u00ebra nga m\u00eb t\u00eb ndryshmet p\u00ebr nj\u00ebri-tjetrin, p\u00ebr partit\u00eb kund\u00ebrshtare, p\u00ebr rrethin mes t\u00eb cil\u00ebve jetojn\u00eb e pjes\u00eb e t\u00eb cil\u00ebve jan\u00eb edhe ata. Ajo q\u00eb t\u00eb habit\u00eb \u00ebsht\u00eb fakti, prej nga i gjith\u00eb ky mllef ndaj nj\u00ebri-tjetrit, ndaj t\u00eb af\u00ebrmve, po edhe ndaj vetvet\u00ebs? Kjo m\u00ebnyr\u00eb e t\u00eb b\u00ebrit kuvend r\u00ebndon mbi interesa t\u00eb ngushta t\u00eb k\u00ebtij apo atij individi, p\u00ebrkundrazi k\u00ebtu nga m\u00ebnyra se si sillen nuk jan\u00eb t\u00eb vet\u00ebdjsh\u00ebm se\u00a0 r\u00ebndojn\u00eb mbi mbar\u00eb shoq\u00ebrin\u00eb ton\u00eb. Duket se disa nga k\u00ebta, me veprimet e tyre shprehin d\u00ebshir\u00eb p\u00ebr t\u00eb personalizuar debate politike n\u00eb munges\u00eb t\u00eb argumenteve, gj\u00eb q\u00eb p\u00ebr nj\u00eb vend t\u00eb vog\u00ebl si\u00e7 \u00ebsht\u00eb ky i yni, duket qart\u00eb se nuk ka vend p\u00ebr ngjarje t\u00eb tilla. Secili nga aktor\u00ebt e debatit mundohet t\u00eb jap\u00eb argumente gjoja se \u00ebsht\u00eb njoh\u00ebs i mir\u00eb i rrethanave politike pa menduar fare se me veprime t\u00eb tilla kalon n\u00eb ekstrem! Debatet e tilla \u00e7ojn\u00eb n\u00eb p\u00ebrfundim se t\u00eb nj\u00ebjtit nuk kan\u00eb ndjeshm\u00ebri publike, nuk kan\u00eb mund\u00ebsi intelektuale p\u00ebr t\u00eb lokalizuar problemin, ndaj v\u00ebrsulen ndaj nj\u00ebri-tjetrit pa zgjedhur mjete e pa provuar kultur\u00ebn e komunikimit korrekt t\u00eb cilat k\u00ebrkojn\u00eb ti bartin edhe n\u00eb mediat publike.\u00c7\u00ebshtja \u00ebsht\u00eb se si mund t\u00eb ndodh\u00eb kjo n\u00eb brend\u00ebsi t\u00eb mjeteve t\u00eb informimit n\u00ebse t\u00eb nj\u00ebjtit nuk gjejn\u00eb gjuh\u00eb komunikimi brenda kuvendit, atij tempulli ku shoq\u00ebria u ka dh\u00ebn\u00eb mandatin. Bile shkohet edhe aq larg\u00eb sa nj\u00eb pal\u00eb k\u00ebrkon t\u00eb jet\u00eb vazhdimisht n\u00eb media, kurse pala tjet\u00ebr p\u00ebrmes mikrofonit t\u00eb Kuvendit akuzon gazetar\u00ebt pse raportojn\u00eb p\u00ebr rrjedh\u00ebn e ngjarjeve n\u00eb \u201cm\u00ebnyr\u00eb reale\u201d, gj\u00eb q\u00eb nuk i p\u00eblqen dikujt, ndaj t\u00eb nj\u00ebjtit k\u00ebrkojn\u00eb nj\u00eb disiplin\u00eb m\u00eb t\u00eb madhe t\u00eb gazetar\u00ebve \u201cjo t\u00eb d\u00ebgjuesh\u00ebm\u201d, sipas tyre, po edhe me nj\u00eb iniciativ\u00eb q\u00eb t\u00eb shikohet mund\u00ebsia e akreditimit t\u00eb tyre p\u00ebr t\u00eb p\u00ebrcjellur seancat e Kuvendit t\u00eb ulqinit. Edhe n\u00eb koh\u00ebn e diktatur\u00ebs gazetar\u00ebt kitik kan\u00eb qen\u00eb t\u00eb rrezikuar sepse kan\u00eb informuar p\u00ebr politikan\u00eb si drejtues t\u00eb shthurrur t\u00eb ekonomis\u00eb e problemeve shoq\u00ebrore. Mediat duhet t\u00eb ruhen jasht\u00ebzakonisht nga sh\u00ebrbimi kushtuar d\u00ebshirave e pasioneve t\u00eb personave, ata duhet t\u00eb ken\u00eb p\u00ebr synim vet\u00ebm e vet\u00ebm t\u00eb drejt\u00ebn, mendimin e q\u00eblluar, ndjenjat dhe realitetin shoq\u00ebror.Sot n\u00eb vendin ton\u00eb ka nj\u00eb ligj p\u00ebr media dhe aty p\u00ebrcaktohet qat\u00eb se \u00e7ka mund t\u00eb b\u00ebj\u00eb nj\u00eb gazetar dhe deri ku mund t\u00eb shkojn\u00eb me raportet e veta. Jemi d\u00ebshmitar\u00eb se nga aktor\u00eb t\u00eb politik\u00ebs k\u00ebrkohet t\u00eb rrezikohet fjala e lir\u00eb e liria e mediave, t\u00eb nj\u00ebjtit duke shfryt\u00ebzuar ndikimin politik sulmojn\u00eb gazetar\u00ebt duk b\u00ebr\u00eb p\u00ebrpjekje q\u00eb tu caktojn\u00eb edhe tem\u00ebn e bisedimeve! Ata k\u00ebshtu k\u00ebrkojn\u00eb q\u00eb mediat t\u00eb prodhojn\u00eb lajme q\u00eb i shkon p\u00ebr shtat vet\u00ebm\u00a0 kamer\u00ebs e lapsit, n\u00eb interes\u00eb t\u00eb mbojtjes s\u00eb paris\u00eb politike, gj\u00eb q\u00eb n\u00ebse shkruhet p\u00ebr dob\u00ebsit\u00eb e t\u00eb metat\u00a0 e shoq\u00ebris\u00eb, at\u00ebher\u00eb ata duhet maskuar sepse k\u00ebshtu e k\u00ebrkon koha e momenti. Pra, pushtetar\u00ebt duhet t\u00eb kujdesen q\u00eb temat, dukurit\u00eb negative n\u00eb shoq\u00ebri, hallet dhe telashet e popullit t\u00eb jen\u00eb \u201ct\u00eb p\u00ebrshtatshme\u201d e jo t\u00eb \u201cnxehta\u201d. N\u00eb politik\u00ebn lokale hapen tema nga m\u00eb t\u00eb ndryshmet, ndaj njeriu nuk ka si t\u00eb mbetet indiferent. Fillimisht debatohet p\u00ebr nj\u00eb tem\u00eb t\u00eb caktuar, p\u00ebr t\u00eb kaluar pa nj\u00eb, pa dy n\u00eb debate jasht\u00eb tem\u00ebs s\u00eb caktuar dhe aty d\u00ebgjon fjal\u00eb q\u00eb nuk do duhej t\u2019i d\u00ebgjonim nga goj\u00ebt e p\u00ebrfaq\u00ebsuesve t\u00eb popullit.P\u00ebr nj\u00ebr\u00ebz t\u00eb caktuar, politika q\u00eb b\u00ebjn\u00eb \u00ebsht\u00eb kthyer n\u00eb p\u00ebrfitm, dhe po t\u2019i shikosh n\u00eb k\u00ebt\u00eb aspekt gati t\u00eb gjith\u00eb p\u00ebrfaq\u00ebsuesit e partive politike shqiptare n\u00eb Mal t\u00eb Zi jan\u00eb humb\u00ebs. Ata duke u kapur pas situatave q\u00eb krijojn\u00eb n\u00eb baz\u00eb t\u00eb tyre, krijojn\u00eb edhe opsione t\u00eb ndryshme q\u00eb kan\u00eb t\u00eb b\u00ebjn\u00eb me fatin e popullit. Kur i shikon debatet q\u00eb zhvillohen n\u00eb kuvend, t\u00eb gjith\u00eb e kan\u00eb goj\u00ebn plot\u00eb me fjal\u00eb demokraci, po a e meritojm\u00eb demokracin\u00eb?<\/p>\n<p><strong>Shaban Peraj<br \/>\nZemrashqiptare<\/strong><\/p>\n<p><strong>Video nga Selver Vukoviq<br \/>\n<\/strong><!--YouTube Error: bad URL entered--><\/p>\n","protected":false},"excerpt":{"rendered":"<p>\u00c7far\u00eb nuk t\u00eb d\u00ebgjojn\u00eb vesh\u00ebt! N\u00eb nj\u00eb shoq\u00ebri ku asaj q\u00eb nj\u00ebri i thot\u00eb e bardh\u00eb, tjetri i thot\u00eb e zez\u00eb, edhe n\u00ebse mund t\u00eb vihen re p\u00ebrplasje sa majtas, djathtas, kurrsesi nuk mund t\u00eb sh\u00ebnohen si zhvillim e lart\u00ebsim i nj\u00eb vendi. Parlamenti lokal i ulqinit tashm\u00eb p\u00ebr \u00e7do qytetar\u00eb \u00ebsht\u00eb b\u00ebr\u00eb aq i [&hellip;]<\/p>\n","protected":false},"author":1,"featured_media":0,"comment_status":"open","ping_status":"closed","sticky":false,"template":"","format":"standard","meta":{"spay_email":"","jetpack_publicize_message":"","jetpack_is_tweetstorm":false,"jetpack_publicize_feature_enabled":true},"categories":[14249],"tags":[14190,18],"jetpack_publicize_connections":[],"yoast_head":"<!-- This site is optimized with the Yoast SEO plugin v19.1 - https:\/\/yoast.com\/wordpress\/plugins\/seo\/ -->\n<title>\u00c7far\u00eb nuk t\u00eb d\u00ebgjojn\u00eb vesh\u00ebt! - Video - Lajme nga Ulqini<\/title>\n<meta name=\"description\" content=\"\u00c7far\u00eb nuk t\u00eb d\u00ebgjojn\u00eb vesh\u00ebt! N\u00eb nj\u00eb shoq\u00ebri ku asaj q\u00eb nj\u00ebri i thot\u00eb e bardh\u00eb, tjetri i thot\u00eb e zez\u00eb, edhe n\u00ebse mund t\u00eb vihen re p\u00ebrplasje sa majtas,\" \/>\n<meta name=\"robots\" content=\"index, follow, max-snippet:-1, max-image-preview:large, max-video-preview:-1\" \/>\n<link rel=\"canonical\" href=\"https:\/\/www.visit-ulcinj.com\/blog\/2010\/05\/01\/shaban-peraj-cfare-nuk-te-degjojne-veshet-video\/\" \/>\n<meta property=\"og:locale\" content=\"en_US\" \/>\n<meta property=\"og:type\" content=\"article\" \/>\n<meta property=\"og:title\" content=\"\u00c7far\u00eb nuk t\u00eb d\u00ebgjojn\u00eb vesh\u00ebt! - Video - Lajme nga Ulqini\" \/>\n<meta property=\"og:description\" content=\"\u00c7far\u00eb nuk t\u00eb d\u00ebgjojn\u00eb vesh\u00ebt! N\u00eb nj\u00eb shoq\u00ebri ku asaj q\u00eb nj\u00ebri i thot\u00eb e bardh\u00eb, tjetri i thot\u00eb e zez\u00eb, edhe n\u00ebse mund t\u00eb vihen re p\u00ebrplasje sa majtas,\" \/>\n<meta property=\"og:url\" content=\"https:\/\/www.visit-ulcinj.com\/blog\/2010\/05\/01\/shaban-peraj-cfare-nuk-te-degjojne-veshet-video\/\" \/>\n<meta property=\"og:site_name\" content=\"Lajme nga Ulqini\" \/>\n<meta property=\"article:published_time\" content=\"2010-05-01T10:19:48+00:00\" \/>\n<meta property=\"article:modified_time\" content=\"2010-05-08T12:42:45+00:00\" \/>\n<meta property=\"og:image\" content=\"http:\/\/www.visit-ulcinj.com\/blog\/wp-content\/uploads\/2009\/12\/KUVENDI-KOMUNAL-I-ULQINIT.jpg\" \/>\n<meta name=\"twitter:label1\" content=\"Written by\" \/>\n\t<meta name=\"twitter:data1\" content=\"ulqini\" \/>\n\t<meta name=\"twitter:label2\" content=\"Est. reading time\" \/>\n\t<meta name=\"twitter:data2\" content=\"4 minutes\" \/>\n<script type=\"application\/ld+json\" class=\"yoast-schema-graph\">{\"@context\":\"https:\/\/schema.org\",\"@graph\":[{\"@type\":\"WebSite\",\"@id\":\"https:\/\/www.visit-ulcinj.com\/blog\/#website\",\"url\":\"https:\/\/www.visit-ulcinj.com\/blog\/\",\"name\":\"Lajme nga Ulqini\",\"description\":\"Lajme,Vijesti,Ulqini,Ulqin,Crna Gora,Mali i Zi\",\"potentialAction\":[{\"@type\":\"SearchAction\",\"target\":{\"@type\":\"EntryPoint\",\"urlTemplate\":\"https:\/\/www.visit-ulcinj.com\/blog\/?s={search_term_string}\"},\"query-input\":\"required name=search_term_string\"}],\"inLanguage\":\"en-US\"},{\"@type\":\"ImageObject\",\"inLanguage\":\"en-US\",\"@id\":\"https:\/\/www.visit-ulcinj.com\/blog\/2010\/05\/01\/shaban-peraj-cfare-nuk-te-degjojne-veshet-video\/#primaryimage\",\"url\":\"https:\/\/www.visit-ulcinj.com\/blog\/wp-content\/uploads\/2009\/12\/KUVENDI-KOMUNAL-I-ULQINIT.jpg\",\"contentUrl\":\"https:\/\/www.visit-ulcinj.com\/blog\/wp-content\/uploads\/2009\/12\/KUVENDI-KOMUNAL-I-ULQINIT.jpg\",\"width\":\"640\",\"height\":\"450\"},{\"@type\":\"WebPage\",\"@id\":\"https:\/\/www.visit-ulcinj.com\/blog\/2010\/05\/01\/shaban-peraj-cfare-nuk-te-degjojne-veshet-video\/#webpage\",\"url\":\"https:\/\/www.visit-ulcinj.com\/blog\/2010\/05\/01\/shaban-peraj-cfare-nuk-te-degjojne-veshet-video\/\",\"name\":\"\u00c7far\u00eb nuk t\u00eb d\u00ebgjojn\u00eb vesh\u00ebt! - Video - Lajme nga Ulqini\",\"isPartOf\":{\"@id\":\"https:\/\/www.visit-ulcinj.com\/blog\/#website\"},\"primaryImageOfPage\":{\"@id\":\"https:\/\/www.visit-ulcinj.com\/blog\/2010\/05\/01\/shaban-peraj-cfare-nuk-te-degjojne-veshet-video\/#primaryimage\"},\"datePublished\":\"2010-05-01T10:19:48+00:00\",\"dateModified\":\"2010-05-08T12:42:45+00:00\",\"author\":{\"@id\":\"https:\/\/www.visit-ulcinj.com\/blog\/#\/schema\/person\/dcab619c614d3038751c63bc2aadc06d\"},\"description\":\"\u00c7far\u00eb nuk t\u00eb d\u00ebgjojn\u00eb vesh\u00ebt! N\u00eb nj\u00eb shoq\u00ebri ku asaj q\u00eb nj\u00ebri i thot\u00eb e bardh\u00eb, tjetri i thot\u00eb e zez\u00eb, edhe n\u00ebse mund t\u00eb vihen re p\u00ebrplasje sa majtas,\",\"breadcrumb\":{\"@id\":\"https:\/\/www.visit-ulcinj.com\/blog\/2010\/05\/01\/shaban-peraj-cfare-nuk-te-degjojne-veshet-video\/#breadcrumb\"},\"inLanguage\":\"en-US\",\"potentialAction\":[{\"@type\":\"ReadAction\",\"target\":[\"https:\/\/www.visit-ulcinj.com\/blog\/2010\/05\/01\/shaban-peraj-cfare-nuk-te-degjojne-veshet-video\/\"]}]},{\"@type\":\"BreadcrumbList\",\"@id\":\"https:\/\/www.visit-ulcinj.com\/blog\/2010\/05\/01\/shaban-peraj-cfare-nuk-te-degjojne-veshet-video\/#breadcrumb\",\"itemListElement\":[{\"@type\":\"ListItem\",\"position\":1,\"name\":\"\u00c7far\u00eb nuk t\u00eb d\u00ebgjojn\u00eb vesh\u00ebt! &#8211; Video\"}]},{\"@type\":\"Person\",\"@id\":\"https:\/\/www.visit-ulcinj.com\/blog\/#\/schema\/person\/dcab619c614d3038751c63bc2aadc06d\",\"name\":\"ulqini\",\"sameAs\":[\"http:\/\/www.visit-ulcinj.com\"],\"url\":\"https:\/\/www.visit-ulcinj.com\/blog\/author\/admin\/\"}]}<\/script>\n<!-- \/ Yoast SEO plugin. -->","yoast_head_json":{"title":"\u00c7far\u00eb nuk t\u00eb d\u00ebgjojn\u00eb vesh\u00ebt! - Video - Lajme nga Ulqini","description":"\u00c7far\u00eb nuk t\u00eb d\u00ebgjojn\u00eb vesh\u00ebt! N\u00eb nj\u00eb shoq\u00ebri ku asaj q\u00eb nj\u00ebri i thot\u00eb e bardh\u00eb, tjetri i thot\u00eb e zez\u00eb, edhe n\u00ebse mund t\u00eb vihen re p\u00ebrplasje sa majtas,","robots":{"index":"index","follow":"follow","max-snippet":"max-snippet:-1","max-image-preview":"max-image-preview:large","max-video-preview":"max-video-preview:-1"},"canonical":"https:\/\/www.visit-ulcinj.com\/blog\/2010\/05\/01\/shaban-peraj-cfare-nuk-te-degjojne-veshet-video\/","og_locale":"en_US","og_type":"article","og_title":"\u00c7far\u00eb nuk t\u00eb d\u00ebgjojn\u00eb vesh\u00ebt! - Video - Lajme nga Ulqini","og_description":"\u00c7far\u00eb nuk t\u00eb d\u00ebgjojn\u00eb vesh\u00ebt! N\u00eb nj\u00eb shoq\u00ebri ku asaj q\u00eb nj\u00ebri i thot\u00eb e bardh\u00eb, tjetri i thot\u00eb e zez\u00eb, edhe n\u00ebse mund t\u00eb vihen re p\u00ebrplasje sa majtas,","og_url":"https:\/\/www.visit-ulcinj.com\/blog\/2010\/05\/01\/shaban-peraj-cfare-nuk-te-degjojne-veshet-video\/","og_site_name":"Lajme nga Ulqini","article_published_time":"2010-05-01T10:19:48+00:00","article_modified_time":"2010-05-08T12:42:45+00:00","og_image":[{"url":"http:\/\/www.visit-ulcinj.com\/blog\/wp-content\/uploads\/2009\/12\/KUVENDI-KOMUNAL-I-ULQINIT.jpg"}],"twitter_misc":{"Written by":"ulqini","Est. reading time":"4 minutes"},"schema":{"@context":"https:\/\/schema.org","@graph":[{"@type":"WebSite","@id":"https:\/\/www.visit-ulcinj.com\/blog\/#website","url":"https:\/\/www.visit-ulcinj.com\/blog\/","name":"Lajme nga Ulqini","description":"Lajme,Vijesti,Ulqini,Ulqin,Crna Gora,Mali i Zi","potentialAction":[{"@type":"SearchAction","target":{"@type":"EntryPoint","urlTemplate":"https:\/\/www.visit-ulcinj.com\/blog\/?s={search_term_string}"},"query-input":"required name=search_term_string"}],"inLanguage":"en-US"},{"@type":"ImageObject","inLanguage":"en-US","@id":"https:\/\/www.visit-ulcinj.com\/blog\/2010\/05\/01\/shaban-peraj-cfare-nuk-te-degjojne-veshet-video\/#primaryimage","url":"https:\/\/www.visit-ulcinj.com\/blog\/wp-content\/uploads\/2009\/12\/KUVENDI-KOMUNAL-I-ULQINIT.jpg","contentUrl":"https:\/\/www.visit-ulcinj.com\/blog\/wp-content\/uploads\/2009\/12\/KUVENDI-KOMUNAL-I-ULQINIT.jpg","width":"640","height":"450"},{"@type":"WebPage","@id":"https:\/\/www.visit-ulcinj.com\/blog\/2010\/05\/01\/shaban-peraj-cfare-nuk-te-degjojne-veshet-video\/#webpage","url":"https:\/\/www.visit-ulcinj.com\/blog\/2010\/05\/01\/shaban-peraj-cfare-nuk-te-degjojne-veshet-video\/","name":"\u00c7far\u00eb nuk t\u00eb d\u00ebgjojn\u00eb vesh\u00ebt! - Video - Lajme nga Ulqini","isPartOf":{"@id":"https:\/\/www.visit-ulcinj.com\/blog\/#website"},"primaryImageOfPage":{"@id":"https:\/\/www.visit-ulcinj.com\/blog\/2010\/05\/01\/shaban-peraj-cfare-nuk-te-degjojne-veshet-video\/#primaryimage"},"datePublished":"2010-05-01T10:19:48+00:00","dateModified":"2010-05-08T12:42:45+00:00","author":{"@id":"https:\/\/www.visit-ulcinj.com\/blog\/#\/schema\/person\/dcab619c614d3038751c63bc2aadc06d"},"description":"\u00c7far\u00eb nuk t\u00eb d\u00ebgjojn\u00eb vesh\u00ebt! N\u00eb nj\u00eb shoq\u00ebri ku asaj q\u00eb nj\u00ebri i thot\u00eb e bardh\u00eb, tjetri i thot\u00eb e zez\u00eb, edhe n\u00ebse mund t\u00eb vihen re p\u00ebrplasje sa majtas,","breadcrumb":{"@id":"https:\/\/www.visit-ulcinj.com\/blog\/2010\/05\/01\/shaban-peraj-cfare-nuk-te-degjojne-veshet-video\/#breadcrumb"},"inLanguage":"en-US","potentialAction":[{"@type":"ReadAction","target":["https:\/\/www.visit-ulcinj.com\/blog\/2010\/05\/01\/shaban-peraj-cfare-nuk-te-degjojne-veshet-video\/"]}]},{"@type":"BreadcrumbList","@id":"https:\/\/www.visit-ulcinj.com\/blog\/2010\/05\/01\/shaban-peraj-cfare-nuk-te-degjojne-veshet-video\/#breadcrumb","itemListElement":[{"@type":"ListItem","position":1,"name":"\u00c7far\u00eb nuk t\u00eb d\u00ebgjojn\u00eb vesh\u00ebt! &#8211; Video"}]},{"@type":"Person","@id":"https:\/\/www.visit-ulcinj.com\/blog\/#\/schema\/person\/dcab619c614d3038751c63bc2aadc06d","name":"ulqini","sameAs":["http:\/\/www.visit-ulcinj.com"],"url":"https:\/\/www.visit-ulcinj.com\/blog\/author\/admin\/"}]}},"jetpack_featured_media_url":"","jetpack_sharing_enabled":true,"jetpack_shortlink":"https:\/\/wp.me\/pe6lTn-8uS","_links":{"self":[{"href":"https:\/\/www.visit-ulcinj.com\/blog\/wp-json\/wp\/v2\/posts\/32666"}],"collection":[{"href":"https:\/\/www.visit-ulcinj.com\/blog\/wp-json\/wp\/v2\/posts"}],"about":[{"href":"https:\/\/www.visit-ulcinj.com\/blog\/wp-json\/wp\/v2\/types\/post"}],"author":[{"embeddable":true,"href":"https:\/\/www.visit-ulcinj.com\/blog\/wp-json\/wp\/v2\/users\/1"}],"replies":[{"embeddable":true,"href":"https:\/\/www.visit-ulcinj.com\/blog\/wp-json\/wp\/v2\/comments?post=32666"}],"version-history":[{"count":0,"href":"https:\/\/www.visit-ulcinj.com\/blog\/wp-json\/wp\/v2\/posts\/32666\/revisions"}],"wp:attachment":[{"href":"https:\/\/www.visit-ulcinj.com\/blog\/wp-json\/wp\/v2\/media?parent=32666"}],"wp:term":[{"taxonomy":"category","embeddable":true,"href":"https:\/\/www.visit-ulcinj.com\/blog\/wp-json\/wp\/v2\/categories?post=32666"},{"taxonomy":"post_tag","embeddable":true,"href":"https:\/\/www.visit-ulcinj.com\/blog\/wp-json\/wp\/v2\/tags?post=32666"}],"curies":[{"name":"wp","href":"https:\/\/api.w.org\/{rel}","templated":true}]}}