{"id":3267,"date":"2008-09-12T13:42:26","date_gmt":"2008-09-12T18:42:26","guid":{"rendered":"http:\/\/www.visit-ulcinj.com\/blog\/?p=3267"},"modified":"2008-10-17T15:06:51","modified_gmt":"2008-10-17T20:06:51","slug":"dy-vjetori-i-zgjedhjve-lokale","status":"publish","type":"post","link":"https:\/\/www.visit-ulcinj.com\/blog\/2008\/09\/12\/dy-vjetori-i-zgjedhjve-lokale\/","title":{"rendered":"Dy vjetori i Zgjedhjve Lokale"},"content":{"rendered":"<p><a href=\"http:\/\/www.visit-ulcinj.com\/blog\/wp-content\/uploads\/2008\/09\/nazif-cungu_1.jpg\"><img loading=\"lazy\" class=\"alignleft size-medium wp-image-3268\" title=\"nazif-cungu_1\" src=\"http:\/\/www.visit-ulcinj.com\/blog\/wp-content\/uploads\/2008\/09\/nazif-cungu_1-300x232.jpg\" alt=\"\" width=\"327\" height=\"248\" \/><\/a><strong>T\u00eb nderuar qytetar\u00eb,<\/strong><br \/>\nSot u b\u00ebn\u00eb plot dy vite nga zgjedhjetparlamentare dhe lokale t\u00eb vitit 2006.<br \/>\nE zakonshme \u00ebsht\u00eb q\u00eb t\u00eb b\u00ebhet nj\u00eb rezyme i aktivitetevedhe arritjeve p\u00ebr k\u00ebt\u00eb periudh\u00eb kur t\u00eb gjith\u00eb kan\u00eb premtuar dhe jan\u00eb betuar sedo t\u00eb punojn\u00eb p\u00ebr t\u00eb mir\u00ebn e popullit.<br \/>\nKjo sidomos i p\u00ebrket atyre q\u00eb e kan\u00ebfituar mandatin t\u00eb ushtrojn\u00eb pushtet, n\u00eb rastin konkret PDS-s\u00eb dhe UDSH-s\u00eb.<br \/>\nMegjithat\u00eb, si kryetar i FORC\u00cbS,shfryt\u00ebzoj rastin q\u00eb edhe nj\u00eb here t\u2019iu fal\u00ebnderoj t\u00eb gjith\u00eb qytetar\u00ebve q\u00eb nadh\u00ebn\u00eb vot\u00ebn me t\u00eb cil\u00ebn FORCA e re demokratike doli partia m\u00eb e fort\u00eb lokale,por p\u00ebr fat t\u00eb keq, m\u00eb von\u00eb t\u00eb tradhtuar nga partneri i koalicionit i cilind\u00ebrroi partner\u00eb i udh\u00ebhequr kryek\u00ebput me interesa personale.<br \/>\nAktivitetet e FORC\u00cbS gjat\u00eb k\u00ebsajperiudhe ishin t\u00eb shumta, e sidomos n\u00eb at\u00eb koh\u00eb kur kishim shumic\u00ebn n\u00ebParlamentin lokal dhe p\u00ebr her\u00eb t\u00eb par\u00eb, pas shum\u00eb vitesh, filloi puna e cilapremtonte se p\u00ebr nj\u00eb koh\u00eb t\u00eb shkurt\u00ebr,me transparenc\u00ebn m\u00eb t\u00eb madhe, Ulqini dot\u00eb iu p\u00ebrveshte pun\u00ebs e cila premtonte zhvillim ekonomik, rregull, siguri,hapjen e vendeve t\u00eb reja pune dhe luft\u00eb kund\u00ebr korrupsionit.<br \/>\nArrit\u00ebm q\u00eb t\u00eb aprovojm\u00eb vendime dhedeklarata q\u00eb mbronin kompetencat e pushtetit lokal n\u00eb lidhje me T\u00eb miratdetare, kthimin e Pronave n\u00eb Valdanos, ndaluam nd\u00ebrtimin e Deponis\u00eb regjionaleq\u00eb mbeturinat mos t\u00eb hidhen n\u00eb breg t\u00eb detit dhe n\u00eb mospajtim me Master planinp\u00ebr deponit\u00eb n\u00eb Mal t\u00eb Zi, i kemi b\u00ebr\u00eb t\u00eb gjitha p\u00ebrgatitjet p\u00ebr aprovimin e Statutitt\u00eb komun\u00ebs, Rregullores, aprovuam Programin e pun\u00ebs s\u00eb Parlamentit, p\u00ebrgatit\u00ebmmateriale t\u00eb shumta p\u00ebr p\u00ebrmir\u00ebsimin e gjendjes n\u00eb nd\u00ebrmarrjet publike, dheshum\u00eb e shum\u00eb materiale dhe iniciativa t\u00eb ndryshme.<br \/>\nVazhdoi periudha kur shumicaparlamentare u formua me presione, mashtrime, interesa  private&#8230; Vazhdoi keqp\u00ebrdorimi i pron\u00ebskomunale, pla\u00e7kitja e qytetar\u00ebve me taksa dhe tatime, rritja e \u00e7mimeve t\u00ebsh\u00ebrbimeve komunale, vazhdoi k\u00ebnga dhe hareja, udh\u00ebtime t\u00eb shumta t\u00ebpanevojshme, dyfishimi i t\u00eb pun\u00ebsuarve n\u00eb organe komunale, vazhdoi zvog\u00eblimi ikompetencave t\u00eb pushtetit lokal, etj. etj.<br \/>\nQytetare t\u00eb nderuar q\u00eb mb\u00ebshtet\u00ebtk\u00ebt\u00eb pushtet lokal, keni ra n\u00eb kurth\u00ebn e fjal\u00ebve t\u00eb bukura t\u00eb  niveleve m\u00eb t\u00eb larta shtet\u00ebrore, ato s\u00ebbashku me k\u00ebto zyrtar\u00ebt e tash\u00ebm lokal ju premtuan zhvillim ekonomik dhep\u00ebrparim t\u00eb jasht\u00ebzakonsh\u00ebm.<br \/>\nN\u00ebn \u201cpatronatin\u201d e Komun\u00ebs s\u00ebUlqinit, dy vite me radh\u00eb, duke shpenzuar t\u00eb hollat e qytetar\u00ebve,u b\u00ebnaktivitete q\u00eb nuk kan\u00eb t\u00eb b\u00ebjn\u00eb me at\u00eb se \u00e7ka u premtua, por p\u00ebrkundrazi vet\u00ebm dukeju hedhur pluhur n\u00eb sy. Kjo situat\u00eb do t\u00eb vazhdoi edhe m\u00eb rand dhe d\u00ebmi do t\u00ebjet\u00eb edhe m\u00eb i madh q\u00eb do t\u00eb ket\u00eb pasoja afatgjate.<br \/>\nTashm\u00eb jan\u00eb qesharake premtimet epushtetit lokal, por ne p\u00ebrs\u00ebri do ti p\u00ebrmendim se vet\u00ebm realiteti do t\u00eb nazgjoj\u00eb prej gjumit dhe dekadenc\u00ebs n\u00eb t\u00eb gjitha l\u00ebmit jet\u00ebsore n\u00eb nj\u00eb koh\u00eb kurt\u00eb gjitha komunat tjera bregdetare jan\u00eb duke investuar dhe realizuar projektete parapara.<br \/>\n-U premtua aprovimi i Planit gjeneral urbanistik, aprovimi i Planeve detajeurbanistike, Marina n\u00eb Lima, ura e re mbi Port\u00eb Milen\u00eb, Palestra sportive,kthimi i pronave sipas Ligjit p\u00ebr restituim, kthimi i Valdanosit, rruga n\u00ebLima, zgjerimi dhe modernizimi i rrug\u00ebs Ulqin \u2013 Sukobin\u00eb dhe asaj p\u00ebr Ostros,rruga e Shasit, rruga p\u00ebr Gjonz\u00eb, modernizimi dhe renovimi i shkollave n\u00eb An\u00ebt\u00eb Malit, rregullimi i sistemit t\u00eb kanalizimit, zgjerimi dhe p\u00ebrmir\u00ebsimi ifurnizimit me uj\u00eb t\u00eb pish\u00ebm jo vet\u00ebm n\u00eb pjes\u00ebn e ngusht t\u00eb Ulqinit por edhe n\u00ebShtoj\u00eb, Kryth\u00eb dhe Brajsh\u00eb, rregullimi i Kalas\u00eb, themelimi i organizat\u00ebsturistike, transformimi i radio Ulqinit dhe hapja e televizionit lokal,investime t\u00eb shumta p\u00ebr p\u00ebrmir\u00ebsimin e ofert\u00ebs turistike, subvencione dhemb\u00ebshtetje e fort n\u00eb zhvillimin e bujq\u00ebsis\u00eb, ndalja e nd\u00ebrtimit pa leje dhelegalizimi i objekteve t\u00eb nd\u00ebrtuara, zvog\u00eblimi i taksave p\u00ebr afariz\u00ebm dheqytetar\u00eb, realizimi i buxhetit n\u00eb p\u00ebrmasa t\u00eb papara gj\u00eb me tani, angazhimi iekspert\u00ebve p\u00ebr lami t\u00eb ndryshme prej vendit dhe nd\u00ebrkomb\u00ebtar, pra nuk ka mbeturgj\u00eb \u00e7ka nuk \u00ebsht\u00eb premtua.<br \/>\nLista e premtimeve \u00ebsht\u00eb shum\u00eb egjat\u00eb dhe tash duhet t\u00eb \u00e7elim syt\u00eb dhe t\u00eb konstatojm\u00eb se \u00e7ka nuk \u00ebsht\u00ebrealizuar pasi q\u00eb rezultatet konkrete nuk jan\u00eb t\u00eb dukshme.<br \/>\nQytetar\u00eb t\u00eb nderuar, dy vite kaluandhe e kemi t\u00eb qart\u00eb se si do t\u00eb vazhdoj\u00eb dhe si do t\u00eb p\u00ebrfundoj\u00eb ky mandat ik\u00ebtij pushteti lokal.<br \/>\nPremtimet e k\u00ebtij pushteti lokalishin fuqimisht t\u00eb mb\u00ebshtetura nga zyrtar\u00ebt e organeve shtet\u00ebrore t\u00eb Malit t\u00ebZi, prandaj i ftojm\u00eb edhe ato ti zbulojn\u00eb shkaqet e mosrealizimit dhe t\u00eb marrinmasat e nevojshme ligjore.<br \/>\nQytetar\u00eb t\u00eb nderuar,<br \/>\n\u00cbsht\u00eb ma se evidente se k\u00ebto dy vitepushteti d\u00ebshtoi n\u00eb ushtrimin e pushtetit efikas dhe n\u00eb realizimin epremtimeve, por gjithashtu \u00ebsht\u00eb m\u00eb se e sigurte se pushteti edhe mund t\u00ebnd\u00ebrrohet me d\u00ebshir\u00ebn e votuesve. Rasti p\u00ebr k\u00ebt\u00eb jan\u00eb zgjedhjet e rregulltaashtu edhe ato t\u00eb parakohshme.<br \/>\nFORCA e re demokratike \u00ebsht\u00eb p\u00ebrgatitur!!!<br \/>\n<strong>Kryetari i Forc\u00ebs<br \/>\nNazif Cungu <\/strong><\/p>\n<p style=\"text-align: center;\"><a class=\"aligncenter\" title=\"???? ????,?????,Ulcinj,Montenegru,??????????,\u00c7ernoqoriya,Besplatni internet oglasi,Besplatni oglasi,besplatni mali oglasi,besplatni turisti?ki oglasi,oglasi, usluge, turizam,Turisti?ke usluge,Doma?i turizam,Besplatni Oglasnik,Brzi Oglasi Besplatno,Besplatno OglasavanjeTurizam,besplatni oglasi sa slikom,Turisticki informator besplatni,li?ni-oglasi,BESPLATNI Turisticki OGLASI SA SLIKAMA,BESPLATNI Turisticki Oglasi saVideom,turisticki smestaj oglasi,Turisti?ki vodi? balkana,BESPLATNA REZERVACIJA SMESTAJA,Postavite besplatno Vas oglas,FREE TOURIST GUIDES,Izdavanje-Turizam oglasi,Balkan Turisticki vodic,shpallje turistike falas,Shpallje Falas,Shpallje falas per Komplekse Turistike,Lajmerime,Njoftime,shpallje shqip per shqiptaret ne shqiperi kosova maqedoni,mal te zi,???????????,Montenegiro,?ern\u00e1 Hora,??????????,Cz\u00f4rnog\u00f3ra,Cz\u00f4rn\u00f4 G\u00f3ra,Carna G\u00f3ra,T\u0161ernogooria,\u00c7ernogoriya,Montain\u00e9agr\u00f3,Montenegwo,?orna Hora,Montenegr\u00f3,M?ntenigro,Chernogoriya ,\u00c7\u00earnogor\u00ee ,?????????,????????? ,??????? ,Montes Nigrae,Mons Niger,M\u00f4ntenegr\u00f4,Muntenegru,??????????,Czarnog\u00f3ra,Muntinigru,Muntenegro,&lt;br &gt;&lt;\/a&gt; Muntenegru,\t?ierna Hora,Cxerngora,????????,?rna gora,Moontineegro,?ornog?ra,\u00c7ernogori\u00fda,Chernogoriya,Mont\u00f5negro,????? ???? ,?r?na Gora,?r?nogorije,?ernogorija,?arnahoryja,??????????,???????????????????? ,?ern?g?riy\u00e2,M?nt?n??r?,????? ?????? ,?????????,??????????,???????????,M?nten?gro,???? ????? ,????????,M\u00f4ntenegr\u00f4,????????????,???????????,????????????, ??????????? ,????????????,??????????? ,\u008d\u2022?R\/?K?R ,\u0192\u201a\u0192\u201c\u0192e\u0192l\u0192O\u0192\u008d,\u00b8???\u00b3?\u00b1?\u00b7? ,Muntenegru, ????? ????, Montenegr?,chambres ? louer ? ulcinj, location de vacance, location saisonni?res, louer villa,location de vacance, Locations vacance, h?bergements vacances, locations villa, logements de vacances, location maison avec piscine, Location vacance, locations de vacance, h?bergements de vacances, location villa, locations entre particulier, logements vacance, vacances ? Mont?n?gro - location ? Ulcinj ,location  de bigorre,Urlaub in Ulcinj -Montenegro,Hotelbewertungen Ulcinj,Reisen Ulcinj, Urlaub Ulcinj,Hotel in Serbien und Montenegro von Urlaubern bewertet,Billig Urlaub in Ulcinj,ferienh?user,ferienwohnung,Billige Ferienh?user,Ferienwohnung ULCINJ,Ferien an der Adria,Urlaub im Ferienhaus ulcinjBilligreisen Ulcinj,Pauschalreisen,FKK Strand Ada Bojana ulcinj,Last Minute Angebote ulcinj,Preise f?r Lastminute,Kleinanzeigen gratis,Ausflug nach Ulcinj,FKK-Reisen ada bojana,FKK-Urlaub ulcinj,Privatni smje?taj,rezervacija smje?taja,apartmani,sobe,ku?e,odmor,sobe za odmor ulcinj,Pretra?ivanje privatnog smje?taja,rooms rent accommodation ulcinj, rentail private accommodation ulcinj,?elite rezervirati privatni smje?taj,Private accommodation,Smje?taj ulcinj,Pushime Verore ulqin,pushime t? lira n? ulqin,Pushime ne plazh,Pushime te kendshme,dhoma per pushime ulqin,dhoma me qera ulqin,dhoma te lira ulqin,pushime te lira ulqin,mali i zi,kosova,maqedoni,shqiperi,Pushime ne det te ulqinit,godi?nji odmor u ulcinj,odmor u ulcinj,Ku?a za odmor,kuda na odmor,ljetovanje u ulcinj,slobodne sobe,dhoma te lira,ku?a uz more,turisti?ka ponuda,odmor i zabava,povolne cene,sobe,usluge,Mjesto za Va? odmor , Place for Your holiday,Odmor portal,putovanaja,Iznajmljivanje soba ulcinj,odmor ulcinj info,Va?e mjesto za odmor ulcinj,nudisticka plaza ada bojana,smjestaj ponuda ulcinj,lokacioni i dhomave ulqin,deti,plazhet e bukura,diskoteka,zbavitja,.\" href=\"http:\/\/www.visit-ulcinj.com\/tourism\/\" target=\"_blank\"><img loading=\"lazy\" class=\"aligncenter\" title=\"SHPALLJE TURISTIKE FALAS,FREE TOURIST GUIDES,BESPLATNI TURISTI?KI OGLASI,balkan holiday rentals,ALBANIJA,ALBANIA,SHQIPERIJA,CRNA GORA,HRVATSKA,KROACIA,SLOVENIJA,MAKEDONIJA,MAKEDONIA,SRBIJA,MONTENEGRO,MALI I ZI,\" src=\"http:\/\/www.visit-ulcinj.com\/blog\/wp-content\/uploads\/2008\/09\/balkanholidayrentals.gif\" alt=\"Apatin,  Aran?elovac,  ?uprija,  ?a?ak,  ?apljina,  ?itluk,  ?abac,  ?ipovo,  ?iroki Brijeg,  ?ep?e,  ?ivinice,  Ba?ka Palanka,  Banja Luka,  Banovi?i,  Be?ej,  beograd,  Biha?,  Bijeljina,  Bor,  Bor?a,  Bosanska Gradi?ka,  Bosanska Krupa,  Bosanski ?amac,  Bosanski Brod,  Bosanski Novi,  Br?ko,  Bu?im,  Bugojno,  Cazin,  Crna Gora,  Derventa,  Doboj,  Donji Vakuf,  Drvar,  Dubrovnik,  Fo?a,  Fojnica,  Glamo?,  Gora?de,  Gornji Milanovac,  Gornji Vakuf,  gostivar,  Gra?anica,  Grada?ac,  Gradiska,  Grahovo,  Had?i?i,  Ilid?a,  In?ija,  Jablanica,  Jagodina,  Jajce,  Kakanj,  Kalu?erica,  Kikinda,  Klju?,  Konjic,  Kotor Varo?,  Kragujevac,  Kraljevo,  Kru?evac,  Kula,  Kupres,  Lakta?i,  Lazarevac,  Leskovac,  Livno,  Ljubinje,  ljublana,  Ljubu?ki,  Loznica,  Lukavac,  Maglaj,  Mladenovac,  Modri?a,  montenegro erlajnz,  mostar,  Mrkonji? Grad,  Neum,  Ni?,  Novi Pazar,  Novi Sad,  Novi Travnik,  Obrenovac,  Od?ak,  ohrid,  Ora?je,  Pale,  Pan?evo,  Para?in,  Pirot,  Po?arevac,  Podgorica,  Priboj,  Prijedor,  Prokuplje,  Prozor,  pula,  rijeka,  Ruma,  Sanski Most,  Sarajevo,  Senta,  serbija,  sibenik,  skopje,  Smederevo,  Smederevska Palanka,  Sokolac,  Sombor,  split,  Srebrenica,  Srebrenik,  Sremska Mitrovica,  Stolac,  Struga,  Subotica,  Temerin,  Tesli?,  tetovo,  Travnik,  Trebinje,  tuzla,  U?ice,  ulcinj,  Valjevo,  Velika Kladu?a,  Vi?egrad,  Visoko,  Vitez,  Vogo??a,  vojvodina,  Vranje,  Vr?ac,  Vrbas,  zadar,  Zagreb,  Zaje?ar,  Zavidovi?i,  Zenica,  Zrenjanin,  Zvornik,copacabana ulcinj,  h?tels,  hotel ulqin,  Kosova,  Mali i Zi,  Maqedonija,  Montenegro,  montenegro tourisme plage,  montenegro ulcinj,  Shpallje Falas,  Shpallje Falas per shitjen e shtepis se juaj,  Shpallje Falas per villat e juaj,  Shpallje Falas Real Estate,  Shpallje Falas turistike,  shqiperija,  tourisme,  Ulci?,  ulcinj,  ulqin,  ulqin hotel,  ulqini,  ulqini 2007,Ada Bojana,  Alba?czyk,  Cita di Dolcino,  Copacabana,  Czarnog?ra,  Czarnog?rzec,  Don Kichota,  Ma\u00b3a Pla\u00bfa,  Mandra,  MIGUEL DE SERVANTES,  p?\u00b3wyspy Marjan,  Pla\u00bfa Valdanos,  Rzeka Bojana,  Shas \/ ?as \/ Sva?,  Ulci?,  Ulcinjsk\u00b9 Riwier?,  Wielka Pla\u00bfa,  Wyspa Bojana,GORA,??????????,???????,??????????, ?ern? Hora,TO ULCINJ \/ ULQIN,MONTENEGRO, Czarnog?ra, Muntenegru, ????? ????, Montenegr?,villa ? louer ? ulcinj, location de vacance, location saisonni?res, louer chambres,location de vacance, Locations vacance, h?bergements vacances, locations villa, logements de vacances, location maison avec piscine, Location vacance, locations de vacance, h?bergements de vacances, location, locations entre particulier, logements vacance, vacances ? Mont?n?gro - location ? Ulcinj ,location  de bigorre,Albaniku,  Artana,  Bujanoci,  Burimi,  Dardana,  Dardan?,  De?an,  Dibra,  Drenas,  Drenasi,  Ferizaj,  Ferizaji,  Fush? Kosova,Besplatni internet oglasi,Besplatni oglasi,besplatni mali oglasi,besplatni turisti?ki oglasi,oglasi, usluge, turizam,Turisti?ke usluge,Doma?i turizam,Besplatni Oglasnik,Brzi Oglasi Besplatno,Besplatno OglasavanjeTurizam,besplatni oglasi sa slikom,Turisticki informator besplatni,li?ni-oglasi,BESPLATNI Turisticki OGLASI SA SLIKAMA,BESPLATNI Turisticki Oglasi saVideom,turisticki smestaj oglasi,Turisti?ki vodi? balkana,BESPLATNA REZERVACIJA SMESTAJA,Postavite besplatno Vas oglas,FREE TOURIST GUIDES,Izdavanje-Turizam oglasi,Balkan Turisticki vodic,shpallje turistike falas,Shpallje Falas,Shpallje falas per Komplekse Turistike,Lajmerime,Njoftime,shpallje shqip per shqiptaret ne shqiperi kosova maqedoni,mal te zi,Fush? Kosov?,  Gjakova,  Gjakov?,  Gjilan,  Gjilani,  Gostivari,  Istog,  Istog\u00b7,  Ka?anik,  Ka?aniku,  Kastrioti,  K?r?ova,  Klina,  Klin?,  Kumanova,  Leposaviq,  Leskovci,  Likova,  Lipjan,  Lipjani,  Malisheva,  Malishev?,  Manastiri,  Medvegja,  Mitrovica,  Mitrovic?,  Novob?rd?,  Obiliq\u00b7 Rahovec,  Ohri,  Peja,  Pej?,  Podujeva,  Podujev?,  Presheva,  Prishtina,  Prishtin?,  Prizren,  Prizreni,  Rahoveci,  Sharri,  Sharri (Kosov?),  Shkupi,  Sht?rpca,  Sht?rpc?,  Shtime,  Sk?nderaj,  Struga,  Tetova,  Theranda,  Therand?,  Triumf Riza,  Veleshta,  Viti,  Vitia,  Vushtrri,  Vushtrria,  Zubin Potok,  Zubin Potoku,  Zve?an,  Zve?ani,Struga,Gostivari,Gostivar,Ker?ova,Tirana,Durr?si,Elbasani,Shkodra,Tuzi,Vlora, Kor?a,Fieri,Berati,Lushnja ,Kavaja,Pogradeci,La?i,Gjirokastra,Patosi,Kruja,Ku?ova,Kuk?si,Lezha,Saranda,Peshkopia,Burreli,C?rriku,?orovoda,Shijaku,Librazhdi,Tepelena,Gramshi,Poli?ani,Bulqiza,P?rmeti,Fush?Kruja,Kamza,Rr?sheni,Ballshi,Mamurrasi,BajramCurri,Erseka,Peqini,Divjaka,Selenica,Bilishti,Roskoveci,Puka,Memaliaj,Rrogozhina,Ura Vajgurore,Himara,Delvina,Vora,Kopliku,Maliqi,P?rrenjasi,Kruma, Libohova,Orikumi,Fush?-Arr?za,Sh?ngjini,Rubiku,Miloti, Leskoviku,Konispoli,K?lcyra,Krasta,K?rraba,Manastiri,Hara?ina,Likova,Prilepi,Zajazi,Vrap?ishti,Bogovin?,\" width=\"420\" height=\"120\" \/><\/a><\/p>\n","protected":false},"excerpt":{"rendered":"<p>T\u00eb nderuar qytetar\u00eb, Sot u b\u00ebn\u00eb plot dy vite nga zgjedhjetparlamentare dhe lokale t\u00eb vitit 2006. E zakonshme \u00ebsht\u00eb q\u00eb t\u00eb b\u00ebhet nj\u00eb rezyme i aktivitetevedhe arritjeve p\u00ebr k\u00ebt\u00eb periudh\u00eb kur t\u00eb gjith\u00eb kan\u00eb premtuar dhe jan\u00eb betuar sedo t\u00eb punojn\u00eb p\u00ebr t\u00eb mir\u00ebn e popullit. Kjo sidomos i p\u00ebrket atyre q\u00eb e kan\u00ebfituar mandatin [&hellip;]<\/p>\n","protected":false},"author":1,"featured_media":0,"comment_status":"open","ping_status":"closed","sticky":false,"template":"","format":"standard","meta":{"spay_email":"","jetpack_publicize_message":"","jetpack_is_tweetstorm":false,"jetpack_publicize_feature_enabled":true},"categories":[8],"tags":[95,118,200],"jetpack_publicize_connections":[],"yoast_head":"<!-- This site is optimized with the Yoast SEO plugin v19.1 - https:\/\/yoast.com\/wordpress\/plugins\/seo\/ -->\n<title>Dy vjetori i Zgjedhjve Lokale - Lajme nga Ulqini<\/title>\n<meta name=\"description\" content=\"T\u00eb nderuar qytetar\u00eb, Sot u b\u00ebn\u00eb plot dy vite nga zgjedhjetparlamentare dhe lokale t\u00eb vitit 2006. E zakonshme \u00ebsht\u00eb q\u00eb t\u00eb b\u00ebhet nj\u00eb rezyme i\" \/>\n<meta name=\"robots\" content=\"index, follow, max-snippet:-1, max-image-preview:large, max-video-preview:-1\" \/>\n<link rel=\"canonical\" href=\"https:\/\/www.visit-ulcinj.com\/blog\/2008\/09\/12\/dy-vjetori-i-zgjedhjve-lokale\/\" \/>\n<meta property=\"og:locale\" content=\"en_US\" \/>\n<meta property=\"og:type\" content=\"article\" \/>\n<meta property=\"og:title\" content=\"Dy vjetori i Zgjedhjve Lokale - Lajme nga Ulqini\" \/>\n<meta property=\"og:description\" content=\"T\u00eb nderuar qytetar\u00eb, Sot u b\u00ebn\u00eb plot dy vite nga zgjedhjetparlamentare dhe lokale t\u00eb vitit 2006. E zakonshme \u00ebsht\u00eb q\u00eb t\u00eb b\u00ebhet nj\u00eb rezyme i\" \/>\n<meta property=\"og:url\" content=\"https:\/\/www.visit-ulcinj.com\/blog\/2008\/09\/12\/dy-vjetori-i-zgjedhjve-lokale\/\" \/>\n<meta property=\"og:site_name\" content=\"Lajme nga Ulqini\" \/>\n<meta property=\"article:published_time\" content=\"2008-09-12T18:42:26+00:00\" \/>\n<meta property=\"article:modified_time\" content=\"2008-10-17T20:06:51+00:00\" \/>\n<meta property=\"og:image\" content=\"http:\/\/www.visit-ulcinj.com\/blog\/wp-content\/uploads\/2008\/09\/nazif-cungu_1-300x232.jpg\" \/>\n<meta name=\"twitter:label1\" content=\"Written by\" \/>\n\t<meta name=\"twitter:data1\" content=\"ulqini\" \/>\n\t<meta name=\"twitter:label2\" content=\"Est. reading time\" \/>\n\t<meta name=\"twitter:data2\" content=\"4 minutes\" \/>\n<script type=\"application\/ld+json\" class=\"yoast-schema-graph\">{\"@context\":\"https:\/\/schema.org\",\"@graph\":[{\"@type\":\"WebSite\",\"@id\":\"https:\/\/www.visit-ulcinj.com\/blog\/#website\",\"url\":\"https:\/\/www.visit-ulcinj.com\/blog\/\",\"name\":\"Lajme nga Ulqini\",\"description\":\"Lajme,Vijesti,Ulqini,Ulqin,Crna Gora,Mali i Zi\",\"potentialAction\":[{\"@type\":\"SearchAction\",\"target\":{\"@type\":\"EntryPoint\",\"urlTemplate\":\"https:\/\/www.visit-ulcinj.com\/blog\/?s={search_term_string}\"},\"query-input\":\"required name=search_term_string\"}],\"inLanguage\":\"en-US\"},{\"@type\":\"ImageObject\",\"inLanguage\":\"en-US\",\"@id\":\"https:\/\/www.visit-ulcinj.com\/blog\/2008\/09\/12\/dy-vjetori-i-zgjedhjve-lokale\/#primaryimage\",\"url\":\"http:\/\/www.visit-ulcinj.com\/blog\/wp-content\/uploads\/2008\/09\/nazif-cungu_1-300x232.jpg\",\"contentUrl\":\"http:\/\/www.visit-ulcinj.com\/blog\/wp-content\/uploads\/2008\/09\/nazif-cungu_1-300x232.jpg\"},{\"@type\":\"WebPage\",\"@id\":\"https:\/\/www.visit-ulcinj.com\/blog\/2008\/09\/12\/dy-vjetori-i-zgjedhjve-lokale\/#webpage\",\"url\":\"https:\/\/www.visit-ulcinj.com\/blog\/2008\/09\/12\/dy-vjetori-i-zgjedhjve-lokale\/\",\"name\":\"Dy vjetori i Zgjedhjve Lokale - Lajme nga Ulqini\",\"isPartOf\":{\"@id\":\"https:\/\/www.visit-ulcinj.com\/blog\/#website\"},\"primaryImageOfPage\":{\"@id\":\"https:\/\/www.visit-ulcinj.com\/blog\/2008\/09\/12\/dy-vjetori-i-zgjedhjve-lokale\/#primaryimage\"},\"datePublished\":\"2008-09-12T18:42:26+00:00\",\"dateModified\":\"2008-10-17T20:06:51+00:00\",\"author\":{\"@id\":\"https:\/\/www.visit-ulcinj.com\/blog\/#\/schema\/person\/dcab619c614d3038751c63bc2aadc06d\"},\"description\":\"T\u00eb nderuar qytetar\u00eb, Sot u b\u00ebn\u00eb plot dy vite nga zgjedhjetparlamentare dhe lokale t\u00eb vitit 2006. E zakonshme \u00ebsht\u00eb q\u00eb t\u00eb b\u00ebhet nj\u00eb rezyme i\",\"breadcrumb\":{\"@id\":\"https:\/\/www.visit-ulcinj.com\/blog\/2008\/09\/12\/dy-vjetori-i-zgjedhjve-lokale\/#breadcrumb\"},\"inLanguage\":\"en-US\",\"potentialAction\":[{\"@type\":\"ReadAction\",\"target\":[\"https:\/\/www.visit-ulcinj.com\/blog\/2008\/09\/12\/dy-vjetori-i-zgjedhjve-lokale\/\"]}]},{\"@type\":\"BreadcrumbList\",\"@id\":\"https:\/\/www.visit-ulcinj.com\/blog\/2008\/09\/12\/dy-vjetori-i-zgjedhjve-lokale\/#breadcrumb\",\"itemListElement\":[{\"@type\":\"ListItem\",\"position\":1,\"name\":\"Dy vjetori i Zgjedhjve Lokale\"}]},{\"@type\":\"Person\",\"@id\":\"https:\/\/www.visit-ulcinj.com\/blog\/#\/schema\/person\/dcab619c614d3038751c63bc2aadc06d\",\"name\":\"ulqini\",\"sameAs\":[\"http:\/\/www.visit-ulcinj.com\"],\"url\":\"https:\/\/www.visit-ulcinj.com\/blog\/author\/admin\/\"}]}<\/script>\n<!-- \/ Yoast SEO plugin. -->","yoast_head_json":{"title":"Dy vjetori i Zgjedhjve Lokale - Lajme nga Ulqini","description":"T\u00eb nderuar qytetar\u00eb, Sot u b\u00ebn\u00eb plot dy vite nga zgjedhjetparlamentare dhe lokale t\u00eb vitit 2006. E zakonshme \u00ebsht\u00eb q\u00eb t\u00eb b\u00ebhet nj\u00eb rezyme i","robots":{"index":"index","follow":"follow","max-snippet":"max-snippet:-1","max-image-preview":"max-image-preview:large","max-video-preview":"max-video-preview:-1"},"canonical":"https:\/\/www.visit-ulcinj.com\/blog\/2008\/09\/12\/dy-vjetori-i-zgjedhjve-lokale\/","og_locale":"en_US","og_type":"article","og_title":"Dy vjetori i Zgjedhjve Lokale - Lajme nga Ulqini","og_description":"T\u00eb nderuar qytetar\u00eb, Sot u b\u00ebn\u00eb plot dy vite nga zgjedhjetparlamentare dhe lokale t\u00eb vitit 2006. E zakonshme \u00ebsht\u00eb q\u00eb t\u00eb b\u00ebhet nj\u00eb rezyme i","og_url":"https:\/\/www.visit-ulcinj.com\/blog\/2008\/09\/12\/dy-vjetori-i-zgjedhjve-lokale\/","og_site_name":"Lajme nga Ulqini","article_published_time":"2008-09-12T18:42:26+00:00","article_modified_time":"2008-10-17T20:06:51+00:00","og_image":[{"url":"http:\/\/www.visit-ulcinj.com\/blog\/wp-content\/uploads\/2008\/09\/nazif-cungu_1-300x232.jpg"}],"twitter_misc":{"Written by":"ulqini","Est. reading time":"4 minutes"},"schema":{"@context":"https:\/\/schema.org","@graph":[{"@type":"WebSite","@id":"https:\/\/www.visit-ulcinj.com\/blog\/#website","url":"https:\/\/www.visit-ulcinj.com\/blog\/","name":"Lajme nga Ulqini","description":"Lajme,Vijesti,Ulqini,Ulqin,Crna Gora,Mali i Zi","potentialAction":[{"@type":"SearchAction","target":{"@type":"EntryPoint","urlTemplate":"https:\/\/www.visit-ulcinj.com\/blog\/?s={search_term_string}"},"query-input":"required name=search_term_string"}],"inLanguage":"en-US"},{"@type":"ImageObject","inLanguage":"en-US","@id":"https:\/\/www.visit-ulcinj.com\/blog\/2008\/09\/12\/dy-vjetori-i-zgjedhjve-lokale\/#primaryimage","url":"http:\/\/www.visit-ulcinj.com\/blog\/wp-content\/uploads\/2008\/09\/nazif-cungu_1-300x232.jpg","contentUrl":"http:\/\/www.visit-ulcinj.com\/blog\/wp-content\/uploads\/2008\/09\/nazif-cungu_1-300x232.jpg"},{"@type":"WebPage","@id":"https:\/\/www.visit-ulcinj.com\/blog\/2008\/09\/12\/dy-vjetori-i-zgjedhjve-lokale\/#webpage","url":"https:\/\/www.visit-ulcinj.com\/blog\/2008\/09\/12\/dy-vjetori-i-zgjedhjve-lokale\/","name":"Dy vjetori i Zgjedhjve Lokale - Lajme nga Ulqini","isPartOf":{"@id":"https:\/\/www.visit-ulcinj.com\/blog\/#website"},"primaryImageOfPage":{"@id":"https:\/\/www.visit-ulcinj.com\/blog\/2008\/09\/12\/dy-vjetori-i-zgjedhjve-lokale\/#primaryimage"},"datePublished":"2008-09-12T18:42:26+00:00","dateModified":"2008-10-17T20:06:51+00:00","author":{"@id":"https:\/\/www.visit-ulcinj.com\/blog\/#\/schema\/person\/dcab619c614d3038751c63bc2aadc06d"},"description":"T\u00eb nderuar qytetar\u00eb, Sot u b\u00ebn\u00eb plot dy vite nga zgjedhjetparlamentare dhe lokale t\u00eb vitit 2006. E zakonshme \u00ebsht\u00eb q\u00eb t\u00eb b\u00ebhet nj\u00eb rezyme i","breadcrumb":{"@id":"https:\/\/www.visit-ulcinj.com\/blog\/2008\/09\/12\/dy-vjetori-i-zgjedhjve-lokale\/#breadcrumb"},"inLanguage":"en-US","potentialAction":[{"@type":"ReadAction","target":["https:\/\/www.visit-ulcinj.com\/blog\/2008\/09\/12\/dy-vjetori-i-zgjedhjve-lokale\/"]}]},{"@type":"BreadcrumbList","@id":"https:\/\/www.visit-ulcinj.com\/blog\/2008\/09\/12\/dy-vjetori-i-zgjedhjve-lokale\/#breadcrumb","itemListElement":[{"@type":"ListItem","position":1,"name":"Dy vjetori i Zgjedhjve Lokale"}]},{"@type":"Person","@id":"https:\/\/www.visit-ulcinj.com\/blog\/#\/schema\/person\/dcab619c614d3038751c63bc2aadc06d","name":"ulqini","sameAs":["http:\/\/www.visit-ulcinj.com"],"url":"https:\/\/www.visit-ulcinj.com\/blog\/author\/admin\/"}]}},"jetpack_featured_media_url":"","jetpack_sharing_enabled":true,"jetpack_shortlink":"https:\/\/wp.me\/pe6lTn-QH","_links":{"self":[{"href":"https:\/\/www.visit-ulcinj.com\/blog\/wp-json\/wp\/v2\/posts\/3267"}],"collection":[{"href":"https:\/\/www.visit-ulcinj.com\/blog\/wp-json\/wp\/v2\/posts"}],"about":[{"href":"https:\/\/www.visit-ulcinj.com\/blog\/wp-json\/wp\/v2\/types\/post"}],"author":[{"embeddable":true,"href":"https:\/\/www.visit-ulcinj.com\/blog\/wp-json\/wp\/v2\/users\/1"}],"replies":[{"embeddable":true,"href":"https:\/\/www.visit-ulcinj.com\/blog\/wp-json\/wp\/v2\/comments?post=3267"}],"version-history":[{"count":0,"href":"https:\/\/www.visit-ulcinj.com\/blog\/wp-json\/wp\/v2\/posts\/3267\/revisions"}],"wp:attachment":[{"href":"https:\/\/www.visit-ulcinj.com\/blog\/wp-json\/wp\/v2\/media?parent=3267"}],"wp:term":[{"taxonomy":"category","embeddable":true,"href":"https:\/\/www.visit-ulcinj.com\/blog\/wp-json\/wp\/v2\/categories?post=3267"},{"taxonomy":"post_tag","embeddable":true,"href":"https:\/\/www.visit-ulcinj.com\/blog\/wp-json\/wp\/v2\/tags?post=3267"}],"curies":[{"name":"wp","href":"https:\/\/api.w.org\/{rel}","templated":true}]}}