{"id":32678,"date":"2010-05-01T18:17:30","date_gmt":"2010-05-01T16:17:30","guid":{"rendered":"http:\/\/www.visit-ulcinj.com\/blog\/?p=32678"},"modified":"2010-05-01T18:17:30","modified_gmt":"2010-05-01T16:17:30","slug":"gradonacelnik-hajdinaga-obecao-radnicima-isplatu-naknada","status":"publish","type":"post","link":"https:\/\/www.visit-ulcinj.com\/blog\/2010\/05\/01\/gradonacelnik-hajdinaga-obecao-radnicima-isplatu-naknada\/","title":{"rendered":"Gradona?elnik Hajdinaga obe?ao radnicima isplatu naknada"},"content":{"rendered":"<p><strong><a href=\"http:\/\/www.visit-ulcinj.com\/blog\/wp-content\/uploads\/2010\/05\/Gzim-Hajdinaga_Du\u0161ko-Perovi?.jpg\"><img loading=\"lazy\" class=\"alignleft size-full wp-image-32679\" title=\"Gzim Hajdinaga_Du\u0161ko Perovi?\" src=\"http:\/\/www.visit-ulcinj.com\/blog\/wp-content\/uploads\/2010\/05\/Gzim-Hajdinaga_Du\u0161ko-Perovi?.jpg\" alt=\"Gzim Hajdinaga_Du\u0161ko Perovi?\" width=\"580\" height=\"400\" \/><\/a>Ulcinju prve otpremnine<\/strong><br \/>\nUlcinj &#8211; Gradona?elnik Ulcinja Gzim Hajdinaga obe?ao je ju?e da ?e radnici najju\u017enije op\u0161tine, koji su progla\u0161eni tehnolo\u0161kim vi\u0161kom ili su im firme u ste?aju, me?u prvima u Crnoj Gori primiti otpremnine od 1.926 eura.<br \/>\n\u201eNe znam ta?an datum, ali ako je neko ?ekao 20 godina da rije\u0161i svoj status, nije realno da cijeli posao sada zavr\u0161imo za nekoliko dana. Na radnicima je da popune upitnike koji su stigli iz Fonda rada, a ja ?u im obe?ati da ?e Ulcinj biti me?u prvim gradovima u Crnoj Gori koji ?e dobiti otpremnine\u201d, kazao je Hajdinaga novinarima u holu ispred skup\u0161tinske sale koja je ju?e bila dupke puna radnika koji godinama i decenijama poku\u0161avaju da rije\u0161e to pitanje.<br \/>\nPodjela formulara i pokretanje procedure rezultat je dogovora koji su u ponedjeljak na sastanku u Ulcinju postigli Hajdinaga, direktor Fonda rada Du\u0161ko Perovi? i generalni sekretar SSCG Zoran Masoni?i?.<br \/>\nPredsjednik Op\u0161tinskog sindikalnog povjereni\u0161tva \u0160efki Ljamovi? kazao je da u Ulcinju pravo na zakonom utvr?enu otpremninu imaju 184 radnika.<br \/>\n\u201eTa cifra nije kona?na jer po novom zakonu otpremnine sljeduju i jo\u0161 neke radnike, a ne samo one koji su progla\u0161eni tehnolo\u0161kim vi\u0161kom ili su im firme likvidirane\u201d, kazao je Ljamovi?.<br \/>\nRadnici su bili zadovoljni \u0161to je kona?no pokrenuto pitanje njihovih otpremnina, ali su neki sumnji?avo vrtjeli glavom.<br \/>\n\u201eSamo da nije prazno predizborno obe?anje\u201d, bio je komentar nekoliko prisutnih radnika.<\/p>\n<p><strong>S.A.<br \/>\n<a href=\"http:\/\/www.vijesti.me\/index.php?id_pre=336720&amp;godina=2010\" target=\"_blank\">Vijesti<\/a><\/strong><\/p>\n","protected":false},"excerpt":{"rendered":"<p>Ulcinju prve otpremnine Ulcinj &#8211; Gradona?elnik Ulcinja Gzim Hajdinaga obe?ao je ju?e da ?e radnici najju\u017enije op\u0161tine, koji su progla\u0161eni tehnolo\u0161kim vi\u0161kom ili su im firme u ste?aju, me?u prvima u Crnoj Gori primiti otpremnine od 1.926 eura. \u201eNe znam ta?an datum, ali ako je neko ?ekao 20 godina da rije\u0161i svoj status, nije realno [&hellip;]<\/p>\n","protected":false},"author":1,"featured_media":0,"comment_status":"open","ping_status":"closed","sticky":false,"template":"","format":"standard","meta":{"spay_email":"","jetpack_publicize_message":"","jetpack_is_tweetstorm":false,"jetpack_publicize_feature_enabled":true},"categories":[8337],"tags":[14193,14194,2417,14192,19],"jetpack_publicize_connections":[],"yoast_head":"<!-- This site is optimized with the Yoast SEO plugin v19.1 - https:\/\/yoast.com\/wordpress\/plugins\/seo\/ -->\n<title>Gradona?elnik Hajdinaga obe?ao radnicima isplatu naknada - Lajme nga Ulqini<\/title>\n<meta name=\"description\" content=\"Ulcinju prve otpremnine Ulcinj - Gradona?elnik Ulcinja Gzim Hajdinaga obe?ao je ju?e da ?e radnici najju\u017enije op\u0161tine, koji su progla\u0161eni tehnolo\u0161kim\" \/>\n<meta name=\"robots\" content=\"index, follow, max-snippet:-1, max-image-preview:large, max-video-preview:-1\" \/>\n<link rel=\"canonical\" href=\"https:\/\/www.visit-ulcinj.com\/blog\/2010\/05\/01\/gradonacelnik-hajdinaga-obecao-radnicima-isplatu-naknada\/\" \/>\n<meta property=\"og:locale\" content=\"en_US\" \/>\n<meta property=\"og:type\" content=\"article\" \/>\n<meta property=\"og:title\" content=\"Gradona?elnik Hajdinaga obe?ao radnicima isplatu naknada - Lajme nga Ulqini\" \/>\n<meta property=\"og:description\" content=\"Ulcinju prve otpremnine Ulcinj - Gradona?elnik Ulcinja Gzim Hajdinaga obe?ao je ju?e da ?e radnici najju\u017enije op\u0161tine, koji su progla\u0161eni tehnolo\u0161kim\" \/>\n<meta property=\"og:url\" content=\"https:\/\/www.visit-ulcinj.com\/blog\/2010\/05\/01\/gradonacelnik-hajdinaga-obecao-radnicima-isplatu-naknada\/\" \/>\n<meta property=\"og:site_name\" content=\"Lajme nga Ulqini\" \/>\n<meta property=\"article:published_time\" content=\"2010-05-01T16:17:30+00:00\" \/>\n<meta name=\"twitter:label1\" content=\"Written by\" \/>\n\t<meta name=\"twitter:data1\" content=\"ulqini\" \/>\n\t<meta name=\"twitter:label2\" content=\"Est. reading time\" \/>\n\t<meta name=\"twitter:data2\" content=\"1 minute\" \/>\n<script type=\"application\/ld+json\" class=\"yoast-schema-graph\">{\"@context\":\"https:\/\/schema.org\",\"@graph\":[{\"@type\":\"WebSite\",\"@id\":\"https:\/\/www.visit-ulcinj.com\/blog\/#website\",\"url\":\"https:\/\/www.visit-ulcinj.com\/blog\/\",\"name\":\"Lajme nga Ulqini\",\"description\":\"Lajme,Vijesti,Ulqini,Ulqin,Crna Gora,Mali i Zi\",\"potentialAction\":[{\"@type\":\"SearchAction\",\"target\":{\"@type\":\"EntryPoint\",\"urlTemplate\":\"https:\/\/www.visit-ulcinj.com\/blog\/?s={search_term_string}\"},\"query-input\":\"required name=search_term_string\"}],\"inLanguage\":\"en-US\"},{\"@type\":\"WebPage\",\"@id\":\"https:\/\/www.visit-ulcinj.com\/blog\/2010\/05\/01\/gradonacelnik-hajdinaga-obecao-radnicima-isplatu-naknada\/#webpage\",\"url\":\"https:\/\/www.visit-ulcinj.com\/blog\/2010\/05\/01\/gradonacelnik-hajdinaga-obecao-radnicima-isplatu-naknada\/\",\"name\":\"Gradona?elnik Hajdinaga obe?ao radnicima isplatu naknada - Lajme nga Ulqini\",\"isPartOf\":{\"@id\":\"https:\/\/www.visit-ulcinj.com\/blog\/#website\"},\"datePublished\":\"2010-05-01T16:17:30+00:00\",\"dateModified\":\"2010-05-01T16:17:30+00:00\",\"author\":{\"@id\":\"https:\/\/www.visit-ulcinj.com\/blog\/#\/schema\/person\/dcab619c614d3038751c63bc2aadc06d\"},\"description\":\"Ulcinju prve otpremnine Ulcinj - Gradona?elnik Ulcinja Gzim Hajdinaga obe?ao je ju?e da ?e radnici najju\u017enije op\u0161tine, koji su progla\u0161eni tehnolo\u0161kim\",\"breadcrumb\":{\"@id\":\"https:\/\/www.visit-ulcinj.com\/blog\/2010\/05\/01\/gradonacelnik-hajdinaga-obecao-radnicima-isplatu-naknada\/#breadcrumb\"},\"inLanguage\":\"en-US\",\"potentialAction\":[{\"@type\":\"ReadAction\",\"target\":[\"https:\/\/www.visit-ulcinj.com\/blog\/2010\/05\/01\/gradonacelnik-hajdinaga-obecao-radnicima-isplatu-naknada\/\"]}]},{\"@type\":\"BreadcrumbList\",\"@id\":\"https:\/\/www.visit-ulcinj.com\/blog\/2010\/05\/01\/gradonacelnik-hajdinaga-obecao-radnicima-isplatu-naknada\/#breadcrumb\",\"itemListElement\":[{\"@type\":\"ListItem\",\"position\":1,\"name\":\"Gradona?elnik Hajdinaga obe?ao radnicima isplatu naknada\"}]},{\"@type\":\"Person\",\"@id\":\"https:\/\/www.visit-ulcinj.com\/blog\/#\/schema\/person\/dcab619c614d3038751c63bc2aadc06d\",\"name\":\"ulqini\",\"sameAs\":[\"http:\/\/www.visit-ulcinj.com\"],\"url\":\"https:\/\/www.visit-ulcinj.com\/blog\/author\/admin\/\"}]}<\/script>\n<!-- \/ Yoast SEO plugin. -->","yoast_head_json":{"title":"Gradona?elnik Hajdinaga obe?ao radnicima isplatu naknada - Lajme nga Ulqini","description":"Ulcinju prve otpremnine Ulcinj - Gradona?elnik Ulcinja Gzim Hajdinaga obe?ao je ju?e da ?e radnici najju\u017enije op\u0161tine, koji su progla\u0161eni tehnolo\u0161kim","robots":{"index":"index","follow":"follow","max-snippet":"max-snippet:-1","max-image-preview":"max-image-preview:large","max-video-preview":"max-video-preview:-1"},"canonical":"https:\/\/www.visit-ulcinj.com\/blog\/2010\/05\/01\/gradonacelnik-hajdinaga-obecao-radnicima-isplatu-naknada\/","og_locale":"en_US","og_type":"article","og_title":"Gradona?elnik Hajdinaga obe?ao radnicima isplatu naknada - Lajme nga Ulqini","og_description":"Ulcinju prve otpremnine Ulcinj - Gradona?elnik Ulcinja Gzim Hajdinaga obe?ao je ju?e da ?e radnici najju\u017enije op\u0161tine, koji su progla\u0161eni tehnolo\u0161kim","og_url":"https:\/\/www.visit-ulcinj.com\/blog\/2010\/05\/01\/gradonacelnik-hajdinaga-obecao-radnicima-isplatu-naknada\/","og_site_name":"Lajme nga Ulqini","article_published_time":"2010-05-01T16:17:30+00:00","twitter_misc":{"Written by":"ulqini","Est. reading time":"1 minute"},"schema":{"@context":"https:\/\/schema.org","@graph":[{"@type":"WebSite","@id":"https:\/\/www.visit-ulcinj.com\/blog\/#website","url":"https:\/\/www.visit-ulcinj.com\/blog\/","name":"Lajme nga Ulqini","description":"Lajme,Vijesti,Ulqini,Ulqin,Crna Gora,Mali i Zi","potentialAction":[{"@type":"SearchAction","target":{"@type":"EntryPoint","urlTemplate":"https:\/\/www.visit-ulcinj.com\/blog\/?s={search_term_string}"},"query-input":"required name=search_term_string"}],"inLanguage":"en-US"},{"@type":"WebPage","@id":"https:\/\/www.visit-ulcinj.com\/blog\/2010\/05\/01\/gradonacelnik-hajdinaga-obecao-radnicima-isplatu-naknada\/#webpage","url":"https:\/\/www.visit-ulcinj.com\/blog\/2010\/05\/01\/gradonacelnik-hajdinaga-obecao-radnicima-isplatu-naknada\/","name":"Gradona?elnik Hajdinaga obe?ao radnicima isplatu naknada - Lajme nga Ulqini","isPartOf":{"@id":"https:\/\/www.visit-ulcinj.com\/blog\/#website"},"datePublished":"2010-05-01T16:17:30+00:00","dateModified":"2010-05-01T16:17:30+00:00","author":{"@id":"https:\/\/www.visit-ulcinj.com\/blog\/#\/schema\/person\/dcab619c614d3038751c63bc2aadc06d"},"description":"Ulcinju prve otpremnine Ulcinj - Gradona?elnik Ulcinja Gzim Hajdinaga obe?ao je ju?e da ?e radnici najju\u017enije op\u0161tine, koji su progla\u0161eni tehnolo\u0161kim","breadcrumb":{"@id":"https:\/\/www.visit-ulcinj.com\/blog\/2010\/05\/01\/gradonacelnik-hajdinaga-obecao-radnicima-isplatu-naknada\/#breadcrumb"},"inLanguage":"en-US","potentialAction":[{"@type":"ReadAction","target":["https:\/\/www.visit-ulcinj.com\/blog\/2010\/05\/01\/gradonacelnik-hajdinaga-obecao-radnicima-isplatu-naknada\/"]}]},{"@type":"BreadcrumbList","@id":"https:\/\/www.visit-ulcinj.com\/blog\/2010\/05\/01\/gradonacelnik-hajdinaga-obecao-radnicima-isplatu-naknada\/#breadcrumb","itemListElement":[{"@type":"ListItem","position":1,"name":"Gradona?elnik Hajdinaga obe?ao radnicima isplatu naknada"}]},{"@type":"Person","@id":"https:\/\/www.visit-ulcinj.com\/blog\/#\/schema\/person\/dcab619c614d3038751c63bc2aadc06d","name":"ulqini","sameAs":["http:\/\/www.visit-ulcinj.com"],"url":"https:\/\/www.visit-ulcinj.com\/blog\/author\/admin\/"}]}},"jetpack_featured_media_url":"","jetpack_sharing_enabled":true,"jetpack_shortlink":"https:\/\/wp.me\/pe6lTn-8v4","_links":{"self":[{"href":"https:\/\/www.visit-ulcinj.com\/blog\/wp-json\/wp\/v2\/posts\/32678"}],"collection":[{"href":"https:\/\/www.visit-ulcinj.com\/blog\/wp-json\/wp\/v2\/posts"}],"about":[{"href":"https:\/\/www.visit-ulcinj.com\/blog\/wp-json\/wp\/v2\/types\/post"}],"author":[{"embeddable":true,"href":"https:\/\/www.visit-ulcinj.com\/blog\/wp-json\/wp\/v2\/users\/1"}],"replies":[{"embeddable":true,"href":"https:\/\/www.visit-ulcinj.com\/blog\/wp-json\/wp\/v2\/comments?post=32678"}],"version-history":[{"count":0,"href":"https:\/\/www.visit-ulcinj.com\/blog\/wp-json\/wp\/v2\/posts\/32678\/revisions"}],"wp:attachment":[{"href":"https:\/\/www.visit-ulcinj.com\/blog\/wp-json\/wp\/v2\/media?parent=32678"}],"wp:term":[{"taxonomy":"category","embeddable":true,"href":"https:\/\/www.visit-ulcinj.com\/blog\/wp-json\/wp\/v2\/categories?post=32678"},{"taxonomy":"post_tag","embeddable":true,"href":"https:\/\/www.visit-ulcinj.com\/blog\/wp-json\/wp\/v2\/tags?post=32678"}],"curies":[{"name":"wp","href":"https:\/\/api.w.org\/{rel}","templated":true}]}}