{"id":32689,"date":"2010-05-01T20:42:57","date_gmt":"2010-05-01T18:42:57","guid":{"rendered":"http:\/\/www.visit-ulcinj.com\/blog\/?p=32689"},"modified":"2010-05-01T21:09:26","modified_gmt":"2010-05-01T19:09:26","slug":"kalaja-e-ulqinit-e-meriton-vendin-ne-familjen-e-unescos","status":"publish","type":"post","link":"https:\/\/www.visit-ulcinj.com\/blog\/2010\/05\/01\/kalaja-e-ulqinit-e-meriton-vendin-ne-familjen-e-unescos\/","title":{"rendered":"Kalaja e Ulqinit e meriton vendin n\u00eb familjen e Unescos&#8230;"},"content":{"rendered":"<p><a href=\"http:\/\/www.visit-ulcinj.com\/blog\/wp-content\/uploads\/2010\/05\/old-town-ulcinj-montenegro_UNESCO_1.JPG\"><img loading=\"lazy\" class=\"alignleft size-full wp-image-32690\" title=\"old town-ulcinj-montenegro_UNESCO_1\" src=\"http:\/\/www.visit-ulcinj.com\/blog\/wp-content\/uploads\/2010\/05\/old-town-ulcinj-montenegro_UNESCO_1.JPG\" alt=\"old town-ulcinj-montenegro_UNESCO_1\" width=\"580\" height=\"400\" \/><\/a>Shtresat n\u00eb murin kryesor n\u00eb bedenin e Kalas\u00eb t\u00eb Ulqinit nga ana e  verit, mbi Port\u00ebn kryesore t\u00eb Kalas\u00eb ton\u00eb&#8230; ende mungojn\u00eb hulumtime  arkeologjike p\u00ebr pregaditjen kandidimin, dhe ky\u00e7jen  e Kalas\u00eb ton\u00eb n\u00ebn  mbrojtje t\u00eb Uneskos si vler\u00eb univerzale p\u00ebr t\u00ebr njerzimin. Pa dyshim  Kalaja e Ulqinit e meriton dhe e ka vendin n\u00eb familjen e madhe, t\u00eb  dalluar t\u00eb Unescos&#8230;<br \/>\nNeophodno je, da se na ovom dijelu  zidina Starog grada obave dodatna arheolo\u0161ka istra\u017eivanja, kako bi se i  pripremila dokumentacija za kandidovanje na\u0161eg Starog grada pod  svjetskom ba\u0161tinom Unescoa. Ovakva kulturna ba\u0161tina se mora sa?uvati za  budu?e generacije, a uvr\u0161tavanje pod Uneskom doprinijelo bi da,   Stari  grad i postane  univerzalna vrijednost. Stari grad Ulcinja van svake  sumnje zaslu]uje da postane dio svjetske kulturne ba\u00e7tine..<\/p>\n<p><strong><a href=\"http:\/\/www.facebook.com\/#!\/profile.php?id=1359492972\" target=\"_blank\">Ismet  Karamanaga Facebook<\/a><\/strong><\/p>\n<p>\n\t\t<style type=\"text\/css\">\n\t\t\t#gallery-1 {\n\t\t\t\tmargin: auto;\n\t\t\t}\n\t\t\t#gallery-1 .gallery-item {\n\t\t\t\tfloat: left;\n\t\t\t\tmargin-top: 10px;\n\t\t\t\ttext-align: center;\n\t\t\t\twidth: 33%;\n\t\t\t}\n\t\t\t#gallery-1 img {\n\t\t\t\tborder: 2px solid #cfcfcf;\n\t\t\t}\n\t\t\t#gallery-1 .gallery-caption {\n\t\t\t\tmargin-left: 0;\n\t\t\t}\n\t\t\t\/* see gallery_shortcode() in wp-includes\/media.php *\/\n\t\t<\/style>\n\t\t<div id='gallery-1' class='gallery galleryid-32689 gallery-columns-3 gallery-size-thumbnail'><dl class='gallery-item'>\n\t\t\t<dt class='gallery-icon landscape'>\n\t\t\t\t<a href='https:\/\/www.visit-ulcinj.com\/blog\/wp-content\/uploads\/2010\/05\/old-town-ulcinj-montenegro_UNESCO_1.JPG'><img width=\"150\" height=\"150\" src=\"https:\/\/www.visit-ulcinj.com\/blog\/wp-content\/uploads\/2010\/05\/old-town-ulcinj-montenegro_UNESCO_1-150x150.jpg\" class=\"attachment-thumbnail size-thumbnail\" alt=\"\" loading=\"lazy\" \/><\/a>\n\t\t\t<\/dt><\/dl><dl class='gallery-item'>\n\t\t\t<dt class='gallery-icon landscape'>\n\t\t\t\t<a href='https:\/\/www.visit-ulcinj.com\/blog\/wp-content\/uploads\/2010\/05\/muret-e-kalas-se-ulqinit.jpg'><img width=\"150\" height=\"150\" src=\"https:\/\/www.visit-ulcinj.com\/blog\/wp-content\/uploads\/2010\/05\/muret-e-kalas-se-ulqinit-150x150.jpg\" class=\"attachment-thumbnail size-thumbnail\" alt=\"\" loading=\"lazy\" \/><\/a>\n\t\t\t<\/dt><\/dl><dl class='gallery-item'>\n\t\t\t<dt class='gallery-icon landscape'>\n\t\t\t\t<a href='https:\/\/www.visit-ulcinj.com\/blog\/wp-content\/uploads\/2010\/05\/muret-e-kalas-se-ulqinit.1.jpg'><img width=\"150\" height=\"150\" src=\"https:\/\/www.visit-ulcinj.com\/blog\/wp-content\/uploads\/2010\/05\/muret-e-kalas-se-ulqinit.1-150x150.jpg\" class=\"attachment-thumbnail size-thumbnail\" alt=\"\" loading=\"lazy\" \/><\/a>\n\t\t\t<\/dt><\/dl><br style=\"clear: both\" \/><dl class='gallery-item'>\n\t\t\t<dt class='gallery-icon landscape'>\n\t\t\t\t<a href='https:\/\/www.visit-ulcinj.com\/blog\/wp-content\/uploads\/2010\/05\/muret-e-kalas-se-ulqinit.2.jpg'><img width=\"150\" height=\"150\" src=\"https:\/\/www.visit-ulcinj.com\/blog\/wp-content\/uploads\/2010\/05\/muret-e-kalas-se-ulqinit.2-150x150.jpg\" class=\"attachment-thumbnail size-thumbnail\" alt=\"\" loading=\"lazy\" \/><\/a>\n\t\t\t<\/dt><\/dl><dl class='gallery-item'>\n\t\t\t<dt class='gallery-icon landscape'>\n\t\t\t\t<a href='https:\/\/www.visit-ulcinj.com\/blog\/wp-content\/uploads\/2010\/05\/muret-e-kalas-se-ulqinit.3.jpg'><img width=\"150\" height=\"150\" src=\"https:\/\/www.visit-ulcinj.com\/blog\/wp-content\/uploads\/2010\/05\/muret-e-kalas-se-ulqinit.3-150x150.jpg\" class=\"attachment-thumbnail size-thumbnail\" alt=\"\" loading=\"lazy\" \/><\/a>\n\t\t\t<\/dt><\/dl><dl class='gallery-item'>\n\t\t\t<dt class='gallery-icon landscape'>\n\t\t\t\t<a href='https:\/\/www.visit-ulcinj.com\/blog\/wp-content\/uploads\/2010\/05\/muret-e-kalas-se-ulqinit.4.jpg'><img width=\"150\" height=\"150\" src=\"https:\/\/www.visit-ulcinj.com\/blog\/wp-content\/uploads\/2010\/05\/muret-e-kalas-se-ulqinit.4-150x150.jpg\" class=\"attachment-thumbnail size-thumbnail\" alt=\"\" loading=\"lazy\" \/><\/a>\n\t\t\t<\/dt><\/dl><br style=\"clear: both\" \/>\n\t\t<\/div>\n<br \/>\n<!--YouTube Error: bad URL entered--><\/p>\n","protected":false},"excerpt":{"rendered":"<p>Shtresat n\u00eb murin kryesor n\u00eb bedenin e Kalas\u00eb t\u00eb Ulqinit nga ana e verit, mbi Port\u00ebn kryesore t\u00eb Kalas\u00eb ton\u00eb&#8230; ende mungojn\u00eb hulumtime arkeologjike p\u00ebr pregaditjen kandidimin, dhe ky\u00e7jen e Kalas\u00eb ton\u00eb n\u00ebn mbrojtje t\u00eb Uneskos si vler\u00eb univerzale p\u00ebr t\u00ebr njerzimin. Pa dyshim Kalaja e Ulqinit e meriton dhe e ka vendin n\u00eb familjen [&hellip;]<\/p>\n","protected":false},"author":1,"featured_media":0,"comment_status":"open","ping_status":"closed","sticky":false,"template":"","format":"standard","meta":{"spay_email":"","jetpack_publicize_message":"","jetpack_is_tweetstorm":false,"jetpack_publicize_feature_enabled":true},"categories":[13],"tags":[310,307],"jetpack_publicize_connections":[],"yoast_head":"<!-- This site is optimized with the Yoast SEO plugin v19.1 - https:\/\/yoast.com\/wordpress\/plugins\/seo\/ -->\n<title>Kalaja e Ulqinit e meriton vendin n\u00eb familjen e Unescos... - Lajme nga Ulqini<\/title>\n<meta name=\"description\" content=\"Shtresat n\u00eb murin kryesor n\u00eb bedenin e Kalas\u00eb t\u00eb Ulqinit nga ana e verit, mbi Port\u00ebn kryesore t\u00eb Kalas\u00eb ton\u00eb... ende mungojn\u00eb hulumtime arkeologjike p\u00ebr\" \/>\n<meta name=\"robots\" content=\"index, follow, max-snippet:-1, max-image-preview:large, max-video-preview:-1\" \/>\n<link rel=\"canonical\" href=\"https:\/\/www.visit-ulcinj.com\/blog\/2010\/05\/01\/kalaja-e-ulqinit-e-meriton-vendin-ne-familjen-e-unescos\/\" \/>\n<meta property=\"og:locale\" content=\"en_US\" \/>\n<meta property=\"og:type\" content=\"article\" \/>\n<meta property=\"og:title\" content=\"Kalaja e Ulqinit e meriton vendin n\u00eb familjen e Unescos... - Lajme nga Ulqini\" \/>\n<meta property=\"og:description\" content=\"Shtresat n\u00eb murin kryesor n\u00eb bedenin e Kalas\u00eb t\u00eb Ulqinit nga ana e verit, mbi Port\u00ebn kryesore t\u00eb Kalas\u00eb ton\u00eb... ende mungojn\u00eb hulumtime arkeologjike p\u00ebr\" \/>\n<meta property=\"og:url\" content=\"https:\/\/www.visit-ulcinj.com\/blog\/2010\/05\/01\/kalaja-e-ulqinit-e-meriton-vendin-ne-familjen-e-unescos\/\" \/>\n<meta property=\"og:site_name\" content=\"Lajme nga Ulqini\" \/>\n<meta property=\"article:published_time\" content=\"2010-05-01T18:42:57+00:00\" \/>\n<meta property=\"article:modified_time\" content=\"2010-05-01T19:09:26+00:00\" \/>\n<meta property=\"og:image\" content=\"https:\/\/www.visit-ulcinj.com\/blog\/wp-content\/uploads\/2010\/05\/old-town-ulcinj-montenegro_UNESCO_1-150x150.jpg\" \/>\n<meta name=\"twitter:label1\" content=\"Written by\" \/>\n\t<meta name=\"twitter:data1\" content=\"ulqini\" \/>\n\t<meta name=\"twitter:label2\" content=\"Est. reading time\" \/>\n\t<meta name=\"twitter:data2\" content=\"1 minute\" \/>\n<script type=\"application\/ld+json\" class=\"yoast-schema-graph\">{\"@context\":\"https:\/\/schema.org\",\"@graph\":[{\"@type\":\"WebSite\",\"@id\":\"https:\/\/www.visit-ulcinj.com\/blog\/#website\",\"url\":\"https:\/\/www.visit-ulcinj.com\/blog\/\",\"name\":\"Lajme nga Ulqini\",\"description\":\"Lajme,Vijesti,Ulqini,Ulqin,Crna Gora,Mali i Zi\",\"potentialAction\":[{\"@type\":\"SearchAction\",\"target\":{\"@type\":\"EntryPoint\",\"urlTemplate\":\"https:\/\/www.visit-ulcinj.com\/blog\/?s={search_term_string}\"},\"query-input\":\"required name=search_term_string\"}],\"inLanguage\":\"en-US\"},{\"@type\":\"ImageObject\",\"inLanguage\":\"en-US\",\"@id\":\"https:\/\/www.visit-ulcinj.com\/blog\/2010\/05\/01\/kalaja-e-ulqinit-e-meriton-vendin-ne-familjen-e-unescos\/#primaryimage\",\"url\":\"https:\/\/www.visit-ulcinj.com\/blog\/wp-content\/uploads\/2010\/05\/old-town-ulcinj-montenegro_UNESCO_1.JPG\",\"contentUrl\":\"https:\/\/www.visit-ulcinj.com\/blog\/wp-content\/uploads\/2010\/05\/old-town-ulcinj-montenegro_UNESCO_1.JPG\",\"width\":\"640\",\"height\":\"628\"},{\"@type\":\"WebPage\",\"@id\":\"https:\/\/www.visit-ulcinj.com\/blog\/2010\/05\/01\/kalaja-e-ulqinit-e-meriton-vendin-ne-familjen-e-unescos\/#webpage\",\"url\":\"https:\/\/www.visit-ulcinj.com\/blog\/2010\/05\/01\/kalaja-e-ulqinit-e-meriton-vendin-ne-familjen-e-unescos\/\",\"name\":\"Kalaja e Ulqinit e meriton vendin n\u00eb familjen e Unescos... - Lajme nga Ulqini\",\"isPartOf\":{\"@id\":\"https:\/\/www.visit-ulcinj.com\/blog\/#website\"},\"primaryImageOfPage\":{\"@id\":\"https:\/\/www.visit-ulcinj.com\/blog\/2010\/05\/01\/kalaja-e-ulqinit-e-meriton-vendin-ne-familjen-e-unescos\/#primaryimage\"},\"datePublished\":\"2010-05-01T18:42:57+00:00\",\"dateModified\":\"2010-05-01T19:09:26+00:00\",\"author\":{\"@id\":\"https:\/\/www.visit-ulcinj.com\/blog\/#\/schema\/person\/dcab619c614d3038751c63bc2aadc06d\"},\"description\":\"Shtresat n\u00eb murin kryesor n\u00eb bedenin e Kalas\u00eb t\u00eb Ulqinit nga ana e verit, mbi Port\u00ebn kryesore t\u00eb Kalas\u00eb ton\u00eb... ende mungojn\u00eb hulumtime arkeologjike p\u00ebr\",\"breadcrumb\":{\"@id\":\"https:\/\/www.visit-ulcinj.com\/blog\/2010\/05\/01\/kalaja-e-ulqinit-e-meriton-vendin-ne-familjen-e-unescos\/#breadcrumb\"},\"inLanguage\":\"en-US\",\"potentialAction\":[{\"@type\":\"ReadAction\",\"target\":[\"https:\/\/www.visit-ulcinj.com\/blog\/2010\/05\/01\/kalaja-e-ulqinit-e-meriton-vendin-ne-familjen-e-unescos\/\"]}]},{\"@type\":\"BreadcrumbList\",\"@id\":\"https:\/\/www.visit-ulcinj.com\/blog\/2010\/05\/01\/kalaja-e-ulqinit-e-meriton-vendin-ne-familjen-e-unescos\/#breadcrumb\",\"itemListElement\":[{\"@type\":\"ListItem\",\"position\":1,\"name\":\"Kalaja e Ulqinit e meriton vendin n\u00eb familjen e Unescos&#8230;\"}]},{\"@type\":\"Person\",\"@id\":\"https:\/\/www.visit-ulcinj.com\/blog\/#\/schema\/person\/dcab619c614d3038751c63bc2aadc06d\",\"name\":\"ulqini\",\"sameAs\":[\"http:\/\/www.visit-ulcinj.com\"],\"url\":\"https:\/\/www.visit-ulcinj.com\/blog\/author\/admin\/\"}]}<\/script>\n<!-- \/ Yoast SEO plugin. -->","yoast_head_json":{"title":"Kalaja e Ulqinit e meriton vendin n\u00eb familjen e Unescos... - Lajme nga Ulqini","description":"Shtresat n\u00eb murin kryesor n\u00eb bedenin e Kalas\u00eb t\u00eb Ulqinit nga ana e verit, mbi Port\u00ebn kryesore t\u00eb Kalas\u00eb ton\u00eb... ende mungojn\u00eb hulumtime arkeologjike p\u00ebr","robots":{"index":"index","follow":"follow","max-snippet":"max-snippet:-1","max-image-preview":"max-image-preview:large","max-video-preview":"max-video-preview:-1"},"canonical":"https:\/\/www.visit-ulcinj.com\/blog\/2010\/05\/01\/kalaja-e-ulqinit-e-meriton-vendin-ne-familjen-e-unescos\/","og_locale":"en_US","og_type":"article","og_title":"Kalaja e Ulqinit e meriton vendin n\u00eb familjen e Unescos... - Lajme nga Ulqini","og_description":"Shtresat n\u00eb murin kryesor n\u00eb bedenin e Kalas\u00eb t\u00eb Ulqinit nga ana e verit, mbi Port\u00ebn kryesore t\u00eb Kalas\u00eb ton\u00eb... ende mungojn\u00eb hulumtime arkeologjike p\u00ebr","og_url":"https:\/\/www.visit-ulcinj.com\/blog\/2010\/05\/01\/kalaja-e-ulqinit-e-meriton-vendin-ne-familjen-e-unescos\/","og_site_name":"Lajme nga Ulqini","article_published_time":"2010-05-01T18:42:57+00:00","article_modified_time":"2010-05-01T19:09:26+00:00","og_image":[{"url":"https:\/\/www.visit-ulcinj.com\/blog\/wp-content\/uploads\/2010\/05\/old-town-ulcinj-montenegro_UNESCO_1-150x150.jpg"}],"twitter_misc":{"Written by":"ulqini","Est. reading time":"1 minute"},"schema":{"@context":"https:\/\/schema.org","@graph":[{"@type":"WebSite","@id":"https:\/\/www.visit-ulcinj.com\/blog\/#website","url":"https:\/\/www.visit-ulcinj.com\/blog\/","name":"Lajme nga Ulqini","description":"Lajme,Vijesti,Ulqini,Ulqin,Crna Gora,Mali i Zi","potentialAction":[{"@type":"SearchAction","target":{"@type":"EntryPoint","urlTemplate":"https:\/\/www.visit-ulcinj.com\/blog\/?s={search_term_string}"},"query-input":"required name=search_term_string"}],"inLanguage":"en-US"},{"@type":"ImageObject","inLanguage":"en-US","@id":"https:\/\/www.visit-ulcinj.com\/blog\/2010\/05\/01\/kalaja-e-ulqinit-e-meriton-vendin-ne-familjen-e-unescos\/#primaryimage","url":"https:\/\/www.visit-ulcinj.com\/blog\/wp-content\/uploads\/2010\/05\/old-town-ulcinj-montenegro_UNESCO_1.JPG","contentUrl":"https:\/\/www.visit-ulcinj.com\/blog\/wp-content\/uploads\/2010\/05\/old-town-ulcinj-montenegro_UNESCO_1.JPG","width":"640","height":"628"},{"@type":"WebPage","@id":"https:\/\/www.visit-ulcinj.com\/blog\/2010\/05\/01\/kalaja-e-ulqinit-e-meriton-vendin-ne-familjen-e-unescos\/#webpage","url":"https:\/\/www.visit-ulcinj.com\/blog\/2010\/05\/01\/kalaja-e-ulqinit-e-meriton-vendin-ne-familjen-e-unescos\/","name":"Kalaja e Ulqinit e meriton vendin n\u00eb familjen e Unescos... - Lajme nga Ulqini","isPartOf":{"@id":"https:\/\/www.visit-ulcinj.com\/blog\/#website"},"primaryImageOfPage":{"@id":"https:\/\/www.visit-ulcinj.com\/blog\/2010\/05\/01\/kalaja-e-ulqinit-e-meriton-vendin-ne-familjen-e-unescos\/#primaryimage"},"datePublished":"2010-05-01T18:42:57+00:00","dateModified":"2010-05-01T19:09:26+00:00","author":{"@id":"https:\/\/www.visit-ulcinj.com\/blog\/#\/schema\/person\/dcab619c614d3038751c63bc2aadc06d"},"description":"Shtresat n\u00eb murin kryesor n\u00eb bedenin e Kalas\u00eb t\u00eb Ulqinit nga ana e verit, mbi Port\u00ebn kryesore t\u00eb Kalas\u00eb ton\u00eb... ende mungojn\u00eb hulumtime arkeologjike p\u00ebr","breadcrumb":{"@id":"https:\/\/www.visit-ulcinj.com\/blog\/2010\/05\/01\/kalaja-e-ulqinit-e-meriton-vendin-ne-familjen-e-unescos\/#breadcrumb"},"inLanguage":"en-US","potentialAction":[{"@type":"ReadAction","target":["https:\/\/www.visit-ulcinj.com\/blog\/2010\/05\/01\/kalaja-e-ulqinit-e-meriton-vendin-ne-familjen-e-unescos\/"]}]},{"@type":"BreadcrumbList","@id":"https:\/\/www.visit-ulcinj.com\/blog\/2010\/05\/01\/kalaja-e-ulqinit-e-meriton-vendin-ne-familjen-e-unescos\/#breadcrumb","itemListElement":[{"@type":"ListItem","position":1,"name":"Kalaja e Ulqinit e meriton vendin n\u00eb familjen e Unescos&#8230;"}]},{"@type":"Person","@id":"https:\/\/www.visit-ulcinj.com\/blog\/#\/schema\/person\/dcab619c614d3038751c63bc2aadc06d","name":"ulqini","sameAs":["http:\/\/www.visit-ulcinj.com"],"url":"https:\/\/www.visit-ulcinj.com\/blog\/author\/admin\/"}]}},"jetpack_featured_media_url":"","jetpack_sharing_enabled":true,"jetpack_shortlink":"https:\/\/wp.me\/pe6lTn-8vf","_links":{"self":[{"href":"https:\/\/www.visit-ulcinj.com\/blog\/wp-json\/wp\/v2\/posts\/32689"}],"collection":[{"href":"https:\/\/www.visit-ulcinj.com\/blog\/wp-json\/wp\/v2\/posts"}],"about":[{"href":"https:\/\/www.visit-ulcinj.com\/blog\/wp-json\/wp\/v2\/types\/post"}],"author":[{"embeddable":true,"href":"https:\/\/www.visit-ulcinj.com\/blog\/wp-json\/wp\/v2\/users\/1"}],"replies":[{"embeddable":true,"href":"https:\/\/www.visit-ulcinj.com\/blog\/wp-json\/wp\/v2\/comments?post=32689"}],"version-history":[{"count":0,"href":"https:\/\/www.visit-ulcinj.com\/blog\/wp-json\/wp\/v2\/posts\/32689\/revisions"}],"wp:attachment":[{"href":"https:\/\/www.visit-ulcinj.com\/blog\/wp-json\/wp\/v2\/media?parent=32689"}],"wp:term":[{"taxonomy":"category","embeddable":true,"href":"https:\/\/www.visit-ulcinj.com\/blog\/wp-json\/wp\/v2\/categories?post=32689"},{"taxonomy":"post_tag","embeddable":true,"href":"https:\/\/www.visit-ulcinj.com\/blog\/wp-json\/wp\/v2\/tags?post=32689"}],"curies":[{"name":"wp","href":"https:\/\/api.w.org\/{rel}","templated":true}]}}