{"id":32702,"date":"2010-05-02T11:51:19","date_gmt":"2010-05-02T09:51:19","guid":{"rendered":"http:\/\/www.visit-ulcinj.com\/blog\/?p=32702"},"modified":"2010-05-02T11:51:19","modified_gmt":"2010-05-02T09:51:19","slug":"shka-zana-me-nje-dokumentar-video-eskluzive","status":"publish","type":"post","link":"https:\/\/www.visit-ulcinj.com\/blog\/2010\/05\/02\/shka-zana-me-nje-dokumentar-video-eskluzive\/","title":{"rendered":"SHKA &#8220;Zana&#8221; me nj\u00eb dokumentar video eskluzive"},"content":{"rendered":"<p><span style=\"font-family: Arial; font-size: small;\"><a href=\"http:\/\/www.visit-ulcinj.com\/blog\/wp-content\/uploads\/2010\/05\/Shoqata-Kulturo-Artistike-Zana_logo.JPG\"><img loading=\"lazy\" class=\"alignleft size-full wp-image-32704\" title=\"Shoqata Kulturo Artistike Zana_logo\" src=\"http:\/\/www.visit-ulcinj.com\/blog\/wp-content\/uploads\/2010\/05\/Shoqata-Kulturo-Artistike-Zana_logo.JPG\" alt=\"Shoqata Kulturo Artistike Zana_logo\" width=\"580\" height=\"151\" srcset=\"https:\/\/www.visit-ulcinj.com\/blog\/wp-content\/uploads\/2010\/05\/Shoqata-Kulturo-Artistike-Zana_logo.JPG 580w, https:\/\/www.visit-ulcinj.com\/blog\/wp-content\/uploads\/2010\/05\/Shoqata-Kulturo-Artistike-Zana_logo-300x78.jpg 300w\" sizes=\"(max-width: 580px) 100vw, 580px\" \/><\/a>Me  rastin e  k\u00ebtij\u00eb\u00a015 vjetorit Shoqata  Kulturo Artistike \u201eZana\u201c  organizoj  manifestimin e madh solemn ne shtepin e  Kultur\u00ebs ne Ulqin me  29.04.2010.  ne ora 20.00<br \/>\n.<\/span>Pjes\u00ebmarr\u00ebsit e promovimit t\u00eb k\u00ebtij video- dokumentari Eskluziv jan Shoqata Kulturore Artistike Zana, e  cila edhe mbas 15 viteve t\u00eb kaluara p\u00ebrmban nj\u00eb larmi artikujsh nga  vallet ulqinake dhe rethin\u00ebs son nga l\u00ebmenja e veshjes dhe valleve t\u00eb  ndrysh\u00ebme t\u00eb kultur\u00ebs son\u00eb, nga e kaluara, nga e tashmja e nj\u00ebkoh\u00ebsisht  premton nj\u00eb program t\u00eb pasur p\u00ebr t\u00eb ardhmen e Ulqinit ton.<br \/>\nMuzika popullore tradicionale ka qen\u00eb\u00a0 edhe \u00ebsht\u00eb,n\u00eb t\u00eb shumt\u00ebn e  rasteve,e pandashme nga lojrat,vallet,ritualet e  lindjeve,rreth-prerjeve-synetive,fejesave e martesave,kremteve fetare e  pagane e t\u00eb tjera t\u00eb banor\u00ebve t\u00eb trev\u00ebs s\u00eb Ulqinit.<br \/>\nN\u00eb dasma e gazmende t\u00eb nryshme jan\u00eb k\u00ebnduar k\u00ebng\u00eb,hedhur valle dhe  p\u00ebrdorur elemente etnografike t\u00eb veshjeve dhe pajimeve specifike p\u00ebr  k\u00ebto raste.P\u00ebrve\u00e7 disa valleve arkaike t\u00eb Shoqeris Kulturore Artistike Zana si\u00e7 \u00ebsht\u00eb \u201cGusharaveli\u201d,Darsma e Ulqinit,Kjo shoqat\u00eb morri pjes\u00eb n\u00eb Festivalin Mbarkomb\u00ebtar Folklorik n\u00eb Tiran n\u00eb vitin 1993 ku edhe u shp\u00ebrblye me mier\u00ebnjohje.<\/p>\n<p>Tradita vazhdon deri n\u00eb dit\u00ebt e sotme me shoq\u00ebrin\u00a0  \u201cZana\u201d,me pjes\u00ebmarrje me  valle e k\u00ebng\u00eb p\u00ebrkat\u00ebse,por edhe m\u00eb t\u00eb p\u00ebrhapura n\u00eb hapsir\u00ebn  etnogjeografike shqiptare.<\/p>\n<p><strong>Historiku i <span style=\"font-family: Arial; font-size: small;\">Shoqat\u00ebs  Kulturo  Artistike \u201eZana\u201c<\/span><\/strong><\/p>\n<p align=\"justify\"><span style=\"font-family: Arial; font-size: small;\">N\u00eb\u00a0  pranver\u00eb\u00a0t\u00eb\u00a0vitit 1995 n\u00eb\u00a0Ulqin \u00ebsht\u00eb\u00a0themeluar  Shoqata  kulturoro-artistike \u201cZANA\u201d. Ajo lindi si rezultat i dashuris\u00eb  dhe  nevoj\u00ebs p\u00ebr ta ruajtur dhe kultivuar kultur\u00ebn dhe tradit\u00ebn ulqinake  dhe  shqiptare.<\/span><\/p>\n<p align=\"justify\"><span style=\"font-family: Arial; font-size: small;\">ZANA   n\u00eb\u00a0k\u00ebt\u00eb\u00a0periudh\u00eb\u00a015-vje\u00e7are ka dhan\u00eb\u00a0me dhjet\u00ebra  koncerte n\u00eb\u00a0Ulqin  dhe jasht\u00eb\u00a0vendit. Shfaqi programin vet  n\u00eb\u00a0festivale e n\u00eb\u00a0manifestime  t\u00eb\u00a0ndryshme muzikore  n\u00eb\u00a0Tiran\u00eb, Preshev\u00eb, Sarajev\u00eb, Prishtin\u00eb, Elbasan \u2026 <\/span><\/p>\n<p align=\"justify\"><strong><span style=\"font-family: Arial; font-size: small;\">Kjo  shoqat\u00eb\u00a0denj\u00ebsisht  ia trego t\u00eb gjith\u00ebve fytyr\u00ebn e bukur t\u00eb Ulqinit!<\/span><\/strong><\/p>\n<p align=\"justify\"><span style=\"font-family: Arial; font-size: small;\">ZANA   ishte iniciues i shum\u00eb aktiviteteve. U organizuan manifestimet  popullore   \u201cT\u00eb gjith p\u00ebr turiz\u00ebm\u201d me q\u00ebllim t\u00eb p\u00ebrgatitjes sa m\u00eb t\u00eb   mir\u00eb t\u00eb qytetit p\u00ebr sezonin turistik. Mij\u00ebra qytetar\u00eb dhe me dhjet\u00ebra   shoqata, k\u00ebng\u00ebtar\u00eb dhe kllapa morr\u00ebn pjes\u00eb n\u00eb pastrimin e qytetit  dhe  An\u00ebs s\u00eb Malit, n\u00eb programin kulturoro-artistik\u00eb dhe n\u00eb karneval. <\/span><\/p>\n<p align=\"justify\"><span style=\"font-family: Arial; font-size: small;\">N\u00eb\u00a0  fund t\u00eb\u00a0viteve t\u00eb\u00a090, ZANA p\u00ebr shkak luft\u00ebs n\u00eb\u00a0Kosov\u00eb,  praktikisht i  nd\u00ebrpreu aktivitetet festive. Aktivistet e saj themeluan  Shoqat\u00ebn  humanitare \u201cDrita\u201d, e cila ndihmoi dhe strehoi mij\u00ebra  kosovar t\u00eb d\u00ebbuar  nga trojet e tyre. Menj\u00ebher\u00eb pas \u00e7lirimit t\u00eb  Kosov\u00ebs ZANA, n\u00eb Teatrin  komb\u00ebtar n\u00eb Prishtin\u00eb, japi nj\u00eb koncert  solistik.<\/span><\/p>\n<p align=\"justify\"><span style=\"font-family: Arial; font-size: small;\">Jemi  t\u00eb\u00a0bindur  q\u00eb\u00a0\u00e7do gj\u00eb\u00a0ishte n\u00eb\u00a0k\u00ebto 15 vite m\u00eb e bukur me  ZAN\u00cbN. Jemi  t\u00eb bindur se k\u00ebto 15 vite me Zan\u00ebn \u00e7do gj\u00eb u b\u00eb m\u00eb  e bukur. <\/span><\/p>\n<p align=\"justify\"><span style=\"font-family: Arial; font-size: small;\">Prandaj,   ZANA n\u00eb\u00a0t\u00eb\u00a0ardhmen edhe m\u00eb\u00a0shum\u00eb\u00a0do t\u00eb\u00a0 angazhohet q\u00eb\u00a0tradita  jon\u00eb\u00a0shekullore t\u00eb\u00a0ruhet, t\u00eb\u00a0 kultivohet dhe t\u00eb\u00a0pasurohet me dashuri si  gur\u00eb themel dhe shenj\u00eb  i identitetit ton\u00eb qytetar dhe komb\u00ebtar.<\/span><\/p>\n<p><strong>Lajme nga Ulqini<br \/>\n\n\t\t<style type=\"text\/css\">\n\t\t\t#gallery-1 {\n\t\t\t\tmargin: auto;\n\t\t\t}\n\t\t\t#gallery-1 .gallery-item {\n\t\t\t\tfloat: left;\n\t\t\t\tmargin-top: 10px;\n\t\t\t\ttext-align: center;\n\t\t\t\twidth: 33%;\n\t\t\t}\n\t\t\t#gallery-1 img {\n\t\t\t\tborder: 2px solid #cfcfcf;\n\t\t\t}\n\t\t\t#gallery-1 .gallery-caption {\n\t\t\t\tmargin-left: 0;\n\t\t\t}\n\t\t\t\/* see gallery_shortcode() in wp-includes\/media.php *\/\n\t\t<\/style>\n\t\t<div id='gallery-1' class='gallery galleryid-32702 gallery-columns-3 gallery-size-thumbnail'><dl class='gallery-item'>\n\t\t\t<dt class='gallery-icon landscape'>\n\t\t\t\t<a href='https:\/\/www.visit-ulcinj.com\/blog\/wp-content\/uploads\/2010\/05\/Shoqata-Kulturo-Artistike-Zana_logo.JPG'><img width=\"150\" height=\"150\" src=\"https:\/\/www.visit-ulcinj.com\/blog\/wp-content\/uploads\/2010\/05\/Shoqata-Kulturo-Artistike-Zana_logo-150x150.jpg\" class=\"attachment-thumbnail size-thumbnail\" alt=\"\" loading=\"lazy\" \/><\/a>\n\t\t\t<\/dt><\/dl><dl class='gallery-item'>\n\t\t\t<dt class='gallery-icon landscape'>\n\t\t\t\t<a href='https:\/\/www.visit-ulcinj.com\/blog\/wp-content\/uploads\/2010\/05\/Shoqata-Kulturo-Artistike-Zana.jpg'><img width=\"150\" height=\"150\" src=\"https:\/\/www.visit-ulcinj.com\/blog\/wp-content\/uploads\/2010\/05\/Shoqata-Kulturo-Artistike-Zana-150x150.jpg\" class=\"attachment-thumbnail size-thumbnail\" alt=\"\" loading=\"lazy\" \/><\/a>\n\t\t\t<\/dt><\/dl><dl class='gallery-item'>\n\t\t\t<dt class='gallery-icon landscape'>\n\t\t\t\t<a href='https:\/\/www.visit-ulcinj.com\/blog\/wp-content\/uploads\/2010\/05\/Shoqata-Kulturo-Artistike-Zana.2.jpg'><img width=\"150\" height=\"150\" src=\"https:\/\/www.visit-ulcinj.com\/blog\/wp-content\/uploads\/2010\/05\/Shoqata-Kulturo-Artistike-Zana.2-150x150.jpg\" class=\"attachment-thumbnail size-thumbnail\" alt=\"\" loading=\"lazy\" \/><\/a>\n\t\t\t<\/dt><\/dl><br style=\"clear: both\" \/><dl class='gallery-item'>\n\t\t\t<dt class='gallery-icon landscape'>\n\t\t\t\t<a href='https:\/\/www.visit-ulcinj.com\/blog\/wp-content\/uploads\/2010\/05\/Shoqata-Kulturo-Artistike-Zana.1.jpg'><img width=\"150\" height=\"150\" src=\"https:\/\/www.visit-ulcinj.com\/blog\/wp-content\/uploads\/2010\/05\/Shoqata-Kulturo-Artistike-Zana.1-150x150.jpg\" class=\"attachment-thumbnail size-thumbnail\" alt=\"\" loading=\"lazy\" \/><\/a>\n\t\t\t<\/dt><\/dl><dl class='gallery-item'>\n\t\t\t<dt class='gallery-icon landscape'>\n\t\t\t\t<a href='https:\/\/www.visit-ulcinj.com\/blog\/wp-content\/uploads\/2010\/05\/Shoqata-Kulturo-Artistike-Zana.3.jpg'><img width=\"150\" height=\"150\" src=\"https:\/\/www.visit-ulcinj.com\/blog\/wp-content\/uploads\/2010\/05\/Shoqata-Kulturo-Artistike-Zana.3-150x150.jpg\" class=\"attachment-thumbnail size-thumbnail\" alt=\"\" loading=\"lazy\" \/><\/a>\n\t\t\t<\/dt><\/dl><dl class='gallery-item'>\n\t\t\t<dt class='gallery-icon portrait'>\n\t\t\t\t<a href='https:\/\/www.visit-ulcinj.com\/blog\/wp-content\/uploads\/2010\/05\/Shoqata-Kulturo-Artistike-Zana.4.jpg'><img width=\"150\" height=\"150\" src=\"https:\/\/www.visit-ulcinj.com\/blog\/wp-content\/uploads\/2010\/05\/Shoqata-Kulturo-Artistike-Zana.4-150x150.jpg\" class=\"attachment-thumbnail size-thumbnail\" alt=\"\" loading=\"lazy\" srcset=\"https:\/\/www.visit-ulcinj.com\/blog\/wp-content\/uploads\/2010\/05\/Shoqata-Kulturo-Artistike-Zana.4-150x150.jpg 150w, https:\/\/www.visit-ulcinj.com\/blog\/wp-content\/uploads\/2010\/05\/Shoqata-Kulturo-Artistike-Zana.4.jpg 540w\" sizes=\"(max-width: 150px) 100vw, 150px\" \/><\/a>\n\t\t\t<\/dt><\/dl><br style=\"clear: both\" \/>\n\t\t<\/div>\n<\/p>\n<p><\/strong><!--YouTube Error: bad URL entered--><\/p>\n","protected":false},"excerpt":{"rendered":"<p>Me rastin e k\u00ebtij\u00eb\u00a015 vjetorit Shoqata Kulturo Artistike \u201eZana\u201c organizoj manifestimin e madh solemn ne shtepin e Kultur\u00ebs ne Ulqin me 29.04.2010. ne ora 20.00 .Pjes\u00ebmarr\u00ebsit e promovimit t\u00eb k\u00ebtij video- dokumentari Eskluziv jan Shoqata Kulturore Artistike Zana, e cila edhe mbas 15 viteve t\u00eb kaluara p\u00ebrmban nj\u00eb larmi artikujsh nga vallet ulqinake dhe rethin\u00ebs [&hellip;]<\/p>\n","protected":false},"author":1,"featured_media":0,"comment_status":"open","ping_status":"closed","sticky":false,"template":"","format":"standard","meta":{"spay_email":"","jetpack_publicize_message":"","jetpack_is_tweetstorm":false,"jetpack_publicize_feature_enabled":true},"categories":[4],"tags":[14198,95,1881,14195,14196,18,14197],"jetpack_publicize_connections":[],"yoast_head":"<!-- This site is optimized with the Yoast SEO plugin v19.1 - https:\/\/yoast.com\/wordpress\/plugins\/seo\/ -->\n<title>SHKA &quot;Zana&quot; me nj\u00eb dokumentar video eskluzive - Lajme nga Ulqini<\/title>\n<meta name=\"description\" content=\"Me rastin e k\u00ebtij\u00eb\u00a015 vjetorit Shoqata Kulturo Artistike \u201eZana\u201c organizoj manifestimin e madh solemn ne shtepin e Kultur\u00ebs ne Ulqin me 29.04.2010. ne ora\" \/>\n<meta name=\"robots\" content=\"index, follow, max-snippet:-1, max-image-preview:large, max-video-preview:-1\" \/>\n<link rel=\"canonical\" href=\"https:\/\/www.visit-ulcinj.com\/blog\/2010\/05\/02\/shka-zana-me-nje-dokumentar-video-eskluzive\/\" \/>\n<meta property=\"og:locale\" content=\"en_US\" \/>\n<meta property=\"og:type\" content=\"article\" \/>\n<meta property=\"og:title\" content=\"SHKA &quot;Zana&quot; me nj\u00eb dokumentar video eskluzive - Lajme nga Ulqini\" \/>\n<meta property=\"og:description\" content=\"Me rastin e k\u00ebtij\u00eb\u00a015 vjetorit Shoqata Kulturo Artistike \u201eZana\u201c organizoj manifestimin e madh solemn ne shtepin e Kultur\u00ebs ne Ulqin me 29.04.2010. ne ora\" \/>\n<meta property=\"og:url\" content=\"https:\/\/www.visit-ulcinj.com\/blog\/2010\/05\/02\/shka-zana-me-nje-dokumentar-video-eskluzive\/\" \/>\n<meta property=\"og:site_name\" content=\"Lajme nga Ulqini\" \/>\n<meta property=\"article:published_time\" content=\"2010-05-02T09:51:19+00:00\" \/>\n<meta property=\"og:image\" content=\"https:\/\/www.visit-ulcinj.com\/blog\/wp-content\/uploads\/2010\/05\/Shoqata-Kulturo-Artistike-Zana_logo-150x150.jpg\" \/>\n<meta name=\"twitter:label1\" content=\"Written by\" \/>\n\t<meta name=\"twitter:data1\" content=\"ulqini\" \/>\n\t<meta name=\"twitter:label2\" content=\"Est. reading time\" \/>\n\t<meta name=\"twitter:data2\" content=\"3 minutes\" \/>\n<script type=\"application\/ld+json\" class=\"yoast-schema-graph\">{\"@context\":\"https:\/\/schema.org\",\"@graph\":[{\"@type\":\"WebSite\",\"@id\":\"https:\/\/www.visit-ulcinj.com\/blog\/#website\",\"url\":\"https:\/\/www.visit-ulcinj.com\/blog\/\",\"name\":\"Lajme nga Ulqini\",\"description\":\"Lajme,Vijesti,Ulqini,Ulqin,Crna Gora,Mali i Zi\",\"potentialAction\":[{\"@type\":\"SearchAction\",\"target\":{\"@type\":\"EntryPoint\",\"urlTemplate\":\"https:\/\/www.visit-ulcinj.com\/blog\/?s={search_term_string}\"},\"query-input\":\"required name=search_term_string\"}],\"inLanguage\":\"en-US\"},{\"@type\":\"ImageObject\",\"inLanguage\":\"en-US\",\"@id\":\"https:\/\/www.visit-ulcinj.com\/blog\/2010\/05\/02\/shka-zana-me-nje-dokumentar-video-eskluzive\/#primaryimage\",\"url\":\"https:\/\/www.visit-ulcinj.com\/blog\/wp-content\/uploads\/2010\/05\/Shoqata-Kulturo-Artistike-Zana_logo.JPG\",\"contentUrl\":\"https:\/\/www.visit-ulcinj.com\/blog\/wp-content\/uploads\/2010\/05\/Shoqata-Kulturo-Artistike-Zana_logo.JPG\",\"width\":\"580\",\"height\":\"151\"},{\"@type\":\"WebPage\",\"@id\":\"https:\/\/www.visit-ulcinj.com\/blog\/2010\/05\/02\/shka-zana-me-nje-dokumentar-video-eskluzive\/#webpage\",\"url\":\"https:\/\/www.visit-ulcinj.com\/blog\/2010\/05\/02\/shka-zana-me-nje-dokumentar-video-eskluzive\/\",\"name\":\"SHKA \\\"Zana\\\" me nj\u00eb dokumentar video eskluzive - Lajme nga Ulqini\",\"isPartOf\":{\"@id\":\"https:\/\/www.visit-ulcinj.com\/blog\/#website\"},\"primaryImageOfPage\":{\"@id\":\"https:\/\/www.visit-ulcinj.com\/blog\/2010\/05\/02\/shka-zana-me-nje-dokumentar-video-eskluzive\/#primaryimage\"},\"datePublished\":\"2010-05-02T09:51:19+00:00\",\"dateModified\":\"2010-05-02T09:51:19+00:00\",\"author\":{\"@id\":\"https:\/\/www.visit-ulcinj.com\/blog\/#\/schema\/person\/dcab619c614d3038751c63bc2aadc06d\"},\"description\":\"Me rastin e k\u00ebtij\u00eb\u00a015 vjetorit Shoqata Kulturo Artistike \u201eZana\u201c organizoj manifestimin e madh solemn ne shtepin e Kultur\u00ebs ne Ulqin me 29.04.2010. ne ora\",\"breadcrumb\":{\"@id\":\"https:\/\/www.visit-ulcinj.com\/blog\/2010\/05\/02\/shka-zana-me-nje-dokumentar-video-eskluzive\/#breadcrumb\"},\"inLanguage\":\"en-US\",\"potentialAction\":[{\"@type\":\"ReadAction\",\"target\":[\"https:\/\/www.visit-ulcinj.com\/blog\/2010\/05\/02\/shka-zana-me-nje-dokumentar-video-eskluzive\/\"]}]},{\"@type\":\"BreadcrumbList\",\"@id\":\"https:\/\/www.visit-ulcinj.com\/blog\/2010\/05\/02\/shka-zana-me-nje-dokumentar-video-eskluzive\/#breadcrumb\",\"itemListElement\":[{\"@type\":\"ListItem\",\"position\":1,\"name\":\"SHKA &#8220;Zana&#8221; me nj\u00eb dokumentar video eskluzive\"}]},{\"@type\":\"Person\",\"@id\":\"https:\/\/www.visit-ulcinj.com\/blog\/#\/schema\/person\/dcab619c614d3038751c63bc2aadc06d\",\"name\":\"ulqini\",\"sameAs\":[\"http:\/\/www.visit-ulcinj.com\"],\"url\":\"https:\/\/www.visit-ulcinj.com\/blog\/author\/admin\/\"}]}<\/script>\n<!-- \/ Yoast SEO plugin. -->","yoast_head_json":{"title":"SHKA \"Zana\" me nj\u00eb dokumentar video eskluzive - Lajme nga Ulqini","description":"Me rastin e k\u00ebtij\u00eb\u00a015 vjetorit Shoqata Kulturo Artistike \u201eZana\u201c organizoj manifestimin e madh solemn ne shtepin e Kultur\u00ebs ne Ulqin me 29.04.2010. ne ora","robots":{"index":"index","follow":"follow","max-snippet":"max-snippet:-1","max-image-preview":"max-image-preview:large","max-video-preview":"max-video-preview:-1"},"canonical":"https:\/\/www.visit-ulcinj.com\/blog\/2010\/05\/02\/shka-zana-me-nje-dokumentar-video-eskluzive\/","og_locale":"en_US","og_type":"article","og_title":"SHKA \"Zana\" me nj\u00eb dokumentar video eskluzive - Lajme nga Ulqini","og_description":"Me rastin e k\u00ebtij\u00eb\u00a015 vjetorit Shoqata Kulturo Artistike \u201eZana\u201c organizoj manifestimin e madh solemn ne shtepin e Kultur\u00ebs ne Ulqin me 29.04.2010. ne ora","og_url":"https:\/\/www.visit-ulcinj.com\/blog\/2010\/05\/02\/shka-zana-me-nje-dokumentar-video-eskluzive\/","og_site_name":"Lajme nga Ulqini","article_published_time":"2010-05-02T09:51:19+00:00","og_image":[{"url":"https:\/\/www.visit-ulcinj.com\/blog\/wp-content\/uploads\/2010\/05\/Shoqata-Kulturo-Artistike-Zana_logo-150x150.jpg"}],"twitter_misc":{"Written by":"ulqini","Est. reading time":"3 minutes"},"schema":{"@context":"https:\/\/schema.org","@graph":[{"@type":"WebSite","@id":"https:\/\/www.visit-ulcinj.com\/blog\/#website","url":"https:\/\/www.visit-ulcinj.com\/blog\/","name":"Lajme nga Ulqini","description":"Lajme,Vijesti,Ulqini,Ulqin,Crna Gora,Mali i Zi","potentialAction":[{"@type":"SearchAction","target":{"@type":"EntryPoint","urlTemplate":"https:\/\/www.visit-ulcinj.com\/blog\/?s={search_term_string}"},"query-input":"required name=search_term_string"}],"inLanguage":"en-US"},{"@type":"ImageObject","inLanguage":"en-US","@id":"https:\/\/www.visit-ulcinj.com\/blog\/2010\/05\/02\/shka-zana-me-nje-dokumentar-video-eskluzive\/#primaryimage","url":"https:\/\/www.visit-ulcinj.com\/blog\/wp-content\/uploads\/2010\/05\/Shoqata-Kulturo-Artistike-Zana_logo.JPG","contentUrl":"https:\/\/www.visit-ulcinj.com\/blog\/wp-content\/uploads\/2010\/05\/Shoqata-Kulturo-Artistike-Zana_logo.JPG","width":"580","height":"151"},{"@type":"WebPage","@id":"https:\/\/www.visit-ulcinj.com\/blog\/2010\/05\/02\/shka-zana-me-nje-dokumentar-video-eskluzive\/#webpage","url":"https:\/\/www.visit-ulcinj.com\/blog\/2010\/05\/02\/shka-zana-me-nje-dokumentar-video-eskluzive\/","name":"SHKA \"Zana\" me nj\u00eb dokumentar video eskluzive - Lajme nga Ulqini","isPartOf":{"@id":"https:\/\/www.visit-ulcinj.com\/blog\/#website"},"primaryImageOfPage":{"@id":"https:\/\/www.visit-ulcinj.com\/blog\/2010\/05\/02\/shka-zana-me-nje-dokumentar-video-eskluzive\/#primaryimage"},"datePublished":"2010-05-02T09:51:19+00:00","dateModified":"2010-05-02T09:51:19+00:00","author":{"@id":"https:\/\/www.visit-ulcinj.com\/blog\/#\/schema\/person\/dcab619c614d3038751c63bc2aadc06d"},"description":"Me rastin e k\u00ebtij\u00eb\u00a015 vjetorit Shoqata Kulturo Artistike \u201eZana\u201c organizoj manifestimin e madh solemn ne shtepin e Kultur\u00ebs ne Ulqin me 29.04.2010. ne ora","breadcrumb":{"@id":"https:\/\/www.visit-ulcinj.com\/blog\/2010\/05\/02\/shka-zana-me-nje-dokumentar-video-eskluzive\/#breadcrumb"},"inLanguage":"en-US","potentialAction":[{"@type":"ReadAction","target":["https:\/\/www.visit-ulcinj.com\/blog\/2010\/05\/02\/shka-zana-me-nje-dokumentar-video-eskluzive\/"]}]},{"@type":"BreadcrumbList","@id":"https:\/\/www.visit-ulcinj.com\/blog\/2010\/05\/02\/shka-zana-me-nje-dokumentar-video-eskluzive\/#breadcrumb","itemListElement":[{"@type":"ListItem","position":1,"name":"SHKA &#8220;Zana&#8221; me nj\u00eb dokumentar video eskluzive"}]},{"@type":"Person","@id":"https:\/\/www.visit-ulcinj.com\/blog\/#\/schema\/person\/dcab619c614d3038751c63bc2aadc06d","name":"ulqini","sameAs":["http:\/\/www.visit-ulcinj.com"],"url":"https:\/\/www.visit-ulcinj.com\/blog\/author\/admin\/"}]}},"jetpack_featured_media_url":"","jetpack_sharing_enabled":true,"jetpack_shortlink":"https:\/\/wp.me\/pe6lTn-8vs","_links":{"self":[{"href":"https:\/\/www.visit-ulcinj.com\/blog\/wp-json\/wp\/v2\/posts\/32702"}],"collection":[{"href":"https:\/\/www.visit-ulcinj.com\/blog\/wp-json\/wp\/v2\/posts"}],"about":[{"href":"https:\/\/www.visit-ulcinj.com\/blog\/wp-json\/wp\/v2\/types\/post"}],"author":[{"embeddable":true,"href":"https:\/\/www.visit-ulcinj.com\/blog\/wp-json\/wp\/v2\/users\/1"}],"replies":[{"embeddable":true,"href":"https:\/\/www.visit-ulcinj.com\/blog\/wp-json\/wp\/v2\/comments?post=32702"}],"version-history":[{"count":0,"href":"https:\/\/www.visit-ulcinj.com\/blog\/wp-json\/wp\/v2\/posts\/32702\/revisions"}],"wp:attachment":[{"href":"https:\/\/www.visit-ulcinj.com\/blog\/wp-json\/wp\/v2\/media?parent=32702"}],"wp:term":[{"taxonomy":"category","embeddable":true,"href":"https:\/\/www.visit-ulcinj.com\/blog\/wp-json\/wp\/v2\/categories?post=32702"},{"taxonomy":"post_tag","embeddable":true,"href":"https:\/\/www.visit-ulcinj.com\/blog\/wp-json\/wp\/v2\/tags?post=32702"}],"curies":[{"name":"wp","href":"https:\/\/api.w.org\/{rel}","templated":true}]}}