{"id":32712,"date":"2010-05-02T14:36:03","date_gmt":"2010-05-02T12:36:03","guid":{"rendered":"http:\/\/www.visit-ulcinj.com\/blog\/?p=32712"},"modified":"2010-05-02T14:36:03","modified_gmt":"2010-05-02T12:36:03","slug":"od-izbora-do-izbora-ulcinj","status":"publish","type":"post","link":"https:\/\/www.visit-ulcinj.com\/blog\/2010\/05\/02\/od-izbora-do-izbora-ulcinj\/","title":{"rendered":"Od izbora do izbora: Ulcinj"},"content":{"rendered":"<p><strong><a href=\"http:\/\/www.visit-ulcinj.com\/blog\/wp-content\/uploads\/2010\/05\/Ggradona?elnik-Ulcinja-Gzim-Hajdinaga.JPG\"><img loading=\"lazy\" class=\"alignleft size-full wp-image-32713\" title=\"Ggradona?elnik Ulcinja Gzim Hajdinaga\" src=\"http:\/\/www.visit-ulcinj.com\/blog\/wp-content\/uploads\/2010\/05\/Ggradona?elnik-Ulcinja-Gzim-Hajdinaga.JPG\" alt=\"Ggradona?elnik Ulcinja Gzim Hajdinaga\" width=\"400\" height=\"600\" \/><\/a>Nije pametno biti opozicija razvoju grada<\/strong><br \/>\nAdresa na\u0161eg grada ponovo je vra?ena tamo gdje  po svim kriterijumima  i pripada, pa ne vidim razloga da se vra?amo u neko vrijeme kada su  politi?ke elite zadovoljavale samo sopstvene potrebe. Autizam te vrste  nikada ne bi trebalo da vlada Ulcinjom i Ulcinjanima &#8211; ka\u017ee  gradona?elnik Gzim Hajdinaga<\/p>\n<p>Ulcinj &#8211; Podsje?anja radi: Nova koaliciona vlast, nakon formalnog  preuzimanja du\u017enosti poslije izbora 10. septembra 2006. godine, zatekla  je op\u0161tinsku kasu &#8211; praznu, sa ogromnim dugovima i osam do deset  neispla?enih zarada zaposlenima u organima lokalne uprave, javnim  preduze?ima, ustanovama i institucijama. ?ak ni struja nije pla?ana vi\u0161e  od osam godina.<\/p>\n<p>&#8211; Na samom startu pokazalo se koliko je bila dobra odluka da  Demokratska unija Albanaca i Demokratska partija socijalista nastupe kao  koalicija i prvi put se otvori mogu?nost neposredne i veoma  funkcionalne saradnje sa crnogorskom Vladom &#8211; obja\u0161njava gradona?elnik  Ulcinja Gzim Hajdinaga,  ina?e svojevremeno ministar sa gotovo  osmogodi\u0161njim sta\u017eom. Znam da su se mnogi ?udili toj koaliciji, ali mi  smo racionalno prosu?ivali da je krajnje vrijeme za prevazila\u017eenje  ogromnih problema koje je  svim gra?anima donijela dotada\u0161nja autisti?ka  politika. Naravno, izgubljene godine nijesmo mogli da vratimo, ali smo  zato u?inili sve da vi\u0161e, u razvojnom smislu, ne izgubimo ni jedan  jedini ?as&#8230;<\/p>\n<p>U takvim okolnostima, uz ?injenicu da je Ulcinj bio jedina  op\u0161tina u Crnoj Gori bez bilo kakvog planskog dokumenta, trebalo je  mnogo napora da se stvore makar elementarni uslovi za nesmetan rad ljudi   koji su preuzeli odgovornost. Tri i po godine kasnije, stvari  izgledaju ovako:<\/p>\n<p>Startovalo se od geodetskih podloga, pa preko izmjena i dopuna  Generalnog urbanisti?kog plana i izrade par detaljnih planova.  Zahvaljuju?i novcu dobijenom od Vlade Crne Gore (oko milion eura) Ulcinj  ?e dobiti i prostorni plan op\u0161tine, a mnogi komunalni infrastrukturni  zahvati vidljivi su i u samom gradu, u mjesnim centrima, ali i u  najudaljenijim djelovima, odnosno na seoskom podru?ju. Put do \u0160askog  jezera u boljem je stanju, makar trenutno, od magistrale ka Baru, a ulaz  u sami grad kultivisan je kako i prili?i jednoj od va\u017enih turisti?kih  destinacija.<\/p>\n<p>I kvalitativno i kvantitativno, ukupna komunalna i putna  infrastruktura  u veoma je dobrom stanju, pa se eventualne investicione  rezerve u narednom periodu mogu usmjeriti ka drugim prioritetima. Briga  lokalnih vlasti usmjerena je i ka ja?anju zna?aja novoformirane  turisti?ke organizacije, uvezivanju sa referentnim agencijama u regionu,  ali i mnogo \u0161ire, jer po svim procjenama stru?njaka ovaj grad i ?itava  Rivijera ne zaostaju po potencijalima u odnosu na Budvu, Herceg Novi ili  Kotor.<\/p>\n<p>&#8211; Globalna kriza ostavila je posljedice i na mikro planu, no  optimizam nam ulivaju saznanja da se, pored tradicionalnih, sve  masovnije vra?aju i gosti iz Bosne i Hercegovine, pa i iz svih ostalih  zemalja regiona i Evrope u cjelini &#8211; ka\u017ee Hajdinaga. Adresa na\u0161eg grada,  ponovo je vra?ena tamo gdje je bila i ne vidim razloga da se ponovo  na?emo u vremenu kada su politi?ke elite zadovoljavale samo sopstvene  potrebe. Autizam te vrste nikada ne bi trebalo da postane dominantan u  Ulcinju. I ne?e, uvjeren sam \u2013 isti?e Hajdinaga.<\/p>\n<p>&#8211; Jer, siguran sam: Nije grijeh biti opozicija vladaju?oj  politi?koj ve?ini, ali nije pametno biti opozicija razvoju grada \u2013  prou?uje prvi ?ovjek Ulcinja.<\/p>\n<p><strong>\u201eDosanjan\u201c most na Port Mileni<\/strong><\/p>\n<p>San \u201eortodoksnih\u201c Ulcinjana trebalo bi simboli?no da bude  dosanjan za dvadesetak dana. Tada bi, naime, mogla da po?ne izgradnja  mosta na Port Mileni. Gradona?elnik Gzim Hajdinaga upravo taj posao  smatra projektom nad projektima:<\/p>\n<p>&#8211; Uspjeli smo da, uz apsolutnu podr\u0161ku Vlade, investiciju od dva  miliona i trista hiljada eura, koja je podrazumijevala uobi?ajeno  premo\u0161?avanje, \u201epreprojektujemo\u201c na izgradnju mosta kakvog trenutno nema  makar u ovom dijelu Evrope, obja\u0161njava on. Radi se o tehnologiji i  karakteristikama sli?nim londonskom mostu, pa ?e se, uz saobra?ajnicu,  omogu?iti i plovnost  velikih i srednjih plovila (mega jahti i manjih  brodova) \u0161to zna?i da ?e se most naizmjeni?no otvarati izme?u dva stuba,  na ?etrdeset metara.<\/p>\n<p>Tender za izbor izvo?a?a radova uspje\u0161no je zavr\u0161en i on je  poznat, a razrje\u0161enje eventualnih imovinskih problema sa gra?anima  privela je kraju lokalna uprava. Za prvu fazu izgradnje mosta Vlada je  ve? obezbijedila sedam miliona eura, dok ?e kompletna investicija  iznositi osamnaest miliona.<br \/>\n<strong>R.Tomi?<br \/>\n<a href=\"http:\/\/www.pobjeda.co.me\/citanje.php?datum=2010-05-01&amp;id=184323\" target=\"_blank\">Pobjeda<\/a><\/strong><\/p>\n","protected":false},"excerpt":{"rendered":"<p>Nije pametno biti opozicija razvoju grada Adresa na\u0161eg grada ponovo je vra?ena tamo gdje po svim kriterijumima i pripada, pa ne vidim razloga da se vra?amo u neko vrijeme kada su politi?ke elite zadovoljavale samo sopstvene potrebe. Autizam te vrste nikada ne bi trebalo da vlada Ulcinjom i Ulcinjanima &#8211; ka\u017ee gradona?elnik Gzim Hajdinaga Ulcinj [&hellip;]<\/p>\n","protected":false},"author":1,"featured_media":0,"comment_status":"open","ping_status":"closed","sticky":false,"template":"","format":"standard","meta":{"spay_email":"","jetpack_publicize_message":"","jetpack_is_tweetstorm":false,"jetpack_publicize_feature_enabled":true},"categories":[12],"tags":[2417,140],"jetpack_publicize_connections":[],"yoast_head":"<!-- This site is optimized with the Yoast SEO plugin v19.1 - https:\/\/yoast.com\/wordpress\/plugins\/seo\/ -->\n<title>Od izbora do izbora: Ulcinj - Lajme nga Ulqini<\/title>\n<meta name=\"description\" content=\"Nije pametno biti opozicija razvoju grada Adresa na\u0161eg grada ponovo je vra?ena tamo gdje po svim kriterijumima i pripada, pa ne vidim razloga da se\" \/>\n<meta name=\"robots\" content=\"index, follow, max-snippet:-1, max-image-preview:large, max-video-preview:-1\" \/>\n<link rel=\"canonical\" href=\"https:\/\/www.visit-ulcinj.com\/blog\/2010\/05\/02\/od-izbora-do-izbora-ulcinj\/\" \/>\n<meta property=\"og:locale\" content=\"en_US\" \/>\n<meta property=\"og:type\" content=\"article\" \/>\n<meta property=\"og:title\" content=\"Od izbora do izbora: Ulcinj - Lajme nga Ulqini\" \/>\n<meta property=\"og:description\" content=\"Nije pametno biti opozicija razvoju grada Adresa na\u0161eg grada ponovo je vra?ena tamo gdje po svim kriterijumima i pripada, pa ne vidim razloga da se\" \/>\n<meta property=\"og:url\" content=\"https:\/\/www.visit-ulcinj.com\/blog\/2010\/05\/02\/od-izbora-do-izbora-ulcinj\/\" \/>\n<meta property=\"og:site_name\" content=\"Lajme nga Ulqini\" \/>\n<meta property=\"article:published_time\" content=\"2010-05-02T12:36:03+00:00\" \/>\n<meta property=\"og:image\" content=\"http:\/\/www.visit-ulcinj.com\/blog\/wp-content\/uploads\/2010\/05\/Ggradona?elnik-Ulcinja-Gzim-Hajdinaga.JPG\" \/>\n<meta name=\"twitter:label1\" content=\"Written by\" \/>\n\t<meta name=\"twitter:data1\" content=\"ulqini\" \/>\n\t<meta name=\"twitter:label2\" content=\"Est. reading time\" \/>\n\t<meta name=\"twitter:data2\" content=\"4 minutes\" \/>\n<script type=\"application\/ld+json\" class=\"yoast-schema-graph\">{\"@context\":\"https:\/\/schema.org\",\"@graph\":[{\"@type\":\"WebSite\",\"@id\":\"https:\/\/www.visit-ulcinj.com\/blog\/#website\",\"url\":\"https:\/\/www.visit-ulcinj.com\/blog\/\",\"name\":\"Lajme nga Ulqini\",\"description\":\"Lajme,Vijesti,Ulqini,Ulqin,Crna Gora,Mali i Zi\",\"potentialAction\":[{\"@type\":\"SearchAction\",\"target\":{\"@type\":\"EntryPoint\",\"urlTemplate\":\"https:\/\/www.visit-ulcinj.com\/blog\/?s={search_term_string}\"},\"query-input\":\"required name=search_term_string\"}],\"inLanguage\":\"en-US\"},{\"@type\":\"ImageObject\",\"inLanguage\":\"en-US\",\"@id\":\"https:\/\/www.visit-ulcinj.com\/blog\/2010\/05\/02\/od-izbora-do-izbora-ulcinj\/#primaryimage\",\"url\":\"http:\/\/www.visit-ulcinj.com\/blog\/wp-content\/uploads\/2010\/05\/Ggradona?elnik-Ulcinja-Gzim-Hajdinaga.JPG\",\"contentUrl\":\"http:\/\/www.visit-ulcinj.com\/blog\/wp-content\/uploads\/2010\/05\/Ggradona?elnik-Ulcinja-Gzim-Hajdinaga.JPG\"},{\"@type\":\"WebPage\",\"@id\":\"https:\/\/www.visit-ulcinj.com\/blog\/2010\/05\/02\/od-izbora-do-izbora-ulcinj\/#webpage\",\"url\":\"https:\/\/www.visit-ulcinj.com\/blog\/2010\/05\/02\/od-izbora-do-izbora-ulcinj\/\",\"name\":\"Od izbora do izbora: Ulcinj - Lajme nga Ulqini\",\"isPartOf\":{\"@id\":\"https:\/\/www.visit-ulcinj.com\/blog\/#website\"},\"primaryImageOfPage\":{\"@id\":\"https:\/\/www.visit-ulcinj.com\/blog\/2010\/05\/02\/od-izbora-do-izbora-ulcinj\/#primaryimage\"},\"datePublished\":\"2010-05-02T12:36:03+00:00\",\"dateModified\":\"2010-05-02T12:36:03+00:00\",\"author\":{\"@id\":\"https:\/\/www.visit-ulcinj.com\/blog\/#\/schema\/person\/dcab619c614d3038751c63bc2aadc06d\"},\"description\":\"Nije pametno biti opozicija razvoju grada Adresa na\u0161eg grada ponovo je vra?ena tamo gdje po svim kriterijumima i pripada, pa ne vidim razloga da se\",\"breadcrumb\":{\"@id\":\"https:\/\/www.visit-ulcinj.com\/blog\/2010\/05\/02\/od-izbora-do-izbora-ulcinj\/#breadcrumb\"},\"inLanguage\":\"en-US\",\"potentialAction\":[{\"@type\":\"ReadAction\",\"target\":[\"https:\/\/www.visit-ulcinj.com\/blog\/2010\/05\/02\/od-izbora-do-izbora-ulcinj\/\"]}]},{\"@type\":\"BreadcrumbList\",\"@id\":\"https:\/\/www.visit-ulcinj.com\/blog\/2010\/05\/02\/od-izbora-do-izbora-ulcinj\/#breadcrumb\",\"itemListElement\":[{\"@type\":\"ListItem\",\"position\":1,\"name\":\"Od izbora do izbora: Ulcinj\"}]},{\"@type\":\"Person\",\"@id\":\"https:\/\/www.visit-ulcinj.com\/blog\/#\/schema\/person\/dcab619c614d3038751c63bc2aadc06d\",\"name\":\"ulqini\",\"sameAs\":[\"http:\/\/www.visit-ulcinj.com\"],\"url\":\"https:\/\/www.visit-ulcinj.com\/blog\/author\/admin\/\"}]}<\/script>\n<!-- \/ Yoast SEO plugin. -->","yoast_head_json":{"title":"Od izbora do izbora: Ulcinj - Lajme nga Ulqini","description":"Nije pametno biti opozicija razvoju grada Adresa na\u0161eg grada ponovo je vra?ena tamo gdje po svim kriterijumima i pripada, pa ne vidim razloga da se","robots":{"index":"index","follow":"follow","max-snippet":"max-snippet:-1","max-image-preview":"max-image-preview:large","max-video-preview":"max-video-preview:-1"},"canonical":"https:\/\/www.visit-ulcinj.com\/blog\/2010\/05\/02\/od-izbora-do-izbora-ulcinj\/","og_locale":"en_US","og_type":"article","og_title":"Od izbora do izbora: Ulcinj - Lajme nga Ulqini","og_description":"Nije pametno biti opozicija razvoju grada Adresa na\u0161eg grada ponovo je vra?ena tamo gdje po svim kriterijumima i pripada, pa ne vidim razloga da se","og_url":"https:\/\/www.visit-ulcinj.com\/blog\/2010\/05\/02\/od-izbora-do-izbora-ulcinj\/","og_site_name":"Lajme nga Ulqini","article_published_time":"2010-05-02T12:36:03+00:00","og_image":[{"url":"http:\/\/www.visit-ulcinj.com\/blog\/wp-content\/uploads\/2010\/05\/Ggradona?elnik-Ulcinja-Gzim-Hajdinaga.JPG"}],"twitter_misc":{"Written by":"ulqini","Est. reading time":"4 minutes"},"schema":{"@context":"https:\/\/schema.org","@graph":[{"@type":"WebSite","@id":"https:\/\/www.visit-ulcinj.com\/blog\/#website","url":"https:\/\/www.visit-ulcinj.com\/blog\/","name":"Lajme nga Ulqini","description":"Lajme,Vijesti,Ulqini,Ulqin,Crna Gora,Mali i Zi","potentialAction":[{"@type":"SearchAction","target":{"@type":"EntryPoint","urlTemplate":"https:\/\/www.visit-ulcinj.com\/blog\/?s={search_term_string}"},"query-input":"required name=search_term_string"}],"inLanguage":"en-US"},{"@type":"ImageObject","inLanguage":"en-US","@id":"https:\/\/www.visit-ulcinj.com\/blog\/2010\/05\/02\/od-izbora-do-izbora-ulcinj\/#primaryimage","url":"http:\/\/www.visit-ulcinj.com\/blog\/wp-content\/uploads\/2010\/05\/Ggradona?elnik-Ulcinja-Gzim-Hajdinaga.JPG","contentUrl":"http:\/\/www.visit-ulcinj.com\/blog\/wp-content\/uploads\/2010\/05\/Ggradona?elnik-Ulcinja-Gzim-Hajdinaga.JPG"},{"@type":"WebPage","@id":"https:\/\/www.visit-ulcinj.com\/blog\/2010\/05\/02\/od-izbora-do-izbora-ulcinj\/#webpage","url":"https:\/\/www.visit-ulcinj.com\/blog\/2010\/05\/02\/od-izbora-do-izbora-ulcinj\/","name":"Od izbora do izbora: Ulcinj - Lajme nga Ulqini","isPartOf":{"@id":"https:\/\/www.visit-ulcinj.com\/blog\/#website"},"primaryImageOfPage":{"@id":"https:\/\/www.visit-ulcinj.com\/blog\/2010\/05\/02\/od-izbora-do-izbora-ulcinj\/#primaryimage"},"datePublished":"2010-05-02T12:36:03+00:00","dateModified":"2010-05-02T12:36:03+00:00","author":{"@id":"https:\/\/www.visit-ulcinj.com\/blog\/#\/schema\/person\/dcab619c614d3038751c63bc2aadc06d"},"description":"Nije pametno biti opozicija razvoju grada Adresa na\u0161eg grada ponovo je vra?ena tamo gdje po svim kriterijumima i pripada, pa ne vidim razloga da se","breadcrumb":{"@id":"https:\/\/www.visit-ulcinj.com\/blog\/2010\/05\/02\/od-izbora-do-izbora-ulcinj\/#breadcrumb"},"inLanguage":"en-US","potentialAction":[{"@type":"ReadAction","target":["https:\/\/www.visit-ulcinj.com\/blog\/2010\/05\/02\/od-izbora-do-izbora-ulcinj\/"]}]},{"@type":"BreadcrumbList","@id":"https:\/\/www.visit-ulcinj.com\/blog\/2010\/05\/02\/od-izbora-do-izbora-ulcinj\/#breadcrumb","itemListElement":[{"@type":"ListItem","position":1,"name":"Od izbora do izbora: Ulcinj"}]},{"@type":"Person","@id":"https:\/\/www.visit-ulcinj.com\/blog\/#\/schema\/person\/dcab619c614d3038751c63bc2aadc06d","name":"ulqini","sameAs":["http:\/\/www.visit-ulcinj.com"],"url":"https:\/\/www.visit-ulcinj.com\/blog\/author\/admin\/"}]}},"jetpack_featured_media_url":"","jetpack_sharing_enabled":true,"jetpack_shortlink":"https:\/\/wp.me\/pe6lTn-8vC","_links":{"self":[{"href":"https:\/\/www.visit-ulcinj.com\/blog\/wp-json\/wp\/v2\/posts\/32712"}],"collection":[{"href":"https:\/\/www.visit-ulcinj.com\/blog\/wp-json\/wp\/v2\/posts"}],"about":[{"href":"https:\/\/www.visit-ulcinj.com\/blog\/wp-json\/wp\/v2\/types\/post"}],"author":[{"embeddable":true,"href":"https:\/\/www.visit-ulcinj.com\/blog\/wp-json\/wp\/v2\/users\/1"}],"replies":[{"embeddable":true,"href":"https:\/\/www.visit-ulcinj.com\/blog\/wp-json\/wp\/v2\/comments?post=32712"}],"version-history":[{"count":0,"href":"https:\/\/www.visit-ulcinj.com\/blog\/wp-json\/wp\/v2\/posts\/32712\/revisions"}],"wp:attachment":[{"href":"https:\/\/www.visit-ulcinj.com\/blog\/wp-json\/wp\/v2\/media?parent=32712"}],"wp:term":[{"taxonomy":"category","embeddable":true,"href":"https:\/\/www.visit-ulcinj.com\/blog\/wp-json\/wp\/v2\/categories?post=32712"},{"taxonomy":"post_tag","embeddable":true,"href":"https:\/\/www.visit-ulcinj.com\/blog\/wp-json\/wp\/v2\/tags?post=32712"}],"curies":[{"name":"wp","href":"https:\/\/api.w.org\/{rel}","templated":true}]}}