{"id":32753,"date":"2010-05-03T18:43:10","date_gmt":"2010-05-03T16:43:10","guid":{"rendered":"http:\/\/www.visit-ulcinj.com\/blog\/?p=32753"},"modified":"2010-05-03T18:47:34","modified_gmt":"2010-05-03T16:47:34","slug":"kulminirali-sukobi-unutar-islamske-zajednice-u-ulcinju","status":"publish","type":"post","link":"https:\/\/www.visit-ulcinj.com\/blog\/2010\/05\/03\/kulminirali-sukobi-unutar-islamske-zajednice-u-ulcinju\/","title":{"rendered":"Kulminirali sukobi unutar Islamske zajednice u Ulcinju"},"content":{"rendered":"<p><strong><a href=\"http:\/\/www.visit-ulcinj.com\/blog\/wp-content\/uploads\/2010\/04\/Pas-400-viteve-ndahet-Bashkesia-Islame-e-Ulqinit.jpg\"><img loading=\"lazy\" class=\"alignleft size-full wp-image-31798\" title=\"Pas 400 viteve ndahet Bashkesia Islame e Ulqinit\" src=\"http:\/\/www.visit-ulcinj.com\/blog\/wp-content\/uploads\/2010\/04\/Pas-400-viteve-ndahet-Bashkesia-Islame-e-Ulqinit.jpg\" alt=\"Pas 400 viteve ndahet Bashkesia Islame e Ulqinit\" width=\"912\" height=\"574\" srcset=\"https:\/\/www.visit-ulcinj.com\/blog\/wp-content\/uploads\/2010\/04\/Pas-400-viteve-ndahet-Bashkesia-Islame-e-Ulqinit.jpg 912w, https:\/\/www.visit-ulcinj.com\/blog\/wp-content\/uploads\/2010\/04\/Pas-400-viteve-ndahet-Bashkesia-Islame-e-Ulqinit-300x188.jpg 300w\" sizes=\"(max-width: 912px) 100vw, 912px\" \/><\/a>Imami u strahu od vehabija<\/strong><br \/>\nUlcinj &#8211; ?elnici islamske vjerske zajednice u Ulcinju su u sukobu koji  nakon gotovo ?etiri i po stolje?a   prijeti da podijeli najstariju  instituciju u gradu, dok  lokalni imami strahuju za li?nu bezbjednost.<br \/>\nVe?inom glasova  Odbor IZ na ?elu sa predsjednikom Avdom Goranom    nedavno  je donio odluku o pokretanju inicijative za osnivanje posebnog  odbora u pet gradskih i ?etiri seoske d\u017eamije koje gravitiraju prema  urbanom podru?ju. Odmah nakon toga, u d\u017eamiji u Novoj mahali verbalno je  napadnut glavni ulcinjski imam Red\u017eep Lika, koji se protivio odluci  Odbora.<br \/>\n&#8211; Biti predstavnik tradicionalnog islama, danas je ovdje skoro  nepodno\u0161ljivo- reklo je \u201eVijestima\u201c nekoliko gradskih imama koji su  tra\u017eili anonimnost zbog mogu?ih posljedica. Oni tvrde da su selefije,  odnosno pristalice vehabizma, sve agresivniji te da je aktuelno  rukovodstvo IZ palo pod njihov uticaj.<br \/>\n&#8211; Od 14 onih koji su na nelegitimnoj sjednici glasali za podjelu, njih  osam su selefije, odnosno vehabije. Svi koji su glasali protiv,  sljedbenici su tradicionalnog islama- kazali su oni, pokazuju?i pismo  koje je Me\u0161ihatu IZ u Crnoj Gori poslalo 10 ?lanova odbora IZ Ulcinja na  ?elu sa glavnim imamom, u kome se ka\u017ee  da je odluka odbora o podjeli  na selo i grad ishitrena, kratkovida, neutemeljena i \u0161tetna.<br \/>\nNa\u0161i sagovornici tvrde da se imamima svakodnevno preko telefona prijeti,  a posebno dvojici, koji su pod stalnom strepjnom.<br \/>\n-Policiji ne prijavljujemo jer smo se \u201eopekli\u201c u jednom od ranijih  slu?ajeva,  a lokalna zajednica ?uti i nijemo posmatra kako nas  pojedinci  terori\u0161u. Ako su selefije, jer ne vole da ih zovemo  vehabijama,  makar i verbalno  napale glavnog imama, \u0161ta tek mi mo\u017eemo  da o?ekujemo- pitale su hod\u017ee ne skrivaju?i strahovanje za sopstvenu  sigurnost.<br \/>\nOdluka odbora IZ o osnivanju posebnog odbora  nesumnjivo je rezultat  dubokog neslaganja ?elnika oko daljeg funkcionisanja te organizacije.  Glavni imam Lika tvrdi da je u d\u017eamiji Namezjah izglasana \u201esramna doluka  koja nije u duhu islama\u201c.<br \/>\n&#8211; Apelujem na reisa i me\u0161ihat da dobro razmotre ovu inicijativu i njene  \u0161tetne posljedice po sve nas- kazao je Lika u apelu reisu i me\u0161ihatu.<br \/>\nI imami i vjernici ?etiri prigradska sela  odbili su inicijativu OO IZ.<br \/>\n&#8211; Mi imami podru?ja sela i prigradskih d\u017eamija Ulicnja, pri zdravoj  svijesti i slobodnoj volji, potpisujemo ovaj papir kojim izara\u017eavamo  neslaganje sa sramnim aktom o rascjepu IZ Ulcinja &#8211; stoji pored ostalog u  deklaraciji ispod koje stoje imena 18 imama.<br \/>\n?lan odbora IZ i predstavnik d\u017eemata za Kru?e, Kolomzu, Pistulu i  Zoganje Nail Selmani kazao je da nije bio ni pozvan na sjednicu na kojoj  je donijeta odluka o savezu gradskih i d\u017eamija ta ?etiri sela.<br \/>\n&#8211; Izabrani ste da bi  nas organizovali,  a ne rasturali. Ili ?ete nam se  izviniti zbog uvreda ili ?emo pravdu tra\u017eiti preko nadle\u017enih sudova-  saop\u0161tio je nedavno Selmani.<br \/>\n<a href=\"http:\/\/www.visit-ulcinj.com\/blog\/wp-content\/uploads\/2010\/04\/AVDOGORANA-1.jpg\"><img loading=\"lazy\" class=\"alignleft size-full wp-image-32144\" title=\"AVDOGORANA-1\" src=\"http:\/\/www.visit-ulcinj.com\/blog\/wp-content\/uploads\/2010\/04\/AVDOGORANA-1.jpg\" alt=\"AVDOGORANA-1\" width=\"200\" height=\"316\" srcset=\"https:\/\/www.visit-ulcinj.com\/blog\/wp-content\/uploads\/2010\/04\/AVDOGORANA-1.jpg 200w, https:\/\/www.visit-ulcinj.com\/blog\/wp-content\/uploads\/2010\/04\/AVDOGORANA-1-189x300.jpg 189w\" sizes=\"(max-width: 200px) 100vw, 200px\" \/><\/a>Izvinjenje tra\u017ei i predsjednik IZ Avdo Gorana, koji tvrdi da u odluci  nema ni\u0161ta sporno i da su predstavnici nekih seoskih d\u017eamija prvo  prihvatili a nakon konsultacija odbili predlog o formiranju novog  odbora.<br \/>\n&#8211; Odluka je donijeta ve?inom glasova i u skladu sa Ustavom. Ta?no je da  smo odluku nakon reakcija predstavnika ?etiri seoske d\u017eamije redigovali,  tako da se ona sada odnosi samo na grad- kazao je \u201eVijestima\u201c Gorana.  On je podsjetio da na podru?ju ulcinjske op\u0161tine funkcioni\u0161e ukupno 25  d\u017eamija,  te da odluka o pokretanju inicijative za formiranje posebnog  odbora IZ ne predstavlja duhovno odvajanje.<br \/>\n&#8211; Ne stoje optu\u017ebe da je odluka zajednicu podijelila na selo i grad,   ako imamo u vidu ?injenicu da u Ulcinju \u017eivi gotovo pola stanovni\u0161tva sa  seoskog podru?ja. Odluka je isklju?ivo administrativne i organizacione  prirode,  radi kvalitetnijeg i efikasnijeg funkcionisanja IZ &#8211; kazao je  Gorana navode?i da posebno funkcioni\u0161u odbori Petnjice i Berana, Plava i  Gusinja, Podgorice i Tuzi i Dino\u0161e, Bara i Krajine&#8230; On je ocijenio da  IZ Ulcinja naprijed  mo\u017ee samo  kroz formiranje drugog odbora,  i  odbacio optu\u017ebe da je IZ pod uticajem vehabija.<br \/>\n&#8211; Njih nema puno, nas je na hiljade. Ne znam otkuda im to da selefije  kontroli\u0161u na\u0161 rad- kazao je Gorana, osu?uju?i napad na glavnog imama.<br \/>\n-Osu?ujem napad na bilo kojeg ?ovjeka,  a posebno na na\u0161eg imama koga  uva\u017eava cijeli grad. Ipak, zala\u017eem se da se o tim stvarima raspravlja  unutar organa IZ &#8211; naglasio je on navode?i da je razo?aran najnovijim  de\u0161avanjima u IZ.<br \/>\n&#8211; Na\u0161a inicijativa nije shva?ena onako kako je trebalo. Sumnjam da  pojedincima i odgovara trenutni status \u201ekvo\u201c. Zato ozbiljno razmi\u0161ljam o  povla?enju- kazao je Gorana.<\/p>\n<div><strong>S. ADROVI?<br \/>\n<a href=\"http:\/\/www.vijesti.me\/\" target=\"_blank\">Vijesti<\/a><\/strong><\/div>\n","protected":false},"excerpt":{"rendered":"<p>Imami u strahu od vehabija Ulcinj &#8211; ?elnici islamske vjerske zajednice u Ulcinju su u sukobu koji nakon gotovo ?etiri i po stolje?a prijeti da podijeli najstariju instituciju u gradu, dok lokalni imami strahuju za li?nu bezbjednost. Ve?inom glasova Odbor IZ na ?elu sa predsjednikom Avdom Goranom nedavno je donio odluku o pokretanju inicijative za [&hellip;]<\/p>\n","protected":false},"author":1,"featured_media":0,"comment_status":"open","ping_status":"closed","sticky":false,"template":"","format":"standard","meta":{"spay_email":"","jetpack_publicize_message":"","jetpack_is_tweetstorm":false,"jetpack_publicize_feature_enabled":true},"categories":[8337],"tags":[10145],"jetpack_publicize_connections":[],"yoast_head":"<!-- This site is optimized with the Yoast SEO plugin v19.1 - https:\/\/yoast.com\/wordpress\/plugins\/seo\/ -->\n<title>Kulminirali sukobi unutar Islamske zajednice u Ulcinju - Lajme nga Ulqini<\/title>\n<meta name=\"description\" content=\"Imami u strahu od vehabija Ulcinj - ?elnici islamske vjerske zajednice u Ulcinju su u sukobu koji nakon gotovo ?etiri i po stolje?a prijeti da podijeli\" \/>\n<meta name=\"robots\" content=\"index, follow, max-snippet:-1, max-image-preview:large, max-video-preview:-1\" \/>\n<link rel=\"canonical\" href=\"https:\/\/www.visit-ulcinj.com\/blog\/2010\/05\/03\/kulminirali-sukobi-unutar-islamske-zajednice-u-ulcinju\/\" \/>\n<meta property=\"og:locale\" content=\"en_US\" \/>\n<meta property=\"og:type\" content=\"article\" \/>\n<meta property=\"og:title\" content=\"Kulminirali sukobi unutar Islamske zajednice u Ulcinju - Lajme nga Ulqini\" \/>\n<meta property=\"og:description\" content=\"Imami u strahu od vehabija Ulcinj - ?elnici islamske vjerske zajednice u Ulcinju su u sukobu koji nakon gotovo ?etiri i po stolje?a prijeti da podijeli\" \/>\n<meta property=\"og:url\" content=\"https:\/\/www.visit-ulcinj.com\/blog\/2010\/05\/03\/kulminirali-sukobi-unutar-islamske-zajednice-u-ulcinju\/\" \/>\n<meta property=\"og:site_name\" content=\"Lajme nga Ulqini\" \/>\n<meta property=\"article:published_time\" content=\"2010-05-03T16:43:10+00:00\" \/>\n<meta property=\"article:modified_time\" content=\"2010-05-03T16:47:34+00:00\" \/>\n<meta property=\"og:image\" content=\"http:\/\/www.visit-ulcinj.com\/blog\/wp-content\/uploads\/2010\/04\/Pas-400-viteve-ndahet-Bashkesia-Islame-e-Ulqinit.jpg\" \/>\n<meta name=\"twitter:label1\" content=\"Written by\" \/>\n\t<meta name=\"twitter:data1\" content=\"ulqini\" \/>\n\t<meta name=\"twitter:label2\" content=\"Est. reading time\" \/>\n\t<meta name=\"twitter:data2\" content=\"4 minutes\" \/>\n<script type=\"application\/ld+json\" class=\"yoast-schema-graph\">{\"@context\":\"https:\/\/schema.org\",\"@graph\":[{\"@type\":\"WebSite\",\"@id\":\"https:\/\/www.visit-ulcinj.com\/blog\/#website\",\"url\":\"https:\/\/www.visit-ulcinj.com\/blog\/\",\"name\":\"Lajme nga Ulqini\",\"description\":\"Lajme,Vijesti,Ulqini,Ulqin,Crna Gora,Mali i Zi\",\"potentialAction\":[{\"@type\":\"SearchAction\",\"target\":{\"@type\":\"EntryPoint\",\"urlTemplate\":\"https:\/\/www.visit-ulcinj.com\/blog\/?s={search_term_string}\"},\"query-input\":\"required name=search_term_string\"}],\"inLanguage\":\"en-US\"},{\"@type\":\"ImageObject\",\"inLanguage\":\"en-US\",\"@id\":\"https:\/\/www.visit-ulcinj.com\/blog\/2010\/05\/03\/kulminirali-sukobi-unutar-islamske-zajednice-u-ulcinju\/#primaryimage\",\"url\":\"https:\/\/www.visit-ulcinj.com\/blog\/wp-content\/uploads\/2010\/04\/Pas-400-viteve-ndahet-Bashkesia-Islame-e-Ulqinit.jpg\",\"contentUrl\":\"https:\/\/www.visit-ulcinj.com\/blog\/wp-content\/uploads\/2010\/04\/Pas-400-viteve-ndahet-Bashkesia-Islame-e-Ulqinit.jpg\",\"width\":\"912\",\"height\":\"574\"},{\"@type\":\"WebPage\",\"@id\":\"https:\/\/www.visit-ulcinj.com\/blog\/2010\/05\/03\/kulminirali-sukobi-unutar-islamske-zajednice-u-ulcinju\/#webpage\",\"url\":\"https:\/\/www.visit-ulcinj.com\/blog\/2010\/05\/03\/kulminirali-sukobi-unutar-islamske-zajednice-u-ulcinju\/\",\"name\":\"Kulminirali sukobi unutar Islamske zajednice u Ulcinju - Lajme nga Ulqini\",\"isPartOf\":{\"@id\":\"https:\/\/www.visit-ulcinj.com\/blog\/#website\"},\"primaryImageOfPage\":{\"@id\":\"https:\/\/www.visit-ulcinj.com\/blog\/2010\/05\/03\/kulminirali-sukobi-unutar-islamske-zajednice-u-ulcinju\/#primaryimage\"},\"datePublished\":\"2010-05-03T16:43:10+00:00\",\"dateModified\":\"2010-05-03T16:47:34+00:00\",\"author\":{\"@id\":\"https:\/\/www.visit-ulcinj.com\/blog\/#\/schema\/person\/dcab619c614d3038751c63bc2aadc06d\"},\"description\":\"Imami u strahu od vehabija Ulcinj - ?elnici islamske vjerske zajednice u Ulcinju su u sukobu koji nakon gotovo ?etiri i po stolje?a prijeti da podijeli\",\"breadcrumb\":{\"@id\":\"https:\/\/www.visit-ulcinj.com\/blog\/2010\/05\/03\/kulminirali-sukobi-unutar-islamske-zajednice-u-ulcinju\/#breadcrumb\"},\"inLanguage\":\"en-US\",\"potentialAction\":[{\"@type\":\"ReadAction\",\"target\":[\"https:\/\/www.visit-ulcinj.com\/blog\/2010\/05\/03\/kulminirali-sukobi-unutar-islamske-zajednice-u-ulcinju\/\"]}]},{\"@type\":\"BreadcrumbList\",\"@id\":\"https:\/\/www.visit-ulcinj.com\/blog\/2010\/05\/03\/kulminirali-sukobi-unutar-islamske-zajednice-u-ulcinju\/#breadcrumb\",\"itemListElement\":[{\"@type\":\"ListItem\",\"position\":1,\"name\":\"Kulminirali sukobi unutar Islamske zajednice u Ulcinju\"}]},{\"@type\":\"Person\",\"@id\":\"https:\/\/www.visit-ulcinj.com\/blog\/#\/schema\/person\/dcab619c614d3038751c63bc2aadc06d\",\"name\":\"ulqini\",\"sameAs\":[\"http:\/\/www.visit-ulcinj.com\"],\"url\":\"https:\/\/www.visit-ulcinj.com\/blog\/author\/admin\/\"}]}<\/script>\n<!-- \/ Yoast SEO plugin. -->","yoast_head_json":{"title":"Kulminirali sukobi unutar Islamske zajednice u Ulcinju - Lajme nga Ulqini","description":"Imami u strahu od vehabija Ulcinj - ?elnici islamske vjerske zajednice u Ulcinju su u sukobu koji nakon gotovo ?etiri i po stolje?a prijeti da podijeli","robots":{"index":"index","follow":"follow","max-snippet":"max-snippet:-1","max-image-preview":"max-image-preview:large","max-video-preview":"max-video-preview:-1"},"canonical":"https:\/\/www.visit-ulcinj.com\/blog\/2010\/05\/03\/kulminirali-sukobi-unutar-islamske-zajednice-u-ulcinju\/","og_locale":"en_US","og_type":"article","og_title":"Kulminirali sukobi unutar Islamske zajednice u Ulcinju - Lajme nga Ulqini","og_description":"Imami u strahu od vehabija Ulcinj - ?elnici islamske vjerske zajednice u Ulcinju su u sukobu koji nakon gotovo ?etiri i po stolje?a prijeti da podijeli","og_url":"https:\/\/www.visit-ulcinj.com\/blog\/2010\/05\/03\/kulminirali-sukobi-unutar-islamske-zajednice-u-ulcinju\/","og_site_name":"Lajme nga Ulqini","article_published_time":"2010-05-03T16:43:10+00:00","article_modified_time":"2010-05-03T16:47:34+00:00","og_image":[{"url":"http:\/\/www.visit-ulcinj.com\/blog\/wp-content\/uploads\/2010\/04\/Pas-400-viteve-ndahet-Bashkesia-Islame-e-Ulqinit.jpg"}],"twitter_misc":{"Written by":"ulqini","Est. reading time":"4 minutes"},"schema":{"@context":"https:\/\/schema.org","@graph":[{"@type":"WebSite","@id":"https:\/\/www.visit-ulcinj.com\/blog\/#website","url":"https:\/\/www.visit-ulcinj.com\/blog\/","name":"Lajme nga Ulqini","description":"Lajme,Vijesti,Ulqini,Ulqin,Crna Gora,Mali i Zi","potentialAction":[{"@type":"SearchAction","target":{"@type":"EntryPoint","urlTemplate":"https:\/\/www.visit-ulcinj.com\/blog\/?s={search_term_string}"},"query-input":"required name=search_term_string"}],"inLanguage":"en-US"},{"@type":"ImageObject","inLanguage":"en-US","@id":"https:\/\/www.visit-ulcinj.com\/blog\/2010\/05\/03\/kulminirali-sukobi-unutar-islamske-zajednice-u-ulcinju\/#primaryimage","url":"https:\/\/www.visit-ulcinj.com\/blog\/wp-content\/uploads\/2010\/04\/Pas-400-viteve-ndahet-Bashkesia-Islame-e-Ulqinit.jpg","contentUrl":"https:\/\/www.visit-ulcinj.com\/blog\/wp-content\/uploads\/2010\/04\/Pas-400-viteve-ndahet-Bashkesia-Islame-e-Ulqinit.jpg","width":"912","height":"574"},{"@type":"WebPage","@id":"https:\/\/www.visit-ulcinj.com\/blog\/2010\/05\/03\/kulminirali-sukobi-unutar-islamske-zajednice-u-ulcinju\/#webpage","url":"https:\/\/www.visit-ulcinj.com\/blog\/2010\/05\/03\/kulminirali-sukobi-unutar-islamske-zajednice-u-ulcinju\/","name":"Kulminirali sukobi unutar Islamske zajednice u Ulcinju - Lajme nga Ulqini","isPartOf":{"@id":"https:\/\/www.visit-ulcinj.com\/blog\/#website"},"primaryImageOfPage":{"@id":"https:\/\/www.visit-ulcinj.com\/blog\/2010\/05\/03\/kulminirali-sukobi-unutar-islamske-zajednice-u-ulcinju\/#primaryimage"},"datePublished":"2010-05-03T16:43:10+00:00","dateModified":"2010-05-03T16:47:34+00:00","author":{"@id":"https:\/\/www.visit-ulcinj.com\/blog\/#\/schema\/person\/dcab619c614d3038751c63bc2aadc06d"},"description":"Imami u strahu od vehabija Ulcinj - ?elnici islamske vjerske zajednice u Ulcinju su u sukobu koji nakon gotovo ?etiri i po stolje?a prijeti da podijeli","breadcrumb":{"@id":"https:\/\/www.visit-ulcinj.com\/blog\/2010\/05\/03\/kulminirali-sukobi-unutar-islamske-zajednice-u-ulcinju\/#breadcrumb"},"inLanguage":"en-US","potentialAction":[{"@type":"ReadAction","target":["https:\/\/www.visit-ulcinj.com\/blog\/2010\/05\/03\/kulminirali-sukobi-unutar-islamske-zajednice-u-ulcinju\/"]}]},{"@type":"BreadcrumbList","@id":"https:\/\/www.visit-ulcinj.com\/blog\/2010\/05\/03\/kulminirali-sukobi-unutar-islamske-zajednice-u-ulcinju\/#breadcrumb","itemListElement":[{"@type":"ListItem","position":1,"name":"Kulminirali sukobi unutar Islamske zajednice u Ulcinju"}]},{"@type":"Person","@id":"https:\/\/www.visit-ulcinj.com\/blog\/#\/schema\/person\/dcab619c614d3038751c63bc2aadc06d","name":"ulqini","sameAs":["http:\/\/www.visit-ulcinj.com"],"url":"https:\/\/www.visit-ulcinj.com\/blog\/author\/admin\/"}]}},"jetpack_featured_media_url":"","jetpack_sharing_enabled":true,"jetpack_shortlink":"https:\/\/wp.me\/pe6lTn-8wh","_links":{"self":[{"href":"https:\/\/www.visit-ulcinj.com\/blog\/wp-json\/wp\/v2\/posts\/32753"}],"collection":[{"href":"https:\/\/www.visit-ulcinj.com\/blog\/wp-json\/wp\/v2\/posts"}],"about":[{"href":"https:\/\/www.visit-ulcinj.com\/blog\/wp-json\/wp\/v2\/types\/post"}],"author":[{"embeddable":true,"href":"https:\/\/www.visit-ulcinj.com\/blog\/wp-json\/wp\/v2\/users\/1"}],"replies":[{"embeddable":true,"href":"https:\/\/www.visit-ulcinj.com\/blog\/wp-json\/wp\/v2\/comments?post=32753"}],"version-history":[{"count":0,"href":"https:\/\/www.visit-ulcinj.com\/blog\/wp-json\/wp\/v2\/posts\/32753\/revisions"}],"wp:attachment":[{"href":"https:\/\/www.visit-ulcinj.com\/blog\/wp-json\/wp\/v2\/media?parent=32753"}],"wp:term":[{"taxonomy":"category","embeddable":true,"href":"https:\/\/www.visit-ulcinj.com\/blog\/wp-json\/wp\/v2\/categories?post=32753"},{"taxonomy":"post_tag","embeddable":true,"href":"https:\/\/www.visit-ulcinj.com\/blog\/wp-json\/wp\/v2\/tags?post=32753"}],"curies":[{"name":"wp","href":"https:\/\/api.w.org\/{rel}","templated":true}]}}