{"id":32758,"date":"2010-05-03T20:32:21","date_gmt":"2010-05-03T18:32:21","guid":{"rendered":"http:\/\/www.visit-ulcinj.com\/blog\/?p=32758"},"modified":"2010-05-11T17:02:57","modified_gmt":"2010-05-11T15:02:57","slug":"svac-shasi","status":"publish","type":"post","link":"https:\/\/www.visit-ulcinj.com\/blog\/2010\/05\/03\/svac-shasi\/","title":{"rendered":"Sva? &#8211; Shasi"},"content":{"rendered":"<p><strong><a href=\"http:\/\/www.visit-ulcinj.com\/blog\/wp-content\/uploads\/2010\/05\/Sasko-jezero_ulcinj_crna-gora.jpg\"><img loading=\"lazy\" class=\"alignleft size-full wp-image-32760\" title=\"Sasko jezero_ulcinj_crna gora\" src=\"http:\/\/www.visit-ulcinj.com\/blog\/wp-content\/uploads\/2010\/05\/Sasko-jezero_ulcinj_crna-gora.jpg\" alt=\"Sasko jezero_ulcinj_crna gora\" width=\"490\" height=\"390\" \/><\/a>\u0160asko jezero &#8212; 10.5.2010.<\/strong><br \/>\nJedan od najljep\u0161ih jezera na Balkanu jeste van svake sumnje  \u0160asko jezero. Nalazi se u Ulcinjskom polju i interesantno je, na samo  kao stani\u0161te vi\u0161e od 200 vrsta ptica  selica, ve? i kao druga  kriptodepresija u Crnoj Gori. Jezero je tiho i mirno, male je povr\u0161ine  sa ne\u0161to vi\u0161e od 5 km.2  gdje i nema mjesta za stvaranje ve?ih talasa.  Obrastao jezerskim biljem od kojih se posebno izdvaja Lokvanj i njegov  cvijet, i trska  koja raste sve do oboda brda koje ga okru\u017euju. Zimi,  kada nadaolaze velike vode, jezero se \u0161iri i tada se skoro i ne mo\u017ee  vidjeti kraj. Ove godine su jo\u0161 vidne posledice velikih ki\u0161a i izliva  rijeke Bojane, tako da je  sada voda jo\u0161 uvijek do restorana &#8220;Shasi&#8221;.           Ina?e, samo par stotina metara jezero dijeli od rijeke Bojane, i  mo\u017eda se i jednom i ostvari san mnogih \u017eitelja i turisti?kih radnika,  da se pravim brodovima do?e sa Jadrana na \u0160asko jezero. Ali do tada ,  treba u\u017eivati u onome \u0161ta sada nudi ova &#8220;bo\u017eanstvena ljepota&#8221;netaknute  prirode. Sada je jezero Raj za ptice, u\u017eitak  i opu\u0161tenost tijela i  du\u0161e, za ono malo sre?nika koji uspijevaju da do?u i provedu nezaboravne  momente, u jednom nestvarnom ambijentu.           Dok u\u017eivate u vrhunskoj hrani i gostoprimstvu rastorana  &#8220;Shasi&#8221;g. Alima ?eke, sam pogled na povr\u0161inu jezera, nagoni Vas da  razmi\u0161ljate na prolaznost \u017eivota. Za tren se vra?ate u svijet legendi,  posebno one o 365 crkava, koje je po legendi  morala izgraditi jedna  prelijepa Dama , da bi povratila vid svom ljubljenom suprugu.Tu na obali  ovog prelijepog jezera, nastala je ova legenda , koja i dan danas  nagoni na razmi\u0161ljanja o velikim ljubavima, koje su se doga?ale i na  ovim prostorima kroz vijekove i milenijume.         Istorijski je ovdje zaista i postojao srednjevjekovni grad Sva?,  ?iji se ostaci, posebno osam velikih crkava  i danas nalaze tu na  jednom uzvi\u0161enju. 1985 god. su vr\u0161ena arheolo\u0161ka iskopavanja i  istra\u017eivanja, posebno u gornjem dijelu, ali to je nedovoljno da bi se  napisala prava istorija ovog , nekada izuzetno atraktivnog naselja.  Naravno, samo djelimi?na iskopavanja su otkrila, razne slojeve i  predmete, od praistorije do   helenisti?kog  i rimskog doba,  pa sve do  upravo ranovizantijskog  Sva?a.  Dolazak Mongola 1242 god.koji ga  razaraju i pla?kaju a domicilno stanovni\u0161tvo odvode u ropstvo samo je  prvi stupanj njegovog pada. Nakon toga se grad ponovo obnavlja  i grad  Sva? nastavlja da \u017eivi  kao centar ovog dijela sve do njegovog potpunog  napu\u0161tanja najezdom Otomanske imperije 1512 god.           Ovo je ukratko pri?a o ovom gradu sa tako slavnom i  impozantnom kulturnom ba\u0161tinom. Lijepo je znati tu pri?u,  i na trenutak  se vratiti u ta davna vremena, dok u\u017eivate u prelijepim bojama jezera,  posebno kada Sunce utone iza brda. Ptice na povr\u0161ini jezera,  i sjenke  brda koje okru\u017euju jezero, te zalazak Sunca koje se preliva u purpurnim  bojama po vodi sve do samog restorana, su samo dodatni podstrek da  posjetite ovaj ?arobni kutak netaknute prirode. Mislim da ni Paul  Gogain, da se nekim slu?ajem reinkarnira, ne bi mogao odoljeti a da ne  uzme ki?icu i ne ovijekovije?i na platnu ovu nesvakida\u0161nju ljepotu.<\/p>\n<p><strong>Za vise Fotografije gledajte u <span><a href=\"http:\/\/www.facebook.com\/profile.php?id=1359492972\">Ismet  Karamanaga<\/a><\/span> Facebook<\/strong><\/p>\n<p><strong> <\/strong><strong> <span><a href=\"http:\/\/www.facebook.com\/profile.php?id=1359492972\">Ismet   Karamanaga<\/a><\/span> Facebook<br \/>\n\n\t\t<style type=\"text\/css\">\n\t\t\t#gallery-1 {\n\t\t\t\tmargin: auto;\n\t\t\t}\n\t\t\t#gallery-1 .gallery-item {\n\t\t\t\tfloat: left;\n\t\t\t\tmargin-top: 10px;\n\t\t\t\ttext-align: center;\n\t\t\t\twidth: 33%;\n\t\t\t}\n\t\t\t#gallery-1 img {\n\t\t\t\tborder: 2px solid #cfcfcf;\n\t\t\t}\n\t\t\t#gallery-1 .gallery-caption {\n\t\t\t\tmargin-left: 0;\n\t\t\t}\n\t\t\t\/* see gallery_shortcode() in wp-includes\/media.php *\/\n\t\t<\/style>\n\t\t<div id='gallery-1' class='gallery galleryid-32758 gallery-columns-3 gallery-size-thumbnail'><dl class='gallery-item'>\n\t\t\t<dt class='gallery-icon landscape'>\n\t\t\t\t<a href='https:\/\/www.visit-ulcinj.com\/blog\/wp-content\/uploads\/2010\/05\/Sasko-jezero_ulcinj_crna-gora.jpg'><img width=\"150\" height=\"150\" src=\"https:\/\/www.visit-ulcinj.com\/blog\/wp-content\/uploads\/2010\/05\/Sasko-jezero_ulcinj_crna-gora-150x150.jpg\" class=\"attachment-thumbnail size-thumbnail\" alt=\"\" loading=\"lazy\" \/><\/a>\n\t\t\t<\/dt><\/dl><dl class='gallery-item'>\n\t\t\t<dt class='gallery-icon landscape'>\n\t\t\t\t<a href='https:\/\/www.visit-ulcinj.com\/blog\/wp-content\/uploads\/2010\/05\/Sasko-jezero_ulcinj_crna-gora.1.jpg'><img width=\"150\" height=\"150\" src=\"https:\/\/www.visit-ulcinj.com\/blog\/wp-content\/uploads\/2010\/05\/Sasko-jezero_ulcinj_crna-gora.1-150x150.jpg\" class=\"attachment-thumbnail size-thumbnail\" alt=\"\" loading=\"lazy\" \/><\/a>\n\t\t\t<\/dt><\/dl><dl class='gallery-item'>\n\t\t\t<dt class='gallery-icon landscape'>\n\t\t\t\t<a href='https:\/\/www.visit-ulcinj.com\/blog\/wp-content\/uploads\/2010\/05\/Sasko-jezero_ulcinj_crna-gora.12.jpg'><img width=\"150\" height=\"150\" src=\"https:\/\/www.visit-ulcinj.com\/blog\/wp-content\/uploads\/2010\/05\/Sasko-jezero_ulcinj_crna-gora.12-150x150.jpg\" class=\"attachment-thumbnail size-thumbnail\" alt=\"\" loading=\"lazy\" \/><\/a>\n\t\t\t<\/dt><\/dl><br style=\"clear: both\" \/><dl class='gallery-item'>\n\t\t\t<dt class='gallery-icon landscape'>\n\t\t\t\t<a href='https:\/\/www.visit-ulcinj.com\/blog\/wp-content\/uploads\/2010\/05\/Sasko-jezero_ulcinj_crna-gora.36.jpg'><img width=\"150\" height=\"150\" src=\"https:\/\/www.visit-ulcinj.com\/blog\/wp-content\/uploads\/2010\/05\/Sasko-jezero_ulcinj_crna-gora.36-150x150.jpg\" class=\"attachment-thumbnail size-thumbnail\" alt=\"\" loading=\"lazy\" \/><\/a>\n\t\t\t<\/dt><\/dl><dl class='gallery-item'>\n\t\t\t<dt class='gallery-icon landscape'>\n\t\t\t\t<a href='https:\/\/www.visit-ulcinj.com\/blog\/wp-content\/uploads\/2010\/05\/Sasko-jezero_ulcinj_crna-gora.24.jpg'><img width=\"150\" height=\"150\" src=\"https:\/\/www.visit-ulcinj.com\/blog\/wp-content\/uploads\/2010\/05\/Sasko-jezero_ulcinj_crna-gora.24-150x150.jpg\" class=\"attachment-thumbnail size-thumbnail\" alt=\"\" loading=\"lazy\" \/><\/a>\n\t\t\t<\/dt><\/dl><dl class='gallery-item'>\n\t\t\t<dt class='gallery-icon landscape'>\n\t\t\t\t<a href='https:\/\/www.visit-ulcinj.com\/blog\/wp-content\/uploads\/2010\/05\/Sasko-jezero_ulcinj_crna-gora.18.jpg'><img width=\"150\" height=\"150\" src=\"https:\/\/www.visit-ulcinj.com\/blog\/wp-content\/uploads\/2010\/05\/Sasko-jezero_ulcinj_crna-gora.18-150x150.jpg\" class=\"attachment-thumbnail size-thumbnail\" alt=\"\" loading=\"lazy\" \/><\/a>\n\t\t\t<\/dt><\/dl><br style=\"clear: both\" \/>\n\t\t<\/div>\n<br \/>\n<!--YouTube Error: bad URL entered--><\/strong><\/p>\n<p><strong> <\/strong><\/p>\n<p><strong> <\/strong><\/p>\n<div>\n<div>\n<div><strong><a href=\"http:\/\/www.facebook.com\/profile.php?id=1359492972\"><br \/>\n<\/a><\/strong><\/div>\n<\/div>\n<\/div>\n<div>\n<div>\n<div><strong><a href=\"http:\/\/www.facebook.com\/profile.php?id=1359492972\"><\/a><\/strong><\/div>\n<\/div>\n<\/div>\n","protected":false},"excerpt":{"rendered":"<p>\u0160asko jezero &#8212; 10.5.2010. Jedan od najljep\u0161ih jezera na Balkanu jeste van svake sumnje \u0160asko jezero. Nalazi se u Ulcinjskom polju i interesantno je, na samo kao stani\u0161te vi\u0161e od 200 vrsta ptica selica, ve? i kao druga kriptodepresija u Crnoj Gori. Jezero je tiho i mirno, male je povr\u0161ine sa ne\u0161to vi\u0161e od 5 [&hellip;]<\/p>\n","protected":false},"author":1,"featured_media":0,"comment_status":"open","ping_status":"closed","sticky":false,"template":"","format":"standard","meta":{"spay_email":"","jetpack_publicize_message":"","jetpack_is_tweetstorm":false,"jetpack_publicize_feature_enabled":true},"categories":[15],"tags":[3231,2081,513],"jetpack_publicize_connections":[],"yoast_head":"<!-- This site is optimized with the Yoast SEO plugin v19.1 - https:\/\/yoast.com\/wordpress\/plugins\/seo\/ -->\n<title>Sva? - Shasi - Lajme nga Ulqini<\/title>\n<meta name=\"description\" content=\"\u0160asko jezero -- 10.5.2010. Jedan od najljep\u0161ih jezera na Balkanu jeste van svake sumnje \u0160asko jezero. Nalazi se u Ulcinjskom polju i interesantno je, na\" \/>\n<meta name=\"robots\" content=\"index, follow, max-snippet:-1, max-image-preview:large, max-video-preview:-1\" \/>\n<link rel=\"canonical\" href=\"https:\/\/www.visit-ulcinj.com\/blog\/2010\/05\/03\/svac-shasi\/\" \/>\n<meta property=\"og:locale\" content=\"en_US\" \/>\n<meta property=\"og:type\" content=\"article\" \/>\n<meta property=\"og:title\" content=\"Sva? - Shasi - Lajme nga Ulqini\" \/>\n<meta property=\"og:description\" content=\"\u0160asko jezero -- 10.5.2010. Jedan od najljep\u0161ih jezera na Balkanu jeste van svake sumnje \u0160asko jezero. Nalazi se u Ulcinjskom polju i interesantno je, na\" \/>\n<meta property=\"og:url\" content=\"https:\/\/www.visit-ulcinj.com\/blog\/2010\/05\/03\/svac-shasi\/\" \/>\n<meta property=\"og:site_name\" content=\"Lajme nga Ulqini\" \/>\n<meta property=\"article:published_time\" content=\"2010-05-03T18:32:21+00:00\" \/>\n<meta property=\"article:modified_time\" content=\"2010-05-11T15:02:57+00:00\" \/>\n<meta property=\"og:image\" content=\"https:\/\/www.visit-ulcinj.com\/blog\/wp-content\/uploads\/2010\/05\/Sasko-jezero_ulcinj_crna-gora-150x150.jpg\" \/>\n<meta name=\"twitter:label1\" content=\"Written by\" \/>\n\t<meta name=\"twitter:data1\" content=\"ulqini\" \/>\n\t<meta name=\"twitter:label2\" content=\"Est. reading time\" \/>\n\t<meta name=\"twitter:data2\" content=\"3 minutes\" \/>\n<script type=\"application\/ld+json\" class=\"yoast-schema-graph\">{\"@context\":\"https:\/\/schema.org\",\"@graph\":[{\"@type\":\"WebSite\",\"@id\":\"https:\/\/www.visit-ulcinj.com\/blog\/#website\",\"url\":\"https:\/\/www.visit-ulcinj.com\/blog\/\",\"name\":\"Lajme nga Ulqini\",\"description\":\"Lajme,Vijesti,Ulqini,Ulqin,Crna Gora,Mali i Zi\",\"potentialAction\":[{\"@type\":\"SearchAction\",\"target\":{\"@type\":\"EntryPoint\",\"urlTemplate\":\"https:\/\/www.visit-ulcinj.com\/blog\/?s={search_term_string}\"},\"query-input\":\"required name=search_term_string\"}],\"inLanguage\":\"en-US\"},{\"@type\":\"ImageObject\",\"inLanguage\":\"en-US\",\"@id\":\"https:\/\/www.visit-ulcinj.com\/blog\/2010\/05\/03\/svac-shasi\/#primaryimage\",\"url\":\"https:\/\/www.visit-ulcinj.com\/blog\/wp-content\/uploads\/2010\/05\/Sasko-jezero_ulcinj_crna-gora.jpg\",\"contentUrl\":\"https:\/\/www.visit-ulcinj.com\/blog\/wp-content\/uploads\/2010\/05\/Sasko-jezero_ulcinj_crna-gora.jpg\",\"width\":\"720\",\"height\":\"540\"},{\"@type\":\"WebPage\",\"@id\":\"https:\/\/www.visit-ulcinj.com\/blog\/2010\/05\/03\/svac-shasi\/#webpage\",\"url\":\"https:\/\/www.visit-ulcinj.com\/blog\/2010\/05\/03\/svac-shasi\/\",\"name\":\"Sva? - Shasi - Lajme nga Ulqini\",\"isPartOf\":{\"@id\":\"https:\/\/www.visit-ulcinj.com\/blog\/#website\"},\"primaryImageOfPage\":{\"@id\":\"https:\/\/www.visit-ulcinj.com\/blog\/2010\/05\/03\/svac-shasi\/#primaryimage\"},\"datePublished\":\"2010-05-03T18:32:21+00:00\",\"dateModified\":\"2010-05-11T15:02:57+00:00\",\"author\":{\"@id\":\"https:\/\/www.visit-ulcinj.com\/blog\/#\/schema\/person\/dcab619c614d3038751c63bc2aadc06d\"},\"description\":\"\u0160asko jezero -- 10.5.2010. Jedan od najljep\u0161ih jezera na Balkanu jeste van svake sumnje \u0160asko jezero. Nalazi se u Ulcinjskom polju i interesantno je, na\",\"breadcrumb\":{\"@id\":\"https:\/\/www.visit-ulcinj.com\/blog\/2010\/05\/03\/svac-shasi\/#breadcrumb\"},\"inLanguage\":\"en-US\",\"potentialAction\":[{\"@type\":\"ReadAction\",\"target\":[\"https:\/\/www.visit-ulcinj.com\/blog\/2010\/05\/03\/svac-shasi\/\"]}]},{\"@type\":\"BreadcrumbList\",\"@id\":\"https:\/\/www.visit-ulcinj.com\/blog\/2010\/05\/03\/svac-shasi\/#breadcrumb\",\"itemListElement\":[{\"@type\":\"ListItem\",\"position\":1,\"name\":\"Sva? &#8211; Shasi\"}]},{\"@type\":\"Person\",\"@id\":\"https:\/\/www.visit-ulcinj.com\/blog\/#\/schema\/person\/dcab619c614d3038751c63bc2aadc06d\",\"name\":\"ulqini\",\"sameAs\":[\"http:\/\/www.visit-ulcinj.com\"],\"url\":\"https:\/\/www.visit-ulcinj.com\/blog\/author\/admin\/\"}]}<\/script>\n<!-- \/ Yoast SEO plugin. -->","yoast_head_json":{"title":"Sva? - Shasi - Lajme nga Ulqini","description":"\u0160asko jezero -- 10.5.2010. Jedan od najljep\u0161ih jezera na Balkanu jeste van svake sumnje \u0160asko jezero. Nalazi se u Ulcinjskom polju i interesantno je, na","robots":{"index":"index","follow":"follow","max-snippet":"max-snippet:-1","max-image-preview":"max-image-preview:large","max-video-preview":"max-video-preview:-1"},"canonical":"https:\/\/www.visit-ulcinj.com\/blog\/2010\/05\/03\/svac-shasi\/","og_locale":"en_US","og_type":"article","og_title":"Sva? - Shasi - Lajme nga Ulqini","og_description":"\u0160asko jezero -- 10.5.2010. Jedan od najljep\u0161ih jezera na Balkanu jeste van svake sumnje \u0160asko jezero. Nalazi se u Ulcinjskom polju i interesantno je, na","og_url":"https:\/\/www.visit-ulcinj.com\/blog\/2010\/05\/03\/svac-shasi\/","og_site_name":"Lajme nga Ulqini","article_published_time":"2010-05-03T18:32:21+00:00","article_modified_time":"2010-05-11T15:02:57+00:00","og_image":[{"url":"https:\/\/www.visit-ulcinj.com\/blog\/wp-content\/uploads\/2010\/05\/Sasko-jezero_ulcinj_crna-gora-150x150.jpg"}],"twitter_misc":{"Written by":"ulqini","Est. reading time":"3 minutes"},"schema":{"@context":"https:\/\/schema.org","@graph":[{"@type":"WebSite","@id":"https:\/\/www.visit-ulcinj.com\/blog\/#website","url":"https:\/\/www.visit-ulcinj.com\/blog\/","name":"Lajme nga Ulqini","description":"Lajme,Vijesti,Ulqini,Ulqin,Crna Gora,Mali i Zi","potentialAction":[{"@type":"SearchAction","target":{"@type":"EntryPoint","urlTemplate":"https:\/\/www.visit-ulcinj.com\/blog\/?s={search_term_string}"},"query-input":"required name=search_term_string"}],"inLanguage":"en-US"},{"@type":"ImageObject","inLanguage":"en-US","@id":"https:\/\/www.visit-ulcinj.com\/blog\/2010\/05\/03\/svac-shasi\/#primaryimage","url":"https:\/\/www.visit-ulcinj.com\/blog\/wp-content\/uploads\/2010\/05\/Sasko-jezero_ulcinj_crna-gora.jpg","contentUrl":"https:\/\/www.visit-ulcinj.com\/blog\/wp-content\/uploads\/2010\/05\/Sasko-jezero_ulcinj_crna-gora.jpg","width":"720","height":"540"},{"@type":"WebPage","@id":"https:\/\/www.visit-ulcinj.com\/blog\/2010\/05\/03\/svac-shasi\/#webpage","url":"https:\/\/www.visit-ulcinj.com\/blog\/2010\/05\/03\/svac-shasi\/","name":"Sva? - Shasi - Lajme nga Ulqini","isPartOf":{"@id":"https:\/\/www.visit-ulcinj.com\/blog\/#website"},"primaryImageOfPage":{"@id":"https:\/\/www.visit-ulcinj.com\/blog\/2010\/05\/03\/svac-shasi\/#primaryimage"},"datePublished":"2010-05-03T18:32:21+00:00","dateModified":"2010-05-11T15:02:57+00:00","author":{"@id":"https:\/\/www.visit-ulcinj.com\/blog\/#\/schema\/person\/dcab619c614d3038751c63bc2aadc06d"},"description":"\u0160asko jezero -- 10.5.2010. Jedan od najljep\u0161ih jezera na Balkanu jeste van svake sumnje \u0160asko jezero. Nalazi se u Ulcinjskom polju i interesantno je, na","breadcrumb":{"@id":"https:\/\/www.visit-ulcinj.com\/blog\/2010\/05\/03\/svac-shasi\/#breadcrumb"},"inLanguage":"en-US","potentialAction":[{"@type":"ReadAction","target":["https:\/\/www.visit-ulcinj.com\/blog\/2010\/05\/03\/svac-shasi\/"]}]},{"@type":"BreadcrumbList","@id":"https:\/\/www.visit-ulcinj.com\/blog\/2010\/05\/03\/svac-shasi\/#breadcrumb","itemListElement":[{"@type":"ListItem","position":1,"name":"Sva? &#8211; Shasi"}]},{"@type":"Person","@id":"https:\/\/www.visit-ulcinj.com\/blog\/#\/schema\/person\/dcab619c614d3038751c63bc2aadc06d","name":"ulqini","sameAs":["http:\/\/www.visit-ulcinj.com"],"url":"https:\/\/www.visit-ulcinj.com\/blog\/author\/admin\/"}]}},"jetpack_featured_media_url":"","jetpack_sharing_enabled":true,"jetpack_shortlink":"https:\/\/wp.me\/pe6lTn-8wm","_links":{"self":[{"href":"https:\/\/www.visit-ulcinj.com\/blog\/wp-json\/wp\/v2\/posts\/32758"}],"collection":[{"href":"https:\/\/www.visit-ulcinj.com\/blog\/wp-json\/wp\/v2\/posts"}],"about":[{"href":"https:\/\/www.visit-ulcinj.com\/blog\/wp-json\/wp\/v2\/types\/post"}],"author":[{"embeddable":true,"href":"https:\/\/www.visit-ulcinj.com\/blog\/wp-json\/wp\/v2\/users\/1"}],"replies":[{"embeddable":true,"href":"https:\/\/www.visit-ulcinj.com\/blog\/wp-json\/wp\/v2\/comments?post=32758"}],"version-history":[{"count":0,"href":"https:\/\/www.visit-ulcinj.com\/blog\/wp-json\/wp\/v2\/posts\/32758\/revisions"}],"wp:attachment":[{"href":"https:\/\/www.visit-ulcinj.com\/blog\/wp-json\/wp\/v2\/media?parent=32758"}],"wp:term":[{"taxonomy":"category","embeddable":true,"href":"https:\/\/www.visit-ulcinj.com\/blog\/wp-json\/wp\/v2\/categories?post=32758"},{"taxonomy":"post_tag","embeddable":true,"href":"https:\/\/www.visit-ulcinj.com\/blog\/wp-json\/wp\/v2\/tags?post=32758"}],"curies":[{"name":"wp","href":"https:\/\/api.w.org\/{rel}","templated":true}]}}