{"id":32784,"date":"2010-05-04T18:32:48","date_gmt":"2010-05-04T16:32:48","guid":{"rendered":"http:\/\/www.visit-ulcinj.com\/blog\/?p=32784"},"modified":"2010-05-04T18:32:48","modified_gmt":"2010-05-04T16:32:48","slug":"mandrac-marina","status":"publish","type":"post","link":"https:\/\/www.visit-ulcinj.com\/blog\/2010\/05\/04\/mandrac-marina\/","title":{"rendered":"Mandra? &#8211; &#8220;Marina&#8221;"},"content":{"rendered":"<p><a href=\"http:\/\/www.visit-ulcinj.com\/blog\/wp-content\/uploads\/2010\/05\/Mandra?-Marina-Pristan-Ulcinj.jpg\"><img loading=\"lazy\" class=\"alignleft size-full wp-image-32785\" title=\"Mandra? - Marina - Pristan-Ulcinj\" src=\"http:\/\/www.visit-ulcinj.com\/blog\/wp-content\/uploads\/2010\/05\/Mandra?-Marina-Pristan-Ulcinj.jpg\" alt=\"Mandra? - Marina - Pristan-Ulcinj\" width=\"720\" height=\"540\" \/><\/a>Malo &#8220;Juga&#8221; i nastaju &#8220;Tanatalove muke&#8221; sa ?amcima.                         Naravno..nedostatak tako dugo obe?ane marine,  dovodi do toga da se i  ono malo prostora na Mandra?u mora nekako iskoristiti. U njemu skoro i  da  nema vode, dok more neprekidno donosi pijesak tako da se ?amci  moraju vu?i  unutra, bli\u017ee za\u0161titnom  zidu, \u0161to dalje od talasa. Ponekad  su talasi veliki, tako da voda dolazi  do samog zida i  tek,  jaki  unakrsno vezani konopi o   vezove  na obali su jedina za\u0161tita. Da ne  govorimo o sudaranju ili udaranju o dno, koje je na nekim mjestima  stjenovito, i gdje neminovno stradaju kobilice, posebno kod drvenih  ?amaca. Poneki talas i presko?i za\u0161titni zid i  tada voda puni ?amce,  ali to je neminovnost koje su svjesni svi oni, koji moraju da tu sklone  ?amce od nevremena.          Fotografije koje sam snimio, su samo jedan dio&#8221;Tantalovih  muka&#8221;sa kojima se susre?u svi oni koji su prinu?eni da tu sklone ?amce.  Posebno se ovo odnosi na ribare, koji moraju  ?esto i po nevremenu u  ribolov, kako bi obezbijedili, ili bar poku\u0161avaju da obezbijede  mali  dio prihoda za bolju egzistenciju sebe i svojih porodica. Fotografija  koju sam snimio nije rijetkost, ona je samo jedna od mnogih koje se  prilikom svakog malog Juga mogu snimiti&#8230;a slici nije potrebno davati  nikakav poseban komentar, jer slika   govori sama za sebe. Komentar i  tekst sam napisao za  kompetentne organe Op\u0161tine Ulcinj i naravno,  za  &#8220;Intituciju&#8221;, &#8220;Morsko dobro&#8221; Republike  Crne Gore sa sjedi\u0161tem u &#8221;  metropoli&#8221; Budvi, kako bi ih podsjetio na ?injenicu,  koliko su  zapostavili grad, koji je nekad imao tre?u flotu na Jadranu. A u Crnoj  Gori svaki grad ima makar malu&#8221; marinu&#8221;, u Boki ih imaju ?ak blizu ku?a,  iako tamo i nema velikih talasa. Ovdje  se nama obe?ava jedna mala  marina na  &#8220;Kacemi&#8221;, koja nikako da se zavr\u0161i. Moj revolt, i  rekao bih  moja tuga, je tuga i revolt svih onih koji vole ovaj grad. Ovaj grad i  ovaj narod dao je  tako mnogo ovoj dr\u017eavi, a  kako nam  ova dr\u017eava  vra?a..dovoljno je vidjeti procjeniti, ?ak i na ovako malom primjeru&#8230;<\/p>\n<div>\n<div>\n<div><strong><span><a href=\"http:\/\/www.facebook.com\/profile.php?id=1359492972\">Ismet  Karamanaga<\/a><\/span><a href=\"http:\/\/www.facebook.com\/profile.php?id=1359492972\"> Facebook<br \/>\n\n\t\t<style type=\"text\/css\">\n\t\t\t#gallery-1 {\n\t\t\t\tmargin: auto;\n\t\t\t}\n\t\t\t#gallery-1 .gallery-item {\n\t\t\t\tfloat: left;\n\t\t\t\tmargin-top: 10px;\n\t\t\t\ttext-align: center;\n\t\t\t\twidth: 33%;\n\t\t\t}\n\t\t\t#gallery-1 img {\n\t\t\t\tborder: 2px solid #cfcfcf;\n\t\t\t}\n\t\t\t#gallery-1 .gallery-caption {\n\t\t\t\tmargin-left: 0;\n\t\t\t}\n\t\t\t\/* see gallery_shortcode() in wp-includes\/media.php *\/\n\t\t<\/style>\n\t\t<div id='gallery-1' class='gallery galleryid-32784 gallery-columns-3 gallery-size-thumbnail'><dl class='gallery-item'>\n\t\t\t<dt class='gallery-icon '>\n\t\t\t\t<a href='https:\/\/www.visit-ulcinj.com\/blog\/wp-content\/uploads\/2010\/05\/Mandra\u00c4\u2021-Marina-Pristan-Ulcinj.jpg'><img width=\"1\" height=\"1\" src=\"https:\/\/www.visit-ulcinj.com\/blog\/wp-content\/uploads\/2010\/05\/Mandra\u00c4\u2021-Marina-Pristan-Ulcinj.jpg\" class=\"attachment-thumbnail size-thumbnail\" alt=\"\" loading=\"lazy\" \/><\/a>\n\t\t\t<\/dt><\/dl><dl class='gallery-item'>\n\t\t\t<dt class='gallery-icon '>\n\t\t\t\t<a href='https:\/\/www.visit-ulcinj.com\/blog\/wp-content\/uploads\/2010\/05\/Mandra\u00c4\u2021-Marina-Pristan-Ulcinj.1.jpg'><img width=\"1\" height=\"1\" src=\"https:\/\/www.visit-ulcinj.com\/blog\/wp-content\/uploads\/2010\/05\/Mandra\u00c4\u2021-Marina-Pristan-Ulcinj.1.jpg\" class=\"attachment-thumbnail size-thumbnail\" alt=\"\" loading=\"lazy\" \/><\/a>\n\t\t\t<\/dt><\/dl><dl class='gallery-item'>\n\t\t\t<dt class='gallery-icon '>\n\t\t\t\t<a href='https:\/\/www.visit-ulcinj.com\/blog\/wp-content\/uploads\/2010\/05\/Mandra\u00c4\u2021-Marina-Pristan-Ulcinj.2.jpg'><img width=\"1\" height=\"1\" src=\"https:\/\/www.visit-ulcinj.com\/blog\/wp-content\/uploads\/2010\/05\/Mandra\u00c4\u2021-Marina-Pristan-Ulcinj.2.jpg\" class=\"attachment-thumbnail size-thumbnail\" alt=\"\" loading=\"lazy\" \/><\/a>\n\t\t\t<\/dt><\/dl><br style=\"clear: both\" \/><dl class='gallery-item'>\n\t\t\t<dt class='gallery-icon '>\n\t\t\t\t<a href='https:\/\/www.visit-ulcinj.com\/blog\/wp-content\/uploads\/2010\/05\/Mandra\u00c4\u2021-Marina-Pristan-Ulcinj.3.jpg'><img width=\"1\" height=\"1\" src=\"https:\/\/www.visit-ulcinj.com\/blog\/wp-content\/uploads\/2010\/05\/Mandra\u00c4\u2021-Marina-Pristan-Ulcinj.3.jpg\" class=\"attachment-thumbnail size-thumbnail\" alt=\"\" loading=\"lazy\" \/><\/a>\n\t\t\t<\/dt><\/dl><dl class='gallery-item'>\n\t\t\t<dt class='gallery-icon '>\n\t\t\t\t<a href='https:\/\/www.visit-ulcinj.com\/blog\/wp-content\/uploads\/2010\/05\/Mandra\u00c4\u2021-Marina-Pristan-Ulcinj.4.jpg'><img width=\"1\" height=\"1\" src=\"https:\/\/www.visit-ulcinj.com\/blog\/wp-content\/uploads\/2010\/05\/Mandra\u00c4\u2021-Marina-Pristan-Ulcinj.4.jpg\" class=\"attachment-thumbnail size-thumbnail\" alt=\"\" loading=\"lazy\" \/><\/a>\n\t\t\t<\/dt><\/dl><dl class='gallery-item'>\n\t\t\t<dt class='gallery-icon '>\n\t\t\t\t<a href='https:\/\/www.visit-ulcinj.com\/blog\/wp-content\/uploads\/2010\/05\/Mandra\u00c4\u2021-Marina-Pristan-Ulcinj.5.jpg'><img width=\"1\" height=\"1\" src=\"https:\/\/www.visit-ulcinj.com\/blog\/wp-content\/uploads\/2010\/05\/Mandra\u00c4\u2021-Marina-Pristan-Ulcinj.5.jpg\" class=\"attachment-thumbnail size-thumbnail\" alt=\"\" loading=\"lazy\" \/><\/a>\n\t\t\t<\/dt><\/dl><br style=\"clear: both\" \/>\n\t\t<\/div>\n<\/p>\n<p><\/a><\/strong><\/div>\n<\/div>\n<\/div>\n","protected":false},"excerpt":{"rendered":"<p>Malo &#8220;Juga&#8221; i nastaju &#8220;Tanatalove muke&#8221; sa ?amcima. Naravno..nedostatak tako dugo obe?ane marine, dovodi do toga da se i ono malo prostora na Mandra?u mora nekako iskoristiti. U njemu skoro i da nema vode, dok more neprekidno donosi pijesak tako da se ?amci moraju vu?i unutra, bli\u017ee za\u0161titnom zidu, \u0161to dalje od talasa. Ponekad su [&hellip;]<\/p>\n","protected":false},"author":1,"featured_media":0,"comment_status":"open","ping_status":"closed","sticky":false,"template":"","format":"standard","meta":{"spay_email":"","jetpack_publicize_message":"","jetpack_is_tweetstorm":false,"jetpack_publicize_feature_enabled":true},"categories":[11],"tags":[14204,4229,19],"jetpack_publicize_connections":[],"yoast_head":"<!-- This site is optimized with the Yoast SEO plugin v19.1 - https:\/\/yoast.com\/wordpress\/plugins\/seo\/ -->\n<title>Mandra? - &quot;Marina&quot; - Lajme nga Ulqini<\/title>\n<meta name=\"description\" content=\"Malo &quot;Juga&quot; i nastaju &quot;Tanatalove muke&quot; sa ?amcima. Naravno..nedostatak tako dugo obe?ane marine, dovodi do toga da se i ono malo prostora na Mandra?u\" \/>\n<meta name=\"robots\" content=\"index, follow, max-snippet:-1, max-image-preview:large, max-video-preview:-1\" \/>\n<link rel=\"canonical\" href=\"https:\/\/www.visit-ulcinj.com\/blog\/2010\/05\/04\/mandrac-marina\/\" \/>\n<meta property=\"og:locale\" content=\"en_US\" \/>\n<meta property=\"og:type\" content=\"article\" \/>\n<meta property=\"og:title\" content=\"Mandra? - &quot;Marina&quot; - Lajme nga Ulqini\" \/>\n<meta property=\"og:description\" content=\"Malo &quot;Juga&quot; i nastaju &quot;Tanatalove muke&quot; sa ?amcima. Naravno..nedostatak tako dugo obe?ane marine, dovodi do toga da se i ono malo prostora na Mandra?u\" \/>\n<meta property=\"og:url\" content=\"https:\/\/www.visit-ulcinj.com\/blog\/2010\/05\/04\/mandrac-marina\/\" \/>\n<meta property=\"og:site_name\" content=\"Lajme nga Ulqini\" \/>\n<meta property=\"article:published_time\" content=\"2010-05-04T16:32:48+00:00\" \/>\n<meta property=\"og:image\" content=\"https:\/\/www.visit-ulcinj.com\/blog\/wp-content\/uploads\/2010\/05\/Mandra\u00c4\u2021-Marina-Pristan-Ulcinj.jpg\" \/>\n<meta name=\"twitter:label1\" content=\"Written by\" \/>\n\t<meta name=\"twitter:data1\" content=\"ulqini\" \/>\n\t<meta name=\"twitter:label2\" content=\"Est. reading time\" \/>\n\t<meta name=\"twitter:data2\" content=\"2 minutes\" \/>\n<script type=\"application\/ld+json\" class=\"yoast-schema-graph\">{\"@context\":\"https:\/\/schema.org\",\"@graph\":[{\"@type\":\"WebSite\",\"@id\":\"https:\/\/www.visit-ulcinj.com\/blog\/#website\",\"url\":\"https:\/\/www.visit-ulcinj.com\/blog\/\",\"name\":\"Lajme nga Ulqini\",\"description\":\"Lajme,Vijesti,Ulqini,Ulqin,Crna Gora,Mali i Zi\",\"potentialAction\":[{\"@type\":\"SearchAction\",\"target\":{\"@type\":\"EntryPoint\",\"urlTemplate\":\"https:\/\/www.visit-ulcinj.com\/blog\/?s={search_term_string}\"},\"query-input\":\"required name=search_term_string\"}],\"inLanguage\":\"en-US\"},{\"@type\":\"ImageObject\",\"inLanguage\":\"en-US\",\"@id\":\"https:\/\/www.visit-ulcinj.com\/blog\/2010\/05\/04\/mandrac-marina\/#primaryimage\",\"url\":\"http:\/\/www.visit-ulcinj.com\/blog\/wp-content\/uploads\/2010\/05\/Mandra?-Marina-Pristan-Ulcinj.jpg\",\"contentUrl\":\"http:\/\/www.visit-ulcinj.com\/blog\/wp-content\/uploads\/2010\/05\/Mandra?-Marina-Pristan-Ulcinj.jpg\"},{\"@type\":\"WebPage\",\"@id\":\"https:\/\/www.visit-ulcinj.com\/blog\/2010\/05\/04\/mandrac-marina\/#webpage\",\"url\":\"https:\/\/www.visit-ulcinj.com\/blog\/2010\/05\/04\/mandrac-marina\/\",\"name\":\"Mandra? - \\\"Marina\\\" - Lajme nga Ulqini\",\"isPartOf\":{\"@id\":\"https:\/\/www.visit-ulcinj.com\/blog\/#website\"},\"primaryImageOfPage\":{\"@id\":\"https:\/\/www.visit-ulcinj.com\/blog\/2010\/05\/04\/mandrac-marina\/#primaryimage\"},\"datePublished\":\"2010-05-04T16:32:48+00:00\",\"dateModified\":\"2010-05-04T16:32:48+00:00\",\"author\":{\"@id\":\"https:\/\/www.visit-ulcinj.com\/blog\/#\/schema\/person\/dcab619c614d3038751c63bc2aadc06d\"},\"description\":\"Malo \\\"Juga\\\" i nastaju \\\"Tanatalove muke\\\" sa ?amcima. Naravno..nedostatak tako dugo obe?ane marine, dovodi do toga da se i ono malo prostora na Mandra?u\",\"breadcrumb\":{\"@id\":\"https:\/\/www.visit-ulcinj.com\/blog\/2010\/05\/04\/mandrac-marina\/#breadcrumb\"},\"inLanguage\":\"en-US\",\"potentialAction\":[{\"@type\":\"ReadAction\",\"target\":[\"https:\/\/www.visit-ulcinj.com\/blog\/2010\/05\/04\/mandrac-marina\/\"]}]},{\"@type\":\"BreadcrumbList\",\"@id\":\"https:\/\/www.visit-ulcinj.com\/blog\/2010\/05\/04\/mandrac-marina\/#breadcrumb\",\"itemListElement\":[{\"@type\":\"ListItem\",\"position\":1,\"name\":\"Mandra? &#8211; &#8220;Marina&#8221;\"}]},{\"@type\":\"Person\",\"@id\":\"https:\/\/www.visit-ulcinj.com\/blog\/#\/schema\/person\/dcab619c614d3038751c63bc2aadc06d\",\"name\":\"ulqini\",\"sameAs\":[\"http:\/\/www.visit-ulcinj.com\"],\"url\":\"https:\/\/www.visit-ulcinj.com\/blog\/author\/admin\/\"}]}<\/script>\n<!-- \/ Yoast SEO plugin. -->","yoast_head_json":{"title":"Mandra? - \"Marina\" - Lajme nga Ulqini","description":"Malo \"Juga\" i nastaju \"Tanatalove muke\" sa ?amcima. Naravno..nedostatak tako dugo obe?ane marine, dovodi do toga da se i ono malo prostora na Mandra?u","robots":{"index":"index","follow":"follow","max-snippet":"max-snippet:-1","max-image-preview":"max-image-preview:large","max-video-preview":"max-video-preview:-1"},"canonical":"https:\/\/www.visit-ulcinj.com\/blog\/2010\/05\/04\/mandrac-marina\/","og_locale":"en_US","og_type":"article","og_title":"Mandra? - \"Marina\" - Lajme nga Ulqini","og_description":"Malo \"Juga\" i nastaju \"Tanatalove muke\" sa ?amcima. Naravno..nedostatak tako dugo obe?ane marine, dovodi do toga da se i ono malo prostora na Mandra?u","og_url":"https:\/\/www.visit-ulcinj.com\/blog\/2010\/05\/04\/mandrac-marina\/","og_site_name":"Lajme nga Ulqini","article_published_time":"2010-05-04T16:32:48+00:00","og_image":[{"url":"https:\/\/www.visit-ulcinj.com\/blog\/wp-content\/uploads\/2010\/05\/Mandra\u00c4\u2021-Marina-Pristan-Ulcinj.jpg"}],"twitter_misc":{"Written by":"ulqini","Est. reading time":"2 minutes"},"schema":{"@context":"https:\/\/schema.org","@graph":[{"@type":"WebSite","@id":"https:\/\/www.visit-ulcinj.com\/blog\/#website","url":"https:\/\/www.visit-ulcinj.com\/blog\/","name":"Lajme nga Ulqini","description":"Lajme,Vijesti,Ulqini,Ulqin,Crna Gora,Mali i Zi","potentialAction":[{"@type":"SearchAction","target":{"@type":"EntryPoint","urlTemplate":"https:\/\/www.visit-ulcinj.com\/blog\/?s={search_term_string}"},"query-input":"required name=search_term_string"}],"inLanguage":"en-US"},{"@type":"ImageObject","inLanguage":"en-US","@id":"https:\/\/www.visit-ulcinj.com\/blog\/2010\/05\/04\/mandrac-marina\/#primaryimage","url":"http:\/\/www.visit-ulcinj.com\/blog\/wp-content\/uploads\/2010\/05\/Mandra?-Marina-Pristan-Ulcinj.jpg","contentUrl":"http:\/\/www.visit-ulcinj.com\/blog\/wp-content\/uploads\/2010\/05\/Mandra?-Marina-Pristan-Ulcinj.jpg"},{"@type":"WebPage","@id":"https:\/\/www.visit-ulcinj.com\/blog\/2010\/05\/04\/mandrac-marina\/#webpage","url":"https:\/\/www.visit-ulcinj.com\/blog\/2010\/05\/04\/mandrac-marina\/","name":"Mandra? - \"Marina\" - Lajme nga Ulqini","isPartOf":{"@id":"https:\/\/www.visit-ulcinj.com\/blog\/#website"},"primaryImageOfPage":{"@id":"https:\/\/www.visit-ulcinj.com\/blog\/2010\/05\/04\/mandrac-marina\/#primaryimage"},"datePublished":"2010-05-04T16:32:48+00:00","dateModified":"2010-05-04T16:32:48+00:00","author":{"@id":"https:\/\/www.visit-ulcinj.com\/blog\/#\/schema\/person\/dcab619c614d3038751c63bc2aadc06d"},"description":"Malo \"Juga\" i nastaju \"Tanatalove muke\" sa ?amcima. Naravno..nedostatak tako dugo obe?ane marine, dovodi do toga da se i ono malo prostora na Mandra?u","breadcrumb":{"@id":"https:\/\/www.visit-ulcinj.com\/blog\/2010\/05\/04\/mandrac-marina\/#breadcrumb"},"inLanguage":"en-US","potentialAction":[{"@type":"ReadAction","target":["https:\/\/www.visit-ulcinj.com\/blog\/2010\/05\/04\/mandrac-marina\/"]}]},{"@type":"BreadcrumbList","@id":"https:\/\/www.visit-ulcinj.com\/blog\/2010\/05\/04\/mandrac-marina\/#breadcrumb","itemListElement":[{"@type":"ListItem","position":1,"name":"Mandra? &#8211; &#8220;Marina&#8221;"}]},{"@type":"Person","@id":"https:\/\/www.visit-ulcinj.com\/blog\/#\/schema\/person\/dcab619c614d3038751c63bc2aadc06d","name":"ulqini","sameAs":["http:\/\/www.visit-ulcinj.com"],"url":"https:\/\/www.visit-ulcinj.com\/blog\/author\/admin\/"}]}},"jetpack_featured_media_url":"","jetpack_sharing_enabled":true,"jetpack_shortlink":"https:\/\/wp.me\/pe6lTn-8wM","_links":{"self":[{"href":"https:\/\/www.visit-ulcinj.com\/blog\/wp-json\/wp\/v2\/posts\/32784"}],"collection":[{"href":"https:\/\/www.visit-ulcinj.com\/blog\/wp-json\/wp\/v2\/posts"}],"about":[{"href":"https:\/\/www.visit-ulcinj.com\/blog\/wp-json\/wp\/v2\/types\/post"}],"author":[{"embeddable":true,"href":"https:\/\/www.visit-ulcinj.com\/blog\/wp-json\/wp\/v2\/users\/1"}],"replies":[{"embeddable":true,"href":"https:\/\/www.visit-ulcinj.com\/blog\/wp-json\/wp\/v2\/comments?post=32784"}],"version-history":[{"count":0,"href":"https:\/\/www.visit-ulcinj.com\/blog\/wp-json\/wp\/v2\/posts\/32784\/revisions"}],"wp:attachment":[{"href":"https:\/\/www.visit-ulcinj.com\/blog\/wp-json\/wp\/v2\/media?parent=32784"}],"wp:term":[{"taxonomy":"category","embeddable":true,"href":"https:\/\/www.visit-ulcinj.com\/blog\/wp-json\/wp\/v2\/categories?post=32784"},{"taxonomy":"post_tag","embeddable":true,"href":"https:\/\/www.visit-ulcinj.com\/blog\/wp-json\/wp\/v2\/tags?post=32784"}],"curies":[{"name":"wp","href":"https:\/\/api.w.org\/{rel}","templated":true}]}}