{"id":32797,"date":"2010-05-05T18:35:33","date_gmt":"2010-05-05T16:35:33","guid":{"rendered":"http:\/\/www.visit-ulcinj.com\/blog\/?p=32797"},"modified":"2010-05-05T18:35:33","modified_gmt":"2010-05-05T16:35:33","slug":"u-%e2%80%9eolimpiku%e2%80%9c-fudbaleri-iz-albanije","status":"publish","type":"post","link":"https:\/\/www.visit-ulcinj.com\/blog\/2010\/05\/05\/u-%e2%80%9eolimpiku%e2%80%9c-fudbaleri-iz-albanije\/","title":{"rendered":"U \u201eOlimpiku\u201c fudbaleri iz Albanije"},"content":{"rendered":"<p><a href=\"http:\/\/www.visit-ulcinj.com\/blog\/wp-content\/uploads\/2010\/05\/Hotel-Olympic-_Ulcinj_crna-gora.jpg\"><img loading=\"lazy\" class=\"alignleft size-full wp-image-32798\" title=\"Hotel Olympic _Ulcinj_crna gora\" src=\"http:\/\/www.visit-ulcinj.com\/blog\/wp-content\/uploads\/2010\/05\/Hotel-Olympic-_Ulcinj_crna-gora.jpg\" alt=\"Hotel Olympic _Ulcinj_crna gora\" width=\"580\" height=\"400\" \/><\/a>Ulcinj &#8211; Dolaskom 32 fudbalera Federacije fudbala Albanije, u hotelu  \u201eOlimpik\u201c tokom proteklih prvomajskih praznika zvani?no je po?ela  turisti?ka sezona, saop\u0161teno je ju?e iz \u201eUlcinjske rivijere\u201c koja  gazduje \u201eOlimpikom\u201c. Fudbaleri iz Albanije osta?e u hotelu na Velikoj  pla\u017ei do 8. maja, kada sti\u017eu gosti posredstvom agencije ITS iz Kelna.<br \/>\n\u201cIako je \u2018Ulcinjska rivijera\u2018 zna?ajno podigla nivo usluga u svim  hotelima, cijene ?e ostati na nivou pro\u0161logodi\u0161njih. Polupansion u na\u0161im  objektima, u zavisnosti od perioda boravka, iznosi?e od 20 do 36 eura  po osobi.  U predsezoni, cijena polupansiona po osobi bi?e od 20 do 26  eura, dok ?e u \u0161picu sezone gosti pla?ati od 27 do 36 eura. Za djecu do  dvije godine, boravak je gratis, a mali\u0161ani do 10 godina imaju popust od   30 odsto\u201d, saop\u0161tila je portparol Ana \u017divanovi?.<\/p>\n<p><strong>S.A.<br \/>\n<a href=\"http:\/\/www.vijesti.me\/\" target=\"_blank\">Vijesti<\/a><\/strong><br \/>\n[flv]http:\/\/video.zoover.nl\/media\/play\/2010\/01\/20100125130811_025.flv[\/flv]<\/p>\n","protected":false},"excerpt":{"rendered":"<p>Ulcinj &#8211; Dolaskom 32 fudbalera Federacije fudbala Albanije, u hotelu \u201eOlimpik\u201c tokom proteklih prvomajskih praznika zvani?no je po?ela turisti?ka sezona, saop\u0161teno je ju?e iz \u201eUlcinjske rivijere\u201c koja gazduje \u201eOlimpikom\u201c. Fudbaleri iz Albanije osta?e u hotelu na Velikoj pla\u017ei do 8. maja, kada sti\u017eu gosti posredstvom agencije ITS iz Kelna. \u201cIako je \u2018Ulcinjska rivijera\u2018 zna?ajno podigla [&hellip;]<\/p>\n","protected":false},"author":1,"featured_media":0,"comment_status":"open","ping_status":"closed","sticky":false,"template":"","format":"standard","meta":{"spay_email":"","jetpack_publicize_message":"","jetpack_is_tweetstorm":false,"jetpack_publicize_feature_enabled":true},"categories":[8337],"tags":[14205],"jetpack_publicize_connections":[],"yoast_head":"<!-- This site is optimized with the Yoast SEO plugin v19.1 - https:\/\/yoast.com\/wordpress\/plugins\/seo\/ -->\n<title>U \u201eOlimpiku\u201c fudbaleri iz Albanije - Lajme nga Ulqini<\/title>\n<meta name=\"description\" content=\"Ulcinj - Dolaskom 32 fudbalera Federacije fudbala Albanije, u hotelu \u201eOlimpik\u201c tokom proteklih prvomajskih praznika zvani?no je po?ela turisti?ka sezona,\" \/>\n<meta name=\"robots\" content=\"index, follow, max-snippet:-1, max-image-preview:large, max-video-preview:-1\" \/>\n<link rel=\"canonical\" href=\"https:\/\/www.visit-ulcinj.com\/blog\/2010\/05\/05\/u-\u201eolimpiku\u201c-fudbaleri-iz-albanije\/\" \/>\n<meta property=\"og:locale\" content=\"en_US\" \/>\n<meta property=\"og:type\" content=\"article\" \/>\n<meta property=\"og:title\" content=\"U \u201eOlimpiku\u201c fudbaleri iz Albanije - Lajme nga Ulqini\" \/>\n<meta property=\"og:description\" content=\"Ulcinj - Dolaskom 32 fudbalera Federacije fudbala Albanije, u hotelu \u201eOlimpik\u201c tokom proteklih prvomajskih praznika zvani?no je po?ela turisti?ka sezona,\" \/>\n<meta property=\"og:url\" content=\"https:\/\/www.visit-ulcinj.com\/blog\/2010\/05\/05\/u-\u201eolimpiku\u201c-fudbaleri-iz-albanije\/\" \/>\n<meta property=\"og:site_name\" content=\"Lajme nga Ulqini\" \/>\n<meta property=\"article:published_time\" content=\"2010-05-05T16:35:33+00:00\" \/>\n<meta property=\"og:image\" content=\"http:\/\/www.visit-ulcinj.com\/blog\/wp-content\/uploads\/2010\/05\/Hotel-Olympic-_Ulcinj_crna-gora.jpg\" \/>\n<meta name=\"twitter:label1\" content=\"Written by\" \/>\n\t<meta name=\"twitter:data1\" content=\"ulqini\" \/>\n\t<meta name=\"twitter:label2\" content=\"Est. reading time\" \/>\n\t<meta name=\"twitter:data2\" content=\"1 minute\" \/>\n<script type=\"application\/ld+json\" class=\"yoast-schema-graph\">{\"@context\":\"https:\/\/schema.org\",\"@graph\":[{\"@type\":\"WebSite\",\"@id\":\"https:\/\/www.visit-ulcinj.com\/blog\/#website\",\"url\":\"https:\/\/www.visit-ulcinj.com\/blog\/\",\"name\":\"Lajme nga Ulqini\",\"description\":\"Lajme,Vijesti,Ulqini,Ulqin,Crna Gora,Mali i Zi\",\"potentialAction\":[{\"@type\":\"SearchAction\",\"target\":{\"@type\":\"EntryPoint\",\"urlTemplate\":\"https:\/\/www.visit-ulcinj.com\/blog\/?s={search_term_string}\"},\"query-input\":\"required name=search_term_string\"}],\"inLanguage\":\"en-US\"},{\"@type\":\"ImageObject\",\"inLanguage\":\"en-US\",\"@id\":\"https:\/\/www.visit-ulcinj.com\/blog\/2010\/05\/05\/u-%e2%80%9eolimpiku%e2%80%9c-fudbaleri-iz-albanije\/#primaryimage\",\"url\":\"https:\/\/www.visit-ulcinj.com\/blog\/wp-content\/uploads\/2010\/05\/Hotel-Olympic-_Ulcinj_crna-gora.jpg\",\"contentUrl\":\"https:\/\/www.visit-ulcinj.com\/blog\/wp-content\/uploads\/2010\/05\/Hotel-Olympic-_Ulcinj_crna-gora.jpg\",\"width\":\"640\",\"height\":\"480\"},{\"@type\":\"WebPage\",\"@id\":\"https:\/\/www.visit-ulcinj.com\/blog\/2010\/05\/05\/u-%e2%80%9eolimpiku%e2%80%9c-fudbaleri-iz-albanije\/#webpage\",\"url\":\"https:\/\/www.visit-ulcinj.com\/blog\/2010\/05\/05\/u-%e2%80%9eolimpiku%e2%80%9c-fudbaleri-iz-albanije\/\",\"name\":\"U \u201eOlimpiku\u201c fudbaleri iz Albanije - Lajme nga Ulqini\",\"isPartOf\":{\"@id\":\"https:\/\/www.visit-ulcinj.com\/blog\/#website\"},\"primaryImageOfPage\":{\"@id\":\"https:\/\/www.visit-ulcinj.com\/blog\/2010\/05\/05\/u-%e2%80%9eolimpiku%e2%80%9c-fudbaleri-iz-albanije\/#primaryimage\"},\"datePublished\":\"2010-05-05T16:35:33+00:00\",\"dateModified\":\"2010-05-05T16:35:33+00:00\",\"author\":{\"@id\":\"https:\/\/www.visit-ulcinj.com\/blog\/#\/schema\/person\/dcab619c614d3038751c63bc2aadc06d\"},\"description\":\"Ulcinj - Dolaskom 32 fudbalera Federacije fudbala Albanije, u hotelu \u201eOlimpik\u201c tokom proteklih prvomajskih praznika zvani?no je po?ela turisti?ka sezona,\",\"breadcrumb\":{\"@id\":\"https:\/\/www.visit-ulcinj.com\/blog\/2010\/05\/05\/u-%e2%80%9eolimpiku%e2%80%9c-fudbaleri-iz-albanije\/#breadcrumb\"},\"inLanguage\":\"en-US\",\"potentialAction\":[{\"@type\":\"ReadAction\",\"target\":[\"https:\/\/www.visit-ulcinj.com\/blog\/2010\/05\/05\/u-%e2%80%9eolimpiku%e2%80%9c-fudbaleri-iz-albanije\/\"]}]},{\"@type\":\"BreadcrumbList\",\"@id\":\"https:\/\/www.visit-ulcinj.com\/blog\/2010\/05\/05\/u-%e2%80%9eolimpiku%e2%80%9c-fudbaleri-iz-albanije\/#breadcrumb\",\"itemListElement\":[{\"@type\":\"ListItem\",\"position\":1,\"name\":\"U \u201eOlimpiku\u201c fudbaleri iz Albanije\"}]},{\"@type\":\"Person\",\"@id\":\"https:\/\/www.visit-ulcinj.com\/blog\/#\/schema\/person\/dcab619c614d3038751c63bc2aadc06d\",\"name\":\"ulqini\",\"sameAs\":[\"http:\/\/www.visit-ulcinj.com\"],\"url\":\"https:\/\/www.visit-ulcinj.com\/blog\/author\/admin\/\"}]}<\/script>\n<!-- \/ Yoast SEO plugin. -->","yoast_head_json":{"title":"U \u201eOlimpiku\u201c fudbaleri iz Albanije - Lajme nga Ulqini","description":"Ulcinj - Dolaskom 32 fudbalera Federacije fudbala Albanije, u hotelu \u201eOlimpik\u201c tokom proteklih prvomajskih praznika zvani?no je po?ela turisti?ka sezona,","robots":{"index":"index","follow":"follow","max-snippet":"max-snippet:-1","max-image-preview":"max-image-preview:large","max-video-preview":"max-video-preview:-1"},"canonical":"https:\/\/www.visit-ulcinj.com\/blog\/2010\/05\/05\/u-\u201eolimpiku\u201c-fudbaleri-iz-albanije\/","og_locale":"en_US","og_type":"article","og_title":"U \u201eOlimpiku\u201c fudbaleri iz Albanije - Lajme nga Ulqini","og_description":"Ulcinj - Dolaskom 32 fudbalera Federacije fudbala Albanije, u hotelu \u201eOlimpik\u201c tokom proteklih prvomajskih praznika zvani?no je po?ela turisti?ka sezona,","og_url":"https:\/\/www.visit-ulcinj.com\/blog\/2010\/05\/05\/u-\u201eolimpiku\u201c-fudbaleri-iz-albanije\/","og_site_name":"Lajme nga Ulqini","article_published_time":"2010-05-05T16:35:33+00:00","og_image":[{"url":"http:\/\/www.visit-ulcinj.com\/blog\/wp-content\/uploads\/2010\/05\/Hotel-Olympic-_Ulcinj_crna-gora.jpg"}],"twitter_misc":{"Written by":"ulqini","Est. reading time":"1 minute"},"schema":{"@context":"https:\/\/schema.org","@graph":[{"@type":"WebSite","@id":"https:\/\/www.visit-ulcinj.com\/blog\/#website","url":"https:\/\/www.visit-ulcinj.com\/blog\/","name":"Lajme nga Ulqini","description":"Lajme,Vijesti,Ulqini,Ulqin,Crna Gora,Mali i Zi","potentialAction":[{"@type":"SearchAction","target":{"@type":"EntryPoint","urlTemplate":"https:\/\/www.visit-ulcinj.com\/blog\/?s={search_term_string}"},"query-input":"required name=search_term_string"}],"inLanguage":"en-US"},{"@type":"ImageObject","inLanguage":"en-US","@id":"https:\/\/www.visit-ulcinj.com\/blog\/2010\/05\/05\/u-%e2%80%9eolimpiku%e2%80%9c-fudbaleri-iz-albanije\/#primaryimage","url":"https:\/\/www.visit-ulcinj.com\/blog\/wp-content\/uploads\/2010\/05\/Hotel-Olympic-_Ulcinj_crna-gora.jpg","contentUrl":"https:\/\/www.visit-ulcinj.com\/blog\/wp-content\/uploads\/2010\/05\/Hotel-Olympic-_Ulcinj_crna-gora.jpg","width":"640","height":"480"},{"@type":"WebPage","@id":"https:\/\/www.visit-ulcinj.com\/blog\/2010\/05\/05\/u-%e2%80%9eolimpiku%e2%80%9c-fudbaleri-iz-albanije\/#webpage","url":"https:\/\/www.visit-ulcinj.com\/blog\/2010\/05\/05\/u-%e2%80%9eolimpiku%e2%80%9c-fudbaleri-iz-albanije\/","name":"U \u201eOlimpiku\u201c fudbaleri iz Albanije - Lajme nga Ulqini","isPartOf":{"@id":"https:\/\/www.visit-ulcinj.com\/blog\/#website"},"primaryImageOfPage":{"@id":"https:\/\/www.visit-ulcinj.com\/blog\/2010\/05\/05\/u-%e2%80%9eolimpiku%e2%80%9c-fudbaleri-iz-albanije\/#primaryimage"},"datePublished":"2010-05-05T16:35:33+00:00","dateModified":"2010-05-05T16:35:33+00:00","author":{"@id":"https:\/\/www.visit-ulcinj.com\/blog\/#\/schema\/person\/dcab619c614d3038751c63bc2aadc06d"},"description":"Ulcinj - Dolaskom 32 fudbalera Federacije fudbala Albanije, u hotelu \u201eOlimpik\u201c tokom proteklih prvomajskih praznika zvani?no je po?ela turisti?ka sezona,","breadcrumb":{"@id":"https:\/\/www.visit-ulcinj.com\/blog\/2010\/05\/05\/u-%e2%80%9eolimpiku%e2%80%9c-fudbaleri-iz-albanije\/#breadcrumb"},"inLanguage":"en-US","potentialAction":[{"@type":"ReadAction","target":["https:\/\/www.visit-ulcinj.com\/blog\/2010\/05\/05\/u-%e2%80%9eolimpiku%e2%80%9c-fudbaleri-iz-albanije\/"]}]},{"@type":"BreadcrumbList","@id":"https:\/\/www.visit-ulcinj.com\/blog\/2010\/05\/05\/u-%e2%80%9eolimpiku%e2%80%9c-fudbaleri-iz-albanije\/#breadcrumb","itemListElement":[{"@type":"ListItem","position":1,"name":"U \u201eOlimpiku\u201c fudbaleri iz Albanije"}]},{"@type":"Person","@id":"https:\/\/www.visit-ulcinj.com\/blog\/#\/schema\/person\/dcab619c614d3038751c63bc2aadc06d","name":"ulqini","sameAs":["http:\/\/www.visit-ulcinj.com"],"url":"https:\/\/www.visit-ulcinj.com\/blog\/author\/admin\/"}]}},"jetpack_featured_media_url":"","jetpack_sharing_enabled":true,"jetpack_shortlink":"https:\/\/wp.me\/pe6lTn-8wZ","_links":{"self":[{"href":"https:\/\/www.visit-ulcinj.com\/blog\/wp-json\/wp\/v2\/posts\/32797"}],"collection":[{"href":"https:\/\/www.visit-ulcinj.com\/blog\/wp-json\/wp\/v2\/posts"}],"about":[{"href":"https:\/\/www.visit-ulcinj.com\/blog\/wp-json\/wp\/v2\/types\/post"}],"author":[{"embeddable":true,"href":"https:\/\/www.visit-ulcinj.com\/blog\/wp-json\/wp\/v2\/users\/1"}],"replies":[{"embeddable":true,"href":"https:\/\/www.visit-ulcinj.com\/blog\/wp-json\/wp\/v2\/comments?post=32797"}],"version-history":[{"count":0,"href":"https:\/\/www.visit-ulcinj.com\/blog\/wp-json\/wp\/v2\/posts\/32797\/revisions"}],"wp:attachment":[{"href":"https:\/\/www.visit-ulcinj.com\/blog\/wp-json\/wp\/v2\/media?parent=32797"}],"wp:term":[{"taxonomy":"category","embeddable":true,"href":"https:\/\/www.visit-ulcinj.com\/blog\/wp-json\/wp\/v2\/categories?post=32797"},{"taxonomy":"post_tag","embeddable":true,"href":"https:\/\/www.visit-ulcinj.com\/blog\/wp-json\/wp\/v2\/tags?post=32797"}],"curies":[{"name":"wp","href":"https:\/\/api.w.org\/{rel}","templated":true}]}}